{"id":108751,"date":"2023-04-25T11:50:57","date_gmt":"2023-04-25T14:50:57","guid":{"rendered":"https:\/\/www.blogsoestado.com\/danielmatos\/?p=108751"},"modified":"2023-04-25T11:50:57","modified_gmt":"2023-04-25T14:50:57","slug":"transporte-semiurbano-deve-voltar-a-funcionar-em-sao-luis-nas-proximas-horas","status":"publish","type":"post","link":"https:\/\/www.blogsoestado.com\/danielmatos\/transporte-semiurbano-deve-voltar-a-funcionar-em-sao-luis-nas-proximas-horas\/","title":{"rendered":"Transporte semiurbano deve voltar a funcionar em S\u00e3o Lu\u00eds nas pr\u00f3ximas horas"},"content":{"rendered":"\n<div class=\"wp-block-image\"><figure class=\"aligncenter size-large\"><a href=\"https:\/\/www.blogsoestado.com\/danielmatos\/files\/2023\/04\/Screenshot_20230425-1145212.png\"><img decoding=\"async\" src=\"https:\/\/www.blogsoestado.com\/danielmatos\/files\/2023\/04\/Screenshot_20230425-1145212.png\" alt=\"\" class=\"wp-image-108752\"\/><\/a><figcaption>O diretor-executivo do SET, Paulo Pires, comenta posicionamento do SET em rela\u00e7\u00e3o \u00e0 greve dos rodovi\u00e1rios em entrevista a uma emissora de TV<\/figcaption><\/figure><\/div>\n\n\n\n<p>O Sindicato das Empresas de Transporte de Passageiros de S\u00e3o Lu\u00eds (SET) recebeu, na manh\u00e3 desta ter\u00e7a-feira (25), a informa\u00e7\u00e3o da Ag\u00eancia Estadual de Mobilidade Urbana e Servi\u00e7os P\u00fablicos (MOB) de que honraria o acordo celebrado no \u00faltimo dia 15 de fevereiro, fazendo, ainda hoje, os devidos repasses de subs\u00eddios \u00e0s empresas operadoras do Sistema de Transporte Semiurbano.<\/p>\n\n\n\n<p>Em raz\u00e3o disso, o SET j\u00e1 encaminhou convite ao Sindicato dos Trabalhadores em Transporte Rodovi\u00e1rio do Maranh\u00e3o (Sttrema) para que fa\u00e7am reuni\u00e3o ainda nesta ter\u00e7a-feira, para regularizar a situa\u00e7\u00e3o dos trabalhadores, e para que as atividades do Transporte Metropolitano (Semiurbano) possam ser retomadas o mais breve poss\u00edvel.<\/p>\n\n\n\n<p>A decis\u00e3o da paralisa\u00e7\u00e3o por parte da classe trabalhadora foi tomada na tarde de ontem (24\/04), ap\u00f3s audi\u00eancia realizada no Minist\u00e9rio P\u00fablico do Trabalho (MPT), no Calhau, quando as partes envolvidas n\u00e3o chegaram a acordo. Estavam presentes representantes da Secretaria Municipal de Tr\u00e2nsito e Transporte de S\u00e3o Lu\u00eds (SMTT), da MOB, e dos sindicatos patronal e trabalhadores.<\/p>\n\n\n\n<p>No acordo firmado entre os atores respons\u00e1veis pela opera\u00e7\u00e3o do Transporte P\u00fablico na Grande Ilha, os subs\u00eddios s\u00e3o fundamentais para manter a sa\u00fade financeira do Sistema, como j\u00e1 foi demonstrado por diversas vezes em reuni\u00f5es e audi\u00eancias realizadas nos \u00faltimos anos. O reajuste linear de 7% (sete por cento) aos trabalhadores passou a ser feito pelas empresas, com retroativo, tanto nos sal\u00e1rios quanto nos tickets, deste que o acordo foi assinado.<\/p>\n\n\n\n<p>Contudo, o Munic\u00edpio de S\u00e3o Lu\u00eds n\u00e3o tem cumprido a sua parte no acordo. E o Estado, que at\u00e9 ent\u00e3o n\u00e3o havia pago nenhuma das parcelas deste ano de 2023, comprometeu-se na manh\u00e3 desta ter\u00e7a-feira a fazer os desembolsos e cumprir sua parte no acordo.<\/p>\n","protected":false},"excerpt":{"rendered":"<p>O Sindicato das Empresas de Transporte de Passageiros de S\u00e3o Lu\u00eds (SET) recebeu, na manh\u00e3 desta ter\u00e7a-feira (25), a informa\u00e7\u00e3o [&hellip;]<\/p>\n","protected":false},"author":0,"featured_media":0,"comment_status":"open","ping_status":"open","sticky":false,"template":"","format":"standard","meta":{"site-sidebar-layout":"default","site-content-layout":"","ast-site-content-layout":"default","site-content-style":"default","site-sidebar-style":"default","ast-global-header-display":"","ast-banner-title-visibility":"","ast-main-header-display":"","ast-hfb-above-header-display":"","ast-hfb-below-header-display":"","ast-hfb-mobile-header-display":"","site-post-title":"","ast-breadcrumbs-content":"","ast-featured-img":"","footer-sml-layout":"","ast-disable-related-posts":"","theme-transparent-header-meta":"","adv-header-id-meta":"","stick-header-meta":"","header-above-stick-meta":"","header-main-stick-meta":"","header-below-stick-meta":"","astra-migrate-meta-layouts":"default","ast-page-background-enabled":"default","ast-page-background-meta":{"desktop":{"background-color":"var(--ast-global-color-5)","background-image":"","background-repeat":"repeat","background-position":"center center","background-size":"auto","background-attachment":"scroll","background-type":"","background-media":"","overlay-type":"","overlay-color":"","overlay-opacity":"","overlay-gradient":""},"tablet":{"background-color":"","background-image":"","background-repeat":"repeat","background-position":"center center","background-size":"auto","background-attachment":"scroll","background-type":"","background-media":"","overlay-type":"","overlay-color":"","overlay-opacity":"","overlay-gradient":""},"mobile":{"background-color":"","background-image":"","background-repeat":"repeat","background-position":"center center","background-size":"auto","background-attachment":"scroll","background-type":"","background-media":"","overlay-type":"","overlay-color":"","overlay-opacity":"","overlay-gradient":""}},"ast-content-background-meta":{"desktop":{"background-color":"var(--ast-global-color-4)","background-image":"","background-repeat":"repeat","background-position":"center center","background-size":"auto","background-attachment":"scroll","background-type":"","background-media":"","overlay-type":"","overlay-color":"","overlay-opacity":"","overlay-gradient":""},"tablet":{"background-color":"var(--ast-global-color-4)","background-image":"","background-repeat":"repeat","background-position":"center center","background-size":"auto","background-attachment":"scroll","background-type":"","background-media":"","overlay-type":"","overlay-color":"","overlay-opacity":"","overlay-gradient":""},"mobile":{"background-color":"var(--ast-global-color-4)","background-image":"","background-repeat":"repeat","background-position":"center center","background-size":"auto","background-attachment":"scroll","background-type":"","background-media":"","overlay-type":"","overlay-color":"","overlay-opacity":"","overlay-gradient":""}},"footnotes":""},"categories":[1],"tags":[],"class_list":["post-108751","post","type-post","status-publish","format-standard","hentry","category-sem-categoria"],"yoast_head":"<!-- This site is optimized with the Yoast SEO plugin v26.6 - https:\/\/yoast.com\/wordpress\/plugins\/seo\/ -->\n<title>Transporte semiurbano deve voltar a funcionar em S\u00e3o Lu\u00eds nas pr\u00f3ximas horas - Daniel Matos<\/title>\n<meta name=\"robots\" content=\"index, follow, max-snippet:-1, max-image-preview:large, max-video-preview:-1\" \/>\n<link rel=\"canonical\" href=\"https:\/\/www.blogsoestado.com\/danielmatos\/transporte-semiurbano-deve-voltar-a-funcionar-em-sao-luis-nas-proximas-horas\/\" \/>\n<meta property=\"og:locale\" content=\"pt_BR\" \/>\n<meta property=\"og:type\" content=\"article\" \/>\n<meta property=\"og:title\" content=\"Transporte semiurbano deve voltar a funcionar em S\u00e3o Lu\u00eds nas pr\u00f3ximas horas - Daniel Matos\" \/>\n<meta property=\"og:description\" content=\"O Sindicato das Empresas de Transporte de Passageiros de S\u00e3o Lu\u00eds (SET) recebeu, na manh\u00e3 desta ter\u00e7a-feira (25), a informa\u00e7\u00e3o [&hellip;]\" \/>\n<meta property=\"og:url\" content=\"https:\/\/www.blogsoestado.com\/danielmatos\/transporte-semiurbano-deve-voltar-a-funcionar-em-sao-luis-nas-proximas-horas\/\" \/>\n<meta property=\"og:site_name\" content=\"Daniel Matos\" \/>\n<meta property=\"article:published_time\" content=\"2023-04-25T14:50:57+00:00\" \/>\n<meta property=\"og:image\" content=\"https:\/\/www.blogsoestado.com\/danielmatos\/files\/2023\/04\/Screenshot_20230425-1145212.png\" \/>\n<meta name=\"twitter:card\" content=\"summary_large_image\" \/>\n<meta name=\"twitter:label1\" content=\"Est. tempo de leitura\" \/>\n\t<meta name=\"twitter:data1\" content=\"2 minutos\" \/>\n<script type=\"application\/ld+json\" class=\"yoast-schema-graph\">{\"@context\":\"https:\/\/schema.org\",\"@graph\":[{\"@type\":\"WebPage\",\"@id\":\"https:\/\/www.blogsoestado.com\/danielmatos\/transporte-semiurbano-deve-voltar-a-funcionar-em-sao-luis-nas-proximas-horas\/\",\"url\":\"https:\/\/www.blogsoestado.com\/danielmatos\/transporte-semiurbano-deve-voltar-a-funcionar-em-sao-luis-nas-proximas-horas\/\",\"name\":\"Transporte semiurbano deve voltar a funcionar em S\u00e3o Lu\u00eds nas pr\u00f3ximas horas - Daniel Matos\",\"isPartOf\":{\"@id\":\"https:\/\/www.blogsoestado.com\/danielmatos\/#website\"},\"primaryImageOfPage\":{\"@id\":\"https:\/\/www.blogsoestado.com\/danielmatos\/transporte-semiurbano-deve-voltar-a-funcionar-em-sao-luis-nas-proximas-horas\/#primaryimage\"},\"image\":{\"@id\":\"https:\/\/www.blogsoestado.com\/danielmatos\/transporte-semiurbano-deve-voltar-a-funcionar-em-sao-luis-nas-proximas-horas\/#primaryimage\"},\"thumbnailUrl\":\"https:\/\/www.blogsoestado.com\/danielmatos\/files\/2023\/04\/Screenshot_20230425-1145212.png\",\"datePublished\":\"2023-04-25T14:50:57+00:00\",\"author\":{\"@id\":\"\"},\"breadcrumb\":{\"@id\":\"https:\/\/www.blogsoestado.com\/danielmatos\/transporte-semiurbano-deve-voltar-a-funcionar-em-sao-luis-nas-proximas-horas\/#breadcrumb\"},\"inLanguage\":\"pt-BR\",\"potentialAction\":[{\"@type\":\"ReadAction\",\"target\":[\"https:\/\/www.blogsoestado.com\/danielmatos\/transporte-semiurbano-deve-voltar-a-funcionar-em-sao-luis-nas-proximas-horas\/\"]}]},{\"@type\":\"ImageObject\",\"inLanguage\":\"pt-BR\",\"@id\":\"https:\/\/www.blogsoestado.com\/danielmatos\/transporte-semiurbano-deve-voltar-a-funcionar-em-sao-luis-nas-proximas-horas\/#primaryimage\",\"url\":\"https:\/\/www.blogsoestado.com\/danielmatos\/files\/2023\/04\/Screenshot_20230425-1145212.png\",\"contentUrl\":\"https:\/\/www.blogsoestado.com\/danielmatos\/files\/2023\/04\/Screenshot_20230425-1145212.png\"},{\"@type\":\"BreadcrumbList\",\"@id\":\"https:\/\/www.blogsoestado.com\/danielmatos\/transporte-semiurbano-deve-voltar-a-funcionar-em-sao-luis-nas-proximas-horas\/#breadcrumb\",\"itemListElement\":[{\"@type\":\"ListItem\",\"position\":1,\"name\":\"In\u00edcio\",\"item\":\"https:\/\/www.blogsoestado.com\/danielmatos\/\"},{\"@type\":\"ListItem\",\"position\":2,\"name\":\"Transporte semiurbano deve voltar a funcionar em S\u00e3o Lu\u00eds nas pr\u00f3ximas horas\"}]},{\"@type\":\"WebSite\",\"@id\":\"https:\/\/www.blogsoestado.com\/danielmatos\/#website\",\"url\":\"https:\/\/www.blogsoestado.com\/danielmatos\/\",\"name\":\"Daniel Matos\",\"description\":\"\",\"potentialAction\":[{\"@type\":\"SearchAction\",\"target\":{\"@type\":\"EntryPoint\",\"urlTemplate\":\"https:\/\/www.blogsoestado.com\/danielmatos\/?s={search_term_string}\"},\"query-input\":{\"@type\":\"PropertyValueSpecification\",\"valueRequired\":true,\"valueName\":\"search_term_string\"}}],\"inLanguage\":\"pt-BR\"}]}<\/script>\n<!-- \/ Yoast SEO plugin. -->","yoast_head_json":{"title":"Transporte semiurbano deve voltar a funcionar em S\u00e3o Lu\u00eds nas pr\u00f3ximas horas - Daniel Matos","robots":{"index":"index","follow":"follow","max-snippet":"max-snippet:-1","max-image-preview":"max-image-preview:large","max-video-preview":"max-video-preview:-1"},"canonical":"https:\/\/www.blogsoestado.com\/danielmatos\/transporte-semiurbano-deve-voltar-a-funcionar-em-sao-luis-nas-proximas-horas\/","og_locale":"pt_BR","og_type":"article","og_title":"Transporte semiurbano deve voltar a funcionar em S\u00e3o Lu\u00eds nas pr\u00f3ximas horas - Daniel Matos","og_description":"O Sindicato das Empresas de Transporte de Passageiros de S\u00e3o Lu\u00eds (SET) recebeu, na manh\u00e3 desta ter\u00e7a-feira (25), a informa\u00e7\u00e3o [&hellip;]","og_url":"https:\/\/www.blogsoestado.com\/danielmatos\/transporte-semiurbano-deve-voltar-a-funcionar-em-sao-luis-nas-proximas-horas\/","og_site_name":"Daniel Matos","article_published_time":"2023-04-25T14:50:57+00:00","og_image":[{"url":"https:\/\/www.blogsoestado.com\/danielmatos\/files\/2023\/04\/Screenshot_20230425-1145212.png","type":"","width":"","height":""}],"twitter_card":"summary_large_image","twitter_misc":{"Est. tempo de leitura":"2 minutos"},"schema":{"@context":"https:\/\/schema.org","@graph":[{"@type":"WebPage","@id":"https:\/\/www.blogsoestado.com\/danielmatos\/transporte-semiurbano-deve-voltar-a-funcionar-em-sao-luis-nas-proximas-horas\/","url":"https:\/\/www.blogsoestado.com\/danielmatos\/transporte-semiurbano-deve-voltar-a-funcionar-em-sao-luis-nas-proximas-horas\/","name":"Transporte semiurbano deve voltar a funcionar em S\u00e3o Lu\u00eds nas pr\u00f3ximas horas - Daniel Matos","isPartOf":{"@id":"https:\/\/www.blogsoestado.com\/danielmatos\/#website"},"primaryImageOfPage":{"@id":"https:\/\/www.blogsoestado.com\/danielmatos\/transporte-semiurbano-deve-voltar-a-funcionar-em-sao-luis-nas-proximas-horas\/#primaryimage"},"image":{"@id":"https:\/\/www.blogsoestado.com\/danielmatos\/transporte-semiurbano-deve-voltar-a-funcionar-em-sao-luis-nas-proximas-horas\/#primaryimage"},"thumbnailUrl":"https:\/\/www.blogsoestado.com\/danielmatos\/files\/2023\/04\/Screenshot_20230425-1145212.png","datePublished":"2023-04-25T14:50:57+00:00","author":{"@id":""},"breadcrumb":{"@id":"https:\/\/www.blogsoestado.com\/danielmatos\/transporte-semiurbano-deve-voltar-a-funcionar-em-sao-luis-nas-proximas-horas\/#breadcrumb"},"inLanguage":"pt-BR","potentialAction":[{"@type":"ReadAction","target":["https:\/\/www.blogsoestado.com\/danielmatos\/transporte-semiurbano-deve-voltar-a-funcionar-em-sao-luis-nas-proximas-horas\/"]}]},{"@type":"ImageObject","inLanguage":"pt-BR","@id":"https:\/\/www.blogsoestado.com\/danielmatos\/transporte-semiurbano-deve-voltar-a-funcionar-em-sao-luis-nas-proximas-horas\/#primaryimage","url":"https:\/\/www.blogsoestado.com\/danielmatos\/files\/2023\/04\/Screenshot_20230425-1145212.png","contentUrl":"https:\/\/www.blogsoestado.com\/danielmatos\/files\/2023\/04\/Screenshot_20230425-1145212.png"},{"@type":"BreadcrumbList","@id":"https:\/\/www.blogsoestado.com\/danielmatos\/transporte-semiurbano-deve-voltar-a-funcionar-em-sao-luis-nas-proximas-horas\/#breadcrumb","itemListElement":[{"@type":"ListItem","position":1,"name":"In\u00edcio","item":"https:\/\/www.blogsoestado.com\/danielmatos\/"},{"@type":"ListItem","position":2,"name":"Transporte semiurbano deve voltar a funcionar em S\u00e3o Lu\u00eds nas pr\u00f3ximas horas"}]},{"@type":"WebSite","@id":"https:\/\/www.blogsoestado.com\/danielmatos\/#website","url":"https:\/\/www.blogsoestado.com\/danielmatos\/","name":"Daniel Matos","description":"","potentialAction":[{"@type":"SearchAction","target":{"@type":"EntryPoint","urlTemplate":"https:\/\/www.blogsoestado.com\/danielmatos\/?s={search_term_string}"},"query-input":{"@type":"PropertyValueSpecification","valueRequired":true,"valueName":"search_term_string"}}],"inLanguage":"pt-BR"}]}},"jetpack_featured_media_url":"","_links":{"self":[{"href":"https:\/\/www.blogsoestado.com\/danielmatos\/wp-json\/wp\/v2\/posts\/108751","targetHints":{"allow":["GET"]}}],"collection":[{"href":"https:\/\/www.blogsoestado.com\/danielmatos\/wp-json\/wp\/v2\/posts"}],"about":[{"href":"https:\/\/www.blogsoestado.com\/danielmatos\/wp-json\/wp\/v2\/types\/post"}],"replies":[{"embeddable":true,"href":"https:\/\/www.blogsoestado.com\/danielmatos\/wp-json\/wp\/v2\/comments?post=108751"}],"version-history":[{"count":0,"href":"https:\/\/www.blogsoestado.com\/danielmatos\/wp-json\/wp\/v2\/posts\/108751\/revisions"}],"wp:attachment":[{"href":"https:\/\/www.blogsoestado.com\/danielmatos\/wp-json\/wp\/v2\/media?parent=108751"}],"wp:term":[{"taxonomy":"category","embeddable":true,"href":"https:\/\/www.blogsoestado.com\/danielmatos\/wp-json\/wp\/v2\/categories?post=108751"},{"taxonomy":"post_tag","embeddable":true,"href":"https:\/\/www.blogsoestado.com\/danielmatos\/wp-json\/wp\/v2\/tags?post=108751"}],"curies":[{"name":"wp","href":"https:\/\/api.w.org\/{rel}","templated":true}]}}