{"id":108757,"date":"2023-04-25T13:19:42","date_gmt":"2023-04-25T16:19:42","guid":{"rendered":"https:\/\/www.blogsoestado.com\/danielmatos\/?p=108757"},"modified":"2023-04-25T13:19:42","modified_gmt":"2023-04-25T16:19:42","slug":"marcio-jerry-revela-ja-ter-sido-ameacado-de-morte-em-meio-a-denuncia-de-assedio-a-deputada-de-santa-catarina","status":"publish","type":"post","link":"https:\/\/www.blogsoestado.com\/danielmatos\/marcio-jerry-revela-ja-ter-sido-ameacado-de-morte-em-meio-a-denuncia-de-assedio-a-deputada-de-santa-catarina\/","title":{"rendered":"M\u00e1rcio Jerry revela j\u00e1 ter sido amea\u00e7ado de morte em meio \u00e0 den\u00fancia de ass\u00e9dio a deputada de Santa Catarina"},"content":{"rendered":"\n<p><strong><span class=\"has-inline-color has-vivid-red-color\">Parlamentar comunista pediu espa\u00e7o no programa Morning Show, da Jovem Pan, para se defender de acusa\u00e7\u00f5es ap\u00f3s entrevista em que J\u00falia Zannata voltou a culp\u00e1-lo<\/span><\/strong><\/p>\n\n\n\n<div class=\"wp-block-image\"><figure class=\"aligncenter size-large\"><a href=\"https:\/\/www.blogsoestado.com\/danielmatos\/files\/2023\/04\/Screenshot_20230425-1136122.png\"><img decoding=\"async\" src=\"https:\/\/www.blogsoestado.com\/danielmatos\/files\/2023\/04\/Screenshot_20230425-1136122.png\" alt=\"\" class=\"wp-image-108758\"\/><\/a><figcaption>M\u00e1rcio Jerry reiterou a sua vers\u00e3o sobre o pol\u00eamico epis\u00f3dio ao jornalista Paulo Matias, apresentador do Morning Show<\/figcaption><\/figure><\/div>\n\n\n\n<p>O deputado federal M\u00e1rcio Jerry (PCdoB-MA) revelou, na manh\u00e3 desta ter\u00e7a-feira (25), em entrevista ao programa Morning Show, da rede Jovem Pan, j\u00e1 ter sido amea\u00e7ado de morte e agress\u00f5es f\u00edsicas em meio \u00e0 acusa\u00e7\u00e3o de ass\u00e9dio \u00e0 deputada federal J\u00falia Zanatta (PL-SC), durante sess\u00e3o da Comiss\u00e3o de Seguran\u00e7a P\u00fablica e Combate ao Crime Organizado da C\u00e2mara Federal, no dia 11 deste m\u00eas. A parlamentar catarinense foi entrevistada pelo mesmo programa, nessa segunda-feira (24), ocasi\u00e3o em que reiterou as acusa\u00e7\u00f5es, o que levou Jerry a pedir para se pronunciar, a fim de rebater a fala incriminat\u00f3ria da colega.<\/p>\n\n\n\n<p>Segundo o deputado comunista, as amea\u00e7as de morte, de agress\u00e3o f\u00edsica e as inj\u00farias (xingamentos) que vem sofrendo est\u00e3o sendo catalogadas uma a uma para posterior provid\u00eancia no \u00e2mbito judicial. Mesmo bombardeado pela m\u00eddia, em vias de ser denunciado pela Procuradoria Geral da Rep\u00fablica (PGR) e exposto ao risco de cancelamento nas redes sociais, Jerry novamente se negou a pedir desculpas pelo ato.<\/p>\n\n\n\n<p>Ele reafirmou que a abordagem \u00e0 deputada de Santa Catarina, mostrada pela m\u00eddia tradicional e viralizada no ambiente virtual por aplicativos como WhatsApp, Telegram, Instagram, Facebook e Twitter, n\u00e3o caracteriza crime de ass\u00e9dio, importuna\u00e7\u00e3o sexual ou viol\u00eancia pol\u00edtica de g\u00eanero. &#8220;Minha inten\u00e7\u00e3o foi apenas cont\u00ea-la e fazer cessar a gritaria com uma deputada com quase 70 anos de idade e 40 de mandato&#8221;, garantiu o pol\u00edtico, referindo-se \u00e0 deputada federal L\u00eddice da Mata (PSB), que naquele momento discutia acaloradamente com J\u00falia Zanatta e outros parlamentares.<\/p>\n\n\n\n<div class=\"wp-block-image\"><figure class=\"alignright size-large\"><a href=\"https:\/\/www.blogsoestado.com\/danielmatos\/files\/2023\/04\/Screenshot_20230425-1224272.png\"><img decoding=\"async\" src=\"https:\/\/www.blogsoestado.com\/danielmatos\/files\/2023\/04\/Screenshot_20230425-1224272.png\" alt=\"\" class=\"wp-image-108759\"\/><\/a><figcaption>Imagem mostra aproxima\u00e7\u00e3o de M\u00e1rcio Jerry por tr\u00e1s da deputada, com o nariz tocando o cabelo da colega, que em seguida se virou<\/figcaption><\/figure><\/div>\n\n\n\n<p>Confrontado pelo apresentador Paulo Matias e por outros participantes do Morning Show, M\u00e1rcio Jerry repetiu a vers\u00e3o de que se aproximou de J\u00falia Zanatta por tr\u00e1s, enfiando o nariz no cabelo da colega, por causa da aglomera\u00e7\u00e3o do plen\u00e1rio onde acontecia a sess\u00e3o, ocupado por v\u00e1rias pessoas e cadeiras, obst\u00e1culos que limitavam o espa\u00e7o e os movimentos. Ele chegou a acusar um dos debatedores do programa que o questionou em tom incisivo de se portar com motiva\u00e7\u00e3o ideol\u00f3gica.<\/p>\n\n\n\n<p><strong>Dois pesos e uma medida?<\/strong><\/p>\n\n\n\n<p>Ao ser questionado se tamb\u00e9m negaria a ocorr\u00eancia de ass\u00e9dio ou outro crime de g\u00eanero se o epis\u00f3dio em que est\u00e1 envolvido tivesse como protagonista um pol\u00edtico de direita, Jerry respondeu que se as circunst\u00e2ncias fossem as mesmas, n\u00e3o veria nada de errado. Indagado se ficaria incomodado com uma eventual aproxima\u00e7\u00e3o f\u00edsica da sua esposa nos mesmos moldes, ele disse que n\u00e3o, acrescentando a informa\u00e7\u00e3o de que ela tamb\u00e9m \u00e9 uma agente p\u00fablica.<\/p>\n\n\n\n<p><strong><span class=\"has-inline-color has-vivid-red-color\">Clique <a href=\"https:\/\/youtu.be\/RgoSKA2p0CY\">aqui<\/a><\/span><\/strong> <strong><span class=\"has-inline-color has-vivid-red-color\">e assista ao v\u00eddeo<\/span><\/strong>.<\/p>\n","protected":false},"excerpt":{"rendered":"<p>Parlamentar comunista pediu espa\u00e7o no programa Morning Show, da Jovem Pan, para se defender de acusa\u00e7\u00f5es ap\u00f3s entrevista em que [&hellip;]<\/p>\n","protected":false},"author":0,"featured_media":0,"comment_status":"open","ping_status":"open","sticky":false,"template":"","format":"standard","meta":{"site-sidebar-layout":"default","site-content-layout":"","ast-site-content-layout":"default","site-content-style":"default","site-sidebar-style":"default","ast-global-header-display":"","ast-banner-title-visibility":"","ast-main-header-display":"","ast-hfb-above-header-display":"","ast-hfb-below-header-display":"","ast-hfb-mobile-header-display":"","site-post-title":"","ast-breadcrumbs-content":"","ast-featured-img":"","footer-sml-layout":"","ast-disable-related-posts":"","theme-transparent-header-meta":"","adv-header-id-meta":"","stick-header-meta":"","header-above-stick-meta":"","header-main-stick-meta":"","header-below-stick-meta":"","astra-migrate-meta-layouts":"default","ast-page-background-enabled":"default","ast-page-background-meta":{"desktop":{"background-color":"var(--ast-global-color-5)","background-image":"","background-repeat":"repeat","background-position":"center center","background-size":"auto","background-attachment":"scroll","background-type":"","background-media":"","overlay-type":"","overlay-color":"","overlay-opacity":"","overlay-gradient":""},"tablet":{"background-color":"","background-image":"","background-repeat":"repeat","background-position":"center center","background-size":"auto","background-attachment":"scroll","background-type":"","background-media":"","overlay-type":"","overlay-color":"","overlay-opacity":"","overlay-gradient":""},"mobile":{"background-color":"","background-image":"","background-repeat":"repeat","background-position":"center center","background-size":"auto","background-attachment":"scroll","background-type":"","background-media":"","overlay-type":"","overlay-color":"","overlay-opacity":"","overlay-gradient":""}},"ast-content-background-meta":{"desktop":{"background-color":"var(--ast-global-color-4)","background-image":"","background-repeat":"repeat","background-position":"center center","background-size":"auto","background-attachment":"scroll","background-type":"","background-media":"","overlay-type":"","overlay-color":"","overlay-opacity":"","overlay-gradient":""},"tablet":{"background-color":"var(--ast-global-color-4)","background-image":"","background-repeat":"repeat","background-position":"center center","background-size":"auto","background-attachment":"scroll","background-type":"","background-media":"","overlay-type":"","overlay-color":"","overlay-opacity":"","overlay-gradient":""},"mobile":{"background-color":"var(--ast-global-color-4)","background-image":"","background-repeat":"repeat","background-position":"center center","background-size":"auto","background-attachment":"scroll","background-type":"","background-media":"","overlay-type":"","overlay-color":"","overlay-opacity":"","overlay-gradient":""}},"footnotes":""},"categories":[1],"tags":[],"class_list":["post-108757","post","type-post","status-publish","format-standard","hentry","category-sem-categoria"],"yoast_head":"<!-- This site is optimized with the Yoast SEO plugin v26.6 - https:\/\/yoast.com\/wordpress\/plugins\/seo\/ -->\n<title>M\u00e1rcio Jerry revela j\u00e1 ter sido amea\u00e7ado de morte em meio \u00e0 den\u00fancia de ass\u00e9dio a deputada de Santa Catarina - Daniel Matos<\/title>\n<meta name=\"robots\" content=\"index, follow, max-snippet:-1, max-image-preview:large, max-video-preview:-1\" \/>\n<link rel=\"canonical\" href=\"https:\/\/www.blogsoestado.com\/danielmatos\/marcio-jerry-revela-ja-ter-sido-ameacado-de-morte-em-meio-a-denuncia-de-assedio-a-deputada-de-santa-catarina\/\" \/>\n<meta property=\"og:locale\" content=\"pt_BR\" \/>\n<meta property=\"og:type\" content=\"article\" \/>\n<meta property=\"og:title\" content=\"M\u00e1rcio Jerry revela j\u00e1 ter sido amea\u00e7ado de morte em meio \u00e0 den\u00fancia de ass\u00e9dio a deputada de Santa Catarina - Daniel Matos\" \/>\n<meta property=\"og:description\" content=\"Parlamentar comunista pediu espa\u00e7o no programa Morning Show, da Jovem Pan, para se defender de acusa\u00e7\u00f5es ap\u00f3s entrevista em que [&hellip;]\" \/>\n<meta property=\"og:url\" content=\"https:\/\/www.blogsoestado.com\/danielmatos\/marcio-jerry-revela-ja-ter-sido-ameacado-de-morte-em-meio-a-denuncia-de-assedio-a-deputada-de-santa-catarina\/\" \/>\n<meta property=\"og:site_name\" content=\"Daniel Matos\" \/>\n<meta property=\"article:published_time\" content=\"2023-04-25T16:19:42+00:00\" \/>\n<meta property=\"og:image\" content=\"https:\/\/www.blogsoestado.com\/danielmatos\/files\/2023\/04\/Screenshot_20230425-1136122.png\" \/>\n<meta name=\"twitter:card\" content=\"summary_large_image\" \/>\n<meta name=\"twitter:label1\" content=\"Est. tempo de leitura\" \/>\n\t<meta name=\"twitter:data1\" content=\"3 minutos\" \/>\n<script type=\"application\/ld+json\" class=\"yoast-schema-graph\">{\"@context\":\"https:\/\/schema.org\",\"@graph\":[{\"@type\":\"WebPage\",\"@id\":\"https:\/\/www.blogsoestado.com\/danielmatos\/marcio-jerry-revela-ja-ter-sido-ameacado-de-morte-em-meio-a-denuncia-de-assedio-a-deputada-de-santa-catarina\/\",\"url\":\"https:\/\/www.blogsoestado.com\/danielmatos\/marcio-jerry-revela-ja-ter-sido-ameacado-de-morte-em-meio-a-denuncia-de-assedio-a-deputada-de-santa-catarina\/\",\"name\":\"M\u00e1rcio Jerry revela j\u00e1 ter sido amea\u00e7ado de morte em meio \u00e0 den\u00fancia de ass\u00e9dio a deputada de Santa Catarina - Daniel Matos\",\"isPartOf\":{\"@id\":\"https:\/\/www.blogsoestado.com\/danielmatos\/#website\"},\"primaryImageOfPage\":{\"@id\":\"https:\/\/www.blogsoestado.com\/danielmatos\/marcio-jerry-revela-ja-ter-sido-ameacado-de-morte-em-meio-a-denuncia-de-assedio-a-deputada-de-santa-catarina\/#primaryimage\"},\"image\":{\"@id\":\"https:\/\/www.blogsoestado.com\/danielmatos\/marcio-jerry-revela-ja-ter-sido-ameacado-de-morte-em-meio-a-denuncia-de-assedio-a-deputada-de-santa-catarina\/#primaryimage\"},\"thumbnailUrl\":\"https:\/\/www.blogsoestado.com\/danielmatos\/files\/2023\/04\/Screenshot_20230425-1136122.png\",\"datePublished\":\"2023-04-25T16:19:42+00:00\",\"author\":{\"@id\":\"\"},\"breadcrumb\":{\"@id\":\"https:\/\/www.blogsoestado.com\/danielmatos\/marcio-jerry-revela-ja-ter-sido-ameacado-de-morte-em-meio-a-denuncia-de-assedio-a-deputada-de-santa-catarina\/#breadcrumb\"},\"inLanguage\":\"pt-BR\",\"potentialAction\":[{\"@type\":\"ReadAction\",\"target\":[\"https:\/\/www.blogsoestado.com\/danielmatos\/marcio-jerry-revela-ja-ter-sido-ameacado-de-morte-em-meio-a-denuncia-de-assedio-a-deputada-de-santa-catarina\/\"]}]},{\"@type\":\"ImageObject\",\"inLanguage\":\"pt-BR\",\"@id\":\"https:\/\/www.blogsoestado.com\/danielmatos\/marcio-jerry-revela-ja-ter-sido-ameacado-de-morte-em-meio-a-denuncia-de-assedio-a-deputada-de-santa-catarina\/#primaryimage\",\"url\":\"https:\/\/www.blogsoestado.com\/danielmatos\/files\/2023\/04\/Screenshot_20230425-1136122.png\",\"contentUrl\":\"https:\/\/www.blogsoestado.com\/danielmatos\/files\/2023\/04\/Screenshot_20230425-1136122.png\"},{\"@type\":\"BreadcrumbList\",\"@id\":\"https:\/\/www.blogsoestado.com\/danielmatos\/marcio-jerry-revela-ja-ter-sido-ameacado-de-morte-em-meio-a-denuncia-de-assedio-a-deputada-de-santa-catarina\/#breadcrumb\",\"itemListElement\":[{\"@type\":\"ListItem\",\"position\":1,\"name\":\"In\u00edcio\",\"item\":\"https:\/\/www.blogsoestado.com\/danielmatos\/\"},{\"@type\":\"ListItem\",\"position\":2,\"name\":\"M\u00e1rcio Jerry revela j\u00e1 ter sido amea\u00e7ado de morte em meio \u00e0 den\u00fancia de ass\u00e9dio a deputada de Santa Catarina\"}]},{\"@type\":\"WebSite\",\"@id\":\"https:\/\/www.blogsoestado.com\/danielmatos\/#website\",\"url\":\"https:\/\/www.blogsoestado.com\/danielmatos\/\",\"name\":\"Daniel Matos\",\"description\":\"\",\"potentialAction\":[{\"@type\":\"SearchAction\",\"target\":{\"@type\":\"EntryPoint\",\"urlTemplate\":\"https:\/\/www.blogsoestado.com\/danielmatos\/?s={search_term_string}\"},\"query-input\":{\"@type\":\"PropertyValueSpecification\",\"valueRequired\":true,\"valueName\":\"search_term_string\"}}],\"inLanguage\":\"pt-BR\"}]}<\/script>\n<!-- \/ Yoast SEO plugin. -->","yoast_head_json":{"title":"M\u00e1rcio Jerry revela j\u00e1 ter sido amea\u00e7ado de morte em meio \u00e0 den\u00fancia de ass\u00e9dio a deputada de Santa Catarina - Daniel Matos","robots":{"index":"index","follow":"follow","max-snippet":"max-snippet:-1","max-image-preview":"max-image-preview:large","max-video-preview":"max-video-preview:-1"},"canonical":"https:\/\/www.blogsoestado.com\/danielmatos\/marcio-jerry-revela-ja-ter-sido-ameacado-de-morte-em-meio-a-denuncia-de-assedio-a-deputada-de-santa-catarina\/","og_locale":"pt_BR","og_type":"article","og_title":"M\u00e1rcio Jerry revela j\u00e1 ter sido amea\u00e7ado de morte em meio \u00e0 den\u00fancia de ass\u00e9dio a deputada de Santa Catarina - Daniel Matos","og_description":"Parlamentar comunista pediu espa\u00e7o no programa Morning Show, da Jovem Pan, para se defender de acusa\u00e7\u00f5es ap\u00f3s entrevista em que [&hellip;]","og_url":"https:\/\/www.blogsoestado.com\/danielmatos\/marcio-jerry-revela-ja-ter-sido-ameacado-de-morte-em-meio-a-denuncia-de-assedio-a-deputada-de-santa-catarina\/","og_site_name":"Daniel Matos","article_published_time":"2023-04-25T16:19:42+00:00","og_image":[{"url":"https:\/\/www.blogsoestado.com\/danielmatos\/files\/2023\/04\/Screenshot_20230425-1136122.png","type":"","width":"","height":""}],"twitter_card":"summary_large_image","twitter_misc":{"Est. tempo de leitura":"3 minutos"},"schema":{"@context":"https:\/\/schema.org","@graph":[{"@type":"WebPage","@id":"https:\/\/www.blogsoestado.com\/danielmatos\/marcio-jerry-revela-ja-ter-sido-ameacado-de-morte-em-meio-a-denuncia-de-assedio-a-deputada-de-santa-catarina\/","url":"https:\/\/www.blogsoestado.com\/danielmatos\/marcio-jerry-revela-ja-ter-sido-ameacado-de-morte-em-meio-a-denuncia-de-assedio-a-deputada-de-santa-catarina\/","name":"M\u00e1rcio Jerry revela j\u00e1 ter sido amea\u00e7ado de morte em meio \u00e0 den\u00fancia de ass\u00e9dio a deputada de Santa Catarina - Daniel Matos","isPartOf":{"@id":"https:\/\/www.blogsoestado.com\/danielmatos\/#website"},"primaryImageOfPage":{"@id":"https:\/\/www.blogsoestado.com\/danielmatos\/marcio-jerry-revela-ja-ter-sido-ameacado-de-morte-em-meio-a-denuncia-de-assedio-a-deputada-de-santa-catarina\/#primaryimage"},"image":{"@id":"https:\/\/www.blogsoestado.com\/danielmatos\/marcio-jerry-revela-ja-ter-sido-ameacado-de-morte-em-meio-a-denuncia-de-assedio-a-deputada-de-santa-catarina\/#primaryimage"},"thumbnailUrl":"https:\/\/www.blogsoestado.com\/danielmatos\/files\/2023\/04\/Screenshot_20230425-1136122.png","datePublished":"2023-04-25T16:19:42+00:00","author":{"@id":""},"breadcrumb":{"@id":"https:\/\/www.blogsoestado.com\/danielmatos\/marcio-jerry-revela-ja-ter-sido-ameacado-de-morte-em-meio-a-denuncia-de-assedio-a-deputada-de-santa-catarina\/#breadcrumb"},"inLanguage":"pt-BR","potentialAction":[{"@type":"ReadAction","target":["https:\/\/www.blogsoestado.com\/danielmatos\/marcio-jerry-revela-ja-ter-sido-ameacado-de-morte-em-meio-a-denuncia-de-assedio-a-deputada-de-santa-catarina\/"]}]},{"@type":"ImageObject","inLanguage":"pt-BR","@id":"https:\/\/www.blogsoestado.com\/danielmatos\/marcio-jerry-revela-ja-ter-sido-ameacado-de-morte-em-meio-a-denuncia-de-assedio-a-deputada-de-santa-catarina\/#primaryimage","url":"https:\/\/www.blogsoestado.com\/danielmatos\/files\/2023\/04\/Screenshot_20230425-1136122.png","contentUrl":"https:\/\/www.blogsoestado.com\/danielmatos\/files\/2023\/04\/Screenshot_20230425-1136122.png"},{"@type":"BreadcrumbList","@id":"https:\/\/www.blogsoestado.com\/danielmatos\/marcio-jerry-revela-ja-ter-sido-ameacado-de-morte-em-meio-a-denuncia-de-assedio-a-deputada-de-santa-catarina\/#breadcrumb","itemListElement":[{"@type":"ListItem","position":1,"name":"In\u00edcio","item":"https:\/\/www.blogsoestado.com\/danielmatos\/"},{"@type":"ListItem","position":2,"name":"M\u00e1rcio Jerry revela j\u00e1 ter sido amea\u00e7ado de morte em meio \u00e0 den\u00fancia de ass\u00e9dio a deputada de Santa Catarina"}]},{"@type":"WebSite","@id":"https:\/\/www.blogsoestado.com\/danielmatos\/#website","url":"https:\/\/www.blogsoestado.com\/danielmatos\/","name":"Daniel Matos","description":"","potentialAction":[{"@type":"SearchAction","target":{"@type":"EntryPoint","urlTemplate":"https:\/\/www.blogsoestado.com\/danielmatos\/?s={search_term_string}"},"query-input":{"@type":"PropertyValueSpecification","valueRequired":true,"valueName":"search_term_string"}}],"inLanguage":"pt-BR"}]}},"jetpack_featured_media_url":"","_links":{"self":[{"href":"https:\/\/www.blogsoestado.com\/danielmatos\/wp-json\/wp\/v2\/posts\/108757","targetHints":{"allow":["GET"]}}],"collection":[{"href":"https:\/\/www.blogsoestado.com\/danielmatos\/wp-json\/wp\/v2\/posts"}],"about":[{"href":"https:\/\/www.blogsoestado.com\/danielmatos\/wp-json\/wp\/v2\/types\/post"}],"replies":[{"embeddable":true,"href":"https:\/\/www.blogsoestado.com\/danielmatos\/wp-json\/wp\/v2\/comments?post=108757"}],"version-history":[{"count":0,"href":"https:\/\/www.blogsoestado.com\/danielmatos\/wp-json\/wp\/v2\/posts\/108757\/revisions"}],"wp:attachment":[{"href":"https:\/\/www.blogsoestado.com\/danielmatos\/wp-json\/wp\/v2\/media?parent=108757"}],"wp:term":[{"taxonomy":"category","embeddable":true,"href":"https:\/\/www.blogsoestado.com\/danielmatos\/wp-json\/wp\/v2\/categories?post=108757"},{"taxonomy":"post_tag","embeddable":true,"href":"https:\/\/www.blogsoestado.com\/danielmatos\/wp-json\/wp\/v2\/tags?post=108757"}],"curies":[{"name":"wp","href":"https:\/\/api.w.org\/{rel}","templated":true}]}}