{"id":108761,"date":"2023-04-25T14:55:32","date_gmt":"2023-04-25T17:55:32","guid":{"rendered":"https:\/\/www.blogsoestado.com\/danielmatos\/?p=108761"},"modified":"2023-04-25T14:55:32","modified_gmt":"2023-04-25T17:55:32","slug":"camara-derruba-18-vetos-da-prefeitura-ao-plano-diretor-de-sao-luis-e-mantem-texto-original","status":"publish","type":"post","link":"https:\/\/www.blogsoestado.com\/danielmatos\/camara-derruba-18-vetos-da-prefeitura-ao-plano-diretor-de-sao-luis-e-mantem-texto-original\/","title":{"rendered":"C\u00e2mara derruba 18 vetos da Prefeitura ao Plano Diretor de S\u00e3o Lu\u00eds e mant\u00e9m texto original"},"content":{"rendered":"\n<p><em><strong><span class=\"has-inline-color has-vivid-red-color\">Com o restabelecimento dos artigos que haviam sido vetados pelo prefeito Eduardo Braide, o texto do novo Plano Diretor ser\u00e1 promulgado pelo Legislativo<\/span><\/strong><\/em><\/p>\n\n\n\n<div class=\"wp-block-image\"><figure class=\"aligncenter size-large\"><a href=\"https:\/\/www.blogsoestado.com\/danielmatos\/files\/2023\/04\/Screenshot_20230425-1516182.png\"><img decoding=\"async\" src=\"https:\/\/www.blogsoestado.com\/danielmatos\/files\/2023\/04\/Screenshot_20230425-1516182.png\" alt=\"\" class=\"wp-image-108768\"\/><\/a><figcaption>Com o plen\u00e1rio lotado, 26 vereadores votaram pela derrubada dos 18 vetos do prefeito Eduardo Braide ao projeto do Plano Diretor<\/figcaption><\/figure><\/div>\n\n\n\n<p>Em sess\u00e3o extraordin\u00e1ria, na manh\u00e3 dessa segunda-feira, 24, a C\u00e2mara Municipal de S\u00e3o Lu\u00eds analisou e derrubou os 18 vetos do poder executivo ao Plano Diretor. Foram 26 votos favor\u00e1veis \u00e0 derrubada dos vetos, nenhum dos parlamentares presentes na sess\u00e3o extraordin\u00e1ria votou favor\u00e1vel \u00e0 manuten\u00e7\u00e3o dos vetos do executivo.<\/p>\n\n\n\n<p>A aprova\u00e7\u00e3o do novo Plano Diretor ocorreu em dois turnos e foi enviado ao poder executivo municipal em 22 de mar\u00e7o. O prefeito sancionou a Lei n\u00ba 7.122, no dia 12 de abril e a mensagem com os 18 vetos ao texto foi publicada no Di\u00e1rio Oficial do Munic\u00edpio (DOM) dois dias ap\u00f3s a lei ter sido sancionada.<\/p>\n\n\n\n<p>Entre os dispositivos analisados, foi derrubado o veto ao par\u00e1grafo terceiro do artigo 65 do Projeto de Lei n\u00ba 174\/19, que prev\u00ea que as melhorias dos Sistemas Vi\u00e1rio e de Transportes Coletivos dever\u00e3o ser consolidadas mediante Audi\u00eancias P\u00fablicas e formalizadas nas diretrizes da Lei de Diretrizes Or\u00e7ament\u00e1rias (LDO), na Lei Or\u00e7ament\u00e1ria Anual (LOA) e no Plano Plurianual (PPA).&nbsp;<\/p>\n\n\n\n<p>\u201cO motivo do veto desta emenda \u00e9 n\u00e3o querer dar transpar\u00eancia, n\u00e3o querer dar conhecimento \u00e0 popula\u00e7\u00e3o que verdadeiramente usa o transporte coletivo de nossa cidade\u201d, disse o vereador Chico Carvalho.\u00a0<\/p>\n\n\n\n<div class=\"wp-block-image\"><figure class=\"aligncenter size-large\"><a href=\"https:\/\/www.blogsoestado.com\/danielmatos\/files\/2023\/04\/Screenshot_20230425-1517582.png\"><img decoding=\"async\" src=\"https:\/\/www.blogsoestado.com\/danielmatos\/files\/2023\/04\/Screenshot_20230425-1517582.png\" alt=\"\" class=\"wp-image-108769\"\/><\/a><figcaption>O presidente da C\u00e2mara Municipal, Francisco Chaguinhas, destacou a postura da grande maioria dos vereadores de manter integralmente o projeto de lei aprovado pela Casa<\/figcaption><\/figure><\/div>\n\n\n\n<p>Tamb\u00e9m foi derrubado o veto aos incisos do artigo 18 que prop\u00f5em a cria\u00e7\u00e3o de alguns fundos municipais como instrumentos da pol\u00edtica rural do munic\u00edpio. O parlamento rejeitou ainda os vetos aos incisos presentes no artigo 12 que prev\u00ea a elabora\u00e7\u00e3o de um Plano Diretor da zona rural.&nbsp;<\/p>\n\n\n\n<p>\u201cEu acho que esta Casa Legislativa teve um cuidado especial no tocante a zona rural. A partir do momento que ela procura criar os fundos de incentivo para atender a zona rural e seus moradores, a partir do momento que ela cria essa possibilidade de um Plano Diretor espec\u00edfico para a zona rural, na verdade um subplano, mostra que esta Casa tem uma preocupa\u00e7\u00e3o verdadeira com a zona rural. N\u00f3s sabemos que na zona rural est\u00e3o os lugares onde t\u00eam as pessoas menos assistidas na nossa cidade\u201d, ressaltou o relator do Plano Diretor na c\u00e2mara, vereador Dr. Gutemberg.&nbsp;<\/p>\n\n\n\n<p>Com a derrubada dos vetos, o novo Plano Diretor segue para promulga\u00e7\u00e3o pela Mesa Diretora da Casa Legislativa.<\/p>\n","protected":false},"excerpt":{"rendered":"<p>Com o restabelecimento dos artigos que haviam sido vetados pelo prefeito Eduardo Braide, o texto do novo Plano Diretor ser\u00e1 [&hellip;]<\/p>\n","protected":false},"author":0,"featured_media":0,"comment_status":"open","ping_status":"open","sticky":false,"template":"","format":"standard","meta":{"site-sidebar-layout":"default","site-content-layout":"","ast-site-content-layout":"default","site-content-style":"default","site-sidebar-style":"default","ast-global-header-display":"","ast-banner-title-visibility":"","ast-main-header-display":"","ast-hfb-above-header-display":"","ast-hfb-below-header-display":"","ast-hfb-mobile-header-display":"","site-post-title":"","ast-breadcrumbs-content":"","ast-featured-img":"","footer-sml-layout":"","ast-disable-related-posts":"","theme-transparent-header-meta":"","adv-header-id-meta":"","stick-header-meta":"","header-above-stick-meta":"","header-main-stick-meta":"","header-below-stick-meta":"","astra-migrate-meta-layouts":"default","ast-page-background-enabled":"default","ast-page-background-meta":{"desktop":{"background-color":"var(--ast-global-color-5)","background-image":"","background-repeat":"repeat","background-position":"center center","background-size":"auto","background-attachment":"scroll","background-type":"","background-media":"","overlay-type":"","overlay-color":"","overlay-opacity":"","overlay-gradient":""},"tablet":{"background-color":"","background-image":"","background-repeat":"repeat","background-position":"center center","background-size":"auto","background-attachment":"scroll","background-type":"","background-media":"","overlay-type":"","overlay-color":"","overlay-opacity":"","overlay-gradient":""},"mobile":{"background-color":"","background-image":"","background-repeat":"repeat","background-position":"center center","background-size":"auto","background-attachment":"scroll","background-type":"","background-media":"","overlay-type":"","overlay-color":"","overlay-opacity":"","overlay-gradient":""}},"ast-content-background-meta":{"desktop":{"background-color":"var(--ast-global-color-4)","background-image":"","background-repeat":"repeat","background-position":"center center","background-size":"auto","background-attachment":"scroll","background-type":"","background-media":"","overlay-type":"","overlay-color":"","overlay-opacity":"","overlay-gradient":""},"tablet":{"background-color":"var(--ast-global-color-4)","background-image":"","background-repeat":"repeat","background-position":"center center","background-size":"auto","background-attachment":"scroll","background-type":"","background-media":"","overlay-type":"","overlay-color":"","overlay-opacity":"","overlay-gradient":""},"mobile":{"background-color":"var(--ast-global-color-4)","background-image":"","background-repeat":"repeat","background-position":"center center","background-size":"auto","background-attachment":"scroll","background-type":"","background-media":"","overlay-type":"","overlay-color":"","overlay-opacity":"","overlay-gradient":""}},"footnotes":""},"categories":[1],"tags":[],"class_list":["post-108761","post","type-post","status-publish","format-standard","hentry","category-sem-categoria"],"yoast_head":"<!-- This site is optimized with the Yoast SEO plugin v26.6 - https:\/\/yoast.com\/wordpress\/plugins\/seo\/ -->\n<title>C\u00e2mara derruba 18 vetos da Prefeitura ao Plano Diretor de S\u00e3o Lu\u00eds e mant\u00e9m texto original - Daniel Matos<\/title>\n<meta name=\"robots\" content=\"index, follow, max-snippet:-1, max-image-preview:large, max-video-preview:-1\" \/>\n<link rel=\"canonical\" href=\"https:\/\/www.blogsoestado.com\/danielmatos\/camara-derruba-18-vetos-da-prefeitura-ao-plano-diretor-de-sao-luis-e-mantem-texto-original\/\" \/>\n<meta property=\"og:locale\" content=\"pt_BR\" \/>\n<meta property=\"og:type\" content=\"article\" \/>\n<meta property=\"og:title\" content=\"C\u00e2mara derruba 18 vetos da Prefeitura ao Plano Diretor de S\u00e3o Lu\u00eds e mant\u00e9m texto original - Daniel Matos\" \/>\n<meta property=\"og:description\" content=\"Com o restabelecimento dos artigos que haviam sido vetados pelo prefeito Eduardo Braide, o texto do novo Plano Diretor ser\u00e1 [&hellip;]\" \/>\n<meta property=\"og:url\" content=\"https:\/\/www.blogsoestado.com\/danielmatos\/camara-derruba-18-vetos-da-prefeitura-ao-plano-diretor-de-sao-luis-e-mantem-texto-original\/\" \/>\n<meta property=\"og:site_name\" content=\"Daniel Matos\" \/>\n<meta property=\"article:published_time\" content=\"2023-04-25T17:55:32+00:00\" \/>\n<meta property=\"og:image\" content=\"https:\/\/www.blogsoestado.com\/danielmatos\/files\/2023\/04\/Screenshot_20230425-1516182.png\" \/>\n<meta name=\"twitter:card\" content=\"summary_large_image\" \/>\n<meta name=\"twitter:label1\" content=\"Est. tempo de leitura\" \/>\n\t<meta name=\"twitter:data1\" content=\"3 minutos\" \/>\n<script type=\"application\/ld+json\" class=\"yoast-schema-graph\">{\"@context\":\"https:\/\/schema.org\",\"@graph\":[{\"@type\":\"WebPage\",\"@id\":\"https:\/\/www.blogsoestado.com\/danielmatos\/camara-derruba-18-vetos-da-prefeitura-ao-plano-diretor-de-sao-luis-e-mantem-texto-original\/\",\"url\":\"https:\/\/www.blogsoestado.com\/danielmatos\/camara-derruba-18-vetos-da-prefeitura-ao-plano-diretor-de-sao-luis-e-mantem-texto-original\/\",\"name\":\"C\u00e2mara derruba 18 vetos da Prefeitura ao Plano Diretor de S\u00e3o Lu\u00eds e mant\u00e9m texto original - Daniel Matos\",\"isPartOf\":{\"@id\":\"https:\/\/www.blogsoestado.com\/danielmatos\/#website\"},\"primaryImageOfPage\":{\"@id\":\"https:\/\/www.blogsoestado.com\/danielmatos\/camara-derruba-18-vetos-da-prefeitura-ao-plano-diretor-de-sao-luis-e-mantem-texto-original\/#primaryimage\"},\"image\":{\"@id\":\"https:\/\/www.blogsoestado.com\/danielmatos\/camara-derruba-18-vetos-da-prefeitura-ao-plano-diretor-de-sao-luis-e-mantem-texto-original\/#primaryimage\"},\"thumbnailUrl\":\"https:\/\/www.blogsoestado.com\/danielmatos\/files\/2023\/04\/Screenshot_20230425-1516182.png\",\"datePublished\":\"2023-04-25T17:55:32+00:00\",\"author\":{\"@id\":\"\"},\"breadcrumb\":{\"@id\":\"https:\/\/www.blogsoestado.com\/danielmatos\/camara-derruba-18-vetos-da-prefeitura-ao-plano-diretor-de-sao-luis-e-mantem-texto-original\/#breadcrumb\"},\"inLanguage\":\"pt-BR\",\"potentialAction\":[{\"@type\":\"ReadAction\",\"target\":[\"https:\/\/www.blogsoestado.com\/danielmatos\/camara-derruba-18-vetos-da-prefeitura-ao-plano-diretor-de-sao-luis-e-mantem-texto-original\/\"]}]},{\"@type\":\"ImageObject\",\"inLanguage\":\"pt-BR\",\"@id\":\"https:\/\/www.blogsoestado.com\/danielmatos\/camara-derruba-18-vetos-da-prefeitura-ao-plano-diretor-de-sao-luis-e-mantem-texto-original\/#primaryimage\",\"url\":\"https:\/\/www.blogsoestado.com\/danielmatos\/files\/2023\/04\/Screenshot_20230425-1516182.png\",\"contentUrl\":\"https:\/\/www.blogsoestado.com\/danielmatos\/files\/2023\/04\/Screenshot_20230425-1516182.png\"},{\"@type\":\"BreadcrumbList\",\"@id\":\"https:\/\/www.blogsoestado.com\/danielmatos\/camara-derruba-18-vetos-da-prefeitura-ao-plano-diretor-de-sao-luis-e-mantem-texto-original\/#breadcrumb\",\"itemListElement\":[{\"@type\":\"ListItem\",\"position\":1,\"name\":\"In\u00edcio\",\"item\":\"https:\/\/www.blogsoestado.com\/danielmatos\/\"},{\"@type\":\"ListItem\",\"position\":2,\"name\":\"C\u00e2mara derruba 18 vetos da Prefeitura ao Plano Diretor de S\u00e3o Lu\u00eds e mant\u00e9m texto original\"}]},{\"@type\":\"WebSite\",\"@id\":\"https:\/\/www.blogsoestado.com\/danielmatos\/#website\",\"url\":\"https:\/\/www.blogsoestado.com\/danielmatos\/\",\"name\":\"Daniel Matos\",\"description\":\"\",\"potentialAction\":[{\"@type\":\"SearchAction\",\"target\":{\"@type\":\"EntryPoint\",\"urlTemplate\":\"https:\/\/www.blogsoestado.com\/danielmatos\/?s={search_term_string}\"},\"query-input\":{\"@type\":\"PropertyValueSpecification\",\"valueRequired\":true,\"valueName\":\"search_term_string\"}}],\"inLanguage\":\"pt-BR\"}]}<\/script>\n<!-- \/ Yoast SEO plugin. -->","yoast_head_json":{"title":"C\u00e2mara derruba 18 vetos da Prefeitura ao Plano Diretor de S\u00e3o Lu\u00eds e mant\u00e9m texto original - Daniel Matos","robots":{"index":"index","follow":"follow","max-snippet":"max-snippet:-1","max-image-preview":"max-image-preview:large","max-video-preview":"max-video-preview:-1"},"canonical":"https:\/\/www.blogsoestado.com\/danielmatos\/camara-derruba-18-vetos-da-prefeitura-ao-plano-diretor-de-sao-luis-e-mantem-texto-original\/","og_locale":"pt_BR","og_type":"article","og_title":"C\u00e2mara derruba 18 vetos da Prefeitura ao Plano Diretor de S\u00e3o Lu\u00eds e mant\u00e9m texto original - Daniel Matos","og_description":"Com o restabelecimento dos artigos que haviam sido vetados pelo prefeito Eduardo Braide, o texto do novo Plano Diretor ser\u00e1 [&hellip;]","og_url":"https:\/\/www.blogsoestado.com\/danielmatos\/camara-derruba-18-vetos-da-prefeitura-ao-plano-diretor-de-sao-luis-e-mantem-texto-original\/","og_site_name":"Daniel Matos","article_published_time":"2023-04-25T17:55:32+00:00","og_image":[{"url":"https:\/\/www.blogsoestado.com\/danielmatos\/files\/2023\/04\/Screenshot_20230425-1516182.png","type":"","width":"","height":""}],"twitter_card":"summary_large_image","twitter_misc":{"Est. tempo de leitura":"3 minutos"},"schema":{"@context":"https:\/\/schema.org","@graph":[{"@type":"WebPage","@id":"https:\/\/www.blogsoestado.com\/danielmatos\/camara-derruba-18-vetos-da-prefeitura-ao-plano-diretor-de-sao-luis-e-mantem-texto-original\/","url":"https:\/\/www.blogsoestado.com\/danielmatos\/camara-derruba-18-vetos-da-prefeitura-ao-plano-diretor-de-sao-luis-e-mantem-texto-original\/","name":"C\u00e2mara derruba 18 vetos da Prefeitura ao Plano Diretor de S\u00e3o Lu\u00eds e mant\u00e9m texto original - Daniel Matos","isPartOf":{"@id":"https:\/\/www.blogsoestado.com\/danielmatos\/#website"},"primaryImageOfPage":{"@id":"https:\/\/www.blogsoestado.com\/danielmatos\/camara-derruba-18-vetos-da-prefeitura-ao-plano-diretor-de-sao-luis-e-mantem-texto-original\/#primaryimage"},"image":{"@id":"https:\/\/www.blogsoestado.com\/danielmatos\/camara-derruba-18-vetos-da-prefeitura-ao-plano-diretor-de-sao-luis-e-mantem-texto-original\/#primaryimage"},"thumbnailUrl":"https:\/\/www.blogsoestado.com\/danielmatos\/files\/2023\/04\/Screenshot_20230425-1516182.png","datePublished":"2023-04-25T17:55:32+00:00","author":{"@id":""},"breadcrumb":{"@id":"https:\/\/www.blogsoestado.com\/danielmatos\/camara-derruba-18-vetos-da-prefeitura-ao-plano-diretor-de-sao-luis-e-mantem-texto-original\/#breadcrumb"},"inLanguage":"pt-BR","potentialAction":[{"@type":"ReadAction","target":["https:\/\/www.blogsoestado.com\/danielmatos\/camara-derruba-18-vetos-da-prefeitura-ao-plano-diretor-de-sao-luis-e-mantem-texto-original\/"]}]},{"@type":"ImageObject","inLanguage":"pt-BR","@id":"https:\/\/www.blogsoestado.com\/danielmatos\/camara-derruba-18-vetos-da-prefeitura-ao-plano-diretor-de-sao-luis-e-mantem-texto-original\/#primaryimage","url":"https:\/\/www.blogsoestado.com\/danielmatos\/files\/2023\/04\/Screenshot_20230425-1516182.png","contentUrl":"https:\/\/www.blogsoestado.com\/danielmatos\/files\/2023\/04\/Screenshot_20230425-1516182.png"},{"@type":"BreadcrumbList","@id":"https:\/\/www.blogsoestado.com\/danielmatos\/camara-derruba-18-vetos-da-prefeitura-ao-plano-diretor-de-sao-luis-e-mantem-texto-original\/#breadcrumb","itemListElement":[{"@type":"ListItem","position":1,"name":"In\u00edcio","item":"https:\/\/www.blogsoestado.com\/danielmatos\/"},{"@type":"ListItem","position":2,"name":"C\u00e2mara derruba 18 vetos da Prefeitura ao Plano Diretor de S\u00e3o Lu\u00eds e mant\u00e9m texto original"}]},{"@type":"WebSite","@id":"https:\/\/www.blogsoestado.com\/danielmatos\/#website","url":"https:\/\/www.blogsoestado.com\/danielmatos\/","name":"Daniel Matos","description":"","potentialAction":[{"@type":"SearchAction","target":{"@type":"EntryPoint","urlTemplate":"https:\/\/www.blogsoestado.com\/danielmatos\/?s={search_term_string}"},"query-input":{"@type":"PropertyValueSpecification","valueRequired":true,"valueName":"search_term_string"}}],"inLanguage":"pt-BR"}]}},"jetpack_featured_media_url":"","_links":{"self":[{"href":"https:\/\/www.blogsoestado.com\/danielmatos\/wp-json\/wp\/v2\/posts\/108761","targetHints":{"allow":["GET"]}}],"collection":[{"href":"https:\/\/www.blogsoestado.com\/danielmatos\/wp-json\/wp\/v2\/posts"}],"about":[{"href":"https:\/\/www.blogsoestado.com\/danielmatos\/wp-json\/wp\/v2\/types\/post"}],"replies":[{"embeddable":true,"href":"https:\/\/www.blogsoestado.com\/danielmatos\/wp-json\/wp\/v2\/comments?post=108761"}],"version-history":[{"count":0,"href":"https:\/\/www.blogsoestado.com\/danielmatos\/wp-json\/wp\/v2\/posts\/108761\/revisions"}],"wp:attachment":[{"href":"https:\/\/www.blogsoestado.com\/danielmatos\/wp-json\/wp\/v2\/media?parent=108761"}],"wp:term":[{"taxonomy":"category","embeddable":true,"href":"https:\/\/www.blogsoestado.com\/danielmatos\/wp-json\/wp\/v2\/categories?post=108761"},{"taxonomy":"post_tag","embeddable":true,"href":"https:\/\/www.blogsoestado.com\/danielmatos\/wp-json\/wp\/v2\/tags?post=108761"}],"curies":[{"name":"wp","href":"https:\/\/api.w.org\/{rel}","templated":true}]}}