{"id":108771,"date":"2023-04-25T15:37:35","date_gmt":"2023-04-25T18:37:35","guid":{"rendered":"https:\/\/www.blogsoestado.com\/danielmatos\/?p=108771"},"modified":"2023-04-25T15:37:35","modified_gmt":"2023-04-25T18:37:35","slug":"em-meio-a-greve-novo-secretario-de-transito-e-transporte-sera-ouvido-na-camara-na-proxima-sexta-feira-28","status":"publish","type":"post","link":"https:\/\/www.blogsoestado.com\/danielmatos\/em-meio-a-greve-novo-secretario-de-transito-e-transporte-sera-ouvido-na-camara-na-proxima-sexta-feira-28\/","title":{"rendered":"Em meio a greve, novo secret\u00e1rio de Tr\u00e2nsito e Transporte ser\u00e1 ouvido na C\u00e2mara na pr\u00f3xima sexta-feira (28)"},"content":{"rendered":"\n<p><em><strong><span class=\"has-inline-color has-vivid-red-color\">Vereador \u00c1lvaro Pires (PMN) cobra explica\u00e7\u00f5es sobre auditoria realizada pela empresa Planum<\/span><\/strong><\/em><\/p>\n\n\n\n<div class=\"wp-block-image\"><figure class=\"aligncenter size-large\"><a href=\"https:\/\/www.blogsoestado.com\/danielmatos\/files\/2023\/04\/Screenshot_20230425-1534272.png\"><img decoding=\"async\" src=\"https:\/\/www.blogsoestado.com\/danielmatos\/files\/2023\/04\/Screenshot_20230425-1534272.png\" alt=\"\" class=\"wp-image-108772\"\/><\/a><figcaption>O vereador \u00c1lvaro Pires alertou para a possibilidade de uma nova greve dos rodovi\u00e1rios em S\u00e3o Lu\u00eds em discurso na tribuna da Casa \/ Leonardo Mendon\u00e7a<\/figcaption><\/figure><\/div>\n\n\n\n<p id=\"E82\">A C\u00e2mara de S\u00e3o Lu\u00eds encaminhou \u00e0 Secret\u00e1ria de Municipal de Tr\u00e2nsito e Transportes (SMTT) um of\u00edcio, de autoria do vereador \u00c1lvaro Pires (PMN), solicitando a presen\u00e7a do secret\u00e1rio Diego Rodrigues, novo titular da pasta, com o objetivo de prestar esclarecimentos sobre a auditoria do transporte. A sess\u00e3o ser\u00e1 no plen\u00e1rio da casa, na sexta-feira (28), a partir das 9 horas.<\/p>\n\n\n\n<p id=\"E86\">Em pronunciamento na tribuna da Casa na \u00faltima semana, o&nbsp;<a is=\"qowt-hyperlink\" href=\"https:\/\/www.camara.slz.br\/alvaro-pires-pauta-transporte-publico-na-sessao-ordinaria-desta-terca-feira\/\">vereador alertou para a possibilidade de uma nova greve dos rodovi\u00e1rios em S\u00e3o Lu\u00eds<\/a>.<\/p>\n\n\n\n<p id=\"E92\">Segundo o vereador \u00c1lvaro Pires, a Empresa Planum (Planejamento e Consultoria Urbana Ltda.), que ganhou a licita\u00e7\u00e3o para realizar os estudos e auditoria contratados pela Secretaria, n\u00e3o cumpriu o objeto contratado. Vale destacar, que o contrato estabelece a checagem apenas dos dados tarif\u00e1rios, sem considerar as condi\u00e7\u00f5es de presta\u00e7\u00e3o do servi\u00e7o.<\/p>\n\n\n\n<p id=\"E95\">O parlamentar cobra explica\u00e7\u00f5es sobre a auditoria, o que resultou na convoca\u00e7\u00e3o. \u201cBaseado na Lei Org\u00e2nica do Munic\u00edpio e na Lei de Acesso \u00e0 Informa\u00e7\u00e3o n\u00f3s solicitamos, em car\u00e1ter de urg\u00eancia, a apresenta\u00e7\u00e3o dos estudos e relat\u00f3rios da autoria contratada pela SMTT junto \u00e0 Planum\u201d, explica o autor do pedido.<\/p>\n\n\n\n<p id=\"E97\"><strong>Greve \u2013&nbsp;<\/strong>O secret\u00e1rio ser\u00e1 ouvido na semana em que ocorre nova greve do transporte p\u00fablico. Os rodovi\u00e1rios do transporte p\u00fablico iniciaram uma greve nessa ter\u00e7a-feira (25) em S\u00e3o Lu\u00eds. A decis\u00e3o aconteceu ap\u00f3s uma audi\u00eancia de media\u00e7\u00e3o do Minist\u00e9rio P\u00fablico do Trabalho (MPT), realizada nessa segunda (24).<\/p>\n\n\n\n<p id=\"E105\">O SET informou, por meio de nota, que foi acordado um reajuste de 7% nos sal\u00e1rios dos rodovi\u00e1rios entre o \u00f3rg\u00e3o e a Prefeitura de S\u00e3o Lu\u00eds. Por\u00e9m, a Prefeitura n\u00e3o cumpriu o que acordou desde ent\u00e3o.<\/p>\n\n\n\n<p id=\"E108\"><strong>Licita\u00e7\u00e3o<\/strong><\/p>\n\n\n\n<p id=\"E110\">Em 12 de julho de 2022, a SMTT deu in\u00edcio ao processo de licita\u00e7\u00e3o para viabiliza\u00e7\u00e3o do referido estudo, com a publica\u00e7\u00e3o de edital para contrata\u00e7\u00e3o dos servi\u00e7os de auditoria t\u00e9cnica no Sistema de Transporte Coletivo Urbano de S\u00e3o Lu\u00eds. Vale destacar, que o gasto previsto para realiza\u00e7\u00e3o da contrata\u00e7\u00e3o do servi\u00e7o era de R$ 107.500,00.<\/p>\n","protected":false},"excerpt":{"rendered":"<p>Vereador \u00c1lvaro Pires (PMN) cobra explica\u00e7\u00f5es sobre auditoria realizada pela empresa Planum A C\u00e2mara de S\u00e3o Lu\u00eds encaminhou \u00e0 Secret\u00e1ria [&hellip;]<\/p>\n","protected":false},"author":0,"featured_media":0,"comment_status":"open","ping_status":"open","sticky":false,"template":"","format":"standard","meta":{"site-sidebar-layout":"default","site-content-layout":"","ast-site-content-layout":"default","site-content-style":"default","site-sidebar-style":"default","ast-global-header-display":"","ast-banner-title-visibility":"","ast-main-header-display":"","ast-hfb-above-header-display":"","ast-hfb-below-header-display":"","ast-hfb-mobile-header-display":"","site-post-title":"","ast-breadcrumbs-content":"","ast-featured-img":"","footer-sml-layout":"","ast-disable-related-posts":"","theme-transparent-header-meta":"","adv-header-id-meta":"","stick-header-meta":"","header-above-stick-meta":"","header-main-stick-meta":"","header-below-stick-meta":"","astra-migrate-meta-layouts":"default","ast-page-background-enabled":"default","ast-page-background-meta":{"desktop":{"background-color":"var(--ast-global-color-5)","background-image":"","background-repeat":"repeat","background-position":"center center","background-size":"auto","background-attachment":"scroll","background-type":"","background-media":"","overlay-type":"","overlay-color":"","overlay-opacity":"","overlay-gradient":""},"tablet":{"background-color":"","background-image":"","background-repeat":"repeat","background-position":"center center","background-size":"auto","background-attachment":"scroll","background-type":"","background-media":"","overlay-type":"","overlay-color":"","overlay-opacity":"","overlay-gradient":""},"mobile":{"background-color":"","background-image":"","background-repeat":"repeat","background-position":"center center","background-size":"auto","background-attachment":"scroll","background-type":"","background-media":"","overlay-type":"","overlay-color":"","overlay-opacity":"","overlay-gradient":""}},"ast-content-background-meta":{"desktop":{"background-color":"var(--ast-global-color-4)","background-image":"","background-repeat":"repeat","background-position":"center center","background-size":"auto","background-attachment":"scroll","background-type":"","background-media":"","overlay-type":"","overlay-color":"","overlay-opacity":"","overlay-gradient":""},"tablet":{"background-color":"var(--ast-global-color-4)","background-image":"","background-repeat":"repeat","background-position":"center center","background-size":"auto","background-attachment":"scroll","background-type":"","background-media":"","overlay-type":"","overlay-color":"","overlay-opacity":"","overlay-gradient":""},"mobile":{"background-color":"var(--ast-global-color-4)","background-image":"","background-repeat":"repeat","background-position":"center center","background-size":"auto","background-attachment":"scroll","background-type":"","background-media":"","overlay-type":"","overlay-color":"","overlay-opacity":"","overlay-gradient":""}},"footnotes":""},"categories":[1],"tags":[],"class_list":["post-108771","post","type-post","status-publish","format-standard","hentry","category-sem-categoria"],"yoast_head":"<!-- This site is optimized with the Yoast SEO plugin v26.6 - https:\/\/yoast.com\/wordpress\/plugins\/seo\/ -->\n<title>Em meio a greve, novo secret\u00e1rio de Tr\u00e2nsito e Transporte ser\u00e1 ouvido na C\u00e2mara na pr\u00f3xima sexta-feira (28) - Daniel Matos<\/title>\n<meta name=\"robots\" content=\"index, follow, max-snippet:-1, max-image-preview:large, max-video-preview:-1\" \/>\n<link rel=\"canonical\" href=\"https:\/\/www.blogsoestado.com\/danielmatos\/em-meio-a-greve-novo-secretario-de-transito-e-transporte-sera-ouvido-na-camara-na-proxima-sexta-feira-28\/\" \/>\n<meta property=\"og:locale\" content=\"pt_BR\" \/>\n<meta property=\"og:type\" content=\"article\" \/>\n<meta property=\"og:title\" content=\"Em meio a greve, novo secret\u00e1rio de Tr\u00e2nsito e Transporte ser\u00e1 ouvido na C\u00e2mara na pr\u00f3xima sexta-feira (28) - Daniel Matos\" \/>\n<meta property=\"og:description\" content=\"Vereador \u00c1lvaro Pires (PMN) cobra explica\u00e7\u00f5es sobre auditoria realizada pela empresa Planum A C\u00e2mara de S\u00e3o Lu\u00eds encaminhou \u00e0 Secret\u00e1ria [&hellip;]\" \/>\n<meta property=\"og:url\" content=\"https:\/\/www.blogsoestado.com\/danielmatos\/em-meio-a-greve-novo-secretario-de-transito-e-transporte-sera-ouvido-na-camara-na-proxima-sexta-feira-28\/\" \/>\n<meta property=\"og:site_name\" content=\"Daniel Matos\" \/>\n<meta property=\"article:published_time\" content=\"2023-04-25T18:37:35+00:00\" \/>\n<meta property=\"og:image\" content=\"https:\/\/www.blogsoestado.com\/danielmatos\/files\/2023\/04\/Screenshot_20230425-1534272.png\" \/>\n<meta name=\"twitter:card\" content=\"summary_large_image\" \/>\n<meta name=\"twitter:label1\" content=\"Est. tempo de leitura\" \/>\n\t<meta name=\"twitter:data1\" content=\"2 minutos\" \/>\n<script type=\"application\/ld+json\" class=\"yoast-schema-graph\">{\"@context\":\"https:\/\/schema.org\",\"@graph\":[{\"@type\":\"WebPage\",\"@id\":\"https:\/\/www.blogsoestado.com\/danielmatos\/em-meio-a-greve-novo-secretario-de-transito-e-transporte-sera-ouvido-na-camara-na-proxima-sexta-feira-28\/\",\"url\":\"https:\/\/www.blogsoestado.com\/danielmatos\/em-meio-a-greve-novo-secretario-de-transito-e-transporte-sera-ouvido-na-camara-na-proxima-sexta-feira-28\/\",\"name\":\"Em meio a greve, novo secret\u00e1rio de Tr\u00e2nsito e Transporte ser\u00e1 ouvido na C\u00e2mara na pr\u00f3xima sexta-feira (28) - Daniel Matos\",\"isPartOf\":{\"@id\":\"https:\/\/www.blogsoestado.com\/danielmatos\/#website\"},\"primaryImageOfPage\":{\"@id\":\"https:\/\/www.blogsoestado.com\/danielmatos\/em-meio-a-greve-novo-secretario-de-transito-e-transporte-sera-ouvido-na-camara-na-proxima-sexta-feira-28\/#primaryimage\"},\"image\":{\"@id\":\"https:\/\/www.blogsoestado.com\/danielmatos\/em-meio-a-greve-novo-secretario-de-transito-e-transporte-sera-ouvido-na-camara-na-proxima-sexta-feira-28\/#primaryimage\"},\"thumbnailUrl\":\"https:\/\/www.blogsoestado.com\/danielmatos\/files\/2023\/04\/Screenshot_20230425-1534272.png\",\"datePublished\":\"2023-04-25T18:37:35+00:00\",\"author\":{\"@id\":\"\"},\"breadcrumb\":{\"@id\":\"https:\/\/www.blogsoestado.com\/danielmatos\/em-meio-a-greve-novo-secretario-de-transito-e-transporte-sera-ouvido-na-camara-na-proxima-sexta-feira-28\/#breadcrumb\"},\"inLanguage\":\"pt-BR\",\"potentialAction\":[{\"@type\":\"ReadAction\",\"target\":[\"https:\/\/www.blogsoestado.com\/danielmatos\/em-meio-a-greve-novo-secretario-de-transito-e-transporte-sera-ouvido-na-camara-na-proxima-sexta-feira-28\/\"]}]},{\"@type\":\"ImageObject\",\"inLanguage\":\"pt-BR\",\"@id\":\"https:\/\/www.blogsoestado.com\/danielmatos\/em-meio-a-greve-novo-secretario-de-transito-e-transporte-sera-ouvido-na-camara-na-proxima-sexta-feira-28\/#primaryimage\",\"url\":\"https:\/\/www.blogsoestado.com\/danielmatos\/files\/2023\/04\/Screenshot_20230425-1534272.png\",\"contentUrl\":\"https:\/\/www.blogsoestado.com\/danielmatos\/files\/2023\/04\/Screenshot_20230425-1534272.png\"},{\"@type\":\"BreadcrumbList\",\"@id\":\"https:\/\/www.blogsoestado.com\/danielmatos\/em-meio-a-greve-novo-secretario-de-transito-e-transporte-sera-ouvido-na-camara-na-proxima-sexta-feira-28\/#breadcrumb\",\"itemListElement\":[{\"@type\":\"ListItem\",\"position\":1,\"name\":\"In\u00edcio\",\"item\":\"https:\/\/www.blogsoestado.com\/danielmatos\/\"},{\"@type\":\"ListItem\",\"position\":2,\"name\":\"Em meio a greve, novo secret\u00e1rio de Tr\u00e2nsito e Transporte ser\u00e1 ouvido na C\u00e2mara na pr\u00f3xima sexta-feira (28)\"}]},{\"@type\":\"WebSite\",\"@id\":\"https:\/\/www.blogsoestado.com\/danielmatos\/#website\",\"url\":\"https:\/\/www.blogsoestado.com\/danielmatos\/\",\"name\":\"Daniel Matos\",\"description\":\"\",\"potentialAction\":[{\"@type\":\"SearchAction\",\"target\":{\"@type\":\"EntryPoint\",\"urlTemplate\":\"https:\/\/www.blogsoestado.com\/danielmatos\/?s={search_term_string}\"},\"query-input\":{\"@type\":\"PropertyValueSpecification\",\"valueRequired\":true,\"valueName\":\"search_term_string\"}}],\"inLanguage\":\"pt-BR\"}]}<\/script>\n<!-- \/ Yoast SEO plugin. -->","yoast_head_json":{"title":"Em meio a greve, novo secret\u00e1rio de Tr\u00e2nsito e Transporte ser\u00e1 ouvido na C\u00e2mara na pr\u00f3xima sexta-feira (28) - Daniel Matos","robots":{"index":"index","follow":"follow","max-snippet":"max-snippet:-1","max-image-preview":"max-image-preview:large","max-video-preview":"max-video-preview:-1"},"canonical":"https:\/\/www.blogsoestado.com\/danielmatos\/em-meio-a-greve-novo-secretario-de-transito-e-transporte-sera-ouvido-na-camara-na-proxima-sexta-feira-28\/","og_locale":"pt_BR","og_type":"article","og_title":"Em meio a greve, novo secret\u00e1rio de Tr\u00e2nsito e Transporte ser\u00e1 ouvido na C\u00e2mara na pr\u00f3xima sexta-feira (28) - Daniel Matos","og_description":"Vereador \u00c1lvaro Pires (PMN) cobra explica\u00e7\u00f5es sobre auditoria realizada pela empresa Planum A C\u00e2mara de S\u00e3o Lu\u00eds encaminhou \u00e0 Secret\u00e1ria [&hellip;]","og_url":"https:\/\/www.blogsoestado.com\/danielmatos\/em-meio-a-greve-novo-secretario-de-transito-e-transporte-sera-ouvido-na-camara-na-proxima-sexta-feira-28\/","og_site_name":"Daniel Matos","article_published_time":"2023-04-25T18:37:35+00:00","og_image":[{"url":"https:\/\/www.blogsoestado.com\/danielmatos\/files\/2023\/04\/Screenshot_20230425-1534272.png","type":"","width":"","height":""}],"twitter_card":"summary_large_image","twitter_misc":{"Est. tempo de leitura":"2 minutos"},"schema":{"@context":"https:\/\/schema.org","@graph":[{"@type":"WebPage","@id":"https:\/\/www.blogsoestado.com\/danielmatos\/em-meio-a-greve-novo-secretario-de-transito-e-transporte-sera-ouvido-na-camara-na-proxima-sexta-feira-28\/","url":"https:\/\/www.blogsoestado.com\/danielmatos\/em-meio-a-greve-novo-secretario-de-transito-e-transporte-sera-ouvido-na-camara-na-proxima-sexta-feira-28\/","name":"Em meio a greve, novo secret\u00e1rio de Tr\u00e2nsito e Transporte ser\u00e1 ouvido na C\u00e2mara na pr\u00f3xima sexta-feira (28) - Daniel Matos","isPartOf":{"@id":"https:\/\/www.blogsoestado.com\/danielmatos\/#website"},"primaryImageOfPage":{"@id":"https:\/\/www.blogsoestado.com\/danielmatos\/em-meio-a-greve-novo-secretario-de-transito-e-transporte-sera-ouvido-na-camara-na-proxima-sexta-feira-28\/#primaryimage"},"image":{"@id":"https:\/\/www.blogsoestado.com\/danielmatos\/em-meio-a-greve-novo-secretario-de-transito-e-transporte-sera-ouvido-na-camara-na-proxima-sexta-feira-28\/#primaryimage"},"thumbnailUrl":"https:\/\/www.blogsoestado.com\/danielmatos\/files\/2023\/04\/Screenshot_20230425-1534272.png","datePublished":"2023-04-25T18:37:35+00:00","author":{"@id":""},"breadcrumb":{"@id":"https:\/\/www.blogsoestado.com\/danielmatos\/em-meio-a-greve-novo-secretario-de-transito-e-transporte-sera-ouvido-na-camara-na-proxima-sexta-feira-28\/#breadcrumb"},"inLanguage":"pt-BR","potentialAction":[{"@type":"ReadAction","target":["https:\/\/www.blogsoestado.com\/danielmatos\/em-meio-a-greve-novo-secretario-de-transito-e-transporte-sera-ouvido-na-camara-na-proxima-sexta-feira-28\/"]}]},{"@type":"ImageObject","inLanguage":"pt-BR","@id":"https:\/\/www.blogsoestado.com\/danielmatos\/em-meio-a-greve-novo-secretario-de-transito-e-transporte-sera-ouvido-na-camara-na-proxima-sexta-feira-28\/#primaryimage","url":"https:\/\/www.blogsoestado.com\/danielmatos\/files\/2023\/04\/Screenshot_20230425-1534272.png","contentUrl":"https:\/\/www.blogsoestado.com\/danielmatos\/files\/2023\/04\/Screenshot_20230425-1534272.png"},{"@type":"BreadcrumbList","@id":"https:\/\/www.blogsoestado.com\/danielmatos\/em-meio-a-greve-novo-secretario-de-transito-e-transporte-sera-ouvido-na-camara-na-proxima-sexta-feira-28\/#breadcrumb","itemListElement":[{"@type":"ListItem","position":1,"name":"In\u00edcio","item":"https:\/\/www.blogsoestado.com\/danielmatos\/"},{"@type":"ListItem","position":2,"name":"Em meio a greve, novo secret\u00e1rio de Tr\u00e2nsito e Transporte ser\u00e1 ouvido na C\u00e2mara na pr\u00f3xima sexta-feira (28)"}]},{"@type":"WebSite","@id":"https:\/\/www.blogsoestado.com\/danielmatos\/#website","url":"https:\/\/www.blogsoestado.com\/danielmatos\/","name":"Daniel Matos","description":"","potentialAction":[{"@type":"SearchAction","target":{"@type":"EntryPoint","urlTemplate":"https:\/\/www.blogsoestado.com\/danielmatos\/?s={search_term_string}"},"query-input":{"@type":"PropertyValueSpecification","valueRequired":true,"valueName":"search_term_string"}}],"inLanguage":"pt-BR"}]}},"jetpack_featured_media_url":"","_links":{"self":[{"href":"https:\/\/www.blogsoestado.com\/danielmatos\/wp-json\/wp\/v2\/posts\/108771","targetHints":{"allow":["GET"]}}],"collection":[{"href":"https:\/\/www.blogsoestado.com\/danielmatos\/wp-json\/wp\/v2\/posts"}],"about":[{"href":"https:\/\/www.blogsoestado.com\/danielmatos\/wp-json\/wp\/v2\/types\/post"}],"replies":[{"embeddable":true,"href":"https:\/\/www.blogsoestado.com\/danielmatos\/wp-json\/wp\/v2\/comments?post=108771"}],"version-history":[{"count":0,"href":"https:\/\/www.blogsoestado.com\/danielmatos\/wp-json\/wp\/v2\/posts\/108771\/revisions"}],"wp:attachment":[{"href":"https:\/\/www.blogsoestado.com\/danielmatos\/wp-json\/wp\/v2\/media?parent=108771"}],"wp:term":[{"taxonomy":"category","embeddable":true,"href":"https:\/\/www.blogsoestado.com\/danielmatos\/wp-json\/wp\/v2\/categories?post=108771"},{"taxonomy":"post_tag","embeddable":true,"href":"https:\/\/www.blogsoestado.com\/danielmatos\/wp-json\/wp\/v2\/tags?post=108771"}],"curies":[{"name":"wp","href":"https:\/\/api.w.org\/{rel}","templated":true}]}}