{"id":108775,"date":"2023-04-25T17:36:58","date_gmt":"2023-04-25T20:36:58","guid":{"rendered":"https:\/\/www.blogsoestado.com\/danielmatos\/?p=108775"},"modified":"2023-04-25T17:36:58","modified_gmt":"2023-04-25T20:36:58","slug":"imperatriz-recebe-nesta-quarta-feira-26-acoes-da-politica-sobre-drogas","status":"publish","type":"post","link":"https:\/\/www.blogsoestado.com\/danielmatos\/imperatriz-recebe-nesta-quarta-feira-26-acoes-da-politica-sobre-drogas\/","title":{"rendered":"Imperatriz recebe  a\u00e7\u00f5es da Pol\u00edtica sobre Drogas nesta quarta-feira (26)"},"content":{"rendered":"\n<div class=\"wp-block-image\"><figure class=\"aligncenter size-large\"><a href=\"https:\/\/www.blogsoestado.com\/danielmatos\/files\/2023\/04\/Screenshot_20230425-1740452.png\"><img decoding=\"async\" src=\"https:\/\/www.blogsoestado.com\/danielmatos\/files\/2023\/04\/Screenshot_20230425-1740452.png\" alt=\"\" class=\"wp-image-108778\"\/><\/a><\/figure><\/div>\n\n\n\n<p>A cidade de Imperatriz vai sediar, nesta quarta-feira (26), duas importantes programa\u00e7\u00f5es relacionadas \u00e0s pol\u00edticas sobre drogas. Pela manh\u00e3 a C\u00e2mara Municipal recebe uma comiss\u00e3o de membros do Conselho Estadual de Pol\u00edticas Sobre Drogas (CEPD) que vai participar da Tribuna Popular, \u00f3rg\u00e3o de participa\u00e7\u00e3o da popula\u00e7\u00e3o dentro da C\u00e2mara, que promove a indica\u00e7\u00e3o de solu\u00e7\u00f5es e problemas e dificuldades da comunidade.&nbsp;<\/p>\n\n\n\n<p>A tarde o CEPD volta a se reunir agora na implementa\u00e7\u00e3o do F\u00d3RUM MUNICIPAL PERMANENTE DE POL\u00cdTICAS SOBRE DROGAS DE IMPERATRIZ &#8211; MARANH\u00c3O, juntamente com a Sociedade Civil Organizada de Imperatriz, o poder executivo, legislativo e judici\u00e1rio municipais, entidades nacionais e representantes pol\u00edticos das esferas municipal, estadual e nacional.<\/p>\n\n\n\n<p>A pauta principal \u00e9 a discuss\u00e3o,&nbsp; e implementa\u00e7\u00e3o do Conselho e do Fundo Municipal de Pol\u00edticas Sobre Drogas (LEI COMPLEMENTAR N\u00ba 001\/2017) que passar\u00e1 por atualiza\u00e7\u00e3o, j\u00e1 que a vigente possui algumas necessidades de mudan\u00e7as, como explica o presidente do CEPD, Erisson Lindoso: \u201cEstivemos ano passado em Imperatriz reunidos com o Minist\u00e9rio P\u00fablico, C\u00e2mara de vereadores e representante da C\u00e2mara Federal para tratar sobre essa necessidade urgente e agora este sonho se torna realidade, tendo alinhados os poderes p\u00fablicos locais\u201d explica Erisson, que j\u00e1 morou na cidade e passou por tratamento na Comunidade Terap\u00eautica Resgate e hoje \u00e9 fundador da Rede Maranhense de Di\u00e1logos Sobre Drogas (REMADD).<\/p>\n\n\n\n<p>As comunidades Terap\u00eauticas est\u00e3o desempenhando importante papel neste processo pois gra\u00e7as ao controle social que estas provocam, que estas a\u00e7\u00f5es est\u00e3o acontecendo, como fala Elisvaldo Gon\u00e7alves, diretor do Instituto Lugar de Ajuda: \u201cH\u00e1 anos lutamos unidos em busca n\u00e3o s\u00f3 de reconhecimento, mas dos direitos adquiridos ao longo do tempo. Conseguimos avan\u00e7ar com a Lei atual no munic\u00edpio, mas por for\u00e7a de necessidades ela precisa ser revista e gra\u00e7as ao apoio do Conselho Estadual de Pol\u00edticas Sobre Drogas e dos poderes municipais, vamos melhorar os indicadores de qualidade em atendimento n\u00e3o s\u00f3 das CTs, mas do servi\u00e7o p\u00fablico de sa\u00fade mental, redu\u00e7\u00e3o de danos, preven\u00e7\u00e3o, seguran\u00e7a p\u00fablica, reinser\u00e7\u00e3o social entre outros\u201d, disse o delegado da Federa\u00e7\u00e3o Nacional de Comunidades Terap\u00eauticas do Brasil (FENACT).<\/p>\n\n\n\n<div class=\"wp-block-image\"><figure class=\"aligncenter size-large\"><a href=\"https:\/\/www.blogsoestado.com\/danielmatos\/files\/2023\/04\/Screenshot_20230425-1740012.png\"><img decoding=\"async\" src=\"https:\/\/www.blogsoestado.com\/danielmatos\/files\/2023\/04\/Screenshot_20230425-1740012.png\" alt=\"\" class=\"wp-image-108779\"\/><\/a><\/figure><\/div>\n\n\n\n<p>O deputado federal Josivaldo JP tamb\u00e9m j\u00e1 confirmou presen\u00e7a assim como est\u00e1 sendo esperada a presen\u00e7a do prefeito Assis Ramos, representantes de igrejas evang\u00e9licas, pastorais Sociais, Matrizes Africanas e demais entidades religiosas, movimentos sociais organizados, popula\u00e7\u00f5es espec\u00edficas minorit\u00e1rias como pessoas em situa\u00e7\u00e3o de rua, ind\u00edgenas, quilombolas, entre outras.<\/p>\n\n\n\n<p>Os dois eventos s\u00e3o abertos ao p\u00fablico e quem quiser saber de mais informa\u00e7\u00f5es \u00e9 s\u00f3 entrar em contato pelo ZAP (99) 9 9191-4716.<\/p>\n\n\n\n<ul class=\"wp-block-list\"><li>26 de abril, manh\u00e3: C\u00e2mara Municipal de Imperatriz, Tribuna Popular, \u00e0s 9y, no Plen\u00e1rio Leo Franklin, da C\u00e2mara de Vereadores localizado na Rua Simpl\u00edcio Moreira, 1185 &#8211; Centro &#8211; Imperatriz &#8211; MA.<\/li><\/ul>\n\n\n\n<ul class=\"wp-block-list\"><li>26 de abril, tarde: F\u00f3rum Municipal Permanente de Pol\u00edticas Sobre Drogas de Imperatriz, a partir das 14 horas, no Audit\u00f3rio da Associa\u00e7\u00e3o Comercial e Industrial de Imperatriz (ACII), Rua Hermes da Fonseca n\u00b0 32, Centro, Imperatriz &#8211; MA.<\/li><\/ul>\n","protected":false},"excerpt":{"rendered":"<p>A cidade de Imperatriz vai sediar, nesta quarta-feira (26), duas importantes programa\u00e7\u00f5es relacionadas \u00e0s pol\u00edticas sobre drogas. Pela manh\u00e3 a [&hellip;]<\/p>\n","protected":false},"author":0,"featured_media":0,"comment_status":"open","ping_status":"open","sticky":false,"template":"","format":"standard","meta":{"site-sidebar-layout":"default","site-content-layout":"","ast-site-content-layout":"default","site-content-style":"default","site-sidebar-style":"default","ast-global-header-display":"","ast-banner-title-visibility":"","ast-main-header-display":"","ast-hfb-above-header-display":"","ast-hfb-below-header-display":"","ast-hfb-mobile-header-display":"","site-post-title":"","ast-breadcrumbs-content":"","ast-featured-img":"","footer-sml-layout":"","ast-disable-related-posts":"","theme-transparent-header-meta":"","adv-header-id-meta":"","stick-header-meta":"","header-above-stick-meta":"","header-main-stick-meta":"","header-below-stick-meta":"","astra-migrate-meta-layouts":"default","ast-page-background-enabled":"default","ast-page-background-meta":{"desktop":{"background-color":"var(--ast-global-color-5)","background-image":"","background-repeat":"repeat","background-position":"center center","background-size":"auto","background-attachment":"scroll","background-type":"","background-media":"","overlay-type":"","overlay-color":"","overlay-opacity":"","overlay-gradient":""},"tablet":{"background-color":"","background-image":"","background-repeat":"repeat","background-position":"center center","background-size":"auto","background-attachment":"scroll","background-type":"","background-media":"","overlay-type":"","overlay-color":"","overlay-opacity":"","overlay-gradient":""},"mobile":{"background-color":"","background-image":"","background-repeat":"repeat","background-position":"center center","background-size":"auto","background-attachment":"scroll","background-type":"","background-media":"","overlay-type":"","overlay-color":"","overlay-opacity":"","overlay-gradient":""}},"ast-content-background-meta":{"desktop":{"background-color":"var(--ast-global-color-4)","background-image":"","background-repeat":"repeat","background-position":"center center","background-size":"auto","background-attachment":"scroll","background-type":"","background-media":"","overlay-type":"","overlay-color":"","overlay-opacity":"","overlay-gradient":""},"tablet":{"background-color":"var(--ast-global-color-4)","background-image":"","background-repeat":"repeat","background-position":"center center","background-size":"auto","background-attachment":"scroll","background-type":"","background-media":"","overlay-type":"","overlay-color":"","overlay-opacity":"","overlay-gradient":""},"mobile":{"background-color":"var(--ast-global-color-4)","background-image":"","background-repeat":"repeat","background-position":"center center","background-size":"auto","background-attachment":"scroll","background-type":"","background-media":"","overlay-type":"","overlay-color":"","overlay-opacity":"","overlay-gradient":""}},"footnotes":""},"categories":[1],"tags":[],"class_list":["post-108775","post","type-post","status-publish","format-standard","hentry","category-sem-categoria"],"yoast_head":"<!-- This site is optimized with the Yoast SEO plugin v26.6 - https:\/\/yoast.com\/wordpress\/plugins\/seo\/ -->\n<title>Imperatriz recebe a\u00e7\u00f5es da Pol\u00edtica sobre Drogas nesta quarta-feira (26) - Daniel Matos<\/title>\n<meta name=\"robots\" content=\"index, follow, max-snippet:-1, max-image-preview:large, max-video-preview:-1\" \/>\n<link rel=\"canonical\" href=\"https:\/\/www.blogsoestado.com\/danielmatos\/imperatriz-recebe-nesta-quarta-feira-26-acoes-da-politica-sobre-drogas\/\" \/>\n<meta property=\"og:locale\" content=\"pt_BR\" \/>\n<meta property=\"og:type\" content=\"article\" \/>\n<meta property=\"og:title\" content=\"Imperatriz recebe a\u00e7\u00f5es da Pol\u00edtica sobre Drogas nesta quarta-feira (26) - Daniel Matos\" \/>\n<meta property=\"og:description\" content=\"A cidade de Imperatriz vai sediar, nesta quarta-feira (26), duas importantes programa\u00e7\u00f5es relacionadas \u00e0s pol\u00edticas sobre drogas. Pela manh\u00e3 a [&hellip;]\" \/>\n<meta property=\"og:url\" content=\"https:\/\/www.blogsoestado.com\/danielmatos\/imperatriz-recebe-nesta-quarta-feira-26-acoes-da-politica-sobre-drogas\/\" \/>\n<meta property=\"og:site_name\" content=\"Daniel Matos\" \/>\n<meta property=\"article:published_time\" content=\"2023-04-25T20:36:58+00:00\" \/>\n<meta property=\"og:image\" content=\"https:\/\/www.blogsoestado.com\/danielmatos\/files\/2023\/04\/Screenshot_20230425-1740452.png\" \/>\n<meta name=\"twitter:card\" content=\"summary_large_image\" \/>\n<meta name=\"twitter:label1\" content=\"Est. tempo de leitura\" \/>\n\t<meta name=\"twitter:data1\" content=\"3 minutos\" \/>\n<script type=\"application\/ld+json\" class=\"yoast-schema-graph\">{\"@context\":\"https:\/\/schema.org\",\"@graph\":[{\"@type\":\"WebPage\",\"@id\":\"https:\/\/www.blogsoestado.com\/danielmatos\/imperatriz-recebe-nesta-quarta-feira-26-acoes-da-politica-sobre-drogas\/\",\"url\":\"https:\/\/www.blogsoestado.com\/danielmatos\/imperatriz-recebe-nesta-quarta-feira-26-acoes-da-politica-sobre-drogas\/\",\"name\":\"Imperatriz recebe a\u00e7\u00f5es da Pol\u00edtica sobre Drogas nesta quarta-feira (26) - Daniel Matos\",\"isPartOf\":{\"@id\":\"https:\/\/www.blogsoestado.com\/danielmatos\/#website\"},\"primaryImageOfPage\":{\"@id\":\"https:\/\/www.blogsoestado.com\/danielmatos\/imperatriz-recebe-nesta-quarta-feira-26-acoes-da-politica-sobre-drogas\/#primaryimage\"},\"image\":{\"@id\":\"https:\/\/www.blogsoestado.com\/danielmatos\/imperatriz-recebe-nesta-quarta-feira-26-acoes-da-politica-sobre-drogas\/#primaryimage\"},\"thumbnailUrl\":\"https:\/\/www.blogsoestado.com\/danielmatos\/files\/2023\/04\/Screenshot_20230425-1740452.png\",\"datePublished\":\"2023-04-25T20:36:58+00:00\",\"author\":{\"@id\":\"\"},\"breadcrumb\":{\"@id\":\"https:\/\/www.blogsoestado.com\/danielmatos\/imperatriz-recebe-nesta-quarta-feira-26-acoes-da-politica-sobre-drogas\/#breadcrumb\"},\"inLanguage\":\"pt-BR\",\"potentialAction\":[{\"@type\":\"ReadAction\",\"target\":[\"https:\/\/www.blogsoestado.com\/danielmatos\/imperatriz-recebe-nesta-quarta-feira-26-acoes-da-politica-sobre-drogas\/\"]}]},{\"@type\":\"ImageObject\",\"inLanguage\":\"pt-BR\",\"@id\":\"https:\/\/www.blogsoestado.com\/danielmatos\/imperatriz-recebe-nesta-quarta-feira-26-acoes-da-politica-sobre-drogas\/#primaryimage\",\"url\":\"https:\/\/www.blogsoestado.com\/danielmatos\/files\/2023\/04\/Screenshot_20230425-1740452.png\",\"contentUrl\":\"https:\/\/www.blogsoestado.com\/danielmatos\/files\/2023\/04\/Screenshot_20230425-1740452.png\"},{\"@type\":\"BreadcrumbList\",\"@id\":\"https:\/\/www.blogsoestado.com\/danielmatos\/imperatriz-recebe-nesta-quarta-feira-26-acoes-da-politica-sobre-drogas\/#breadcrumb\",\"itemListElement\":[{\"@type\":\"ListItem\",\"position\":1,\"name\":\"In\u00edcio\",\"item\":\"https:\/\/www.blogsoestado.com\/danielmatos\/\"},{\"@type\":\"ListItem\",\"position\":2,\"name\":\"Imperatriz recebe a\u00e7\u00f5es da Pol\u00edtica sobre Drogas nesta quarta-feira (26)\"}]},{\"@type\":\"WebSite\",\"@id\":\"https:\/\/www.blogsoestado.com\/danielmatos\/#website\",\"url\":\"https:\/\/www.blogsoestado.com\/danielmatos\/\",\"name\":\"Daniel Matos\",\"description\":\"\",\"potentialAction\":[{\"@type\":\"SearchAction\",\"target\":{\"@type\":\"EntryPoint\",\"urlTemplate\":\"https:\/\/www.blogsoestado.com\/danielmatos\/?s={search_term_string}\"},\"query-input\":{\"@type\":\"PropertyValueSpecification\",\"valueRequired\":true,\"valueName\":\"search_term_string\"}}],\"inLanguage\":\"pt-BR\"}]}<\/script>\n<!-- \/ Yoast SEO plugin. -->","yoast_head_json":{"title":"Imperatriz recebe a\u00e7\u00f5es da Pol\u00edtica sobre Drogas nesta quarta-feira (26) - Daniel Matos","robots":{"index":"index","follow":"follow","max-snippet":"max-snippet:-1","max-image-preview":"max-image-preview:large","max-video-preview":"max-video-preview:-1"},"canonical":"https:\/\/www.blogsoestado.com\/danielmatos\/imperatriz-recebe-nesta-quarta-feira-26-acoes-da-politica-sobre-drogas\/","og_locale":"pt_BR","og_type":"article","og_title":"Imperatriz recebe a\u00e7\u00f5es da Pol\u00edtica sobre Drogas nesta quarta-feira (26) - Daniel Matos","og_description":"A cidade de Imperatriz vai sediar, nesta quarta-feira (26), duas importantes programa\u00e7\u00f5es relacionadas \u00e0s pol\u00edticas sobre drogas. Pela manh\u00e3 a [&hellip;]","og_url":"https:\/\/www.blogsoestado.com\/danielmatos\/imperatriz-recebe-nesta-quarta-feira-26-acoes-da-politica-sobre-drogas\/","og_site_name":"Daniel Matos","article_published_time":"2023-04-25T20:36:58+00:00","og_image":[{"url":"https:\/\/www.blogsoestado.com\/danielmatos\/files\/2023\/04\/Screenshot_20230425-1740452.png","type":"","width":"","height":""}],"twitter_card":"summary_large_image","twitter_misc":{"Est. tempo de leitura":"3 minutos"},"schema":{"@context":"https:\/\/schema.org","@graph":[{"@type":"WebPage","@id":"https:\/\/www.blogsoestado.com\/danielmatos\/imperatriz-recebe-nesta-quarta-feira-26-acoes-da-politica-sobre-drogas\/","url":"https:\/\/www.blogsoestado.com\/danielmatos\/imperatriz-recebe-nesta-quarta-feira-26-acoes-da-politica-sobre-drogas\/","name":"Imperatriz recebe a\u00e7\u00f5es da Pol\u00edtica sobre Drogas nesta quarta-feira (26) - Daniel Matos","isPartOf":{"@id":"https:\/\/www.blogsoestado.com\/danielmatos\/#website"},"primaryImageOfPage":{"@id":"https:\/\/www.blogsoestado.com\/danielmatos\/imperatriz-recebe-nesta-quarta-feira-26-acoes-da-politica-sobre-drogas\/#primaryimage"},"image":{"@id":"https:\/\/www.blogsoestado.com\/danielmatos\/imperatriz-recebe-nesta-quarta-feira-26-acoes-da-politica-sobre-drogas\/#primaryimage"},"thumbnailUrl":"https:\/\/www.blogsoestado.com\/danielmatos\/files\/2023\/04\/Screenshot_20230425-1740452.png","datePublished":"2023-04-25T20:36:58+00:00","author":{"@id":""},"breadcrumb":{"@id":"https:\/\/www.blogsoestado.com\/danielmatos\/imperatriz-recebe-nesta-quarta-feira-26-acoes-da-politica-sobre-drogas\/#breadcrumb"},"inLanguage":"pt-BR","potentialAction":[{"@type":"ReadAction","target":["https:\/\/www.blogsoestado.com\/danielmatos\/imperatriz-recebe-nesta-quarta-feira-26-acoes-da-politica-sobre-drogas\/"]}]},{"@type":"ImageObject","inLanguage":"pt-BR","@id":"https:\/\/www.blogsoestado.com\/danielmatos\/imperatriz-recebe-nesta-quarta-feira-26-acoes-da-politica-sobre-drogas\/#primaryimage","url":"https:\/\/www.blogsoestado.com\/danielmatos\/files\/2023\/04\/Screenshot_20230425-1740452.png","contentUrl":"https:\/\/www.blogsoestado.com\/danielmatos\/files\/2023\/04\/Screenshot_20230425-1740452.png"},{"@type":"BreadcrumbList","@id":"https:\/\/www.blogsoestado.com\/danielmatos\/imperatriz-recebe-nesta-quarta-feira-26-acoes-da-politica-sobre-drogas\/#breadcrumb","itemListElement":[{"@type":"ListItem","position":1,"name":"In\u00edcio","item":"https:\/\/www.blogsoestado.com\/danielmatos\/"},{"@type":"ListItem","position":2,"name":"Imperatriz recebe a\u00e7\u00f5es da Pol\u00edtica sobre Drogas nesta quarta-feira (26)"}]},{"@type":"WebSite","@id":"https:\/\/www.blogsoestado.com\/danielmatos\/#website","url":"https:\/\/www.blogsoestado.com\/danielmatos\/","name":"Daniel Matos","description":"","potentialAction":[{"@type":"SearchAction","target":{"@type":"EntryPoint","urlTemplate":"https:\/\/www.blogsoestado.com\/danielmatos\/?s={search_term_string}"},"query-input":{"@type":"PropertyValueSpecification","valueRequired":true,"valueName":"search_term_string"}}],"inLanguage":"pt-BR"}]}},"jetpack_featured_media_url":"","_links":{"self":[{"href":"https:\/\/www.blogsoestado.com\/danielmatos\/wp-json\/wp\/v2\/posts\/108775","targetHints":{"allow":["GET"]}}],"collection":[{"href":"https:\/\/www.blogsoestado.com\/danielmatos\/wp-json\/wp\/v2\/posts"}],"about":[{"href":"https:\/\/www.blogsoestado.com\/danielmatos\/wp-json\/wp\/v2\/types\/post"}],"replies":[{"embeddable":true,"href":"https:\/\/www.blogsoestado.com\/danielmatos\/wp-json\/wp\/v2\/comments?post=108775"}],"version-history":[{"count":0,"href":"https:\/\/www.blogsoestado.com\/danielmatos\/wp-json\/wp\/v2\/posts\/108775\/revisions"}],"wp:attachment":[{"href":"https:\/\/www.blogsoestado.com\/danielmatos\/wp-json\/wp\/v2\/media?parent=108775"}],"wp:term":[{"taxonomy":"category","embeddable":true,"href":"https:\/\/www.blogsoestado.com\/danielmatos\/wp-json\/wp\/v2\/categories?post=108775"},{"taxonomy":"post_tag","embeddable":true,"href":"https:\/\/www.blogsoestado.com\/danielmatos\/wp-json\/wp\/v2\/tags?post=108775"}],"curies":[{"name":"wp","href":"https:\/\/api.w.org\/{rel}","templated":true}]}}