{"id":108782,"date":"2023-04-25T19:15:15","date_gmt":"2023-04-25T22:15:15","guid":{"rendered":"https:\/\/www.blogsoestado.com\/danielmatos\/?p=108782"},"modified":"2023-04-25T19:15:15","modified_gmt":"2023-04-25T22:15:15","slug":"dr-gutemberg-presta-homenagem-a-celebre-pesquisadora-zelinda-machado","status":"publish","type":"post","link":"https:\/\/www.blogsoestado.com\/danielmatos\/dr-gutemberg-presta-homenagem-a-celebre-pesquisadora-zelinda-machado\/","title":{"rendered":"Dr. Gutemberg presta homenagem \u00e0 c\u00e9lebre  pesquisadora Zelinda Machado"},"content":{"rendered":"\n<div class=\"wp-block-image\"><figure class=\"aligncenter size-large\"><a href=\"https:\/\/www.blogsoestado.com\/danielmatos\/files\/2023\/04\/Screenshot_20230425-1905562.png\"><img decoding=\"async\" src=\"https:\/\/www.blogsoestado.com\/danielmatos\/files\/2023\/04\/Screenshot_20230425-1905562.png\" alt=\"\" class=\"wp-image-108783\"\/><\/a><figcaption>A folclorista e pesquisadora Zelinda Lima exibe certificado ao lado do presidente da C\u00e2mara Municipal de S\u00e3o Lu\u00eds, Francisco Chaguinhas, do vereador Dr  Gutemberg Ara\u00fajo, autor da homenagem, da vice-prefeita, Esm\u00eania Miranda, e de um dos filhos<\/figcaption><\/figure><\/div>\n\n\n\n<p>O m\u00e9dico e vereador, Dr. Gutemberg, prestou uma grande homenagem, com mo\u00e7\u00e3o de aplausos e congratula\u00e7\u00f5es,<br \/>\u00e0 folclorista e pesquisadora Zelinda Machado de Castro e Lima.<\/p>\n\n\n\n<p>A homenagem foi realizada na Sala Vip da C\u00e2mara Municipal e contou com a presen\u00e7a de vereadores e demais autoridades. O evento contou ainda com uma apresenta\u00e7\u00e3o cultural do Boi de Maracan\u00e3.<\/p>\n\n\n\n<p>Dr. Gutemberg destacou que a homenagem \u00e9 um reconhecimento \u00e0 contribui\u00e7\u00e3o que a pesquisadora Zelinda prestou para consolidar a cultura popular maranhense.<\/p>\n\n\n\n<p>&#8220;\u00c9 com grande orgulho que concedo essa mo\u00e7\u00e3o \u00e0 folclorista e grande pesquisadora Zelinda. A sua incans\u00e1vel dedica\u00e7\u00e3o \u00e0 preserva\u00e7\u00e3o e valoriza\u00e7\u00e3o da cultura popular maranhense \u00e9 exemplo para todos. Sua pesquisa e trabalho \u00e1rduo s\u00e3o verdadeiros tesouros para nossa comunidade. Essa \u00e9 uma pequena demonstra\u00e7\u00e3o de gratid\u00e3o por sua contribui\u00e7\u00e3o valiosa para a nossa sociedade&#8221;, disse Dr. Gutemberg.<\/p>\n\n\n\n<p>A homenageada, que ficou muito emocionada com o reconhecimento de seu trabalho, agradeceu o momento especial.<\/p>\n\n\n\n<p>\u201cEu agrade\u00e7o ao Dr. Gutemberg e a todos os vereadores que passaram por esta Casa por lembrar de uma pessoa t\u00e3o idosa, mas que ainda consegue fazer alguma coisa\u201d, disse Zelinda Machado.<\/p>\n\n\n\n<p>A vice-prefeita da capital, Esm\u00eania Miranda, que participou do evento, falou sobre o trabalho de Zelinda Castro e de sua representatividade para a cultura do Maranh\u00e3o e para todas as mulheres.<\/p>\n\n\n\n<p>\u201cN\u00f3s mulheres temos muitos espa\u00e7os para ocupar e Dona Zelinda, com a sua hist\u00f3ria, nos d\u00e1 esse exemplo, de que n\u00e3o devemos ficar em nossas bolhas e devemos ir muito al\u00e9m. Eu agrade\u00e7o por participar deste momento e poder falar mais uma vez sobre Dona Zelinda e sobre todo o material de pesquisa que ela deixou, de toda a sua obra, que tem a cara de nosso Maranh\u00e3o\u201d, disse Esm\u00eania Miranda.<\/p>\n\n\n\n<p><strong>Dona Zelinda &#8211; trajet\u00f3ria<\/strong><\/p>\n\n\n\n<p>Em sua carreira profissional, Zelinda Castro esteve \u00e0 frente de \u00f3rg\u00e3os p\u00fablicos que fomentam a cultura. Foi secret\u00e1ria adjunta de Cultura do Estado, fundou e presidiu a Empresa Maranhense de Turismo (Maratur), onde foi diretora do Centro de Criatividade Odylo Costa Filho, da Casa de Cultura Popular Domingos Vieira Filho e coordenou o Fundo Rotativo do Artesanato do Maranh\u00e3o.<\/p>\n\n\n\n<p>A cultura popular tamb\u00e9m est\u00e1 presente em todos os seus livros e foi a homenageada que promoveu a primeira apresenta\u00e7\u00e3o de um Bumba Meu Boi dentro do Pal\u00e1cio dos Le\u00f5es.<\/p>\n","protected":false},"excerpt":{"rendered":"<p>O m\u00e9dico e vereador, Dr. Gutemberg, prestou uma grande homenagem, com mo\u00e7\u00e3o de aplausos e congratula\u00e7\u00f5es,\u00e0 folclorista e pesquisadora Zelinda [&hellip;]<\/p>\n","protected":false},"author":0,"featured_media":0,"comment_status":"open","ping_status":"open","sticky":false,"template":"","format":"standard","meta":{"site-sidebar-layout":"default","site-content-layout":"","ast-site-content-layout":"default","site-content-style":"default","site-sidebar-style":"default","ast-global-header-display":"","ast-banner-title-visibility":"","ast-main-header-display":"","ast-hfb-above-header-display":"","ast-hfb-below-header-display":"","ast-hfb-mobile-header-display":"","site-post-title":"","ast-breadcrumbs-content":"","ast-featured-img":"","footer-sml-layout":"","ast-disable-related-posts":"","theme-transparent-header-meta":"","adv-header-id-meta":"","stick-header-meta":"","header-above-stick-meta":"","header-main-stick-meta":"","header-below-stick-meta":"","astra-migrate-meta-layouts":"default","ast-page-background-enabled":"default","ast-page-background-meta":{"desktop":{"background-color":"var(--ast-global-color-5)","background-image":"","background-repeat":"repeat","background-position":"center center","background-size":"auto","background-attachment":"scroll","background-type":"","background-media":"","overlay-type":"","overlay-color":"","overlay-opacity":"","overlay-gradient":""},"tablet":{"background-color":"","background-image":"","background-repeat":"repeat","background-position":"center center","background-size":"auto","background-attachment":"scroll","background-type":"","background-media":"","overlay-type":"","overlay-color":"","overlay-opacity":"","overlay-gradient":""},"mobile":{"background-color":"","background-image":"","background-repeat":"repeat","background-position":"center center","background-size":"auto","background-attachment":"scroll","background-type":"","background-media":"","overlay-type":"","overlay-color":"","overlay-opacity":"","overlay-gradient":""}},"ast-content-background-meta":{"desktop":{"background-color":"var(--ast-global-color-4)","background-image":"","background-repeat":"repeat","background-position":"center center","background-size":"auto","background-attachment":"scroll","background-type":"","background-media":"","overlay-type":"","overlay-color":"","overlay-opacity":"","overlay-gradient":""},"tablet":{"background-color":"var(--ast-global-color-4)","background-image":"","background-repeat":"repeat","background-position":"center center","background-size":"auto","background-attachment":"scroll","background-type":"","background-media":"","overlay-type":"","overlay-color":"","overlay-opacity":"","overlay-gradient":""},"mobile":{"background-color":"var(--ast-global-color-4)","background-image":"","background-repeat":"repeat","background-position":"center center","background-size":"auto","background-attachment":"scroll","background-type":"","background-media":"","overlay-type":"","overlay-color":"","overlay-opacity":"","overlay-gradient":""}},"footnotes":""},"categories":[1],"tags":[],"class_list":["post-108782","post","type-post","status-publish","format-standard","hentry","category-sem-categoria"],"yoast_head":"<!-- This site is optimized with the Yoast SEO plugin v26.6 - https:\/\/yoast.com\/wordpress\/plugins\/seo\/ -->\n<title>Dr. Gutemberg presta homenagem \u00e0 c\u00e9lebre pesquisadora Zelinda Machado - Daniel Matos<\/title>\n<meta name=\"robots\" content=\"index, follow, max-snippet:-1, max-image-preview:large, max-video-preview:-1\" \/>\n<link rel=\"canonical\" href=\"https:\/\/www.blogsoestado.com\/danielmatos\/dr-gutemberg-presta-homenagem-a-celebre-pesquisadora-zelinda-machado\/\" \/>\n<meta property=\"og:locale\" content=\"pt_BR\" \/>\n<meta property=\"og:type\" content=\"article\" \/>\n<meta property=\"og:title\" content=\"Dr. Gutemberg presta homenagem \u00e0 c\u00e9lebre pesquisadora Zelinda Machado - Daniel Matos\" \/>\n<meta property=\"og:description\" content=\"O m\u00e9dico e vereador, Dr. Gutemberg, prestou uma grande homenagem, com mo\u00e7\u00e3o de aplausos e congratula\u00e7\u00f5es,\u00e0 folclorista e pesquisadora Zelinda [&hellip;]\" \/>\n<meta property=\"og:url\" content=\"https:\/\/www.blogsoestado.com\/danielmatos\/dr-gutemberg-presta-homenagem-a-celebre-pesquisadora-zelinda-machado\/\" \/>\n<meta property=\"og:site_name\" content=\"Daniel Matos\" \/>\n<meta property=\"article:published_time\" content=\"2023-04-25T22:15:15+00:00\" \/>\n<meta property=\"og:image\" content=\"https:\/\/www.blogsoestado.com\/danielmatos\/files\/2023\/04\/Screenshot_20230425-1905562.png\" \/>\n<meta name=\"twitter:card\" content=\"summary_large_image\" \/>\n<meta name=\"twitter:label1\" content=\"Est. tempo de leitura\" \/>\n\t<meta name=\"twitter:data1\" content=\"3 minutos\" \/>\n<script type=\"application\/ld+json\" class=\"yoast-schema-graph\">{\"@context\":\"https:\/\/schema.org\",\"@graph\":[{\"@type\":\"WebPage\",\"@id\":\"https:\/\/www.blogsoestado.com\/danielmatos\/dr-gutemberg-presta-homenagem-a-celebre-pesquisadora-zelinda-machado\/\",\"url\":\"https:\/\/www.blogsoestado.com\/danielmatos\/dr-gutemberg-presta-homenagem-a-celebre-pesquisadora-zelinda-machado\/\",\"name\":\"Dr. Gutemberg presta homenagem \u00e0 c\u00e9lebre pesquisadora Zelinda Machado - Daniel Matos\",\"isPartOf\":{\"@id\":\"https:\/\/www.blogsoestado.com\/danielmatos\/#website\"},\"primaryImageOfPage\":{\"@id\":\"https:\/\/www.blogsoestado.com\/danielmatos\/dr-gutemberg-presta-homenagem-a-celebre-pesquisadora-zelinda-machado\/#primaryimage\"},\"image\":{\"@id\":\"https:\/\/www.blogsoestado.com\/danielmatos\/dr-gutemberg-presta-homenagem-a-celebre-pesquisadora-zelinda-machado\/#primaryimage\"},\"thumbnailUrl\":\"https:\/\/www.blogsoestado.com\/danielmatos\/files\/2023\/04\/Screenshot_20230425-1905562.png\",\"datePublished\":\"2023-04-25T22:15:15+00:00\",\"author\":{\"@id\":\"\"},\"breadcrumb\":{\"@id\":\"https:\/\/www.blogsoestado.com\/danielmatos\/dr-gutemberg-presta-homenagem-a-celebre-pesquisadora-zelinda-machado\/#breadcrumb\"},\"inLanguage\":\"pt-BR\",\"potentialAction\":[{\"@type\":\"ReadAction\",\"target\":[\"https:\/\/www.blogsoestado.com\/danielmatos\/dr-gutemberg-presta-homenagem-a-celebre-pesquisadora-zelinda-machado\/\"]}]},{\"@type\":\"ImageObject\",\"inLanguage\":\"pt-BR\",\"@id\":\"https:\/\/www.blogsoestado.com\/danielmatos\/dr-gutemberg-presta-homenagem-a-celebre-pesquisadora-zelinda-machado\/#primaryimage\",\"url\":\"https:\/\/www.blogsoestado.com\/danielmatos\/files\/2023\/04\/Screenshot_20230425-1905562.png\",\"contentUrl\":\"https:\/\/www.blogsoestado.com\/danielmatos\/files\/2023\/04\/Screenshot_20230425-1905562.png\"},{\"@type\":\"BreadcrumbList\",\"@id\":\"https:\/\/www.blogsoestado.com\/danielmatos\/dr-gutemberg-presta-homenagem-a-celebre-pesquisadora-zelinda-machado\/#breadcrumb\",\"itemListElement\":[{\"@type\":\"ListItem\",\"position\":1,\"name\":\"In\u00edcio\",\"item\":\"https:\/\/www.blogsoestado.com\/danielmatos\/\"},{\"@type\":\"ListItem\",\"position\":2,\"name\":\"Dr. Gutemberg presta homenagem \u00e0 c\u00e9lebre pesquisadora Zelinda Machado\"}]},{\"@type\":\"WebSite\",\"@id\":\"https:\/\/www.blogsoestado.com\/danielmatos\/#website\",\"url\":\"https:\/\/www.blogsoestado.com\/danielmatos\/\",\"name\":\"Daniel Matos\",\"description\":\"\",\"potentialAction\":[{\"@type\":\"SearchAction\",\"target\":{\"@type\":\"EntryPoint\",\"urlTemplate\":\"https:\/\/www.blogsoestado.com\/danielmatos\/?s={search_term_string}\"},\"query-input\":{\"@type\":\"PropertyValueSpecification\",\"valueRequired\":true,\"valueName\":\"search_term_string\"}}],\"inLanguage\":\"pt-BR\"}]}<\/script>\n<!-- \/ Yoast SEO plugin. -->","yoast_head_json":{"title":"Dr. Gutemberg presta homenagem \u00e0 c\u00e9lebre pesquisadora Zelinda Machado - Daniel Matos","robots":{"index":"index","follow":"follow","max-snippet":"max-snippet:-1","max-image-preview":"max-image-preview:large","max-video-preview":"max-video-preview:-1"},"canonical":"https:\/\/www.blogsoestado.com\/danielmatos\/dr-gutemberg-presta-homenagem-a-celebre-pesquisadora-zelinda-machado\/","og_locale":"pt_BR","og_type":"article","og_title":"Dr. Gutemberg presta homenagem \u00e0 c\u00e9lebre pesquisadora Zelinda Machado - Daniel Matos","og_description":"O m\u00e9dico e vereador, Dr. Gutemberg, prestou uma grande homenagem, com mo\u00e7\u00e3o de aplausos e congratula\u00e7\u00f5es,\u00e0 folclorista e pesquisadora Zelinda [&hellip;]","og_url":"https:\/\/www.blogsoestado.com\/danielmatos\/dr-gutemberg-presta-homenagem-a-celebre-pesquisadora-zelinda-machado\/","og_site_name":"Daniel Matos","article_published_time":"2023-04-25T22:15:15+00:00","og_image":[{"url":"https:\/\/www.blogsoestado.com\/danielmatos\/files\/2023\/04\/Screenshot_20230425-1905562.png","type":"","width":"","height":""}],"twitter_card":"summary_large_image","twitter_misc":{"Est. tempo de leitura":"3 minutos"},"schema":{"@context":"https:\/\/schema.org","@graph":[{"@type":"WebPage","@id":"https:\/\/www.blogsoestado.com\/danielmatos\/dr-gutemberg-presta-homenagem-a-celebre-pesquisadora-zelinda-machado\/","url":"https:\/\/www.blogsoestado.com\/danielmatos\/dr-gutemberg-presta-homenagem-a-celebre-pesquisadora-zelinda-machado\/","name":"Dr. Gutemberg presta homenagem \u00e0 c\u00e9lebre pesquisadora Zelinda Machado - Daniel Matos","isPartOf":{"@id":"https:\/\/www.blogsoestado.com\/danielmatos\/#website"},"primaryImageOfPage":{"@id":"https:\/\/www.blogsoestado.com\/danielmatos\/dr-gutemberg-presta-homenagem-a-celebre-pesquisadora-zelinda-machado\/#primaryimage"},"image":{"@id":"https:\/\/www.blogsoestado.com\/danielmatos\/dr-gutemberg-presta-homenagem-a-celebre-pesquisadora-zelinda-machado\/#primaryimage"},"thumbnailUrl":"https:\/\/www.blogsoestado.com\/danielmatos\/files\/2023\/04\/Screenshot_20230425-1905562.png","datePublished":"2023-04-25T22:15:15+00:00","author":{"@id":""},"breadcrumb":{"@id":"https:\/\/www.blogsoestado.com\/danielmatos\/dr-gutemberg-presta-homenagem-a-celebre-pesquisadora-zelinda-machado\/#breadcrumb"},"inLanguage":"pt-BR","potentialAction":[{"@type":"ReadAction","target":["https:\/\/www.blogsoestado.com\/danielmatos\/dr-gutemberg-presta-homenagem-a-celebre-pesquisadora-zelinda-machado\/"]}]},{"@type":"ImageObject","inLanguage":"pt-BR","@id":"https:\/\/www.blogsoestado.com\/danielmatos\/dr-gutemberg-presta-homenagem-a-celebre-pesquisadora-zelinda-machado\/#primaryimage","url":"https:\/\/www.blogsoestado.com\/danielmatos\/files\/2023\/04\/Screenshot_20230425-1905562.png","contentUrl":"https:\/\/www.blogsoestado.com\/danielmatos\/files\/2023\/04\/Screenshot_20230425-1905562.png"},{"@type":"BreadcrumbList","@id":"https:\/\/www.blogsoestado.com\/danielmatos\/dr-gutemberg-presta-homenagem-a-celebre-pesquisadora-zelinda-machado\/#breadcrumb","itemListElement":[{"@type":"ListItem","position":1,"name":"In\u00edcio","item":"https:\/\/www.blogsoestado.com\/danielmatos\/"},{"@type":"ListItem","position":2,"name":"Dr. Gutemberg presta homenagem \u00e0 c\u00e9lebre pesquisadora Zelinda Machado"}]},{"@type":"WebSite","@id":"https:\/\/www.blogsoestado.com\/danielmatos\/#website","url":"https:\/\/www.blogsoestado.com\/danielmatos\/","name":"Daniel Matos","description":"","potentialAction":[{"@type":"SearchAction","target":{"@type":"EntryPoint","urlTemplate":"https:\/\/www.blogsoestado.com\/danielmatos\/?s={search_term_string}"},"query-input":{"@type":"PropertyValueSpecification","valueRequired":true,"valueName":"search_term_string"}}],"inLanguage":"pt-BR"}]}},"jetpack_featured_media_url":"","_links":{"self":[{"href":"https:\/\/www.blogsoestado.com\/danielmatos\/wp-json\/wp\/v2\/posts\/108782","targetHints":{"allow":["GET"]}}],"collection":[{"href":"https:\/\/www.blogsoestado.com\/danielmatos\/wp-json\/wp\/v2\/posts"}],"about":[{"href":"https:\/\/www.blogsoestado.com\/danielmatos\/wp-json\/wp\/v2\/types\/post"}],"replies":[{"embeddable":true,"href":"https:\/\/www.blogsoestado.com\/danielmatos\/wp-json\/wp\/v2\/comments?post=108782"}],"version-history":[{"count":0,"href":"https:\/\/www.blogsoestado.com\/danielmatos\/wp-json\/wp\/v2\/posts\/108782\/revisions"}],"wp:attachment":[{"href":"https:\/\/www.blogsoestado.com\/danielmatos\/wp-json\/wp\/v2\/media?parent=108782"}],"wp:term":[{"taxonomy":"category","embeddable":true,"href":"https:\/\/www.blogsoestado.com\/danielmatos\/wp-json\/wp\/v2\/categories?post=108782"},{"taxonomy":"post_tag","embeddable":true,"href":"https:\/\/www.blogsoestado.com\/danielmatos\/wp-json\/wp\/v2\/tags?post=108782"}],"curies":[{"name":"wp","href":"https:\/\/api.w.org\/{rel}","templated":true}]}}