{"id":108798,"date":"2023-04-26T10:00:00","date_gmt":"2023-04-26T13:00:00","guid":{"rendered":"https:\/\/www.blogsoestado.com\/danielmatos\/?p=108798"},"modified":"2023-04-26T10:00:00","modified_gmt":"2023-04-26T13:00:00","slug":"seminario-ciencia-cine-guarnice-recebe-inscricoes-ate-dia-17-de-maio","status":"publish","type":"post","link":"https:\/\/www.blogsoestado.com\/danielmatos\/seminario-ciencia-cine-guarnice-recebe-inscricoes-ate-dia-17-de-maio\/","title":{"rendered":"Semin\u00e1rio &#8220;Ci\u00eancia Cine Guarnic\u00ea&#8221; recebe inscri\u00e7\u00f5es at\u00e9 dia 17 de maio"},"content":{"rendered":"\n<div class=\"wp-block-image\"><figure class=\"aligncenter size-large\"><a href=\"https:\/\/www.blogsoestado.com\/danielmatos\/files\/2023\/04\/Screenshot_20230426-0123502.png\"><img decoding=\"async\" src=\"https:\/\/www.blogsoestado.com\/danielmatos\/files\/2023\/04\/Screenshot_20230426-0123502.png\" alt=\"\" class=\"wp-image-108799\"\/><\/a><\/figure><\/div>\n\n\n\n<p>Entre os dias 13 e 15 de junho, dentro da programa\u00e7\u00e3o do 46\u00ba Festival Guarnic\u00ea de Cinema, ocorrer\u00e1 o III Semin\u00e1rio Ci\u00eancia Cine Guarnic\u00ea As inscri\u00e7\u00f5es, para quem quer apresentar os resultados de suas pesquisas, v\u00e3o at\u00e9 o dia 17 de maio, e devem ser feitas exclusivamente pelo e-mail&nbsp;guarniceciencia@ufma.br. As normas de submiss\u00e3o podem ser lidas <a href=\"(PDF)\" target=\"_blank\" rel=\"noreferrer noopener\">aqui: (PDF)<\/a>.<\/p>\n\n\n\n<p>O tema central deste ano ser\u00e1 \u201cO audiovisual como arte, ind\u00fastria e entretenimento\u201d, em formato h\u00edbrido. Para o professor Marcus Tulio Borowiski Lavarda, do curso de Jornalismo de Imperatriz e um dos organizadores do Semin\u00e1rio, \u201co formato h\u00edbrido amplia a participa\u00e7\u00e3o para todos os pesquisadores brasileiros e latino-americanos que se debru\u00e7am sobre o audiovisual em suas mais diversas formas de cria\u00e7\u00e3o\u201d.<\/p>\n\n\n\n<p>A programa\u00e7\u00e3o do III Semin\u00e1rio Ci\u00eancia Cine Guarnic\u00ea ser\u00e1 assim distribu\u00edda: no turno matutino, ocorrem as palestras de forma presencial, com a forma\u00e7\u00e3o de mesas-redondas nas quais participar\u00e3o especialistas em cinema e audiovisual; j\u00e1 no turno vespertino, ocorrem as apresenta\u00e7\u00f5es dos resumos expandidos, por meio dos Grupos de Trabalho (GTS), momento em que ser\u00e3o apresentados os trabalhos acad\u00eamicos previamente inscritos.<\/p>\n\n\n\n<p>Os resumos expandidos poder\u00e3o ser inscritos em um dos tr\u00eas eixos do Semin\u00e1rio: &#8220;Linguagem Audiovisual: hist\u00f3ria, t\u00e9cnica e arte&#8221;; &#8220;Cr\u00edtica&#8221;; e &#8220;Mem\u00f3ria, Patrim\u00f4nio e Educa\u00e7\u00e3o&#8221;. \u201cOs trabalhos s\u00e3o enviados na forma de resumos expandidos e apresentados em salas de Google Meet, divididas pelos tr\u00eas eixos. Depois do evento, os autores e as autoras receber\u00e3o um convite e poder\u00e3o enviar os artigos completos, que ser\u00e3o publicados na forma de e-book, lan\u00e7ado no Festival do ano que vem\u201d, explica Marcos F\u00e1bio Belo Matos, professor do curso de Jornalismo de Imperatriz e idealizador do evento.<\/p>\n\n\n\n<p><strong>E-books<br \/><\/strong><br \/>Durante o semin\u00e1rio deste ano, ser\u00e3o lan\u00e7ados dois e-books, respectivamente, com os trabalhos dos semin\u00e1rios de 2021 e 2022. \u201cPor causa da pandemia, n\u00e3o pudemos publicar ano passado o livro do primeiro Semin\u00e1rio. Agora, estamos publicando os dois livros, referentes aos dois primeiros Semin\u00e1rios, e nossa meta \u00e9 sempre publicar, no evento do ano, o livro com os trabalhos do ano anterior. As publica\u00e7\u00f5es contam com o selo da Edufma\u201d, esclarece Marcos F\u00e1bio.<\/p>\n\n\n\n<p>O Semin\u00e1rio foi criado por causa da necessidade de se ter, dentro do Festival Guarnic\u00ea de Cinema, uma discuss\u00e3o mais te\u00f3rica sobre as diversas nuances que perpassam a obra audiovisual. \u201cPercebemos que havia uma car\u00eancia de uma discuss\u00e3o mais acad\u00eamica do cinema e, assim que propusemos o Semin\u00e1rio para a Dire\u00e7\u00e3o do Festival, foi prontamente aceito. No primeiro ano, em 2021, tivemos apenas seis trabalhos inscritos. No ano seguinte, j\u00e1 foram 18 trabalhos, o que confirma a car\u00eancia e a urg\u00eancia de um espa\u00e7o acad\u00eamico para se discutir o cinema e as m\u00eddias audiovisuais no pa\u00eds\u201d, finaliza Marcos F\u00e1bio.<\/p>\n\n\n\n<p>O Semin\u00e1rio ocorrer\u00e1, presencialmente, no Teatro Aldo Leite, que fica no Palacete Gentil Braga, da Diretoria de Assuntos Culturais da UFMA, enquanto que os Grupos de Trabalhos ser\u00e3o por meio da plataforma Google Meet.<\/p>\n","protected":false},"excerpt":{"rendered":"<p>Entre os dias 13 e 15 de junho, dentro da programa\u00e7\u00e3o do 46\u00ba Festival Guarnic\u00ea de Cinema, ocorrer\u00e1 o III [&hellip;]<\/p>\n","protected":false},"author":0,"featured_media":0,"comment_status":"open","ping_status":"open","sticky":false,"template":"","format":"standard","meta":{"site-sidebar-layout":"default","site-content-layout":"","ast-site-content-layout":"default","site-content-style":"default","site-sidebar-style":"default","ast-global-header-display":"","ast-banner-title-visibility":"","ast-main-header-display":"","ast-hfb-above-header-display":"","ast-hfb-below-header-display":"","ast-hfb-mobile-header-display":"","site-post-title":"","ast-breadcrumbs-content":"","ast-featured-img":"","footer-sml-layout":"","ast-disable-related-posts":"","theme-transparent-header-meta":"","adv-header-id-meta":"","stick-header-meta":"","header-above-stick-meta":"","header-main-stick-meta":"","header-below-stick-meta":"","astra-migrate-meta-layouts":"default","ast-page-background-enabled":"default","ast-page-background-meta":{"desktop":{"background-color":"var(--ast-global-color-5)","background-image":"","background-repeat":"repeat","background-position":"center center","background-size":"auto","background-attachment":"scroll","background-type":"","background-media":"","overlay-type":"","overlay-color":"","overlay-opacity":"","overlay-gradient":""},"tablet":{"background-color":"","background-image":"","background-repeat":"repeat","background-position":"center center","background-size":"auto","background-attachment":"scroll","background-type":"","background-media":"","overlay-type":"","overlay-color":"","overlay-opacity":"","overlay-gradient":""},"mobile":{"background-color":"","background-image":"","background-repeat":"repeat","background-position":"center center","background-size":"auto","background-attachment":"scroll","background-type":"","background-media":"","overlay-type":"","overlay-color":"","overlay-opacity":"","overlay-gradient":""}},"ast-content-background-meta":{"desktop":{"background-color":"var(--ast-global-color-4)","background-image":"","background-repeat":"repeat","background-position":"center center","background-size":"auto","background-attachment":"scroll","background-type":"","background-media":"","overlay-type":"","overlay-color":"","overlay-opacity":"","overlay-gradient":""},"tablet":{"background-color":"var(--ast-global-color-4)","background-image":"","background-repeat":"repeat","background-position":"center center","background-size":"auto","background-attachment":"scroll","background-type":"","background-media":"","overlay-type":"","overlay-color":"","overlay-opacity":"","overlay-gradient":""},"mobile":{"background-color":"var(--ast-global-color-4)","background-image":"","background-repeat":"repeat","background-position":"center center","background-size":"auto","background-attachment":"scroll","background-type":"","background-media":"","overlay-type":"","overlay-color":"","overlay-opacity":"","overlay-gradient":""}},"footnotes":""},"categories":[1],"tags":[],"class_list":["post-108798","post","type-post","status-publish","format-standard","hentry","category-sem-categoria"],"yoast_head":"<!-- This site is optimized with the Yoast SEO plugin v26.6 - https:\/\/yoast.com\/wordpress\/plugins\/seo\/ -->\n<title>Semin\u00e1rio &quot;Ci\u00eancia Cine Guarnic\u00ea&quot; recebe inscri\u00e7\u00f5es at\u00e9 dia 17 de maio - Daniel Matos<\/title>\n<meta name=\"robots\" content=\"index, follow, max-snippet:-1, max-image-preview:large, max-video-preview:-1\" \/>\n<link rel=\"canonical\" href=\"https:\/\/www.blogsoestado.com\/danielmatos\/seminario-ciencia-cine-guarnice-recebe-inscricoes-ate-dia-17-de-maio\/\" \/>\n<meta property=\"og:locale\" content=\"pt_BR\" \/>\n<meta property=\"og:type\" content=\"article\" \/>\n<meta property=\"og:title\" content=\"Semin\u00e1rio &quot;Ci\u00eancia Cine Guarnic\u00ea&quot; recebe inscri\u00e7\u00f5es at\u00e9 dia 17 de maio - Daniel Matos\" \/>\n<meta property=\"og:description\" content=\"Entre os dias 13 e 15 de junho, dentro da programa\u00e7\u00e3o do 46\u00ba Festival Guarnic\u00ea de Cinema, ocorrer\u00e1 o III [&hellip;]\" \/>\n<meta property=\"og:url\" content=\"https:\/\/www.blogsoestado.com\/danielmatos\/seminario-ciencia-cine-guarnice-recebe-inscricoes-ate-dia-17-de-maio\/\" \/>\n<meta property=\"og:site_name\" content=\"Daniel Matos\" \/>\n<meta property=\"article:published_time\" content=\"2023-04-26T13:00:00+00:00\" \/>\n<meta property=\"og:image\" content=\"https:\/\/www.blogsoestado.com\/danielmatos\/files\/2023\/04\/Screenshot_20230426-0123502.png\" \/>\n<meta name=\"twitter:card\" content=\"summary_large_image\" \/>\n<meta name=\"twitter:label1\" content=\"Est. tempo de leitura\" \/>\n\t<meta name=\"twitter:data1\" content=\"3 minutos\" \/>\n<script type=\"application\/ld+json\" class=\"yoast-schema-graph\">{\"@context\":\"https:\/\/schema.org\",\"@graph\":[{\"@type\":\"WebPage\",\"@id\":\"https:\/\/www.blogsoestado.com\/danielmatos\/seminario-ciencia-cine-guarnice-recebe-inscricoes-ate-dia-17-de-maio\/\",\"url\":\"https:\/\/www.blogsoestado.com\/danielmatos\/seminario-ciencia-cine-guarnice-recebe-inscricoes-ate-dia-17-de-maio\/\",\"name\":\"Semin\u00e1rio \\\"Ci\u00eancia Cine Guarnic\u00ea\\\" recebe inscri\u00e7\u00f5es at\u00e9 dia 17 de maio - Daniel Matos\",\"isPartOf\":{\"@id\":\"https:\/\/www.blogsoestado.com\/danielmatos\/#website\"},\"primaryImageOfPage\":{\"@id\":\"https:\/\/www.blogsoestado.com\/danielmatos\/seminario-ciencia-cine-guarnice-recebe-inscricoes-ate-dia-17-de-maio\/#primaryimage\"},\"image\":{\"@id\":\"https:\/\/www.blogsoestado.com\/danielmatos\/seminario-ciencia-cine-guarnice-recebe-inscricoes-ate-dia-17-de-maio\/#primaryimage\"},\"thumbnailUrl\":\"https:\/\/www.blogsoestado.com\/danielmatos\/files\/2023\/04\/Screenshot_20230426-0123502.png\",\"datePublished\":\"2023-04-26T13:00:00+00:00\",\"author\":{\"@id\":\"\"},\"breadcrumb\":{\"@id\":\"https:\/\/www.blogsoestado.com\/danielmatos\/seminario-ciencia-cine-guarnice-recebe-inscricoes-ate-dia-17-de-maio\/#breadcrumb\"},\"inLanguage\":\"pt-BR\",\"potentialAction\":[{\"@type\":\"ReadAction\",\"target\":[\"https:\/\/www.blogsoestado.com\/danielmatos\/seminario-ciencia-cine-guarnice-recebe-inscricoes-ate-dia-17-de-maio\/\"]}]},{\"@type\":\"ImageObject\",\"inLanguage\":\"pt-BR\",\"@id\":\"https:\/\/www.blogsoestado.com\/danielmatos\/seminario-ciencia-cine-guarnice-recebe-inscricoes-ate-dia-17-de-maio\/#primaryimage\",\"url\":\"https:\/\/www.blogsoestado.com\/danielmatos\/files\/2023\/04\/Screenshot_20230426-0123502.png\",\"contentUrl\":\"https:\/\/www.blogsoestado.com\/danielmatos\/files\/2023\/04\/Screenshot_20230426-0123502.png\"},{\"@type\":\"BreadcrumbList\",\"@id\":\"https:\/\/www.blogsoestado.com\/danielmatos\/seminario-ciencia-cine-guarnice-recebe-inscricoes-ate-dia-17-de-maio\/#breadcrumb\",\"itemListElement\":[{\"@type\":\"ListItem\",\"position\":1,\"name\":\"In\u00edcio\",\"item\":\"https:\/\/www.blogsoestado.com\/danielmatos\/\"},{\"@type\":\"ListItem\",\"position\":2,\"name\":\"Semin\u00e1rio &#8220;Ci\u00eancia Cine Guarnic\u00ea&#8221; recebe inscri\u00e7\u00f5es at\u00e9 dia 17 de maio\"}]},{\"@type\":\"WebSite\",\"@id\":\"https:\/\/www.blogsoestado.com\/danielmatos\/#website\",\"url\":\"https:\/\/www.blogsoestado.com\/danielmatos\/\",\"name\":\"Daniel Matos\",\"description\":\"\",\"potentialAction\":[{\"@type\":\"SearchAction\",\"target\":{\"@type\":\"EntryPoint\",\"urlTemplate\":\"https:\/\/www.blogsoestado.com\/danielmatos\/?s={search_term_string}\"},\"query-input\":{\"@type\":\"PropertyValueSpecification\",\"valueRequired\":true,\"valueName\":\"search_term_string\"}}],\"inLanguage\":\"pt-BR\"}]}<\/script>\n<!-- \/ Yoast SEO plugin. -->","yoast_head_json":{"title":"Semin\u00e1rio \"Ci\u00eancia Cine Guarnic\u00ea\" recebe inscri\u00e7\u00f5es at\u00e9 dia 17 de maio - Daniel Matos","robots":{"index":"index","follow":"follow","max-snippet":"max-snippet:-1","max-image-preview":"max-image-preview:large","max-video-preview":"max-video-preview:-1"},"canonical":"https:\/\/www.blogsoestado.com\/danielmatos\/seminario-ciencia-cine-guarnice-recebe-inscricoes-ate-dia-17-de-maio\/","og_locale":"pt_BR","og_type":"article","og_title":"Semin\u00e1rio \"Ci\u00eancia Cine Guarnic\u00ea\" recebe inscri\u00e7\u00f5es at\u00e9 dia 17 de maio - Daniel Matos","og_description":"Entre os dias 13 e 15 de junho, dentro da programa\u00e7\u00e3o do 46\u00ba Festival Guarnic\u00ea de Cinema, ocorrer\u00e1 o III [&hellip;]","og_url":"https:\/\/www.blogsoestado.com\/danielmatos\/seminario-ciencia-cine-guarnice-recebe-inscricoes-ate-dia-17-de-maio\/","og_site_name":"Daniel Matos","article_published_time":"2023-04-26T13:00:00+00:00","og_image":[{"url":"https:\/\/www.blogsoestado.com\/danielmatos\/files\/2023\/04\/Screenshot_20230426-0123502.png","type":"","width":"","height":""}],"twitter_card":"summary_large_image","twitter_misc":{"Est. tempo de leitura":"3 minutos"},"schema":{"@context":"https:\/\/schema.org","@graph":[{"@type":"WebPage","@id":"https:\/\/www.blogsoestado.com\/danielmatos\/seminario-ciencia-cine-guarnice-recebe-inscricoes-ate-dia-17-de-maio\/","url":"https:\/\/www.blogsoestado.com\/danielmatos\/seminario-ciencia-cine-guarnice-recebe-inscricoes-ate-dia-17-de-maio\/","name":"Semin\u00e1rio \"Ci\u00eancia Cine Guarnic\u00ea\" recebe inscri\u00e7\u00f5es at\u00e9 dia 17 de maio - Daniel Matos","isPartOf":{"@id":"https:\/\/www.blogsoestado.com\/danielmatos\/#website"},"primaryImageOfPage":{"@id":"https:\/\/www.blogsoestado.com\/danielmatos\/seminario-ciencia-cine-guarnice-recebe-inscricoes-ate-dia-17-de-maio\/#primaryimage"},"image":{"@id":"https:\/\/www.blogsoestado.com\/danielmatos\/seminario-ciencia-cine-guarnice-recebe-inscricoes-ate-dia-17-de-maio\/#primaryimage"},"thumbnailUrl":"https:\/\/www.blogsoestado.com\/danielmatos\/files\/2023\/04\/Screenshot_20230426-0123502.png","datePublished":"2023-04-26T13:00:00+00:00","author":{"@id":""},"breadcrumb":{"@id":"https:\/\/www.blogsoestado.com\/danielmatos\/seminario-ciencia-cine-guarnice-recebe-inscricoes-ate-dia-17-de-maio\/#breadcrumb"},"inLanguage":"pt-BR","potentialAction":[{"@type":"ReadAction","target":["https:\/\/www.blogsoestado.com\/danielmatos\/seminario-ciencia-cine-guarnice-recebe-inscricoes-ate-dia-17-de-maio\/"]}]},{"@type":"ImageObject","inLanguage":"pt-BR","@id":"https:\/\/www.blogsoestado.com\/danielmatos\/seminario-ciencia-cine-guarnice-recebe-inscricoes-ate-dia-17-de-maio\/#primaryimage","url":"https:\/\/www.blogsoestado.com\/danielmatos\/files\/2023\/04\/Screenshot_20230426-0123502.png","contentUrl":"https:\/\/www.blogsoestado.com\/danielmatos\/files\/2023\/04\/Screenshot_20230426-0123502.png"},{"@type":"BreadcrumbList","@id":"https:\/\/www.blogsoestado.com\/danielmatos\/seminario-ciencia-cine-guarnice-recebe-inscricoes-ate-dia-17-de-maio\/#breadcrumb","itemListElement":[{"@type":"ListItem","position":1,"name":"In\u00edcio","item":"https:\/\/www.blogsoestado.com\/danielmatos\/"},{"@type":"ListItem","position":2,"name":"Semin\u00e1rio &#8220;Ci\u00eancia Cine Guarnic\u00ea&#8221; recebe inscri\u00e7\u00f5es at\u00e9 dia 17 de maio"}]},{"@type":"WebSite","@id":"https:\/\/www.blogsoestado.com\/danielmatos\/#website","url":"https:\/\/www.blogsoestado.com\/danielmatos\/","name":"Daniel Matos","description":"","potentialAction":[{"@type":"SearchAction","target":{"@type":"EntryPoint","urlTemplate":"https:\/\/www.blogsoestado.com\/danielmatos\/?s={search_term_string}"},"query-input":{"@type":"PropertyValueSpecification","valueRequired":true,"valueName":"search_term_string"}}],"inLanguage":"pt-BR"}]}},"jetpack_featured_media_url":"","_links":{"self":[{"href":"https:\/\/www.blogsoestado.com\/danielmatos\/wp-json\/wp\/v2\/posts\/108798","targetHints":{"allow":["GET"]}}],"collection":[{"href":"https:\/\/www.blogsoestado.com\/danielmatos\/wp-json\/wp\/v2\/posts"}],"about":[{"href":"https:\/\/www.blogsoestado.com\/danielmatos\/wp-json\/wp\/v2\/types\/post"}],"replies":[{"embeddable":true,"href":"https:\/\/www.blogsoestado.com\/danielmatos\/wp-json\/wp\/v2\/comments?post=108798"}],"version-history":[{"count":0,"href":"https:\/\/www.blogsoestado.com\/danielmatos\/wp-json\/wp\/v2\/posts\/108798\/revisions"}],"wp:attachment":[{"href":"https:\/\/www.blogsoestado.com\/danielmatos\/wp-json\/wp\/v2\/media?parent=108798"}],"wp:term":[{"taxonomy":"category","embeddable":true,"href":"https:\/\/www.blogsoestado.com\/danielmatos\/wp-json\/wp\/v2\/categories?post=108798"},{"taxonomy":"post_tag","embeddable":true,"href":"https:\/\/www.blogsoestado.com\/danielmatos\/wp-json\/wp\/v2\/tags?post=108798"}],"curies":[{"name":"wp","href":"https:\/\/api.w.org\/{rel}","templated":true}]}}