{"id":108801,"date":"2023-04-26T06:00:00","date_gmt":"2023-04-26T09:00:00","guid":{"rendered":"https:\/\/www.blogsoestado.com\/danielmatos\/?p=108801"},"modified":"2023-04-26T06:00:00","modified_gmt":"2023-04-26T09:00:00","slug":"juiz-autoriza-revista-em-todas-as-escolas-particulares-de-sao-luis","status":"publish","type":"post","link":"https:\/\/www.blogsoestado.com\/danielmatos\/juiz-autoriza-revista-em-todas-as-escolas-particulares-de-sao-luis\/","title":{"rendered":"Juiz autoriza revista em todas as escolas particulares de S\u00e3o Lu\u00eds"},"content":{"rendered":"\n<div class=\"wp-block-image\"><figure class=\"aligncenter size-large\"><a href=\"https:\/\/www.blogsoestado.com\/danielmatos\/files\/2023\/04\/Screenshot_20230426-0143502.png\"><img decoding=\"async\" src=\"https:\/\/www.blogsoestado.com\/danielmatos\/files\/2023\/04\/Screenshot_20230426-0143502.png\" alt=\"\" class=\"wp-image-108802\"\/><\/a><\/figure><\/div>\n\n\n\n<p>O juiz da 1\u00aa Vara da Inf\u00e2ncia e Juventude de S\u00e3o Lu\u00eds, Jos\u00e9 Am\u00e9rico Abreu Costa, estendeu para todas as escolas da rede privada de S\u00e3o Lu\u00eds a autoriza\u00e7\u00e3o de realizar inspe\u00e7\u00e3o nos materiais de alunos, colaboradores e de todos aqueles que ingressarem no ambiente escolar. A vistoria deve ser feita nos pertences, como bolsas e mochilas, independentemente da utiliza\u00e7\u00e3o de recursos tecnol\u00f3gico.&nbsp;<\/p>\n\n\n\n<p>O prazo vai at\u00e9 o dia 30 de maio deste ano, podendo ser prorrogado. Segundo a decis\u00e3o judicial, em quaisquer hip\u00f3teses, dever\u00e3o as revistas se limitarem aos objetos escolares dos alunos e alunas e materiais de transportes de adultos, salvo as escolas que j\u00e1 dispuserem de detector de metais.<\/p>\n\n\n\n<p>A determina\u00e7\u00e3o judicial \u00e9 resultado de pedido do Sindicato dos Estabelecimentos de Ensino no Estado do Maranh\u00e3o (SINEPE-MA), &nbsp;requerendo que &nbsp;a autoriza\u00e7\u00e3o para inspe\u00e7\u00e3o, concedida ao Col\u00e9gio Literato, &nbsp;fosse estendida \u00e0s demais institui\u00e7\u00f5es de ensino. O juiz j\u00e1 havia concedido ao Literato medida liminar, autorizando a excepcional e tempor\u00e1ria vistoria em bolsas e mochilas dos alunos, at\u00e9 que a escola providencie detectores de metal.<\/p>\n\n\n\n<p>No pedido ajuizado pelo col\u00e9gio, a institui\u00e7\u00e3o de ensino informou que ap\u00f3s o evento do dia 27 de mar\u00e7o de 2023, que vitimou fatalmente uma professora e feriu alunos e outros profissionais em escola localizada na cidade de S\u00e3o Paulo (SP), verificou-se duas ocorr\u00eancias de inscri\u00e7\u00f5es no banheiro do Literato, nos dias 29 e 31 de mar\u00e7o, com alus\u00f5es a um poss\u00edvel massacre que ocorreria no dia 04 de abril. Por conseguinte, a escola pediu que fosse autorizada a realiza\u00e7\u00e3o de vistorias nos pertences dos alunos e colaboradores em geral.&nbsp;<\/p>\n\n\n\n<p>O juiz deferiu os pedidos do SINEPE-MA e da Defensoria P\u00fablica Estadual para atuarem como terceiros interessados na demanda. A a\u00e7\u00e3o tem como requerente o Col\u00e9gio Literato e como requerido o Minist\u00e9rio P\u00fablico Estadual.&nbsp;<\/p>\n\n\n\n<p>Conforme a determina\u00e7\u00e3o judicial, as escolas n\u00e3o est\u00e3o isentas de responsabilidade por eventuais constrangimentos sofridos pelos estudantes e funcion\u00e1rios. Na mesma decis\u00e3o, o magistrado determina que a revista realizada nos pertences de mulheres, crian\u00e7as e adolescentes do sexo feminino dever\u00e1 obrigatoriamente, ser realizada por colaboradoras do sexo feminino. \u201cRessalto que as escolas dever\u00e3o adotar cuidados especiais na revista de materiais de alunos autistas, ou aqueles com restri\u00e7\u00f5es espec\u00edficas\u201d, acrescenta.&nbsp;<\/p>\n\n\n\n<p>Na decis\u00e3o, o juiz &nbsp;ressalta &nbsp;que a Constitui\u00e7\u00e3o Federal de 1988 \u00e9 cristalina ao afirmar a garantia do direito \u00e0 vida a todos os brasileiros e aos estrangeiros residentes do pa\u00eds; e garante, tamb\u00e9m, prote\u00e7\u00e3o a inf\u00e2ncia, a vida e a seguran\u00e7a das crian\u00e7as e adolescentes; que o Estatuto da Crian\u00e7a e do Adolescente &nbsp;(Lei 8.069\/90), &nbsp;regula os direitos e deveres afetos \u00e0 crian\u00e7a e ao adolescente, com a determina\u00e7\u00e3o de que o Poder P\u00fablico garanta, com absoluta prioridade, a efetiva\u00e7\u00e3o destes direitos, notadamente, o direito \u00e0 vida; e que a doutrina especializada posiciona-se no mesmo sentido.<\/p>\n\n\n\n<p>\u201c\u00c9 evidente a excepcionalidade da conjuntura ora apresentada, qual seja, a situa\u00e7\u00e3o de viol\u00eancia nas escolas. Desde o ataque ocorrido em uma creche de Blumenau-SC, em abril do corrente ano, o medo vem se alastrando pelo pa\u00eds, agravado pelas diversas e cont\u00ednuas amea\u00e7as disseminadas em todo territ\u00f3rio nacional, inclusive no Estado do Maranh\u00e3o\u201d, afirma o magistrado, acrescentando que situa\u00e7\u00f5es at\u00edpicas exigem medidas excepcionais, a exemplo do que ocorreu nos \u00faltimos anos, quando o pa\u00eds vivenciou uma situa\u00e7\u00e3o pand\u00eamica (COVID-19), sendo adotadas medidas dr\u00e1sticas para conter a doen\u00e7a. &nbsp;&nbsp;<\/p>\n","protected":false},"excerpt":{"rendered":"<p>O juiz da 1\u00aa Vara da Inf\u00e2ncia e Juventude de S\u00e3o Lu\u00eds, Jos\u00e9 Am\u00e9rico Abreu Costa, estendeu para todas as [&hellip;]<\/p>\n","protected":false},"author":0,"featured_media":0,"comment_status":"open","ping_status":"open","sticky":false,"template":"","format":"standard","meta":{"site-sidebar-layout":"default","site-content-layout":"","ast-site-content-layout":"default","site-content-style":"default","site-sidebar-style":"default","ast-global-header-display":"","ast-banner-title-visibility":"","ast-main-header-display":"","ast-hfb-above-header-display":"","ast-hfb-below-header-display":"","ast-hfb-mobile-header-display":"","site-post-title":"","ast-breadcrumbs-content":"","ast-featured-img":"","footer-sml-layout":"","ast-disable-related-posts":"","theme-transparent-header-meta":"","adv-header-id-meta":"","stick-header-meta":"","header-above-stick-meta":"","header-main-stick-meta":"","header-below-stick-meta":"","astra-migrate-meta-layouts":"default","ast-page-background-enabled":"default","ast-page-background-meta":{"desktop":{"background-color":"var(--ast-global-color-5)","background-image":"","background-repeat":"repeat","background-position":"center center","background-size":"auto","background-attachment":"scroll","background-type":"","background-media":"","overlay-type":"","overlay-color":"","overlay-opacity":"","overlay-gradient":""},"tablet":{"background-color":"","background-image":"","background-repeat":"repeat","background-position":"center center","background-size":"auto","background-attachment":"scroll","background-type":"","background-media":"","overlay-type":"","overlay-color":"","overlay-opacity":"","overlay-gradient":""},"mobile":{"background-color":"","background-image":"","background-repeat":"repeat","background-position":"center center","background-size":"auto","background-attachment":"scroll","background-type":"","background-media":"","overlay-type":"","overlay-color":"","overlay-opacity":"","overlay-gradient":""}},"ast-content-background-meta":{"desktop":{"background-color":"var(--ast-global-color-4)","background-image":"","background-repeat":"repeat","background-position":"center center","background-size":"auto","background-attachment":"scroll","background-type":"","background-media":"","overlay-type":"","overlay-color":"","overlay-opacity":"","overlay-gradient":""},"tablet":{"background-color":"var(--ast-global-color-4)","background-image":"","background-repeat":"repeat","background-position":"center center","background-size":"auto","background-attachment":"scroll","background-type":"","background-media":"","overlay-type":"","overlay-color":"","overlay-opacity":"","overlay-gradient":""},"mobile":{"background-color":"var(--ast-global-color-4)","background-image":"","background-repeat":"repeat","background-position":"center center","background-size":"auto","background-attachment":"scroll","background-type":"","background-media":"","overlay-type":"","overlay-color":"","overlay-opacity":"","overlay-gradient":""}},"footnotes":""},"categories":[1],"tags":[],"class_list":["post-108801","post","type-post","status-publish","format-standard","hentry","category-sem-categoria"],"yoast_head":"<!-- This site is optimized with the Yoast SEO plugin v26.6 - https:\/\/yoast.com\/wordpress\/plugins\/seo\/ -->\n<title>Juiz autoriza revista em todas as escolas particulares de S\u00e3o Lu\u00eds - Daniel Matos<\/title>\n<meta name=\"robots\" content=\"index, follow, max-snippet:-1, max-image-preview:large, max-video-preview:-1\" \/>\n<link rel=\"canonical\" href=\"https:\/\/www.blogsoestado.com\/danielmatos\/juiz-autoriza-revista-em-todas-as-escolas-particulares-de-sao-luis\/\" \/>\n<meta property=\"og:locale\" content=\"pt_BR\" \/>\n<meta property=\"og:type\" content=\"article\" \/>\n<meta property=\"og:title\" content=\"Juiz autoriza revista em todas as escolas particulares de S\u00e3o Lu\u00eds - Daniel Matos\" \/>\n<meta property=\"og:description\" content=\"O juiz da 1\u00aa Vara da Inf\u00e2ncia e Juventude de S\u00e3o Lu\u00eds, Jos\u00e9 Am\u00e9rico Abreu Costa, estendeu para todas as [&hellip;]\" \/>\n<meta property=\"og:url\" content=\"https:\/\/www.blogsoestado.com\/danielmatos\/juiz-autoriza-revista-em-todas-as-escolas-particulares-de-sao-luis\/\" \/>\n<meta property=\"og:site_name\" content=\"Daniel Matos\" \/>\n<meta property=\"article:published_time\" content=\"2023-04-26T09:00:00+00:00\" \/>\n<meta property=\"og:image\" content=\"https:\/\/www.blogsoestado.com\/danielmatos\/files\/2023\/04\/Screenshot_20230426-0143502.png\" \/>\n<meta name=\"twitter:card\" content=\"summary_large_image\" \/>\n<meta name=\"twitter:label1\" content=\"Est. tempo de leitura\" \/>\n\t<meta name=\"twitter:data1\" content=\"3 minutos\" \/>\n<script type=\"application\/ld+json\" class=\"yoast-schema-graph\">{\"@context\":\"https:\/\/schema.org\",\"@graph\":[{\"@type\":\"WebPage\",\"@id\":\"https:\/\/www.blogsoestado.com\/danielmatos\/juiz-autoriza-revista-em-todas-as-escolas-particulares-de-sao-luis\/\",\"url\":\"https:\/\/www.blogsoestado.com\/danielmatos\/juiz-autoriza-revista-em-todas-as-escolas-particulares-de-sao-luis\/\",\"name\":\"Juiz autoriza revista em todas as escolas particulares de S\u00e3o Lu\u00eds - Daniel Matos\",\"isPartOf\":{\"@id\":\"https:\/\/www.blogsoestado.com\/danielmatos\/#website\"},\"primaryImageOfPage\":{\"@id\":\"https:\/\/www.blogsoestado.com\/danielmatos\/juiz-autoriza-revista-em-todas-as-escolas-particulares-de-sao-luis\/#primaryimage\"},\"image\":{\"@id\":\"https:\/\/www.blogsoestado.com\/danielmatos\/juiz-autoriza-revista-em-todas-as-escolas-particulares-de-sao-luis\/#primaryimage\"},\"thumbnailUrl\":\"https:\/\/www.blogsoestado.com\/danielmatos\/files\/2023\/04\/Screenshot_20230426-0143502.png\",\"datePublished\":\"2023-04-26T09:00:00+00:00\",\"author\":{\"@id\":\"\"},\"breadcrumb\":{\"@id\":\"https:\/\/www.blogsoestado.com\/danielmatos\/juiz-autoriza-revista-em-todas-as-escolas-particulares-de-sao-luis\/#breadcrumb\"},\"inLanguage\":\"pt-BR\",\"potentialAction\":[{\"@type\":\"ReadAction\",\"target\":[\"https:\/\/www.blogsoestado.com\/danielmatos\/juiz-autoriza-revista-em-todas-as-escolas-particulares-de-sao-luis\/\"]}]},{\"@type\":\"ImageObject\",\"inLanguage\":\"pt-BR\",\"@id\":\"https:\/\/www.blogsoestado.com\/danielmatos\/juiz-autoriza-revista-em-todas-as-escolas-particulares-de-sao-luis\/#primaryimage\",\"url\":\"https:\/\/www.blogsoestado.com\/danielmatos\/files\/2023\/04\/Screenshot_20230426-0143502.png\",\"contentUrl\":\"https:\/\/www.blogsoestado.com\/danielmatos\/files\/2023\/04\/Screenshot_20230426-0143502.png\"},{\"@type\":\"BreadcrumbList\",\"@id\":\"https:\/\/www.blogsoestado.com\/danielmatos\/juiz-autoriza-revista-em-todas-as-escolas-particulares-de-sao-luis\/#breadcrumb\",\"itemListElement\":[{\"@type\":\"ListItem\",\"position\":1,\"name\":\"In\u00edcio\",\"item\":\"https:\/\/www.blogsoestado.com\/danielmatos\/\"},{\"@type\":\"ListItem\",\"position\":2,\"name\":\"Juiz autoriza revista em todas as escolas particulares de S\u00e3o Lu\u00eds\"}]},{\"@type\":\"WebSite\",\"@id\":\"https:\/\/www.blogsoestado.com\/danielmatos\/#website\",\"url\":\"https:\/\/www.blogsoestado.com\/danielmatos\/\",\"name\":\"Daniel Matos\",\"description\":\"\",\"potentialAction\":[{\"@type\":\"SearchAction\",\"target\":{\"@type\":\"EntryPoint\",\"urlTemplate\":\"https:\/\/www.blogsoestado.com\/danielmatos\/?s={search_term_string}\"},\"query-input\":{\"@type\":\"PropertyValueSpecification\",\"valueRequired\":true,\"valueName\":\"search_term_string\"}}],\"inLanguage\":\"pt-BR\"}]}<\/script>\n<!-- \/ Yoast SEO plugin. -->","yoast_head_json":{"title":"Juiz autoriza revista em todas as escolas particulares de S\u00e3o Lu\u00eds - Daniel Matos","robots":{"index":"index","follow":"follow","max-snippet":"max-snippet:-1","max-image-preview":"max-image-preview:large","max-video-preview":"max-video-preview:-1"},"canonical":"https:\/\/www.blogsoestado.com\/danielmatos\/juiz-autoriza-revista-em-todas-as-escolas-particulares-de-sao-luis\/","og_locale":"pt_BR","og_type":"article","og_title":"Juiz autoriza revista em todas as escolas particulares de S\u00e3o Lu\u00eds - Daniel Matos","og_description":"O juiz da 1\u00aa Vara da Inf\u00e2ncia e Juventude de S\u00e3o Lu\u00eds, Jos\u00e9 Am\u00e9rico Abreu Costa, estendeu para todas as [&hellip;]","og_url":"https:\/\/www.blogsoestado.com\/danielmatos\/juiz-autoriza-revista-em-todas-as-escolas-particulares-de-sao-luis\/","og_site_name":"Daniel Matos","article_published_time":"2023-04-26T09:00:00+00:00","og_image":[{"url":"https:\/\/www.blogsoestado.com\/danielmatos\/files\/2023\/04\/Screenshot_20230426-0143502.png","type":"","width":"","height":""}],"twitter_card":"summary_large_image","twitter_misc":{"Est. tempo de leitura":"3 minutos"},"schema":{"@context":"https:\/\/schema.org","@graph":[{"@type":"WebPage","@id":"https:\/\/www.blogsoestado.com\/danielmatos\/juiz-autoriza-revista-em-todas-as-escolas-particulares-de-sao-luis\/","url":"https:\/\/www.blogsoestado.com\/danielmatos\/juiz-autoriza-revista-em-todas-as-escolas-particulares-de-sao-luis\/","name":"Juiz autoriza revista em todas as escolas particulares de S\u00e3o Lu\u00eds - Daniel Matos","isPartOf":{"@id":"https:\/\/www.blogsoestado.com\/danielmatos\/#website"},"primaryImageOfPage":{"@id":"https:\/\/www.blogsoestado.com\/danielmatos\/juiz-autoriza-revista-em-todas-as-escolas-particulares-de-sao-luis\/#primaryimage"},"image":{"@id":"https:\/\/www.blogsoestado.com\/danielmatos\/juiz-autoriza-revista-em-todas-as-escolas-particulares-de-sao-luis\/#primaryimage"},"thumbnailUrl":"https:\/\/www.blogsoestado.com\/danielmatos\/files\/2023\/04\/Screenshot_20230426-0143502.png","datePublished":"2023-04-26T09:00:00+00:00","author":{"@id":""},"breadcrumb":{"@id":"https:\/\/www.blogsoestado.com\/danielmatos\/juiz-autoriza-revista-em-todas-as-escolas-particulares-de-sao-luis\/#breadcrumb"},"inLanguage":"pt-BR","potentialAction":[{"@type":"ReadAction","target":["https:\/\/www.blogsoestado.com\/danielmatos\/juiz-autoriza-revista-em-todas-as-escolas-particulares-de-sao-luis\/"]}]},{"@type":"ImageObject","inLanguage":"pt-BR","@id":"https:\/\/www.blogsoestado.com\/danielmatos\/juiz-autoriza-revista-em-todas-as-escolas-particulares-de-sao-luis\/#primaryimage","url":"https:\/\/www.blogsoestado.com\/danielmatos\/files\/2023\/04\/Screenshot_20230426-0143502.png","contentUrl":"https:\/\/www.blogsoestado.com\/danielmatos\/files\/2023\/04\/Screenshot_20230426-0143502.png"},{"@type":"BreadcrumbList","@id":"https:\/\/www.blogsoestado.com\/danielmatos\/juiz-autoriza-revista-em-todas-as-escolas-particulares-de-sao-luis\/#breadcrumb","itemListElement":[{"@type":"ListItem","position":1,"name":"In\u00edcio","item":"https:\/\/www.blogsoestado.com\/danielmatos\/"},{"@type":"ListItem","position":2,"name":"Juiz autoriza revista em todas as escolas particulares de S\u00e3o Lu\u00eds"}]},{"@type":"WebSite","@id":"https:\/\/www.blogsoestado.com\/danielmatos\/#website","url":"https:\/\/www.blogsoestado.com\/danielmatos\/","name":"Daniel Matos","description":"","potentialAction":[{"@type":"SearchAction","target":{"@type":"EntryPoint","urlTemplate":"https:\/\/www.blogsoestado.com\/danielmatos\/?s={search_term_string}"},"query-input":{"@type":"PropertyValueSpecification","valueRequired":true,"valueName":"search_term_string"}}],"inLanguage":"pt-BR"}]}},"jetpack_featured_media_url":"","_links":{"self":[{"href":"https:\/\/www.blogsoestado.com\/danielmatos\/wp-json\/wp\/v2\/posts\/108801","targetHints":{"allow":["GET"]}}],"collection":[{"href":"https:\/\/www.blogsoestado.com\/danielmatos\/wp-json\/wp\/v2\/posts"}],"about":[{"href":"https:\/\/www.blogsoestado.com\/danielmatos\/wp-json\/wp\/v2\/types\/post"}],"replies":[{"embeddable":true,"href":"https:\/\/www.blogsoestado.com\/danielmatos\/wp-json\/wp\/v2\/comments?post=108801"}],"version-history":[{"count":0,"href":"https:\/\/www.blogsoestado.com\/danielmatos\/wp-json\/wp\/v2\/posts\/108801\/revisions"}],"wp:attachment":[{"href":"https:\/\/www.blogsoestado.com\/danielmatos\/wp-json\/wp\/v2\/media?parent=108801"}],"wp:term":[{"taxonomy":"category","embeddable":true,"href":"https:\/\/www.blogsoestado.com\/danielmatos\/wp-json\/wp\/v2\/categories?post=108801"},{"taxonomy":"post_tag","embeddable":true,"href":"https:\/\/www.blogsoestado.com\/danielmatos\/wp-json\/wp\/v2\/tags?post=108801"}],"curies":[{"name":"wp","href":"https:\/\/api.w.org\/{rel}","templated":true}]}}