{"id":108813,"date":"2023-04-26T12:15:48","date_gmt":"2023-04-26T15:15:48","guid":{"rendered":"https:\/\/www.blogsoestado.com\/danielmatos\/?p=108813"},"modified":"2023-04-26T12:15:48","modified_gmt":"2023-04-26T15:15:48","slug":"grupo-mulheres-do-brasil-oficializa-a-atuacao-de-seu-nucleo-em-sao-luis-nesta-quinta-27","status":"publish","type":"post","link":"https:\/\/www.blogsoestado.com\/danielmatos\/grupo-mulheres-do-brasil-oficializa-a-atuacao-de-seu-nucleo-em-sao-luis-nesta-quinta-27\/","title":{"rendered":"Grupo Mulheres do Brasil oficializa a atua\u00e7\u00e3o de seu N\u00facleo em S\u00e3o Lu\u00eds, nesta quinta, 27"},"content":{"rendered":"\n<p><strong><span class=\"has-inline-color has-vivid-red-color\">O evento ocorrer\u00e1 no S\u00e3o Lu\u00eds Shopping, das 18h \u00e0s 20h. A empres\u00e1ria Luiza Helena Trajano, presidente do Grupo Mulheres do Brasil, conduzir\u00e1 a reuni\u00e3o com transmiss\u00e3o ao vivo pelo YouTube<\/span><\/strong><\/p>\n\n\n\n<div class=\"wp-block-image\"><figure class=\"aligncenter size-large\"><a href=\"https:\/\/www.blogsoestado.com\/danielmatos\/files\/2023\/04\/Screenshot_20230426-1217302.png\"><img decoding=\"async\" src=\"https:\/\/www.blogsoestado.com\/danielmatos\/files\/2023\/04\/Screenshot_20230426-1217302.png\" alt=\"\" class=\"wp-image-108817\"\/><\/a><figcaption>A empres\u00e1ria Luiza Helena Trajano destaca que o evento \u00e9 inovador e constata o alcance e o engajamento do Grupo<\/figcaption><\/figure><\/div>\n\n\n\n<p>A cidade de S\u00e3o Lu\u00eds (MA) formaliza oficialmente nesta quinta-feira, 27, o seu N\u00facleo local do Grupo Mulheres do Brasil, que j\u00e1 tem uma atua\u00e7\u00e3o consolidada desde 2020 na regi\u00e3o, incentivando a transforma\u00e7\u00e3o social a partir do protagonismo feminino.\u00a0<\/p>\n\n\n\n<p>A reuni\u00e3o ocorrer\u00e1 no formato h\u00edbrido, simultaneamente em mais 7 cidades: Bauru\u2013SP, Bel\u00e9m\u2013PA, Macap\u00e1\u2013AP, Macei\u00f3\u2013AL, Santa Maria\u2013RS, Uberl\u00e2ndia\u2013SP e Manaus\u2013AM possibilitando que cada N\u00facleo se encontre presencialmente em suas cidades e se conecte on- line \u00e0 Central, em S\u00e3o Paulo, com a empres\u00e1ria Luiza Helena Trajano, presidente do Grupo Mulheres do Brasil, que conduzir\u00e1 a reuni\u00e3o com transmiss\u00e3o ao vivo pelo YouTube.<\/p>\n\n\n\n<p>Na capital maranhense, a reuni\u00e3o ser\u00e1 realizada na&nbsp; Pra\u00e7a de Eventos do S\u00e3o Lu\u00eds Shopping (Avenida Professor Carlos Cunha 1000 Jaracaty),&nbsp;das 18h \u00e0s 20h, com transmiss\u00e3o ao vivo pelo canal no YouTube do Grupo Mulheres do Brasil. Para assistir, basta acessar o link:&nbsp;<a href=\"https:\/\/www.youtube.com\/grupomulheresdobrasil\" target=\"_blank\" rel=\"noreferrer noopener\">https:\/\/www.youtube.com\/grupomulheresdobrasil<\/a>&nbsp;&nbsp;<\/p>\n\n\n\n<p>O N\u00facleo em S\u00e3o Lu\u00eds \u00e9 comandado pelas l\u00edderes Patr\u00edcia Maranh\u00e3o, empres\u00e1ria; Karla Rodrigues, educadora; e Sabrina Loiola, fisioterapeuta. Sua atua\u00e7\u00e3o tem sido pautada em a\u00e7\u00f5es de apoio a refugiados, de combate \u00e0 viol\u00eancia contra a mulher e pol\u00edticas p\u00fablicas, por meio do programa mais mulheres na pol\u00edtica \u201cPula pra 50\u201d.<\/p>\n\n\n\n<p>De acordo com as lideran\u00e7as do N\u00facleo,&nbsp;S\u00e3o Lu\u00eds \u00e9 uma cidade que est\u00e1 em crescimento quando se fala de organiza\u00e7\u00f5es que mobilizem a sociedade e, ao mesmo tempo, pulsa a for\u00e7a da mulher em todos os segmentos. Segundo elas, &#8221; nosso objetivo \u00e9 estimular que essas mulheres sejam cada vez mais protagonistas de suas hist\u00f3rias. Esperamos que, com a oficializa\u00e7\u00e3o do N\u00facleo pela Luiza Helena Trajano, tenhamos mais mulheres engajadas nesta causa, pela transforma\u00e7\u00e3o para um mundo mais igualit\u00e1rio\u201d.<\/p>\n\n\n\n<p>Para Luiza Helena Trajano, este evento \u00e9 inovador e constata o alcance e o engajamento do Grupo. \u201cCrescemos muito, antes consegu\u00edamos ir presencialmente lan\u00e7ar cada N\u00facleo. Agora, com o digital, estamos oficializando o lan\u00e7amento de oito n\u00facleos que j\u00e1 t\u00eam uma atua\u00e7\u00e3o forte h\u00e1 anos em suas cidades, se mobilizando com a\u00e7\u00f5es por um mundo melhor\u201d, afirma a presidente do Grupo Mulheres do Brasil.<\/p>\n\n\n\n<p><strong>Quem \u00e9<\/strong><\/p>\n\n\n\n<p>O Grupo Mulheres do Brasil foi criado em 2013 por 40 mulheres de diferentes segmentos com o intuito de engajar a sociedade civil na conquista de melhorias para o pa\u00eds. \u00c9 presidido pela empres\u00e1ria Luiza Helena Trajano e tem mais de 98 mil participantes no Brasil e no exterior. \u201cQueremos ser o maior grupo pol\u00edtico suprapartid\u00e1rio do pa\u00eds. Somos pol\u00edticas, sim, mas a nossa \u00fanica bandeira \u00e9 a do Brasil\u201d, afirmou Luiza Trajano.<\/p>\n","protected":false},"excerpt":{"rendered":"<p>O evento ocorrer\u00e1 no S\u00e3o Lu\u00eds Shopping, das 18h \u00e0s 20h. A empres\u00e1ria Luiza Helena Trajano, presidente do Grupo Mulheres [&hellip;]<\/p>\n","protected":false},"author":0,"featured_media":0,"comment_status":"open","ping_status":"open","sticky":false,"template":"","format":"standard","meta":{"site-sidebar-layout":"default","site-content-layout":"","ast-site-content-layout":"default","site-content-style":"default","site-sidebar-style":"default","ast-global-header-display":"","ast-banner-title-visibility":"","ast-main-header-display":"","ast-hfb-above-header-display":"","ast-hfb-below-header-display":"","ast-hfb-mobile-header-display":"","site-post-title":"","ast-breadcrumbs-content":"","ast-featured-img":"","footer-sml-layout":"","ast-disable-related-posts":"","theme-transparent-header-meta":"","adv-header-id-meta":"","stick-header-meta":"","header-above-stick-meta":"","header-main-stick-meta":"","header-below-stick-meta":"","astra-migrate-meta-layouts":"default","ast-page-background-enabled":"default","ast-page-background-meta":{"desktop":{"background-color":"var(--ast-global-color-5)","background-image":"","background-repeat":"repeat","background-position":"center center","background-size":"auto","background-attachment":"scroll","background-type":"","background-media":"","overlay-type":"","overlay-color":"","overlay-opacity":"","overlay-gradient":""},"tablet":{"background-color":"","background-image":"","background-repeat":"repeat","background-position":"center center","background-size":"auto","background-attachment":"scroll","background-type":"","background-media":"","overlay-type":"","overlay-color":"","overlay-opacity":"","overlay-gradient":""},"mobile":{"background-color":"","background-image":"","background-repeat":"repeat","background-position":"center center","background-size":"auto","background-attachment":"scroll","background-type":"","background-media":"","overlay-type":"","overlay-color":"","overlay-opacity":"","overlay-gradient":""}},"ast-content-background-meta":{"desktop":{"background-color":"var(--ast-global-color-4)","background-image":"","background-repeat":"repeat","background-position":"center center","background-size":"auto","background-attachment":"scroll","background-type":"","background-media":"","overlay-type":"","overlay-color":"","overlay-opacity":"","overlay-gradient":""},"tablet":{"background-color":"var(--ast-global-color-4)","background-image":"","background-repeat":"repeat","background-position":"center center","background-size":"auto","background-attachment":"scroll","background-type":"","background-media":"","overlay-type":"","overlay-color":"","overlay-opacity":"","overlay-gradient":""},"mobile":{"background-color":"var(--ast-global-color-4)","background-image":"","background-repeat":"repeat","background-position":"center center","background-size":"auto","background-attachment":"scroll","background-type":"","background-media":"","overlay-type":"","overlay-color":"","overlay-opacity":"","overlay-gradient":""}},"footnotes":""},"categories":[1],"tags":[],"class_list":["post-108813","post","type-post","status-publish","format-standard","hentry","category-sem-categoria"],"yoast_head":"<!-- This site is optimized with the Yoast SEO plugin v26.6 - https:\/\/yoast.com\/wordpress\/plugins\/seo\/ -->\n<title>Grupo Mulheres do Brasil oficializa a atua\u00e7\u00e3o de seu N\u00facleo em S\u00e3o Lu\u00eds, nesta quinta, 27 - Daniel Matos<\/title>\n<meta name=\"robots\" content=\"index, follow, max-snippet:-1, max-image-preview:large, max-video-preview:-1\" \/>\n<link rel=\"canonical\" href=\"https:\/\/www.blogsoestado.com\/danielmatos\/grupo-mulheres-do-brasil-oficializa-a-atuacao-de-seu-nucleo-em-sao-luis-nesta-quinta-27\/\" \/>\n<meta property=\"og:locale\" content=\"pt_BR\" \/>\n<meta property=\"og:type\" content=\"article\" \/>\n<meta property=\"og:title\" content=\"Grupo Mulheres do Brasil oficializa a atua\u00e7\u00e3o de seu N\u00facleo em S\u00e3o Lu\u00eds, nesta quinta, 27 - Daniel Matos\" \/>\n<meta property=\"og:description\" content=\"O evento ocorrer\u00e1 no S\u00e3o Lu\u00eds Shopping, das 18h \u00e0s 20h. A empres\u00e1ria Luiza Helena Trajano, presidente do Grupo Mulheres [&hellip;]\" \/>\n<meta property=\"og:url\" content=\"https:\/\/www.blogsoestado.com\/danielmatos\/grupo-mulheres-do-brasil-oficializa-a-atuacao-de-seu-nucleo-em-sao-luis-nesta-quinta-27\/\" \/>\n<meta property=\"og:site_name\" content=\"Daniel Matos\" \/>\n<meta property=\"article:published_time\" content=\"2023-04-26T15:15:48+00:00\" \/>\n<meta property=\"og:image\" content=\"https:\/\/www.blogsoestado.com\/danielmatos\/files\/2023\/04\/Screenshot_20230426-1217302.png\" \/>\n<meta name=\"twitter:card\" content=\"summary_large_image\" \/>\n<meta name=\"twitter:label1\" content=\"Est. tempo de leitura\" \/>\n\t<meta name=\"twitter:data1\" content=\"3 minutos\" \/>\n<script type=\"application\/ld+json\" class=\"yoast-schema-graph\">{\"@context\":\"https:\/\/schema.org\",\"@graph\":[{\"@type\":\"WebPage\",\"@id\":\"https:\/\/www.blogsoestado.com\/danielmatos\/grupo-mulheres-do-brasil-oficializa-a-atuacao-de-seu-nucleo-em-sao-luis-nesta-quinta-27\/\",\"url\":\"https:\/\/www.blogsoestado.com\/danielmatos\/grupo-mulheres-do-brasil-oficializa-a-atuacao-de-seu-nucleo-em-sao-luis-nesta-quinta-27\/\",\"name\":\"Grupo Mulheres do Brasil oficializa a atua\u00e7\u00e3o de seu N\u00facleo em S\u00e3o Lu\u00eds, nesta quinta, 27 - Daniel Matos\",\"isPartOf\":{\"@id\":\"https:\/\/www.blogsoestado.com\/danielmatos\/#website\"},\"primaryImageOfPage\":{\"@id\":\"https:\/\/www.blogsoestado.com\/danielmatos\/grupo-mulheres-do-brasil-oficializa-a-atuacao-de-seu-nucleo-em-sao-luis-nesta-quinta-27\/#primaryimage\"},\"image\":{\"@id\":\"https:\/\/www.blogsoestado.com\/danielmatos\/grupo-mulheres-do-brasil-oficializa-a-atuacao-de-seu-nucleo-em-sao-luis-nesta-quinta-27\/#primaryimage\"},\"thumbnailUrl\":\"https:\/\/www.blogsoestado.com\/danielmatos\/files\/2023\/04\/Screenshot_20230426-1217302.png\",\"datePublished\":\"2023-04-26T15:15:48+00:00\",\"author\":{\"@id\":\"\"},\"breadcrumb\":{\"@id\":\"https:\/\/www.blogsoestado.com\/danielmatos\/grupo-mulheres-do-brasil-oficializa-a-atuacao-de-seu-nucleo-em-sao-luis-nesta-quinta-27\/#breadcrumb\"},\"inLanguage\":\"pt-BR\",\"potentialAction\":[{\"@type\":\"ReadAction\",\"target\":[\"https:\/\/www.blogsoestado.com\/danielmatos\/grupo-mulheres-do-brasil-oficializa-a-atuacao-de-seu-nucleo-em-sao-luis-nesta-quinta-27\/\"]}]},{\"@type\":\"ImageObject\",\"inLanguage\":\"pt-BR\",\"@id\":\"https:\/\/www.blogsoestado.com\/danielmatos\/grupo-mulheres-do-brasil-oficializa-a-atuacao-de-seu-nucleo-em-sao-luis-nesta-quinta-27\/#primaryimage\",\"url\":\"https:\/\/www.blogsoestado.com\/danielmatos\/files\/2023\/04\/Screenshot_20230426-1217302.png\",\"contentUrl\":\"https:\/\/www.blogsoestado.com\/danielmatos\/files\/2023\/04\/Screenshot_20230426-1217302.png\"},{\"@type\":\"BreadcrumbList\",\"@id\":\"https:\/\/www.blogsoestado.com\/danielmatos\/grupo-mulheres-do-brasil-oficializa-a-atuacao-de-seu-nucleo-em-sao-luis-nesta-quinta-27\/#breadcrumb\",\"itemListElement\":[{\"@type\":\"ListItem\",\"position\":1,\"name\":\"In\u00edcio\",\"item\":\"https:\/\/www.blogsoestado.com\/danielmatos\/\"},{\"@type\":\"ListItem\",\"position\":2,\"name\":\"Grupo Mulheres do Brasil oficializa a atua\u00e7\u00e3o de seu N\u00facleo em S\u00e3o Lu\u00eds, nesta quinta, 27\"}]},{\"@type\":\"WebSite\",\"@id\":\"https:\/\/www.blogsoestado.com\/danielmatos\/#website\",\"url\":\"https:\/\/www.blogsoestado.com\/danielmatos\/\",\"name\":\"Daniel Matos\",\"description\":\"\",\"potentialAction\":[{\"@type\":\"SearchAction\",\"target\":{\"@type\":\"EntryPoint\",\"urlTemplate\":\"https:\/\/www.blogsoestado.com\/danielmatos\/?s={search_term_string}\"},\"query-input\":{\"@type\":\"PropertyValueSpecification\",\"valueRequired\":true,\"valueName\":\"search_term_string\"}}],\"inLanguage\":\"pt-BR\"}]}<\/script>\n<!-- \/ Yoast SEO plugin. -->","yoast_head_json":{"title":"Grupo Mulheres do Brasil oficializa a atua\u00e7\u00e3o de seu N\u00facleo em S\u00e3o Lu\u00eds, nesta quinta, 27 - Daniel Matos","robots":{"index":"index","follow":"follow","max-snippet":"max-snippet:-1","max-image-preview":"max-image-preview:large","max-video-preview":"max-video-preview:-1"},"canonical":"https:\/\/www.blogsoestado.com\/danielmatos\/grupo-mulheres-do-brasil-oficializa-a-atuacao-de-seu-nucleo-em-sao-luis-nesta-quinta-27\/","og_locale":"pt_BR","og_type":"article","og_title":"Grupo Mulheres do Brasil oficializa a atua\u00e7\u00e3o de seu N\u00facleo em S\u00e3o Lu\u00eds, nesta quinta, 27 - Daniel Matos","og_description":"O evento ocorrer\u00e1 no S\u00e3o Lu\u00eds Shopping, das 18h \u00e0s 20h. A empres\u00e1ria Luiza Helena Trajano, presidente do Grupo Mulheres [&hellip;]","og_url":"https:\/\/www.blogsoestado.com\/danielmatos\/grupo-mulheres-do-brasil-oficializa-a-atuacao-de-seu-nucleo-em-sao-luis-nesta-quinta-27\/","og_site_name":"Daniel Matos","article_published_time":"2023-04-26T15:15:48+00:00","og_image":[{"url":"https:\/\/www.blogsoestado.com\/danielmatos\/files\/2023\/04\/Screenshot_20230426-1217302.png","type":"","width":"","height":""}],"twitter_card":"summary_large_image","twitter_misc":{"Est. tempo de leitura":"3 minutos"},"schema":{"@context":"https:\/\/schema.org","@graph":[{"@type":"WebPage","@id":"https:\/\/www.blogsoestado.com\/danielmatos\/grupo-mulheres-do-brasil-oficializa-a-atuacao-de-seu-nucleo-em-sao-luis-nesta-quinta-27\/","url":"https:\/\/www.blogsoestado.com\/danielmatos\/grupo-mulheres-do-brasil-oficializa-a-atuacao-de-seu-nucleo-em-sao-luis-nesta-quinta-27\/","name":"Grupo Mulheres do Brasil oficializa a atua\u00e7\u00e3o de seu N\u00facleo em S\u00e3o Lu\u00eds, nesta quinta, 27 - Daniel Matos","isPartOf":{"@id":"https:\/\/www.blogsoestado.com\/danielmatos\/#website"},"primaryImageOfPage":{"@id":"https:\/\/www.blogsoestado.com\/danielmatos\/grupo-mulheres-do-brasil-oficializa-a-atuacao-de-seu-nucleo-em-sao-luis-nesta-quinta-27\/#primaryimage"},"image":{"@id":"https:\/\/www.blogsoestado.com\/danielmatos\/grupo-mulheres-do-brasil-oficializa-a-atuacao-de-seu-nucleo-em-sao-luis-nesta-quinta-27\/#primaryimage"},"thumbnailUrl":"https:\/\/www.blogsoestado.com\/danielmatos\/files\/2023\/04\/Screenshot_20230426-1217302.png","datePublished":"2023-04-26T15:15:48+00:00","author":{"@id":""},"breadcrumb":{"@id":"https:\/\/www.blogsoestado.com\/danielmatos\/grupo-mulheres-do-brasil-oficializa-a-atuacao-de-seu-nucleo-em-sao-luis-nesta-quinta-27\/#breadcrumb"},"inLanguage":"pt-BR","potentialAction":[{"@type":"ReadAction","target":["https:\/\/www.blogsoestado.com\/danielmatos\/grupo-mulheres-do-brasil-oficializa-a-atuacao-de-seu-nucleo-em-sao-luis-nesta-quinta-27\/"]}]},{"@type":"ImageObject","inLanguage":"pt-BR","@id":"https:\/\/www.blogsoestado.com\/danielmatos\/grupo-mulheres-do-brasil-oficializa-a-atuacao-de-seu-nucleo-em-sao-luis-nesta-quinta-27\/#primaryimage","url":"https:\/\/www.blogsoestado.com\/danielmatos\/files\/2023\/04\/Screenshot_20230426-1217302.png","contentUrl":"https:\/\/www.blogsoestado.com\/danielmatos\/files\/2023\/04\/Screenshot_20230426-1217302.png"},{"@type":"BreadcrumbList","@id":"https:\/\/www.blogsoestado.com\/danielmatos\/grupo-mulheres-do-brasil-oficializa-a-atuacao-de-seu-nucleo-em-sao-luis-nesta-quinta-27\/#breadcrumb","itemListElement":[{"@type":"ListItem","position":1,"name":"In\u00edcio","item":"https:\/\/www.blogsoestado.com\/danielmatos\/"},{"@type":"ListItem","position":2,"name":"Grupo Mulheres do Brasil oficializa a atua\u00e7\u00e3o de seu N\u00facleo em S\u00e3o Lu\u00eds, nesta quinta, 27"}]},{"@type":"WebSite","@id":"https:\/\/www.blogsoestado.com\/danielmatos\/#website","url":"https:\/\/www.blogsoestado.com\/danielmatos\/","name":"Daniel Matos","description":"","potentialAction":[{"@type":"SearchAction","target":{"@type":"EntryPoint","urlTemplate":"https:\/\/www.blogsoestado.com\/danielmatos\/?s={search_term_string}"},"query-input":{"@type":"PropertyValueSpecification","valueRequired":true,"valueName":"search_term_string"}}],"inLanguage":"pt-BR"}]}},"jetpack_featured_media_url":"","_links":{"self":[{"href":"https:\/\/www.blogsoestado.com\/danielmatos\/wp-json\/wp\/v2\/posts\/108813","targetHints":{"allow":["GET"]}}],"collection":[{"href":"https:\/\/www.blogsoestado.com\/danielmatos\/wp-json\/wp\/v2\/posts"}],"about":[{"href":"https:\/\/www.blogsoestado.com\/danielmatos\/wp-json\/wp\/v2\/types\/post"}],"replies":[{"embeddable":true,"href":"https:\/\/www.blogsoestado.com\/danielmatos\/wp-json\/wp\/v2\/comments?post=108813"}],"version-history":[{"count":0,"href":"https:\/\/www.blogsoestado.com\/danielmatos\/wp-json\/wp\/v2\/posts\/108813\/revisions"}],"wp:attachment":[{"href":"https:\/\/www.blogsoestado.com\/danielmatos\/wp-json\/wp\/v2\/media?parent=108813"}],"wp:term":[{"taxonomy":"category","embeddable":true,"href":"https:\/\/www.blogsoestado.com\/danielmatos\/wp-json\/wp\/v2\/categories?post=108813"},{"taxonomy":"post_tag","embeddable":true,"href":"https:\/\/www.blogsoestado.com\/danielmatos\/wp-json\/wp\/v2\/tags?post=108813"}],"curies":[{"name":"wp","href":"https:\/\/api.w.org\/{rel}","templated":true}]}}