{"id":108826,"date":"2023-04-26T18:10:17","date_gmt":"2023-04-26T21:10:17","guid":{"rendered":"https:\/\/www.blogsoestado.com\/danielmatos\/?p=108826"},"modified":"2023-04-26T18:10:17","modified_gmt":"2023-04-26T21:10:17","slug":"seguranca-nas-escolas-assembleia-discutira-tema-em-audiencia-publica-nesta-quinta-feira-27","status":"publish","type":"post","link":"https:\/\/www.blogsoestado.com\/danielmatos\/seguranca-nas-escolas-assembleia-discutira-tema-em-audiencia-publica-nesta-quinta-feira-27\/","title":{"rendered":"Seguran\u00e7a nas escolas: Assembleia discutir\u00e1 tema em audi\u00eancia p\u00fablica nesta quinta-feira (27)"},"content":{"rendered":"\n<div class=\"wp-block-image\"><figure class=\"aligncenter size-large\"><a href=\"https:\/\/www.blogsoestado.com\/danielmatos\/files\/2023\/04\/Screenshot_20230426-1806413.png\"><img decoding=\"async\" src=\"https:\/\/www.blogsoestado.com\/danielmatos\/files\/2023\/04\/Screenshot_20230426-1806413.png\" alt=\"\" class=\"wp-image-108828\"\/><\/a><figcaption>Pal\u00e1cio Manoel Beckman, sede da Assembleia Legislativa do Maranh\u00e3o <\/figcaption><\/figure><\/div>\n\n\n\n<p>Com o tema \u201cEnfrentamento da viol\u00eancia nas escolas\u201d, uma audi\u00eancia p\u00fablica ser\u00e1 realizada pela Comiss\u00e3o de Educa\u00e7\u00e3o, Desporto, Ci\u00eancia e Tecnologia da Assembleia Legislativa do Maranh\u00e3o, nesta quinta-feira (27), \u00e0s 14h, no Audit\u00f3rio Neiva Moreira (Complexo de Comunica\u00e7\u00e3o da Alema, Cohafuma).&nbsp;<\/p>\n\n\n\n<p>&#8220;\u00c9 necess\u00e1rio que a Assembleia discuta esse tema que hoje aflige a sociedade e, sobretudo, os estudantes, professores e pais de alunos. Por isso, vamos reunir e ouvir todos os envolvidos em busca de solu\u00e7\u00f5es para o problemas&#8221;, afirmou o deputado Ricardo Arruda (MDB), presidente da Comiss\u00e3o de Educa\u00e7\u00e3o.&nbsp;<\/p>\n\n\n\n<p>A audi\u00eancia p\u00fablica contar\u00e1 com a presen\u00e7a de representantes do Governo do Estado, Minist\u00e9rio P\u00fablico, al\u00e9m de outras institui\u00e7\u00f5es, da sociedade civil, pais de estudantes e professores. Tamb\u00e9m participar\u00e3o especialistas no tema, a exemplo da professora Fabiana Oliveira Canavieira, do Departamento de Educa\u00e7\u00e3o da Universidade Federal do Maranh\u00e3o (UFMA), que \u00e9 doutora em Educa\u00e7\u00e3o pela Universidade Federal do Rio Grande do Sul (UFRGS), onde realiza estudos, principalmente, sobre quest\u00f5es relacionadas \u00e0 inf\u00e2ncia.<\/p>\n\n\n\n<p>O objetivo do evento \u00e9 definir e encaminhar medidas para a preven\u00e7\u00e3o de casos de viol\u00eancia, de amea\u00e7as e ataques a escolas, como os registrados em v\u00e1rias regi\u00f5es do pa\u00eds, e que tiveram repercuss\u00f5es tamb\u00e9m em diversos munic\u00edpios maranhenses. A a\u00e7\u00e3o visa garantir seguran\u00e7a a todos no ambiente escolar.<\/p>\n\n\n\n<p>Al\u00e9m do presidente Ricardo Arruda, a Comiss\u00e3o \u00e9 composta pelos deputados Leandro Bello (Podemos), vice-presidente, Cl\u00e1udia Coutinho (PDT), J\u00falio Mendon\u00e7a (PCdoB), Ricardo Rios (PCdoB) e J\u00fanior Fran\u00e7a (PP).<\/p>\n","protected":false},"excerpt":{"rendered":"<p>Com o tema \u201cEnfrentamento da viol\u00eancia nas escolas\u201d, uma audi\u00eancia p\u00fablica ser\u00e1 realizada pela Comiss\u00e3o de Educa\u00e7\u00e3o, Desporto, Ci\u00eancia e [&hellip;]<\/p>\n","protected":false},"author":0,"featured_media":0,"comment_status":"open","ping_status":"open","sticky":false,"template":"","format":"standard","meta":{"site-sidebar-layout":"default","site-content-layout":"","ast-site-content-layout":"default","site-content-style":"default","site-sidebar-style":"default","ast-global-header-display":"","ast-banner-title-visibility":"","ast-main-header-display":"","ast-hfb-above-header-display":"","ast-hfb-below-header-display":"","ast-hfb-mobile-header-display":"","site-post-title":"","ast-breadcrumbs-content":"","ast-featured-img":"","footer-sml-layout":"","ast-disable-related-posts":"","theme-transparent-header-meta":"","adv-header-id-meta":"","stick-header-meta":"","header-above-stick-meta":"","header-main-stick-meta":"","header-below-stick-meta":"","astra-migrate-meta-layouts":"default","ast-page-background-enabled":"default","ast-page-background-meta":{"desktop":{"background-color":"var(--ast-global-color-5)","background-image":"","background-repeat":"repeat","background-position":"center center","background-size":"auto","background-attachment":"scroll","background-type":"","background-media":"","overlay-type":"","overlay-color":"","overlay-opacity":"","overlay-gradient":""},"tablet":{"background-color":"","background-image":"","background-repeat":"repeat","background-position":"center center","background-size":"auto","background-attachment":"scroll","background-type":"","background-media":"","overlay-type":"","overlay-color":"","overlay-opacity":"","overlay-gradient":""},"mobile":{"background-color":"","background-image":"","background-repeat":"repeat","background-position":"center center","background-size":"auto","background-attachment":"scroll","background-type":"","background-media":"","overlay-type":"","overlay-color":"","overlay-opacity":"","overlay-gradient":""}},"ast-content-background-meta":{"desktop":{"background-color":"var(--ast-global-color-4)","background-image":"","background-repeat":"repeat","background-position":"center center","background-size":"auto","background-attachment":"scroll","background-type":"","background-media":"","overlay-type":"","overlay-color":"","overlay-opacity":"","overlay-gradient":""},"tablet":{"background-color":"var(--ast-global-color-4)","background-image":"","background-repeat":"repeat","background-position":"center center","background-size":"auto","background-attachment":"scroll","background-type":"","background-media":"","overlay-type":"","overlay-color":"","overlay-opacity":"","overlay-gradient":""},"mobile":{"background-color":"var(--ast-global-color-4)","background-image":"","background-repeat":"repeat","background-position":"center center","background-size":"auto","background-attachment":"scroll","background-type":"","background-media":"","overlay-type":"","overlay-color":"","overlay-opacity":"","overlay-gradient":""}},"footnotes":""},"categories":[1],"tags":[],"class_list":["post-108826","post","type-post","status-publish","format-standard","hentry","category-sem-categoria"],"yoast_head":"<!-- This site is optimized with the Yoast SEO plugin v26.6 - https:\/\/yoast.com\/wordpress\/plugins\/seo\/ -->\n<title>Seguran\u00e7a nas escolas: Assembleia discutir\u00e1 tema em audi\u00eancia p\u00fablica nesta quinta-feira (27) - Daniel Matos<\/title>\n<meta name=\"robots\" content=\"index, follow, max-snippet:-1, max-image-preview:large, max-video-preview:-1\" \/>\n<link rel=\"canonical\" href=\"https:\/\/www.blogsoestado.com\/danielmatos\/seguranca-nas-escolas-assembleia-discutira-tema-em-audiencia-publica-nesta-quinta-feira-27\/\" \/>\n<meta property=\"og:locale\" content=\"pt_BR\" \/>\n<meta property=\"og:type\" content=\"article\" \/>\n<meta property=\"og:title\" content=\"Seguran\u00e7a nas escolas: Assembleia discutir\u00e1 tema em audi\u00eancia p\u00fablica nesta quinta-feira (27) - Daniel Matos\" \/>\n<meta property=\"og:description\" content=\"Com o tema \u201cEnfrentamento da viol\u00eancia nas escolas\u201d, uma audi\u00eancia p\u00fablica ser\u00e1 realizada pela Comiss\u00e3o de Educa\u00e7\u00e3o, Desporto, Ci\u00eancia e [&hellip;]\" \/>\n<meta property=\"og:url\" content=\"https:\/\/www.blogsoestado.com\/danielmatos\/seguranca-nas-escolas-assembleia-discutira-tema-em-audiencia-publica-nesta-quinta-feira-27\/\" \/>\n<meta property=\"og:site_name\" content=\"Daniel Matos\" \/>\n<meta property=\"article:published_time\" content=\"2023-04-26T21:10:17+00:00\" \/>\n<meta property=\"og:image\" content=\"https:\/\/www.blogsoestado.com\/danielmatos\/files\/2023\/04\/Screenshot_20230426-1806413.png\" \/>\n<meta name=\"twitter:card\" content=\"summary_large_image\" \/>\n<meta name=\"twitter:label1\" content=\"Est. tempo de leitura\" \/>\n\t<meta name=\"twitter:data1\" content=\"2 minutos\" \/>\n<script type=\"application\/ld+json\" class=\"yoast-schema-graph\">{\"@context\":\"https:\/\/schema.org\",\"@graph\":[{\"@type\":\"WebPage\",\"@id\":\"https:\/\/www.blogsoestado.com\/danielmatos\/seguranca-nas-escolas-assembleia-discutira-tema-em-audiencia-publica-nesta-quinta-feira-27\/\",\"url\":\"https:\/\/www.blogsoestado.com\/danielmatos\/seguranca-nas-escolas-assembleia-discutira-tema-em-audiencia-publica-nesta-quinta-feira-27\/\",\"name\":\"Seguran\u00e7a nas escolas: Assembleia discutir\u00e1 tema em audi\u00eancia p\u00fablica nesta quinta-feira (27) - Daniel Matos\",\"isPartOf\":{\"@id\":\"https:\/\/www.blogsoestado.com\/danielmatos\/#website\"},\"primaryImageOfPage\":{\"@id\":\"https:\/\/www.blogsoestado.com\/danielmatos\/seguranca-nas-escolas-assembleia-discutira-tema-em-audiencia-publica-nesta-quinta-feira-27\/#primaryimage\"},\"image\":{\"@id\":\"https:\/\/www.blogsoestado.com\/danielmatos\/seguranca-nas-escolas-assembleia-discutira-tema-em-audiencia-publica-nesta-quinta-feira-27\/#primaryimage\"},\"thumbnailUrl\":\"https:\/\/www.blogsoestado.com\/danielmatos\/files\/2023\/04\/Screenshot_20230426-1806413.png\",\"datePublished\":\"2023-04-26T21:10:17+00:00\",\"author\":{\"@id\":\"\"},\"breadcrumb\":{\"@id\":\"https:\/\/www.blogsoestado.com\/danielmatos\/seguranca-nas-escolas-assembleia-discutira-tema-em-audiencia-publica-nesta-quinta-feira-27\/#breadcrumb\"},\"inLanguage\":\"pt-BR\",\"potentialAction\":[{\"@type\":\"ReadAction\",\"target\":[\"https:\/\/www.blogsoestado.com\/danielmatos\/seguranca-nas-escolas-assembleia-discutira-tema-em-audiencia-publica-nesta-quinta-feira-27\/\"]}]},{\"@type\":\"ImageObject\",\"inLanguage\":\"pt-BR\",\"@id\":\"https:\/\/www.blogsoestado.com\/danielmatos\/seguranca-nas-escolas-assembleia-discutira-tema-em-audiencia-publica-nesta-quinta-feira-27\/#primaryimage\",\"url\":\"https:\/\/www.blogsoestado.com\/danielmatos\/files\/2023\/04\/Screenshot_20230426-1806413.png\",\"contentUrl\":\"https:\/\/www.blogsoestado.com\/danielmatos\/files\/2023\/04\/Screenshot_20230426-1806413.png\"},{\"@type\":\"BreadcrumbList\",\"@id\":\"https:\/\/www.blogsoestado.com\/danielmatos\/seguranca-nas-escolas-assembleia-discutira-tema-em-audiencia-publica-nesta-quinta-feira-27\/#breadcrumb\",\"itemListElement\":[{\"@type\":\"ListItem\",\"position\":1,\"name\":\"In\u00edcio\",\"item\":\"https:\/\/www.blogsoestado.com\/danielmatos\/\"},{\"@type\":\"ListItem\",\"position\":2,\"name\":\"Seguran\u00e7a nas escolas: Assembleia discutir\u00e1 tema em audi\u00eancia p\u00fablica nesta quinta-feira (27)\"}]},{\"@type\":\"WebSite\",\"@id\":\"https:\/\/www.blogsoestado.com\/danielmatos\/#website\",\"url\":\"https:\/\/www.blogsoestado.com\/danielmatos\/\",\"name\":\"Daniel Matos\",\"description\":\"\",\"potentialAction\":[{\"@type\":\"SearchAction\",\"target\":{\"@type\":\"EntryPoint\",\"urlTemplate\":\"https:\/\/www.blogsoestado.com\/danielmatos\/?s={search_term_string}\"},\"query-input\":{\"@type\":\"PropertyValueSpecification\",\"valueRequired\":true,\"valueName\":\"search_term_string\"}}],\"inLanguage\":\"pt-BR\"}]}<\/script>\n<!-- \/ Yoast SEO plugin. -->","yoast_head_json":{"title":"Seguran\u00e7a nas escolas: Assembleia discutir\u00e1 tema em audi\u00eancia p\u00fablica nesta quinta-feira (27) - Daniel Matos","robots":{"index":"index","follow":"follow","max-snippet":"max-snippet:-1","max-image-preview":"max-image-preview:large","max-video-preview":"max-video-preview:-1"},"canonical":"https:\/\/www.blogsoestado.com\/danielmatos\/seguranca-nas-escolas-assembleia-discutira-tema-em-audiencia-publica-nesta-quinta-feira-27\/","og_locale":"pt_BR","og_type":"article","og_title":"Seguran\u00e7a nas escolas: Assembleia discutir\u00e1 tema em audi\u00eancia p\u00fablica nesta quinta-feira (27) - Daniel Matos","og_description":"Com o tema \u201cEnfrentamento da viol\u00eancia nas escolas\u201d, uma audi\u00eancia p\u00fablica ser\u00e1 realizada pela Comiss\u00e3o de Educa\u00e7\u00e3o, Desporto, Ci\u00eancia e [&hellip;]","og_url":"https:\/\/www.blogsoestado.com\/danielmatos\/seguranca-nas-escolas-assembleia-discutira-tema-em-audiencia-publica-nesta-quinta-feira-27\/","og_site_name":"Daniel Matos","article_published_time":"2023-04-26T21:10:17+00:00","og_image":[{"url":"https:\/\/www.blogsoestado.com\/danielmatos\/files\/2023\/04\/Screenshot_20230426-1806413.png","type":"","width":"","height":""}],"twitter_card":"summary_large_image","twitter_misc":{"Est. tempo de leitura":"2 minutos"},"schema":{"@context":"https:\/\/schema.org","@graph":[{"@type":"WebPage","@id":"https:\/\/www.blogsoestado.com\/danielmatos\/seguranca-nas-escolas-assembleia-discutira-tema-em-audiencia-publica-nesta-quinta-feira-27\/","url":"https:\/\/www.blogsoestado.com\/danielmatos\/seguranca-nas-escolas-assembleia-discutira-tema-em-audiencia-publica-nesta-quinta-feira-27\/","name":"Seguran\u00e7a nas escolas: Assembleia discutir\u00e1 tema em audi\u00eancia p\u00fablica nesta quinta-feira (27) - Daniel Matos","isPartOf":{"@id":"https:\/\/www.blogsoestado.com\/danielmatos\/#website"},"primaryImageOfPage":{"@id":"https:\/\/www.blogsoestado.com\/danielmatos\/seguranca-nas-escolas-assembleia-discutira-tema-em-audiencia-publica-nesta-quinta-feira-27\/#primaryimage"},"image":{"@id":"https:\/\/www.blogsoestado.com\/danielmatos\/seguranca-nas-escolas-assembleia-discutira-tema-em-audiencia-publica-nesta-quinta-feira-27\/#primaryimage"},"thumbnailUrl":"https:\/\/www.blogsoestado.com\/danielmatos\/files\/2023\/04\/Screenshot_20230426-1806413.png","datePublished":"2023-04-26T21:10:17+00:00","author":{"@id":""},"breadcrumb":{"@id":"https:\/\/www.blogsoestado.com\/danielmatos\/seguranca-nas-escolas-assembleia-discutira-tema-em-audiencia-publica-nesta-quinta-feira-27\/#breadcrumb"},"inLanguage":"pt-BR","potentialAction":[{"@type":"ReadAction","target":["https:\/\/www.blogsoestado.com\/danielmatos\/seguranca-nas-escolas-assembleia-discutira-tema-em-audiencia-publica-nesta-quinta-feira-27\/"]}]},{"@type":"ImageObject","inLanguage":"pt-BR","@id":"https:\/\/www.blogsoestado.com\/danielmatos\/seguranca-nas-escolas-assembleia-discutira-tema-em-audiencia-publica-nesta-quinta-feira-27\/#primaryimage","url":"https:\/\/www.blogsoestado.com\/danielmatos\/files\/2023\/04\/Screenshot_20230426-1806413.png","contentUrl":"https:\/\/www.blogsoestado.com\/danielmatos\/files\/2023\/04\/Screenshot_20230426-1806413.png"},{"@type":"BreadcrumbList","@id":"https:\/\/www.blogsoestado.com\/danielmatos\/seguranca-nas-escolas-assembleia-discutira-tema-em-audiencia-publica-nesta-quinta-feira-27\/#breadcrumb","itemListElement":[{"@type":"ListItem","position":1,"name":"In\u00edcio","item":"https:\/\/www.blogsoestado.com\/danielmatos\/"},{"@type":"ListItem","position":2,"name":"Seguran\u00e7a nas escolas: Assembleia discutir\u00e1 tema em audi\u00eancia p\u00fablica nesta quinta-feira (27)"}]},{"@type":"WebSite","@id":"https:\/\/www.blogsoestado.com\/danielmatos\/#website","url":"https:\/\/www.blogsoestado.com\/danielmatos\/","name":"Daniel Matos","description":"","potentialAction":[{"@type":"SearchAction","target":{"@type":"EntryPoint","urlTemplate":"https:\/\/www.blogsoestado.com\/danielmatos\/?s={search_term_string}"},"query-input":{"@type":"PropertyValueSpecification","valueRequired":true,"valueName":"search_term_string"}}],"inLanguage":"pt-BR"}]}},"jetpack_featured_media_url":"","_links":{"self":[{"href":"https:\/\/www.blogsoestado.com\/danielmatos\/wp-json\/wp\/v2\/posts\/108826","targetHints":{"allow":["GET"]}}],"collection":[{"href":"https:\/\/www.blogsoestado.com\/danielmatos\/wp-json\/wp\/v2\/posts"}],"about":[{"href":"https:\/\/www.blogsoestado.com\/danielmatos\/wp-json\/wp\/v2\/types\/post"}],"replies":[{"embeddable":true,"href":"https:\/\/www.blogsoestado.com\/danielmatos\/wp-json\/wp\/v2\/comments?post=108826"}],"version-history":[{"count":0,"href":"https:\/\/www.blogsoestado.com\/danielmatos\/wp-json\/wp\/v2\/posts\/108826\/revisions"}],"wp:attachment":[{"href":"https:\/\/www.blogsoestado.com\/danielmatos\/wp-json\/wp\/v2\/media?parent=108826"}],"wp:term":[{"taxonomy":"category","embeddable":true,"href":"https:\/\/www.blogsoestado.com\/danielmatos\/wp-json\/wp\/v2\/categories?post=108826"},{"taxonomy":"post_tag","embeddable":true,"href":"https:\/\/www.blogsoestado.com\/danielmatos\/wp-json\/wp\/v2\/tags?post=108826"}],"curies":[{"name":"wp","href":"https:\/\/api.w.org\/{rel}","templated":true}]}}