{"id":108832,"date":"2023-04-26T18:59:51","date_gmt":"2023-04-26T21:59:51","guid":{"rendered":"https:\/\/www.blogsoestado.com\/danielmatos\/?p=108832"},"modified":"2023-04-26T18:59:51","modified_gmt":"2023-04-26T21:59:51","slug":"essa-conquista-e-de-todos-nos-diz-paula-azevedo-durante-reinauguracao-do-caps-ii","status":"publish","type":"post","link":"https:\/\/www.blogsoestado.com\/danielmatos\/essa-conquista-e-de-todos-nos-diz-paula-azevedo-durante-reinauguracao-do-caps-ii\/","title":{"rendered":"&#8220;Essa conquista \u00e9 de todos n\u00f3s\u201d, diz Paula Azevedo durante reinaugura\u00e7\u00e3o do CAPS II"},"content":{"rendered":"\n<div class=\"wp-block-image\"><figure class=\"aligncenter size-large\"><a href=\"https:\/\/www.blogsoestado.com\/danielmatos\/files\/2023\/04\/Screenshot_20230426-1844112.png\"><img decoding=\"async\" src=\"https:\/\/www.blogsoestado.com\/danielmatos\/files\/2023\/04\/Screenshot_20230426-1844112.png\" alt=\"\" class=\"wp-image-108833\"\/><\/a><figcaption>A prefeita Paula Azevedo e demais autoridades dewcerram fita de inaugura\u00e7\u00e3o do C<\/figcaption><\/figure><\/div>\n\n\n\n<p>A Prefeitura de Pa\u00e7o do Lumiar, sob o comando da prefeita Paula Azevedo (PCdoB), inaugurou, na manh\u00e3 desta quarta-feira (26), a nova sede do Centro de Aten\u00e7\u00e3o Psicossocial \u2013 CAPS II. A unidade est\u00e1 localizada na Avenida 14, no conjunto Maiob\u00e3o, e o local foi escolhido em raz\u00e3o do excelente espa\u00e7o f\u00edsico e acessibilidade.<\/p>\n\n\n\n<p>O evento, bastante aguardado pelos luminenses, acabou por superar todas as expectativas, evidenciando, de forma inconteste, a for\u00e7a e o prestigio da prefeita Paula Azevedo (PCdoB), que chegou acompanhada por assessores e familiares, e foi recepcionada pelo presidente da C\u00e2mara Municipal, Jorge Mar\u00fa (Republicanos), e os tamb\u00e9m vereadores Wellington Sousa (PSB) e Rafael Neves (PL).<\/p>\n\n\n\n<p>Durante sua fala, com muita simplicidade, por\u00e9m sem esconder a alegria do feito al\u00e7ado, a prefeita agradeceu a presen\u00e7a de todos e teceu coment\u00e1rio sobre a import\u00e2ncia da presta\u00e7\u00e3o de servi\u00e7o realizado pelo CAPS II.<\/p>\n\n\n\n<p>\u201cEssa conquista \u00e9 um marco para as a\u00e7\u00f5es de sa\u00fade mental no munic\u00edpio. Depois das dificuldades advindas, confesso a minha felicidade, enquanto gestora, em inaugurar essa importante obra. Quero aproveitar o ensejo para agradecer a dedica\u00e7\u00e3o e uni\u00e3o da equipe do CAPS II, a gest\u00e3o de sa\u00fade, os servidores da \u00e1rea e todas as fam\u00edlias que aqui s\u00e3o atendidas. Essa conquista \u00e9 de todos n\u00f3s. Tenho certeza que a partir deste momento, em se tratando de CAPS, nosso munic\u00edpio ser\u00e1 refer\u00eancia para os demais que formam a Regi\u00e3o Metropolitana\u201d, pontou a prefeita.<\/p>\n\n\n\n<p>O presidente da C\u00e2mara Municipal, Jorge Mar\u00fa, lembrou a import\u00e2ncia das politicas p\u00fablicas voltadas para a sa\u00fade mental e parabenizou a gest\u00e3o da prefeita pelo compromisso com os luminenses que precisam desse tipo de tratamento. &#8220;Aqui \u00e9 uma fam\u00edlia, \u00e9 aten\u00e7\u00e3o especial, aten\u00e7\u00e3o que essa equipe multidisciplinar proporciona as pessoas que procuram este local. Aqui gostaria de deixar os meus parab\u00e9ns e dizer que continuaremos avan\u00e7ando na sa\u00fade e em toda a gest\u00e3o da prefeita Paula Azevedo. A C\u00e2mara Municipal estar\u00e1 caminhando junto ao Executivo na implanta\u00e7\u00e3o de politicas que trazem beneficio para o nosso munic\u00edpio\u201d, asseverou o parlamentar.<\/p>\n\n\n\n<p>J\u00e1 a titular da Secretaria de Sa\u00fade, Danielle Pereira Oliveira, enfatizou o trabalho exaustivo que vem sendo realizado pela gest\u00e3o, objetivado assegurar, al\u00e9m das condi\u00e7\u00f5es t\u00e9cnicas, conformo e comodidade ao p\u00fablico alvo.<\/p>\n\n\n\n<p>\u201cRecebemos a estrutura de sa\u00fade deteriorada e sem equipamento. Consertamos e j\u00e1 estamos entregando novos espa\u00e7os, informatizando as unidades; contratamos uma empresa para d\u00e1 um servi\u00e7o de qualidade de remo\u00e7\u00e3o para o SAMU, ou seja, o trabalho tem sido \u00e1rduo. Hoje estamos entregando o CAPS II com uma equipe completa e multiprofissional, e logo mais obras ser\u00e3o disponibilizadas\u201d, destacou.<\/p>\n\n\n\n<p>O diretor do CAPS II, Diego Ra\u00ed Azevedo, foi outra importante pe\u00e7a na engrenagem administrativa, que nesta manh\u00e3, n\u00e3o escondeu a satisfa\u00e7\u00e3o profissional. Em sua fala, ele demonstrou que a presta\u00e7\u00e3o do servi\u00e7o do centro vai muito al\u00e9m da estrutura f\u00edsica, da psicoterapia e da parte medicamentosa.<\/p>\n\n\n\n<p>\u201cQuero agradecer e parabenizar o empenho da prefeita Paula bem como da secret\u00e1ria Danielle. Esse n\u00e3o era um desejo apenas meu, mas da equipe e dos usu\u00e1rios. Hoje, finalmente, conseguimos realizar o sonho de voltar a nossa casa\u201d, finalizou.<\/p>\n\n\n\n<div class=\"wp-block-image\"><figure class=\"aligncenter size-large\"><a href=\"https:\/\/www.blogsoestado.com\/danielmatos\/files\/2023\/04\/Screenshot_20230426-1844442.png\"><img decoding=\"async\" src=\"https:\/\/www.blogsoestado.com\/danielmatos\/files\/2023\/04\/Screenshot_20230426-1844442.png\" alt=\"\" class=\"wp-image-108834\"\/><\/a><figcaption>A prefeita Paula Azevedo conhece as instala\u00e7\u00f5es do novo pr\u00e9dio em meio a aplausos do p\u00fablico presente<\/figcaption><\/figure><\/div>\n\n\n\n<p>Al\u00e9m da prefeita, o evento contou com a presen\u00e7a de t\u00e9cnicos, secret\u00e1rios, representantes do deputado federal Marcio Jerry e estadual Rodrigo Lago, ambos do PCdoB, pacientes, familiares e demais convidados. Ap\u00f3s o discurso, houve uma apresenta\u00e7\u00e3o cultural do boi de orquestra formado pelos pacientes, foi servido lanche e a comitiva da prefeita fez um tour pelas depend\u00eancias f\u00edsicas do local.<\/p>\n\n\n\n<p><strong>DEMANDA EM 2022:<\/strong><\/p>\n\n\n\n<p>No ano passado, a equipe multidisciplinar formada por m\u00e9dico, psic\u00f3logo, educador f\u00edsico e terapeuta ocupacional no CAPS II, prestou 5.615 atendimentos distribu\u00eddos da seguinte forma: 10 reuni\u00f5es entre \u00e0s equipes multiprofissionais e de coordena\u00e7\u00e3o, 04 capacita\u00e7\u00f5es com t\u00e9cnicos da rede e 62 visitas domiciliares.<\/p>\n\n\n\n<p>Tamb\u00e9m foram contabilizados mais de 400 atendimentos de demandas judiciais para acompanhamento de pacientes com necessidade de aten\u00e7\u00e3o psicossocial, 1.366 encontro de grupo, sem contar, ainda, com 425 demandas espont\u00e2neas.<\/p>\n","protected":false},"excerpt":{"rendered":"<p>A Prefeitura de Pa\u00e7o do Lumiar, sob o comando da prefeita Paula Azevedo (PCdoB), inaugurou, na manh\u00e3 desta quarta-feira (26), [&hellip;]<\/p>\n","protected":false},"author":0,"featured_media":0,"comment_status":"open","ping_status":"open","sticky":false,"template":"","format":"standard","meta":{"site-sidebar-layout":"default","site-content-layout":"","ast-site-content-layout":"default","site-content-style":"default","site-sidebar-style":"default","ast-global-header-display":"","ast-banner-title-visibility":"","ast-main-header-display":"","ast-hfb-above-header-display":"","ast-hfb-below-header-display":"","ast-hfb-mobile-header-display":"","site-post-title":"","ast-breadcrumbs-content":"","ast-featured-img":"","footer-sml-layout":"","ast-disable-related-posts":"","theme-transparent-header-meta":"","adv-header-id-meta":"","stick-header-meta":"","header-above-stick-meta":"","header-main-stick-meta":"","header-below-stick-meta":"","astra-migrate-meta-layouts":"default","ast-page-background-enabled":"default","ast-page-background-meta":{"desktop":{"background-color":"var(--ast-global-color-5)","background-image":"","background-repeat":"repeat","background-position":"center center","background-size":"auto","background-attachment":"scroll","background-type":"","background-media":"","overlay-type":"","overlay-color":"","overlay-opacity":"","overlay-gradient":""},"tablet":{"background-color":"","background-image":"","background-repeat":"repeat","background-position":"center center","background-size":"auto","background-attachment":"scroll","background-type":"","background-media":"","overlay-type":"","overlay-color":"","overlay-opacity":"","overlay-gradient":""},"mobile":{"background-color":"","background-image":"","background-repeat":"repeat","background-position":"center center","background-size":"auto","background-attachment":"scroll","background-type":"","background-media":"","overlay-type":"","overlay-color":"","overlay-opacity":"","overlay-gradient":""}},"ast-content-background-meta":{"desktop":{"background-color":"var(--ast-global-color-4)","background-image":"","background-repeat":"repeat","background-position":"center center","background-size":"auto","background-attachment":"scroll","background-type":"","background-media":"","overlay-type":"","overlay-color":"","overlay-opacity":"","overlay-gradient":""},"tablet":{"background-color":"var(--ast-global-color-4)","background-image":"","background-repeat":"repeat","background-position":"center center","background-size":"auto","background-attachment":"scroll","background-type":"","background-media":"","overlay-type":"","overlay-color":"","overlay-opacity":"","overlay-gradient":""},"mobile":{"background-color":"var(--ast-global-color-4)","background-image":"","background-repeat":"repeat","background-position":"center center","background-size":"auto","background-attachment":"scroll","background-type":"","background-media":"","overlay-type":"","overlay-color":"","overlay-opacity":"","overlay-gradient":""}},"footnotes":""},"categories":[1],"tags":[],"class_list":["post-108832","post","type-post","status-publish","format-standard","hentry","category-sem-categoria"],"yoast_head":"<!-- This site is optimized with the Yoast SEO plugin v26.6 - https:\/\/yoast.com\/wordpress\/plugins\/seo\/ -->\n<title>&quot;Essa conquista \u00e9 de todos n\u00f3s\u201d, diz Paula Azevedo durante reinaugura\u00e7\u00e3o do CAPS II - Daniel Matos<\/title>\n<meta name=\"robots\" content=\"index, follow, max-snippet:-1, max-image-preview:large, max-video-preview:-1\" \/>\n<link rel=\"canonical\" href=\"https:\/\/www.blogsoestado.com\/danielmatos\/essa-conquista-e-de-todos-nos-diz-paula-azevedo-durante-reinauguracao-do-caps-ii\/\" \/>\n<meta property=\"og:locale\" content=\"pt_BR\" \/>\n<meta property=\"og:type\" content=\"article\" \/>\n<meta property=\"og:title\" content=\"&quot;Essa conquista \u00e9 de todos n\u00f3s\u201d, diz Paula Azevedo durante reinaugura\u00e7\u00e3o do CAPS II - Daniel Matos\" \/>\n<meta property=\"og:description\" content=\"A Prefeitura de Pa\u00e7o do Lumiar, sob o comando da prefeita Paula Azevedo (PCdoB), inaugurou, na manh\u00e3 desta quarta-feira (26), [&hellip;]\" \/>\n<meta property=\"og:url\" content=\"https:\/\/www.blogsoestado.com\/danielmatos\/essa-conquista-e-de-todos-nos-diz-paula-azevedo-durante-reinauguracao-do-caps-ii\/\" \/>\n<meta property=\"og:site_name\" content=\"Daniel Matos\" \/>\n<meta property=\"article:published_time\" content=\"2023-04-26T21:59:51+00:00\" \/>\n<meta property=\"og:image\" content=\"https:\/\/www.blogsoestado.com\/danielmatos\/files\/2023\/04\/Screenshot_20230426-1844112.png\" \/>\n<meta name=\"twitter:card\" content=\"summary_large_image\" \/>\n<meta name=\"twitter:label1\" content=\"Est. tempo de leitura\" \/>\n\t<meta name=\"twitter:data1\" content=\"4 minutos\" \/>\n<script type=\"application\/ld+json\" class=\"yoast-schema-graph\">{\"@context\":\"https:\/\/schema.org\",\"@graph\":[{\"@type\":\"WebPage\",\"@id\":\"https:\/\/www.blogsoestado.com\/danielmatos\/essa-conquista-e-de-todos-nos-diz-paula-azevedo-durante-reinauguracao-do-caps-ii\/\",\"url\":\"https:\/\/www.blogsoestado.com\/danielmatos\/essa-conquista-e-de-todos-nos-diz-paula-azevedo-durante-reinauguracao-do-caps-ii\/\",\"name\":\"\\\"Essa conquista \u00e9 de todos n\u00f3s\u201d, diz Paula Azevedo durante reinaugura\u00e7\u00e3o do CAPS II - Daniel Matos\",\"isPartOf\":{\"@id\":\"https:\/\/www.blogsoestado.com\/danielmatos\/#website\"},\"primaryImageOfPage\":{\"@id\":\"https:\/\/www.blogsoestado.com\/danielmatos\/essa-conquista-e-de-todos-nos-diz-paula-azevedo-durante-reinauguracao-do-caps-ii\/#primaryimage\"},\"image\":{\"@id\":\"https:\/\/www.blogsoestado.com\/danielmatos\/essa-conquista-e-de-todos-nos-diz-paula-azevedo-durante-reinauguracao-do-caps-ii\/#primaryimage\"},\"thumbnailUrl\":\"https:\/\/www.blogsoestado.com\/danielmatos\/files\/2023\/04\/Screenshot_20230426-1844112.png\",\"datePublished\":\"2023-04-26T21:59:51+00:00\",\"author\":{\"@id\":\"\"},\"breadcrumb\":{\"@id\":\"https:\/\/www.blogsoestado.com\/danielmatos\/essa-conquista-e-de-todos-nos-diz-paula-azevedo-durante-reinauguracao-do-caps-ii\/#breadcrumb\"},\"inLanguage\":\"pt-BR\",\"potentialAction\":[{\"@type\":\"ReadAction\",\"target\":[\"https:\/\/www.blogsoestado.com\/danielmatos\/essa-conquista-e-de-todos-nos-diz-paula-azevedo-durante-reinauguracao-do-caps-ii\/\"]}]},{\"@type\":\"ImageObject\",\"inLanguage\":\"pt-BR\",\"@id\":\"https:\/\/www.blogsoestado.com\/danielmatos\/essa-conquista-e-de-todos-nos-diz-paula-azevedo-durante-reinauguracao-do-caps-ii\/#primaryimage\",\"url\":\"https:\/\/www.blogsoestado.com\/danielmatos\/files\/2023\/04\/Screenshot_20230426-1844112.png\",\"contentUrl\":\"https:\/\/www.blogsoestado.com\/danielmatos\/files\/2023\/04\/Screenshot_20230426-1844112.png\"},{\"@type\":\"BreadcrumbList\",\"@id\":\"https:\/\/www.blogsoestado.com\/danielmatos\/essa-conquista-e-de-todos-nos-diz-paula-azevedo-durante-reinauguracao-do-caps-ii\/#breadcrumb\",\"itemListElement\":[{\"@type\":\"ListItem\",\"position\":1,\"name\":\"In\u00edcio\",\"item\":\"https:\/\/www.blogsoestado.com\/danielmatos\/\"},{\"@type\":\"ListItem\",\"position\":2,\"name\":\"&#8220;Essa conquista \u00e9 de todos n\u00f3s\u201d, diz Paula Azevedo durante reinaugura\u00e7\u00e3o do CAPS II\"}]},{\"@type\":\"WebSite\",\"@id\":\"https:\/\/www.blogsoestado.com\/danielmatos\/#website\",\"url\":\"https:\/\/www.blogsoestado.com\/danielmatos\/\",\"name\":\"Daniel Matos\",\"description\":\"\",\"potentialAction\":[{\"@type\":\"SearchAction\",\"target\":{\"@type\":\"EntryPoint\",\"urlTemplate\":\"https:\/\/www.blogsoestado.com\/danielmatos\/?s={search_term_string}\"},\"query-input\":{\"@type\":\"PropertyValueSpecification\",\"valueRequired\":true,\"valueName\":\"search_term_string\"}}],\"inLanguage\":\"pt-BR\"}]}<\/script>\n<!-- \/ Yoast SEO plugin. -->","yoast_head_json":{"title":"\"Essa conquista \u00e9 de todos n\u00f3s\u201d, diz Paula Azevedo durante reinaugura\u00e7\u00e3o do CAPS II - Daniel Matos","robots":{"index":"index","follow":"follow","max-snippet":"max-snippet:-1","max-image-preview":"max-image-preview:large","max-video-preview":"max-video-preview:-1"},"canonical":"https:\/\/www.blogsoestado.com\/danielmatos\/essa-conquista-e-de-todos-nos-diz-paula-azevedo-durante-reinauguracao-do-caps-ii\/","og_locale":"pt_BR","og_type":"article","og_title":"\"Essa conquista \u00e9 de todos n\u00f3s\u201d, diz Paula Azevedo durante reinaugura\u00e7\u00e3o do CAPS II - Daniel Matos","og_description":"A Prefeitura de Pa\u00e7o do Lumiar, sob o comando da prefeita Paula Azevedo (PCdoB), inaugurou, na manh\u00e3 desta quarta-feira (26), [&hellip;]","og_url":"https:\/\/www.blogsoestado.com\/danielmatos\/essa-conquista-e-de-todos-nos-diz-paula-azevedo-durante-reinauguracao-do-caps-ii\/","og_site_name":"Daniel Matos","article_published_time":"2023-04-26T21:59:51+00:00","og_image":[{"url":"https:\/\/www.blogsoestado.com\/danielmatos\/files\/2023\/04\/Screenshot_20230426-1844112.png","type":"","width":"","height":""}],"twitter_card":"summary_large_image","twitter_misc":{"Est. tempo de leitura":"4 minutos"},"schema":{"@context":"https:\/\/schema.org","@graph":[{"@type":"WebPage","@id":"https:\/\/www.blogsoestado.com\/danielmatos\/essa-conquista-e-de-todos-nos-diz-paula-azevedo-durante-reinauguracao-do-caps-ii\/","url":"https:\/\/www.blogsoestado.com\/danielmatos\/essa-conquista-e-de-todos-nos-diz-paula-azevedo-durante-reinauguracao-do-caps-ii\/","name":"\"Essa conquista \u00e9 de todos n\u00f3s\u201d, diz Paula Azevedo durante reinaugura\u00e7\u00e3o do CAPS II - Daniel Matos","isPartOf":{"@id":"https:\/\/www.blogsoestado.com\/danielmatos\/#website"},"primaryImageOfPage":{"@id":"https:\/\/www.blogsoestado.com\/danielmatos\/essa-conquista-e-de-todos-nos-diz-paula-azevedo-durante-reinauguracao-do-caps-ii\/#primaryimage"},"image":{"@id":"https:\/\/www.blogsoestado.com\/danielmatos\/essa-conquista-e-de-todos-nos-diz-paula-azevedo-durante-reinauguracao-do-caps-ii\/#primaryimage"},"thumbnailUrl":"https:\/\/www.blogsoestado.com\/danielmatos\/files\/2023\/04\/Screenshot_20230426-1844112.png","datePublished":"2023-04-26T21:59:51+00:00","author":{"@id":""},"breadcrumb":{"@id":"https:\/\/www.blogsoestado.com\/danielmatos\/essa-conquista-e-de-todos-nos-diz-paula-azevedo-durante-reinauguracao-do-caps-ii\/#breadcrumb"},"inLanguage":"pt-BR","potentialAction":[{"@type":"ReadAction","target":["https:\/\/www.blogsoestado.com\/danielmatos\/essa-conquista-e-de-todos-nos-diz-paula-azevedo-durante-reinauguracao-do-caps-ii\/"]}]},{"@type":"ImageObject","inLanguage":"pt-BR","@id":"https:\/\/www.blogsoestado.com\/danielmatos\/essa-conquista-e-de-todos-nos-diz-paula-azevedo-durante-reinauguracao-do-caps-ii\/#primaryimage","url":"https:\/\/www.blogsoestado.com\/danielmatos\/files\/2023\/04\/Screenshot_20230426-1844112.png","contentUrl":"https:\/\/www.blogsoestado.com\/danielmatos\/files\/2023\/04\/Screenshot_20230426-1844112.png"},{"@type":"BreadcrumbList","@id":"https:\/\/www.blogsoestado.com\/danielmatos\/essa-conquista-e-de-todos-nos-diz-paula-azevedo-durante-reinauguracao-do-caps-ii\/#breadcrumb","itemListElement":[{"@type":"ListItem","position":1,"name":"In\u00edcio","item":"https:\/\/www.blogsoestado.com\/danielmatos\/"},{"@type":"ListItem","position":2,"name":"&#8220;Essa conquista \u00e9 de todos n\u00f3s\u201d, diz Paula Azevedo durante reinaugura\u00e7\u00e3o do CAPS II"}]},{"@type":"WebSite","@id":"https:\/\/www.blogsoestado.com\/danielmatos\/#website","url":"https:\/\/www.blogsoestado.com\/danielmatos\/","name":"Daniel Matos","description":"","potentialAction":[{"@type":"SearchAction","target":{"@type":"EntryPoint","urlTemplate":"https:\/\/www.blogsoestado.com\/danielmatos\/?s={search_term_string}"},"query-input":{"@type":"PropertyValueSpecification","valueRequired":true,"valueName":"search_term_string"}}],"inLanguage":"pt-BR"}]}},"jetpack_featured_media_url":"","_links":{"self":[{"href":"https:\/\/www.blogsoestado.com\/danielmatos\/wp-json\/wp\/v2\/posts\/108832","targetHints":{"allow":["GET"]}}],"collection":[{"href":"https:\/\/www.blogsoestado.com\/danielmatos\/wp-json\/wp\/v2\/posts"}],"about":[{"href":"https:\/\/www.blogsoestado.com\/danielmatos\/wp-json\/wp\/v2\/types\/post"}],"replies":[{"embeddable":true,"href":"https:\/\/www.blogsoestado.com\/danielmatos\/wp-json\/wp\/v2\/comments?post=108832"}],"version-history":[{"count":0,"href":"https:\/\/www.blogsoestado.com\/danielmatos\/wp-json\/wp\/v2\/posts\/108832\/revisions"}],"wp:attachment":[{"href":"https:\/\/www.blogsoestado.com\/danielmatos\/wp-json\/wp\/v2\/media?parent=108832"}],"wp:term":[{"taxonomy":"category","embeddable":true,"href":"https:\/\/www.blogsoestado.com\/danielmatos\/wp-json\/wp\/v2\/categories?post=108832"},{"taxonomy":"post_tag","embeddable":true,"href":"https:\/\/www.blogsoestado.com\/danielmatos\/wp-json\/wp\/v2\/tags?post=108832"}],"curies":[{"name":"wp","href":"https:\/\/api.w.org\/{rel}","templated":true}]}}