{"id":108840,"date":"2023-04-27T08:00:00","date_gmt":"2023-04-27T11:00:00","guid":{"rendered":"https:\/\/www.blogsoestado.com\/danielmatos\/?p=108840"},"modified":"2023-04-27T08:00:00","modified_gmt":"2023-04-27T11:00:00","slug":"perfil-de-apoio-a-bolsonaro-aponta-contradicao-de-junior-lourenco-e-de-outros-5-deputados-federais-do-pl-por-votos-favoraveis-ao-pl-da-censura","status":"publish","type":"post","link":"https:\/\/www.blogsoestado.com\/danielmatos\/perfil-de-apoio-a-bolsonaro-aponta-contradicao-de-junior-lourenco-e-de-outros-5-deputados-federais-do-pl-por-votos-favoraveis-ao-pl-da-censura\/","title":{"rendered":"Perfil de apoio a Bolsonaro aponta contradi\u00e7\u00e3o de Junior Louren\u00e7o e de outros 5 deputados federais do PL ao votar favor\u00e1vel ao &#8220;PL da Censura&#8221;"},"content":{"rendered":"\n<div class=\"wp-block-image\"><figure class=\"aligncenter size-large\"><a href=\"https:\/\/www.blogsoestado.com\/danielmatos\/files\/2023\/04\/Screenshot_20230426-2120512.png\"><img decoding=\"async\" src=\"https:\/\/www.blogsoestado.com\/danielmatos\/files\/2023\/04\/Screenshot_20230426-2120512.png\" alt=\"\" class=\"wp-image-108841\"\/><\/a><\/figure><\/div>\n\n\n\n<p>Um dos perfis de apoio ao ex-presidente da Rep\u00fablica Jair Bolsonaro mais populares nas redes sociais advertiu publicamente o deputado federal J\u00fanior Louren\u00e7o, do Maranh\u00e3o, e outros cinco parlamentares do Partido Liberal (PL) ap\u00f3s os mesmos terem votado a favor da tramita\u00e7\u00e3o em regime de urg\u00eancia do Projeto de Lei n\u00ba 2630\/2020, batizado pela oposi\u00e7\u00e3o de PL da Censura, que pretende regulamentar o ambiente da internet no Brasil.<\/p>\n\n\n\n<p>Com nada menos que 232 mil seguidores no Instagram, o perfil <a href=\"http:\/\/@jairmessiasbolsonaro5.0\">@jairmessiasbolsonaro5.0<\/a> n\u00e3o s\u00f3 exp\u00f4s o nome de J\u00fanior Louren\u00e7o, como anunciou que o maranhense e os colegas \u00cdcaro de Valmir (SE), Luciano Vieira (RJ), Robinson Faria (RN), Samuel Viana (MG) e Yuri do Pared\u00e3o (CE), que contrariaram a orienta\u00e7\u00e3o do PL na vota\u00e7\u00e3o do pol\u00eamico projeto, ser\u00e3o cobrados pelo ato incoerente.<\/p>\n\n\n\n<p>Sigla que tem Jair Bolsonaro como filiado mais ilustre, o PL elegeu 99 deputados federais no \u00faltimo pleito e tem a maior bancada da C\u00e2mara dos Deputados na atual legislatura. Para dar ci\u00eancia aos seis parlamentares sobre a insatisfa\u00e7\u00e3o dos bolsonaristas com a postura contradit\u00f3ria que assumiram, o administrador do perfil marcou cada uma deles na imponente rede social. <\/p>\n\n\n\n<p><strong>Censura travestida de regulamenta\u00e7\u00e3o<\/strong>?<\/p>\n\n\n\n<p>Tamb\u00e9m conhecido como PL das Fake News, o projeto pretende instituir a Lei Brasileira de Liberdade, Responsabilidade e Transpar\u00eancia na Internet ao estabelecer regras, diretrizes e mecanismos de transpar\u00eancia para redes sociais, como Facebook, Instagram, TikTok e Twitter, ferramentas de busca, como o Google, e outras m\u00eddias digitais.<\/p>\n\n\n\n<p>Com 238 votos a favor e 192 contr\u00e1rios, a C\u00e2mara dos Deputados conseguiu aprovar, na \u00faltima ter\u00e7a-feira (25), o requerimento de urg\u00eancia para o PL da Censura. No entanto, o plen\u00e1rio n\u00e3o conseguiu aprovar a vota\u00e7\u00e3o m\u00e9rito do projeto logo em seguida. Para isso, seriam necess\u00e1rios 257 votos. Como o n\u00famero obtido foi inferior, a proposi\u00e7\u00e3o s\u00f3 ser\u00e1 analisada na pr\u00f3xima semana.<\/p>\n","protected":false},"excerpt":{"rendered":"<p>Um dos perfis de apoio ao ex-presidente da Rep\u00fablica Jair Bolsonaro mais populares nas redes sociais advertiu publicamente o deputado [&hellip;]<\/p>\n","protected":false},"author":0,"featured_media":0,"comment_status":"open","ping_status":"open","sticky":false,"template":"","format":"standard","meta":{"site-sidebar-layout":"default","site-content-layout":"","ast-site-content-layout":"default","site-content-style":"default","site-sidebar-style":"default","ast-global-header-display":"","ast-banner-title-visibility":"","ast-main-header-display":"","ast-hfb-above-header-display":"","ast-hfb-below-header-display":"","ast-hfb-mobile-header-display":"","site-post-title":"","ast-breadcrumbs-content":"","ast-featured-img":"","footer-sml-layout":"","ast-disable-related-posts":"","theme-transparent-header-meta":"","adv-header-id-meta":"","stick-header-meta":"","header-above-stick-meta":"","header-main-stick-meta":"","header-below-stick-meta":"","astra-migrate-meta-layouts":"default","ast-page-background-enabled":"default","ast-page-background-meta":{"desktop":{"background-color":"var(--ast-global-color-5)","background-image":"","background-repeat":"repeat","background-position":"center center","background-size":"auto","background-attachment":"scroll","background-type":"","background-media":"","overlay-type":"","overlay-color":"","overlay-opacity":"","overlay-gradient":""},"tablet":{"background-color":"","background-image":"","background-repeat":"repeat","background-position":"center center","background-size":"auto","background-attachment":"scroll","background-type":"","background-media":"","overlay-type":"","overlay-color":"","overlay-opacity":"","overlay-gradient":""},"mobile":{"background-color":"","background-image":"","background-repeat":"repeat","background-position":"center center","background-size":"auto","background-attachment":"scroll","background-type":"","background-media":"","overlay-type":"","overlay-color":"","overlay-opacity":"","overlay-gradient":""}},"ast-content-background-meta":{"desktop":{"background-color":"var(--ast-global-color-4)","background-image":"","background-repeat":"repeat","background-position":"center center","background-size":"auto","background-attachment":"scroll","background-type":"","background-media":"","overlay-type":"","overlay-color":"","overlay-opacity":"","overlay-gradient":""},"tablet":{"background-color":"var(--ast-global-color-4)","background-image":"","background-repeat":"repeat","background-position":"center center","background-size":"auto","background-attachment":"scroll","background-type":"","background-media":"","overlay-type":"","overlay-color":"","overlay-opacity":"","overlay-gradient":""},"mobile":{"background-color":"var(--ast-global-color-4)","background-image":"","background-repeat":"repeat","background-position":"center center","background-size":"auto","background-attachment":"scroll","background-type":"","background-media":"","overlay-type":"","overlay-color":"","overlay-opacity":"","overlay-gradient":""}},"footnotes":""},"categories":[1],"tags":[],"class_list":["post-108840","post","type-post","status-publish","format-standard","hentry","category-sem-categoria"],"yoast_head":"<!-- This site is optimized with the Yoast SEO plugin v26.6 - https:\/\/yoast.com\/wordpress\/plugins\/seo\/ -->\n<title>Perfil de apoio a Bolsonaro aponta contradi\u00e7\u00e3o de Junior Louren\u00e7o e de outros 5 deputados federais do PL ao votar favor\u00e1vel ao &quot;PL da Censura&quot; - Daniel Matos<\/title>\n<meta name=\"robots\" content=\"index, follow, max-snippet:-1, max-image-preview:large, max-video-preview:-1\" \/>\n<link rel=\"canonical\" href=\"https:\/\/www.blogsoestado.com\/danielmatos\/perfil-de-apoio-a-bolsonaro-aponta-contradicao-de-junior-lourenco-e-de-outros-5-deputados-federais-do-pl-por-votos-favoraveis-ao-pl-da-censura\/\" \/>\n<meta property=\"og:locale\" content=\"pt_BR\" \/>\n<meta property=\"og:type\" content=\"article\" \/>\n<meta property=\"og:title\" content=\"Perfil de apoio a Bolsonaro aponta contradi\u00e7\u00e3o de Junior Louren\u00e7o e de outros 5 deputados federais do PL ao votar favor\u00e1vel ao &quot;PL da Censura&quot; - Daniel Matos\" \/>\n<meta property=\"og:description\" content=\"Um dos perfis de apoio ao ex-presidente da Rep\u00fablica Jair Bolsonaro mais populares nas redes sociais advertiu publicamente o deputado [&hellip;]\" \/>\n<meta property=\"og:url\" content=\"https:\/\/www.blogsoestado.com\/danielmatos\/perfil-de-apoio-a-bolsonaro-aponta-contradicao-de-junior-lourenco-e-de-outros-5-deputados-federais-do-pl-por-votos-favoraveis-ao-pl-da-censura\/\" \/>\n<meta property=\"og:site_name\" content=\"Daniel Matos\" \/>\n<meta property=\"article:published_time\" content=\"2023-04-27T11:00:00+00:00\" \/>\n<meta property=\"og:image\" content=\"https:\/\/www.blogsoestado.com\/danielmatos\/files\/2023\/04\/Screenshot_20230426-2120512.png\" \/>\n<meta name=\"twitter:card\" content=\"summary_large_image\" \/>\n<meta name=\"twitter:label1\" content=\"Est. tempo de leitura\" \/>\n\t<meta name=\"twitter:data1\" content=\"2 minutos\" \/>\n<script type=\"application\/ld+json\" class=\"yoast-schema-graph\">{\"@context\":\"https:\/\/schema.org\",\"@graph\":[{\"@type\":\"WebPage\",\"@id\":\"https:\/\/www.blogsoestado.com\/danielmatos\/perfil-de-apoio-a-bolsonaro-aponta-contradicao-de-junior-lourenco-e-de-outros-5-deputados-federais-do-pl-por-votos-favoraveis-ao-pl-da-censura\/\",\"url\":\"https:\/\/www.blogsoestado.com\/danielmatos\/perfil-de-apoio-a-bolsonaro-aponta-contradicao-de-junior-lourenco-e-de-outros-5-deputados-federais-do-pl-por-votos-favoraveis-ao-pl-da-censura\/\",\"name\":\"Perfil de apoio a Bolsonaro aponta contradi\u00e7\u00e3o de Junior Louren\u00e7o e de outros 5 deputados federais do PL ao votar favor\u00e1vel ao \\\"PL da Censura\\\" - Daniel Matos\",\"isPartOf\":{\"@id\":\"https:\/\/www.blogsoestado.com\/danielmatos\/#website\"},\"primaryImageOfPage\":{\"@id\":\"https:\/\/www.blogsoestado.com\/danielmatos\/perfil-de-apoio-a-bolsonaro-aponta-contradicao-de-junior-lourenco-e-de-outros-5-deputados-federais-do-pl-por-votos-favoraveis-ao-pl-da-censura\/#primaryimage\"},\"image\":{\"@id\":\"https:\/\/www.blogsoestado.com\/danielmatos\/perfil-de-apoio-a-bolsonaro-aponta-contradicao-de-junior-lourenco-e-de-outros-5-deputados-federais-do-pl-por-votos-favoraveis-ao-pl-da-censura\/#primaryimage\"},\"thumbnailUrl\":\"https:\/\/www.blogsoestado.com\/danielmatos\/files\/2023\/04\/Screenshot_20230426-2120512.png\",\"datePublished\":\"2023-04-27T11:00:00+00:00\",\"author\":{\"@id\":\"\"},\"breadcrumb\":{\"@id\":\"https:\/\/www.blogsoestado.com\/danielmatos\/perfil-de-apoio-a-bolsonaro-aponta-contradicao-de-junior-lourenco-e-de-outros-5-deputados-federais-do-pl-por-votos-favoraveis-ao-pl-da-censura\/#breadcrumb\"},\"inLanguage\":\"pt-BR\",\"potentialAction\":[{\"@type\":\"ReadAction\",\"target\":[\"https:\/\/www.blogsoestado.com\/danielmatos\/perfil-de-apoio-a-bolsonaro-aponta-contradicao-de-junior-lourenco-e-de-outros-5-deputados-federais-do-pl-por-votos-favoraveis-ao-pl-da-censura\/\"]}]},{\"@type\":\"ImageObject\",\"inLanguage\":\"pt-BR\",\"@id\":\"https:\/\/www.blogsoestado.com\/danielmatos\/perfil-de-apoio-a-bolsonaro-aponta-contradicao-de-junior-lourenco-e-de-outros-5-deputados-federais-do-pl-por-votos-favoraveis-ao-pl-da-censura\/#primaryimage\",\"url\":\"https:\/\/www.blogsoestado.com\/danielmatos\/files\/2023\/04\/Screenshot_20230426-2120512.png\",\"contentUrl\":\"https:\/\/www.blogsoestado.com\/danielmatos\/files\/2023\/04\/Screenshot_20230426-2120512.png\"},{\"@type\":\"BreadcrumbList\",\"@id\":\"https:\/\/www.blogsoestado.com\/danielmatos\/perfil-de-apoio-a-bolsonaro-aponta-contradicao-de-junior-lourenco-e-de-outros-5-deputados-federais-do-pl-por-votos-favoraveis-ao-pl-da-censura\/#breadcrumb\",\"itemListElement\":[{\"@type\":\"ListItem\",\"position\":1,\"name\":\"In\u00edcio\",\"item\":\"https:\/\/www.blogsoestado.com\/danielmatos\/\"},{\"@type\":\"ListItem\",\"position\":2,\"name\":\"Perfil de apoio a Bolsonaro aponta contradi\u00e7\u00e3o de Junior Louren\u00e7o e de outros 5 deputados federais do PL ao votar favor\u00e1vel ao &#8220;PL da Censura&#8221;\"}]},{\"@type\":\"WebSite\",\"@id\":\"https:\/\/www.blogsoestado.com\/danielmatos\/#website\",\"url\":\"https:\/\/www.blogsoestado.com\/danielmatos\/\",\"name\":\"Daniel Matos\",\"description\":\"\",\"potentialAction\":[{\"@type\":\"SearchAction\",\"target\":{\"@type\":\"EntryPoint\",\"urlTemplate\":\"https:\/\/www.blogsoestado.com\/danielmatos\/?s={search_term_string}\"},\"query-input\":{\"@type\":\"PropertyValueSpecification\",\"valueRequired\":true,\"valueName\":\"search_term_string\"}}],\"inLanguage\":\"pt-BR\"}]}<\/script>\n<!-- \/ Yoast SEO plugin. -->","yoast_head_json":{"title":"Perfil de apoio a Bolsonaro aponta contradi\u00e7\u00e3o de Junior Louren\u00e7o e de outros 5 deputados federais do PL ao votar favor\u00e1vel ao \"PL da Censura\" - Daniel Matos","robots":{"index":"index","follow":"follow","max-snippet":"max-snippet:-1","max-image-preview":"max-image-preview:large","max-video-preview":"max-video-preview:-1"},"canonical":"https:\/\/www.blogsoestado.com\/danielmatos\/perfil-de-apoio-a-bolsonaro-aponta-contradicao-de-junior-lourenco-e-de-outros-5-deputados-federais-do-pl-por-votos-favoraveis-ao-pl-da-censura\/","og_locale":"pt_BR","og_type":"article","og_title":"Perfil de apoio a Bolsonaro aponta contradi\u00e7\u00e3o de Junior Louren\u00e7o e de outros 5 deputados federais do PL ao votar favor\u00e1vel ao \"PL da Censura\" - Daniel Matos","og_description":"Um dos perfis de apoio ao ex-presidente da Rep\u00fablica Jair Bolsonaro mais populares nas redes sociais advertiu publicamente o deputado [&hellip;]","og_url":"https:\/\/www.blogsoestado.com\/danielmatos\/perfil-de-apoio-a-bolsonaro-aponta-contradicao-de-junior-lourenco-e-de-outros-5-deputados-federais-do-pl-por-votos-favoraveis-ao-pl-da-censura\/","og_site_name":"Daniel Matos","article_published_time":"2023-04-27T11:00:00+00:00","og_image":[{"url":"https:\/\/www.blogsoestado.com\/danielmatos\/files\/2023\/04\/Screenshot_20230426-2120512.png","type":"","width":"","height":""}],"twitter_card":"summary_large_image","twitter_misc":{"Est. tempo de leitura":"2 minutos"},"schema":{"@context":"https:\/\/schema.org","@graph":[{"@type":"WebPage","@id":"https:\/\/www.blogsoestado.com\/danielmatos\/perfil-de-apoio-a-bolsonaro-aponta-contradicao-de-junior-lourenco-e-de-outros-5-deputados-federais-do-pl-por-votos-favoraveis-ao-pl-da-censura\/","url":"https:\/\/www.blogsoestado.com\/danielmatos\/perfil-de-apoio-a-bolsonaro-aponta-contradicao-de-junior-lourenco-e-de-outros-5-deputados-federais-do-pl-por-votos-favoraveis-ao-pl-da-censura\/","name":"Perfil de apoio a Bolsonaro aponta contradi\u00e7\u00e3o de Junior Louren\u00e7o e de outros 5 deputados federais do PL ao votar favor\u00e1vel ao \"PL da Censura\" - Daniel Matos","isPartOf":{"@id":"https:\/\/www.blogsoestado.com\/danielmatos\/#website"},"primaryImageOfPage":{"@id":"https:\/\/www.blogsoestado.com\/danielmatos\/perfil-de-apoio-a-bolsonaro-aponta-contradicao-de-junior-lourenco-e-de-outros-5-deputados-federais-do-pl-por-votos-favoraveis-ao-pl-da-censura\/#primaryimage"},"image":{"@id":"https:\/\/www.blogsoestado.com\/danielmatos\/perfil-de-apoio-a-bolsonaro-aponta-contradicao-de-junior-lourenco-e-de-outros-5-deputados-federais-do-pl-por-votos-favoraveis-ao-pl-da-censura\/#primaryimage"},"thumbnailUrl":"https:\/\/www.blogsoestado.com\/danielmatos\/files\/2023\/04\/Screenshot_20230426-2120512.png","datePublished":"2023-04-27T11:00:00+00:00","author":{"@id":""},"breadcrumb":{"@id":"https:\/\/www.blogsoestado.com\/danielmatos\/perfil-de-apoio-a-bolsonaro-aponta-contradicao-de-junior-lourenco-e-de-outros-5-deputados-federais-do-pl-por-votos-favoraveis-ao-pl-da-censura\/#breadcrumb"},"inLanguage":"pt-BR","potentialAction":[{"@type":"ReadAction","target":["https:\/\/www.blogsoestado.com\/danielmatos\/perfil-de-apoio-a-bolsonaro-aponta-contradicao-de-junior-lourenco-e-de-outros-5-deputados-federais-do-pl-por-votos-favoraveis-ao-pl-da-censura\/"]}]},{"@type":"ImageObject","inLanguage":"pt-BR","@id":"https:\/\/www.blogsoestado.com\/danielmatos\/perfil-de-apoio-a-bolsonaro-aponta-contradicao-de-junior-lourenco-e-de-outros-5-deputados-federais-do-pl-por-votos-favoraveis-ao-pl-da-censura\/#primaryimage","url":"https:\/\/www.blogsoestado.com\/danielmatos\/files\/2023\/04\/Screenshot_20230426-2120512.png","contentUrl":"https:\/\/www.blogsoestado.com\/danielmatos\/files\/2023\/04\/Screenshot_20230426-2120512.png"},{"@type":"BreadcrumbList","@id":"https:\/\/www.blogsoestado.com\/danielmatos\/perfil-de-apoio-a-bolsonaro-aponta-contradicao-de-junior-lourenco-e-de-outros-5-deputados-federais-do-pl-por-votos-favoraveis-ao-pl-da-censura\/#breadcrumb","itemListElement":[{"@type":"ListItem","position":1,"name":"In\u00edcio","item":"https:\/\/www.blogsoestado.com\/danielmatos\/"},{"@type":"ListItem","position":2,"name":"Perfil de apoio a Bolsonaro aponta contradi\u00e7\u00e3o de Junior Louren\u00e7o e de outros 5 deputados federais do PL ao votar favor\u00e1vel ao &#8220;PL da Censura&#8221;"}]},{"@type":"WebSite","@id":"https:\/\/www.blogsoestado.com\/danielmatos\/#website","url":"https:\/\/www.blogsoestado.com\/danielmatos\/","name":"Daniel Matos","description":"","potentialAction":[{"@type":"SearchAction","target":{"@type":"EntryPoint","urlTemplate":"https:\/\/www.blogsoestado.com\/danielmatos\/?s={search_term_string}"},"query-input":{"@type":"PropertyValueSpecification","valueRequired":true,"valueName":"search_term_string"}}],"inLanguage":"pt-BR"}]}},"jetpack_featured_media_url":"","_links":{"self":[{"href":"https:\/\/www.blogsoestado.com\/danielmatos\/wp-json\/wp\/v2\/posts\/108840","targetHints":{"allow":["GET"]}}],"collection":[{"href":"https:\/\/www.blogsoestado.com\/danielmatos\/wp-json\/wp\/v2\/posts"}],"about":[{"href":"https:\/\/www.blogsoestado.com\/danielmatos\/wp-json\/wp\/v2\/types\/post"}],"replies":[{"embeddable":true,"href":"https:\/\/www.blogsoestado.com\/danielmatos\/wp-json\/wp\/v2\/comments?post=108840"}],"version-history":[{"count":0,"href":"https:\/\/www.blogsoestado.com\/danielmatos\/wp-json\/wp\/v2\/posts\/108840\/revisions"}],"wp:attachment":[{"href":"https:\/\/www.blogsoestado.com\/danielmatos\/wp-json\/wp\/v2\/media?parent=108840"}],"wp:term":[{"taxonomy":"category","embeddable":true,"href":"https:\/\/www.blogsoestado.com\/danielmatos\/wp-json\/wp\/v2\/categories?post=108840"},{"taxonomy":"post_tag","embeddable":true,"href":"https:\/\/www.blogsoestado.com\/danielmatos\/wp-json\/wp\/v2\/tags?post=108840"}],"curies":[{"name":"wp","href":"https:\/\/api.w.org\/{rel}","templated":true}]}}