{"id":108853,"date":"2023-04-27T09:00:00","date_gmt":"2023-04-27T12:00:00","guid":{"rendered":"https:\/\/www.blogsoestado.com\/danielmatos\/?p=108853"},"modified":"2023-04-27T09:00:00","modified_gmt":"2023-04-27T12:00:00","slug":"pratica-juridica-universidade-ceuma-promovera-debate-academico-sobre-tragedia-da-boate-kiss","status":"publish","type":"post","link":"https:\/\/www.blogsoestado.com\/danielmatos\/pratica-juridica-universidade-ceuma-promovera-debate-academico-sobre-tragedia-da-boate-kiss\/","title":{"rendered":"Pr\u00e1tica jur\u00eddica: Universidade Ceuma promover\u00e1 debate acad\u00eamico sobre trag\u00e9dia da Boate Kiss"},"content":{"rendered":"\n<div class=\"wp-block-image\"><figure class=\"aligncenter size-large\"><a href=\"https:\/\/www.blogsoestado.com\/danielmatos\/files\/2023\/04\/Screenshot_20230427-0107032.png\"><img decoding=\"async\" src=\"https:\/\/www.blogsoestado.com\/danielmatos\/files\/2023\/04\/Screenshot_20230427-0107032-600x1024.png\" alt=\"\" class=\"wp-image-108854\"\/><\/a><\/figure><\/div>\n\n\n\n<p>A Universidade Ceuma promover\u00e1, no dia 10 de maio, \u00e0s 18h30, um debate acad\u00eamico sobre a trag\u00e9dia da Boate Kiss, que h\u00e1 10 anos chocou o pa\u00eds e gerou ampla repercuss\u00e3o internacional por ter provocado a morte de 242 pessoas, v\u00edtimas de um inc\u00eandio na casa de shows, localizada no munic\u00edpio de Santa Maria, no Rio Grande do Sul. Integrada ao cronograma de pr\u00e1tica jur\u00eddica do curso de Direito, a discuss\u00e3o ter\u00e1 como foco as implica\u00e7\u00f5es judiciais do epis\u00f3dio, marcado por sucessivas reviravoltas nos tribunais. O evento \u00e9 voltado a estudantes do Ceuma e ao p\u00fablico externo, que poder\u00e3o participar mediante a realiza\u00e7\u00e3o de <a href=\"https:\/\/www.even3.com.br\/o-caso-da-boate-kiss-o-que-a-defesa-tem-a-dizer-331279?fbclid=PAAaaJ77clASX2qRRW2OrpPjYcYWKMavNZXcxqlOq5mUgjPpnMikOk7IrU3rs\">inscri\u00e7\u00f5es<\/a>.<\/p>\n\n\n\n<p>Para debater o tema, a Universidade Ceuma convidou o advogado criminalista e professor universit\u00e1rio Bruno Menezes, s\u00f3cio da Cipriani, Seligman de Menezes e Puerari Advogado, especialista em Direito Penal Empresarial (PUC\/RS), mestre em Ci\u00eancias Criminais (PUC\/RS), membro d Instituto Brasileiro de Ci\u00eancias Criminais (IBCCRIM) e autor de diversas obras jur\u00eddicas.<\/p>\n\n\n\n<p>O evento ser\u00e1 presencial  e ocorrer\u00e1 em tr\u00eas locais, simultaneamente: Campus Turu (audit\u00f3rio principal),  Campus Renascen\u00e7a (audit\u00f3rio do curso de Medicina) e Campus Imperatriz (audit\u00f3rio principal). Tamb\u00e9m haver\u00e1 transmiss\u00e3o online pelos canais digitais da institui\u00e7\u00e3o de ensino superior.   <\/p>\n\n\n\n<p><strong>A trag\u00e9dia <\/strong><\/p>\n\n\n\n<p>Na madrugada do dia 27 de janeiro de 2013, um domingo, a hist\u00f3ria de&nbsp;<a class=\"\" href=\"https:\/\/g1.globo.com\/rs\/rio-grande-do-sul\/cidade\/santa-maria\/\">Santa Maria<\/a>&nbsp;mudaria para sempre. Um inc\u00eandio atingiu a&nbsp;<a class=\"\" href=\"https:\/\/g1.globo.com\/tudo-sobre\/boate-kiss\/\">boate Kiss<\/a>, no centro da cidade, deixando&nbsp;242 mortos, 636 sobreviventes&nbsp;e&nbsp;marcas que permanecem presentes na mem\u00f3ria da comunidade at\u00e9 hoje. A maioria das v\u00edtimas eram estudantes da Universidade Federal de Santa Maria. <\/p>\n\n\n\n<p>O inc\u00eandio aconteceu durante a apresenta\u00e7\u00e3o da banda Gurizada Fandangueira, uma das atra\u00e7\u00f5es da noite. Enquanto interpretava a m\u00fasica &#8220;Amor de chocolate&#8221;, do cantor Naldo, o grupo musica cal utilizou dispositivos pirot\u00e9cnicos como efeito visual. As fagulhas atingiram a espuma ac\u00fastica que revestia o teto da boate, que pegou fogo. A fuma\u00e7a se espalhou pela casa noturna. <\/p>\n\n\n\n<p>Assim que perceberam o in\u00edcio do inc\u00eandio, centenas de pessoas ficaram desesperadas e come\u00e7aram a correr em busca de uma sa\u00edda para a rua. Testemunhas afirmaram, na \u00e9poca, que seguran\u00e7as da boate tentaram impedir a sa\u00edda dos clientes, mas que logo perceberam a fuma\u00e7a e liberaram a passagem.<\/p>\n\n\n\n<p><strong>J\u00fari anulado<\/strong> <\/p>\n\n\n\n<p>Os quatro r\u00e9us no processo&nbsp;<a class=\"\" href=\"https:\/\/g1.globo.com\/rs\/rio-grande-do-sul\/noticia\/2021\/12\/10\/juri-define-sentenca-de-reus-da-boate-kiss.ghtml\">chegaram a ser condenados<\/a>, mas&nbsp;<a class=\"\" href=\"https:\/\/g1.globo.com\/rs\/rio-grande-do-sul\/noticia\/2022\/08\/03\/caso-kiss-justica-recursos-juri-quatro-reus.ghtml\">o j\u00fari foi anulado pela 1\u00aa C\u00e2mara Criminal do Tribunal de Justi\u00e7a<\/a>. O colegiado considerou que houve&nbsp;<a class=\"\" href=\"https:\/\/g1.globo.com\/rs\/rio-grande-do-sul\/noticia\/2022\/08\/04\/caso-kiss-entenda-por-que-o-juri-foi-anulado-pela-justica-do-rs.ghtml\">falhas em procedimentos formais<\/a>&nbsp;no julgamento. O&nbsp;juiz Orlando Faccini Neto, respons\u00e1vel pelo j\u00fari,&nbsp;pediu desculpas por eventual contribui\u00e7\u00e3o sua na anula\u00e7\u00e3o do julgamento.<\/p>\n\n\n\n<p><strong>Servi\u00e7o<\/strong>. <\/p>\n\n\n\n<p><strong>O que: <\/strong>debate acad\u00eamico sobre a  trag\u00e9dia da Boate Kiss<\/p>\n\n\n\n<p><strong>Quando: <\/strong>10 de maio, \u00e0s 18h30<\/p>\n\n\n\n<p><strong>Onde: <\/strong>Campus Turu (audit\u00f3rio principal), Campus Renascen\u00e7a (audit\u00f3rio do curso de Medicina) e Campus Imperatriz (audit\u00f3rio principal)<\/p>\n\n\n\n<p><strong>Transmiss\u00e3o online: <\/strong>pelos canais digitais da Universidade Ceuma <\/p>\n\n\n\n<p><strong>Carga hor\u00e1ria: <\/strong>4 horas<\/p>\n\n\n\n<p><strong>Valor da inscri\u00e7\u00e3o:<\/strong> R$ 20 para alunos da Universidade Ceuma e R$ 30 para o p\u00fablico externo <\/p>\n\n\n\n<p><strong><span class=\"has-inline-color has-vivid-red-color\">Clique <a href=\"https:\/\/www.even3.com.br\/o-caso-da-boate-kiss-o-que-a-defesa-tem-a-dizer-331279?fbclid=PAAaaJ77clASX2qRRW2OrpPjYcYWKMavNZXcxqlOq5mUgjPpnMikOk7IrU3rs\">aqui<\/a> para efetuar sua inscri\u00e7\u00e3o.<\/span><\/strong><\/p>\n","protected":false},"excerpt":{"rendered":"<p>A Universidade Ceuma promover\u00e1, no dia 10 de maio, \u00e0s 18h30, um debate acad\u00eamico sobre a trag\u00e9dia da Boate Kiss, [&hellip;]<\/p>\n","protected":false},"author":0,"featured_media":0,"comment_status":"open","ping_status":"open","sticky":false,"template":"","format":"standard","meta":{"site-sidebar-layout":"default","site-content-layout":"","ast-site-content-layout":"default","site-content-style":"default","site-sidebar-style":"default","ast-global-header-display":"","ast-banner-title-visibility":"","ast-main-header-display":"","ast-hfb-above-header-display":"","ast-hfb-below-header-display":"","ast-hfb-mobile-header-display":"","site-post-title":"","ast-breadcrumbs-content":"","ast-featured-img":"","footer-sml-layout":"","ast-disable-related-posts":"","theme-transparent-header-meta":"","adv-header-id-meta":"","stick-header-meta":"","header-above-stick-meta":"","header-main-stick-meta":"","header-below-stick-meta":"","astra-migrate-meta-layouts":"default","ast-page-background-enabled":"default","ast-page-background-meta":{"desktop":{"background-color":"var(--ast-global-color-5)","background-image":"","background-repeat":"repeat","background-position":"center center","background-size":"auto","background-attachment":"scroll","background-type":"","background-media":"","overlay-type":"","overlay-color":"","overlay-opacity":"","overlay-gradient":""},"tablet":{"background-color":"","background-image":"","background-repeat":"repeat","background-position":"center center","background-size":"auto","background-attachment":"scroll","background-type":"","background-media":"","overlay-type":"","overlay-color":"","overlay-opacity":"","overlay-gradient":""},"mobile":{"background-color":"","background-image":"","background-repeat":"repeat","background-position":"center center","background-size":"auto","background-attachment":"scroll","background-type":"","background-media":"","overlay-type":"","overlay-color":"","overlay-opacity":"","overlay-gradient":""}},"ast-content-background-meta":{"desktop":{"background-color":"var(--ast-global-color-4)","background-image":"","background-repeat":"repeat","background-position":"center center","background-size":"auto","background-attachment":"scroll","background-type":"","background-media":"","overlay-type":"","overlay-color":"","overlay-opacity":"","overlay-gradient":""},"tablet":{"background-color":"var(--ast-global-color-4)","background-image":"","background-repeat":"repeat","background-position":"center center","background-size":"auto","background-attachment":"scroll","background-type":"","background-media":"","overlay-type":"","overlay-color":"","overlay-opacity":"","overlay-gradient":""},"mobile":{"background-color":"var(--ast-global-color-4)","background-image":"","background-repeat":"repeat","background-position":"center center","background-size":"auto","background-attachment":"scroll","background-type":"","background-media":"","overlay-type":"","overlay-color":"","overlay-opacity":"","overlay-gradient":""}},"footnotes":""},"categories":[1],"tags":[],"class_list":["post-108853","post","type-post","status-publish","format-standard","hentry","category-sem-categoria"],"yoast_head":"<!-- This site is optimized with the Yoast SEO plugin v26.6 - https:\/\/yoast.com\/wordpress\/plugins\/seo\/ -->\n<title>Pr\u00e1tica jur\u00eddica: Universidade Ceuma promover\u00e1 debate acad\u00eamico sobre trag\u00e9dia da Boate Kiss - Daniel Matos<\/title>\n<meta name=\"robots\" content=\"index, follow, max-snippet:-1, max-image-preview:large, max-video-preview:-1\" \/>\n<link rel=\"canonical\" href=\"https:\/\/www.blogsoestado.com\/danielmatos\/pratica-juridica-universidade-ceuma-promovera-debate-academico-sobre-tragedia-da-boate-kiss\/\" \/>\n<meta property=\"og:locale\" content=\"pt_BR\" \/>\n<meta property=\"og:type\" content=\"article\" \/>\n<meta property=\"og:title\" content=\"Pr\u00e1tica jur\u00eddica: Universidade Ceuma promover\u00e1 debate acad\u00eamico sobre trag\u00e9dia da Boate Kiss - Daniel Matos\" \/>\n<meta property=\"og:description\" content=\"A Universidade Ceuma promover\u00e1, no dia 10 de maio, \u00e0s 18h30, um debate acad\u00eamico sobre a trag\u00e9dia da Boate Kiss, [&hellip;]\" \/>\n<meta property=\"og:url\" content=\"https:\/\/www.blogsoestado.com\/danielmatos\/pratica-juridica-universidade-ceuma-promovera-debate-academico-sobre-tragedia-da-boate-kiss\/\" \/>\n<meta property=\"og:site_name\" content=\"Daniel Matos\" \/>\n<meta property=\"article:published_time\" content=\"2023-04-27T12:00:00+00:00\" \/>\n<meta property=\"og:image\" content=\"https:\/\/www.blogsoestado.com\/danielmatos\/files\/2023\/04\/Screenshot_20230427-0107032-600x1024.png\" \/>\n<meta name=\"twitter:card\" content=\"summary_large_image\" \/>\n<meta name=\"twitter:label1\" content=\"Est. tempo de leitura\" \/>\n\t<meta name=\"twitter:data1\" content=\"3 minutos\" \/>\n<script type=\"application\/ld+json\" class=\"yoast-schema-graph\">{\"@context\":\"https:\/\/schema.org\",\"@graph\":[{\"@type\":\"WebPage\",\"@id\":\"https:\/\/www.blogsoestado.com\/danielmatos\/pratica-juridica-universidade-ceuma-promovera-debate-academico-sobre-tragedia-da-boate-kiss\/\",\"url\":\"https:\/\/www.blogsoestado.com\/danielmatos\/pratica-juridica-universidade-ceuma-promovera-debate-academico-sobre-tragedia-da-boate-kiss\/\",\"name\":\"Pr\u00e1tica jur\u00eddica: Universidade Ceuma promover\u00e1 debate acad\u00eamico sobre trag\u00e9dia da Boate Kiss - Daniel Matos\",\"isPartOf\":{\"@id\":\"https:\/\/www.blogsoestado.com\/danielmatos\/#website\"},\"primaryImageOfPage\":{\"@id\":\"https:\/\/www.blogsoestado.com\/danielmatos\/pratica-juridica-universidade-ceuma-promovera-debate-academico-sobre-tragedia-da-boate-kiss\/#primaryimage\"},\"image\":{\"@id\":\"https:\/\/www.blogsoestado.com\/danielmatos\/pratica-juridica-universidade-ceuma-promovera-debate-academico-sobre-tragedia-da-boate-kiss\/#primaryimage\"},\"thumbnailUrl\":\"https:\/\/www.blogsoestado.com\/danielmatos\/files\/2023\/04\/Screenshot_20230427-0107032-600x1024.png\",\"datePublished\":\"2023-04-27T12:00:00+00:00\",\"author\":{\"@id\":\"\"},\"breadcrumb\":{\"@id\":\"https:\/\/www.blogsoestado.com\/danielmatos\/pratica-juridica-universidade-ceuma-promovera-debate-academico-sobre-tragedia-da-boate-kiss\/#breadcrumb\"},\"inLanguage\":\"pt-BR\",\"potentialAction\":[{\"@type\":\"ReadAction\",\"target\":[\"https:\/\/www.blogsoestado.com\/danielmatos\/pratica-juridica-universidade-ceuma-promovera-debate-academico-sobre-tragedia-da-boate-kiss\/\"]}]},{\"@type\":\"ImageObject\",\"inLanguage\":\"pt-BR\",\"@id\":\"https:\/\/www.blogsoestado.com\/danielmatos\/pratica-juridica-universidade-ceuma-promovera-debate-academico-sobre-tragedia-da-boate-kiss\/#primaryimage\",\"url\":\"https:\/\/www.blogsoestado.com\/danielmatos\/files\/2023\/04\/Screenshot_20230427-0107032-600x1024.png\",\"contentUrl\":\"https:\/\/www.blogsoestado.com\/danielmatos\/files\/2023\/04\/Screenshot_20230427-0107032-600x1024.png\"},{\"@type\":\"BreadcrumbList\",\"@id\":\"https:\/\/www.blogsoestado.com\/danielmatos\/pratica-juridica-universidade-ceuma-promovera-debate-academico-sobre-tragedia-da-boate-kiss\/#breadcrumb\",\"itemListElement\":[{\"@type\":\"ListItem\",\"position\":1,\"name\":\"In\u00edcio\",\"item\":\"https:\/\/www.blogsoestado.com\/danielmatos\/\"},{\"@type\":\"ListItem\",\"position\":2,\"name\":\"Pr\u00e1tica jur\u00eddica: Universidade Ceuma promover\u00e1 debate acad\u00eamico sobre trag\u00e9dia da Boate Kiss\"}]},{\"@type\":\"WebSite\",\"@id\":\"https:\/\/www.blogsoestado.com\/danielmatos\/#website\",\"url\":\"https:\/\/www.blogsoestado.com\/danielmatos\/\",\"name\":\"Daniel Matos\",\"description\":\"\",\"potentialAction\":[{\"@type\":\"SearchAction\",\"target\":{\"@type\":\"EntryPoint\",\"urlTemplate\":\"https:\/\/www.blogsoestado.com\/danielmatos\/?s={search_term_string}\"},\"query-input\":{\"@type\":\"PropertyValueSpecification\",\"valueRequired\":true,\"valueName\":\"search_term_string\"}}],\"inLanguage\":\"pt-BR\"}]}<\/script>\n<!-- \/ Yoast SEO plugin. -->","yoast_head_json":{"title":"Pr\u00e1tica jur\u00eddica: Universidade Ceuma promover\u00e1 debate acad\u00eamico sobre trag\u00e9dia da Boate Kiss - Daniel Matos","robots":{"index":"index","follow":"follow","max-snippet":"max-snippet:-1","max-image-preview":"max-image-preview:large","max-video-preview":"max-video-preview:-1"},"canonical":"https:\/\/www.blogsoestado.com\/danielmatos\/pratica-juridica-universidade-ceuma-promovera-debate-academico-sobre-tragedia-da-boate-kiss\/","og_locale":"pt_BR","og_type":"article","og_title":"Pr\u00e1tica jur\u00eddica: Universidade Ceuma promover\u00e1 debate acad\u00eamico sobre trag\u00e9dia da Boate Kiss - Daniel Matos","og_description":"A Universidade Ceuma promover\u00e1, no dia 10 de maio, \u00e0s 18h30, um debate acad\u00eamico sobre a trag\u00e9dia da Boate Kiss, [&hellip;]","og_url":"https:\/\/www.blogsoestado.com\/danielmatos\/pratica-juridica-universidade-ceuma-promovera-debate-academico-sobre-tragedia-da-boate-kiss\/","og_site_name":"Daniel Matos","article_published_time":"2023-04-27T12:00:00+00:00","og_image":[{"url":"https:\/\/www.blogsoestado.com\/danielmatos\/files\/2023\/04\/Screenshot_20230427-0107032-600x1024.png","type":"","width":"","height":""}],"twitter_card":"summary_large_image","twitter_misc":{"Est. tempo de leitura":"3 minutos"},"schema":{"@context":"https:\/\/schema.org","@graph":[{"@type":"WebPage","@id":"https:\/\/www.blogsoestado.com\/danielmatos\/pratica-juridica-universidade-ceuma-promovera-debate-academico-sobre-tragedia-da-boate-kiss\/","url":"https:\/\/www.blogsoestado.com\/danielmatos\/pratica-juridica-universidade-ceuma-promovera-debate-academico-sobre-tragedia-da-boate-kiss\/","name":"Pr\u00e1tica jur\u00eddica: Universidade Ceuma promover\u00e1 debate acad\u00eamico sobre trag\u00e9dia da Boate Kiss - Daniel Matos","isPartOf":{"@id":"https:\/\/www.blogsoestado.com\/danielmatos\/#website"},"primaryImageOfPage":{"@id":"https:\/\/www.blogsoestado.com\/danielmatos\/pratica-juridica-universidade-ceuma-promovera-debate-academico-sobre-tragedia-da-boate-kiss\/#primaryimage"},"image":{"@id":"https:\/\/www.blogsoestado.com\/danielmatos\/pratica-juridica-universidade-ceuma-promovera-debate-academico-sobre-tragedia-da-boate-kiss\/#primaryimage"},"thumbnailUrl":"https:\/\/www.blogsoestado.com\/danielmatos\/files\/2023\/04\/Screenshot_20230427-0107032-600x1024.png","datePublished":"2023-04-27T12:00:00+00:00","author":{"@id":""},"breadcrumb":{"@id":"https:\/\/www.blogsoestado.com\/danielmatos\/pratica-juridica-universidade-ceuma-promovera-debate-academico-sobre-tragedia-da-boate-kiss\/#breadcrumb"},"inLanguage":"pt-BR","potentialAction":[{"@type":"ReadAction","target":["https:\/\/www.blogsoestado.com\/danielmatos\/pratica-juridica-universidade-ceuma-promovera-debate-academico-sobre-tragedia-da-boate-kiss\/"]}]},{"@type":"ImageObject","inLanguage":"pt-BR","@id":"https:\/\/www.blogsoestado.com\/danielmatos\/pratica-juridica-universidade-ceuma-promovera-debate-academico-sobre-tragedia-da-boate-kiss\/#primaryimage","url":"https:\/\/www.blogsoestado.com\/danielmatos\/files\/2023\/04\/Screenshot_20230427-0107032-600x1024.png","contentUrl":"https:\/\/www.blogsoestado.com\/danielmatos\/files\/2023\/04\/Screenshot_20230427-0107032-600x1024.png"},{"@type":"BreadcrumbList","@id":"https:\/\/www.blogsoestado.com\/danielmatos\/pratica-juridica-universidade-ceuma-promovera-debate-academico-sobre-tragedia-da-boate-kiss\/#breadcrumb","itemListElement":[{"@type":"ListItem","position":1,"name":"In\u00edcio","item":"https:\/\/www.blogsoestado.com\/danielmatos\/"},{"@type":"ListItem","position":2,"name":"Pr\u00e1tica jur\u00eddica: Universidade Ceuma promover\u00e1 debate acad\u00eamico sobre trag\u00e9dia da Boate Kiss"}]},{"@type":"WebSite","@id":"https:\/\/www.blogsoestado.com\/danielmatos\/#website","url":"https:\/\/www.blogsoestado.com\/danielmatos\/","name":"Daniel Matos","description":"","potentialAction":[{"@type":"SearchAction","target":{"@type":"EntryPoint","urlTemplate":"https:\/\/www.blogsoestado.com\/danielmatos\/?s={search_term_string}"},"query-input":{"@type":"PropertyValueSpecification","valueRequired":true,"valueName":"search_term_string"}}],"inLanguage":"pt-BR"}]}},"jetpack_featured_media_url":"","_links":{"self":[{"href":"https:\/\/www.blogsoestado.com\/danielmatos\/wp-json\/wp\/v2\/posts\/108853","targetHints":{"allow":["GET"]}}],"collection":[{"href":"https:\/\/www.blogsoestado.com\/danielmatos\/wp-json\/wp\/v2\/posts"}],"about":[{"href":"https:\/\/www.blogsoestado.com\/danielmatos\/wp-json\/wp\/v2\/types\/post"}],"replies":[{"embeddable":true,"href":"https:\/\/www.blogsoestado.com\/danielmatos\/wp-json\/wp\/v2\/comments?post=108853"}],"version-history":[{"count":0,"href":"https:\/\/www.blogsoestado.com\/danielmatos\/wp-json\/wp\/v2\/posts\/108853\/revisions"}],"wp:attachment":[{"href":"https:\/\/www.blogsoestado.com\/danielmatos\/wp-json\/wp\/v2\/media?parent=108853"}],"wp:term":[{"taxonomy":"category","embeddable":true,"href":"https:\/\/www.blogsoestado.com\/danielmatos\/wp-json\/wp\/v2\/categories?post=108853"},{"taxonomy":"post_tag","embeddable":true,"href":"https:\/\/www.blogsoestado.com\/danielmatos\/wp-json\/wp\/v2\/tags?post=108853"}],"curies":[{"name":"wp","href":"https:\/\/api.w.org\/{rel}","templated":true}]}}