{"id":108858,"date":"2023-04-27T08:48:20","date_gmt":"2023-04-27T11:48:20","guid":{"rendered":"https:\/\/www.blogsoestado.com\/danielmatos\/?p=108858"},"modified":"2023-04-27T08:48:20","modified_gmt":"2023-04-27T11:48:20","slug":"onibus-que-atendem-regiao-metropolitana-voltam-a-circular-a-partir-do-meio-dia-desta-quinta-feira-27","status":"publish","type":"post","link":"https:\/\/www.blogsoestado.com\/danielmatos\/onibus-que-atendem-regiao-metropolitana-voltam-a-circular-a-partir-do-meio-dia-desta-quinta-feira-27\/","title":{"rendered":"\u00d4nibus que atendem regi\u00e3o metropolitana voltam a circular a partir do meio-dia desta quinta-feira (27)"},"content":{"rendered":"\n<div class=\"wp-block-image\"><figure class=\"aligncenter size-large\"><a href=\"https:\/\/www.blogsoestado.com\/danielmatos\/files\/2023\/04\/Screenshot_20230427-0840032.png\"><img decoding=\"async\" src=\"https:\/\/www.blogsoestado.com\/danielmatos\/files\/2023\/04\/Screenshot_20230427-0840032.png\" alt=\"\" class=\"wp-image-108859\"\/><\/a><figcaption>O diretor-executivo do SET, Paulo Renato Pires, participou da reuni\u00e3o na sede da MOB na qual foi definida a volta da circula\u00e7\u00e3o dos \u00f4nibus semiurbanos<\/figcaption><\/figure><\/div>\n\n\n\n<p>Gra\u00e7as ao empenho do Governo do Estado, por meio da MOB, e do Sindicato das Empresas de Transporte de Passageiros de S\u00e3o Lu\u00eds (SET), mais de 70 linhas de \u00f4nibus do Sistema Metropolitano (30%) devem voltar a circular a partir do meio-dia desta quinta-feira, 27.<\/p>\n\n\n\n<p>A diretoria do SET informou que est\u00e1 atenta para garantir a operacionaliza\u00e7\u00e3o da circula\u00e7\u00e3o das linhas dos \u00f4nibus semiurbanos. Solid\u00e1rio ao cen\u00e1rio que a popula\u00e7\u00e3o usu\u00e1ria do transporte p\u00fablico vem enfrentando desde a \u00faltima ter\u00e7a feira, o sindicato empresarial n\u00e3o tem medido esfor\u00e7os para encontrar a solu\u00e7\u00e3o para o problema, causado pela falta de repasse do subs\u00eddio pelo Munic\u00edpio de S\u00e3o Lu\u00eds, em total afronta ao acordo realizado em fevereiro.<\/p>\n\n\n\n<p>Em reuni\u00e3o realizada nesta quarta-feira (26) com o presidente da MOB, Adriano Sarney, ficou acordado a operacionaliza\u00e7\u00e3o em 30% da frota de \u00f4nibus que atua no itiner\u00e1rio metropolitano j\u00e1 no final da manh\u00e3 desta quinta feira, dia 27.\u00a0<\/p>\n\n\n\n<p>A diretoria do SET enfatizou que o Governo do Estado do Maranh\u00e3o nunca fechou as portas ao di\u00e1logo e vem cumprindo sua parte no acordo ao qual deu anu\u00eancia. E foi assim que conseguimos chegar a essa solu\u00e7\u00e3o.<\/p>\n\n\n\n<p>Tamb\u00e9m ficou acordado que o usu\u00e1rio do transporte p\u00fablico poder\u00e1 contar com um itiner\u00e1rio ampliado, pois as linhas que atuam no semiurbano far\u00e3o um trajeto estendido at\u00e9 o centro de S\u00e3o Lu\u00eds e vice versa, solu\u00e7\u00e3o que ameniza o quadro atual.<\/p>\n","protected":false},"excerpt":{"rendered":"<p>Gra\u00e7as ao empenho do Governo do Estado, por meio da MOB, e do Sindicato das Empresas de Transporte de Passageiros [&hellip;]<\/p>\n","protected":false},"author":0,"featured_media":0,"comment_status":"open","ping_status":"open","sticky":false,"template":"","format":"standard","meta":{"site-sidebar-layout":"default","site-content-layout":"","ast-site-content-layout":"default","site-content-style":"default","site-sidebar-style":"default","ast-global-header-display":"","ast-banner-title-visibility":"","ast-main-header-display":"","ast-hfb-above-header-display":"","ast-hfb-below-header-display":"","ast-hfb-mobile-header-display":"","site-post-title":"","ast-breadcrumbs-content":"","ast-featured-img":"","footer-sml-layout":"","ast-disable-related-posts":"","theme-transparent-header-meta":"","adv-header-id-meta":"","stick-header-meta":"","header-above-stick-meta":"","header-main-stick-meta":"","header-below-stick-meta":"","astra-migrate-meta-layouts":"default","ast-page-background-enabled":"default","ast-page-background-meta":{"desktop":{"background-color":"var(--ast-global-color-5)","background-image":"","background-repeat":"repeat","background-position":"center center","background-size":"auto","background-attachment":"scroll","background-type":"","background-media":"","overlay-type":"","overlay-color":"","overlay-opacity":"","overlay-gradient":""},"tablet":{"background-color":"","background-image":"","background-repeat":"repeat","background-position":"center center","background-size":"auto","background-attachment":"scroll","background-type":"","background-media":"","overlay-type":"","overlay-color":"","overlay-opacity":"","overlay-gradient":""},"mobile":{"background-color":"","background-image":"","background-repeat":"repeat","background-position":"center center","background-size":"auto","background-attachment":"scroll","background-type":"","background-media":"","overlay-type":"","overlay-color":"","overlay-opacity":"","overlay-gradient":""}},"ast-content-background-meta":{"desktop":{"background-color":"var(--ast-global-color-4)","background-image":"","background-repeat":"repeat","background-position":"center center","background-size":"auto","background-attachment":"scroll","background-type":"","background-media":"","overlay-type":"","overlay-color":"","overlay-opacity":"","overlay-gradient":""},"tablet":{"background-color":"var(--ast-global-color-4)","background-image":"","background-repeat":"repeat","background-position":"center center","background-size":"auto","background-attachment":"scroll","background-type":"","background-media":"","overlay-type":"","overlay-color":"","overlay-opacity":"","overlay-gradient":""},"mobile":{"background-color":"var(--ast-global-color-4)","background-image":"","background-repeat":"repeat","background-position":"center center","background-size":"auto","background-attachment":"scroll","background-type":"","background-media":"","overlay-type":"","overlay-color":"","overlay-opacity":"","overlay-gradient":""}},"footnotes":""},"categories":[1],"tags":[],"class_list":["post-108858","post","type-post","status-publish","format-standard","hentry","category-sem-categoria"],"yoast_head":"<!-- This site is optimized with the Yoast SEO plugin v26.6 - https:\/\/yoast.com\/wordpress\/plugins\/seo\/ -->\n<title>\u00d4nibus que atendem regi\u00e3o metropolitana voltam a circular a partir do meio-dia desta quinta-feira (27) - Daniel Matos<\/title>\n<meta name=\"robots\" content=\"index, follow, max-snippet:-1, max-image-preview:large, max-video-preview:-1\" \/>\n<link rel=\"canonical\" href=\"https:\/\/www.blogsoestado.com\/danielmatos\/onibus-que-atendem-regiao-metropolitana-voltam-a-circular-a-partir-do-meio-dia-desta-quinta-feira-27\/\" \/>\n<meta property=\"og:locale\" content=\"pt_BR\" \/>\n<meta property=\"og:type\" content=\"article\" \/>\n<meta property=\"og:title\" content=\"\u00d4nibus que atendem regi\u00e3o metropolitana voltam a circular a partir do meio-dia desta quinta-feira (27) - Daniel Matos\" \/>\n<meta property=\"og:description\" content=\"Gra\u00e7as ao empenho do Governo do Estado, por meio da MOB, e do Sindicato das Empresas de Transporte de Passageiros [&hellip;]\" \/>\n<meta property=\"og:url\" content=\"https:\/\/www.blogsoestado.com\/danielmatos\/onibus-que-atendem-regiao-metropolitana-voltam-a-circular-a-partir-do-meio-dia-desta-quinta-feira-27\/\" \/>\n<meta property=\"og:site_name\" content=\"Daniel Matos\" \/>\n<meta property=\"article:published_time\" content=\"2023-04-27T11:48:20+00:00\" \/>\n<meta property=\"og:image\" content=\"https:\/\/www.blogsoestado.com\/danielmatos\/files\/2023\/04\/Screenshot_20230427-0840032.png\" \/>\n<meta name=\"twitter:card\" content=\"summary_large_image\" \/>\n<meta name=\"twitter:label1\" content=\"Est. tempo de leitura\" \/>\n\t<meta name=\"twitter:data1\" content=\"2 minutos\" \/>\n<script type=\"application\/ld+json\" class=\"yoast-schema-graph\">{\"@context\":\"https:\/\/schema.org\",\"@graph\":[{\"@type\":\"WebPage\",\"@id\":\"https:\/\/www.blogsoestado.com\/danielmatos\/onibus-que-atendem-regiao-metropolitana-voltam-a-circular-a-partir-do-meio-dia-desta-quinta-feira-27\/\",\"url\":\"https:\/\/www.blogsoestado.com\/danielmatos\/onibus-que-atendem-regiao-metropolitana-voltam-a-circular-a-partir-do-meio-dia-desta-quinta-feira-27\/\",\"name\":\"\u00d4nibus que atendem regi\u00e3o metropolitana voltam a circular a partir do meio-dia desta quinta-feira (27) - Daniel Matos\",\"isPartOf\":{\"@id\":\"https:\/\/www.blogsoestado.com\/danielmatos\/#website\"},\"primaryImageOfPage\":{\"@id\":\"https:\/\/www.blogsoestado.com\/danielmatos\/onibus-que-atendem-regiao-metropolitana-voltam-a-circular-a-partir-do-meio-dia-desta-quinta-feira-27\/#primaryimage\"},\"image\":{\"@id\":\"https:\/\/www.blogsoestado.com\/danielmatos\/onibus-que-atendem-regiao-metropolitana-voltam-a-circular-a-partir-do-meio-dia-desta-quinta-feira-27\/#primaryimage\"},\"thumbnailUrl\":\"https:\/\/www.blogsoestado.com\/danielmatos\/files\/2023\/04\/Screenshot_20230427-0840032.png\",\"datePublished\":\"2023-04-27T11:48:20+00:00\",\"author\":{\"@id\":\"\"},\"breadcrumb\":{\"@id\":\"https:\/\/www.blogsoestado.com\/danielmatos\/onibus-que-atendem-regiao-metropolitana-voltam-a-circular-a-partir-do-meio-dia-desta-quinta-feira-27\/#breadcrumb\"},\"inLanguage\":\"pt-BR\",\"potentialAction\":[{\"@type\":\"ReadAction\",\"target\":[\"https:\/\/www.blogsoestado.com\/danielmatos\/onibus-que-atendem-regiao-metropolitana-voltam-a-circular-a-partir-do-meio-dia-desta-quinta-feira-27\/\"]}]},{\"@type\":\"ImageObject\",\"inLanguage\":\"pt-BR\",\"@id\":\"https:\/\/www.blogsoestado.com\/danielmatos\/onibus-que-atendem-regiao-metropolitana-voltam-a-circular-a-partir-do-meio-dia-desta-quinta-feira-27\/#primaryimage\",\"url\":\"https:\/\/www.blogsoestado.com\/danielmatos\/files\/2023\/04\/Screenshot_20230427-0840032.png\",\"contentUrl\":\"https:\/\/www.blogsoestado.com\/danielmatos\/files\/2023\/04\/Screenshot_20230427-0840032.png\"},{\"@type\":\"BreadcrumbList\",\"@id\":\"https:\/\/www.blogsoestado.com\/danielmatos\/onibus-que-atendem-regiao-metropolitana-voltam-a-circular-a-partir-do-meio-dia-desta-quinta-feira-27\/#breadcrumb\",\"itemListElement\":[{\"@type\":\"ListItem\",\"position\":1,\"name\":\"In\u00edcio\",\"item\":\"https:\/\/www.blogsoestado.com\/danielmatos\/\"},{\"@type\":\"ListItem\",\"position\":2,\"name\":\"\u00d4nibus que atendem regi\u00e3o metropolitana voltam a circular a partir do meio-dia desta quinta-feira (27)\"}]},{\"@type\":\"WebSite\",\"@id\":\"https:\/\/www.blogsoestado.com\/danielmatos\/#website\",\"url\":\"https:\/\/www.blogsoestado.com\/danielmatos\/\",\"name\":\"Daniel Matos\",\"description\":\"\",\"potentialAction\":[{\"@type\":\"SearchAction\",\"target\":{\"@type\":\"EntryPoint\",\"urlTemplate\":\"https:\/\/www.blogsoestado.com\/danielmatos\/?s={search_term_string}\"},\"query-input\":{\"@type\":\"PropertyValueSpecification\",\"valueRequired\":true,\"valueName\":\"search_term_string\"}}],\"inLanguage\":\"pt-BR\"}]}<\/script>\n<!-- \/ Yoast SEO plugin. -->","yoast_head_json":{"title":"\u00d4nibus que atendem regi\u00e3o metropolitana voltam a circular a partir do meio-dia desta quinta-feira (27) - Daniel Matos","robots":{"index":"index","follow":"follow","max-snippet":"max-snippet:-1","max-image-preview":"max-image-preview:large","max-video-preview":"max-video-preview:-1"},"canonical":"https:\/\/www.blogsoestado.com\/danielmatos\/onibus-que-atendem-regiao-metropolitana-voltam-a-circular-a-partir-do-meio-dia-desta-quinta-feira-27\/","og_locale":"pt_BR","og_type":"article","og_title":"\u00d4nibus que atendem regi\u00e3o metropolitana voltam a circular a partir do meio-dia desta quinta-feira (27) - Daniel Matos","og_description":"Gra\u00e7as ao empenho do Governo do Estado, por meio da MOB, e do Sindicato das Empresas de Transporte de Passageiros [&hellip;]","og_url":"https:\/\/www.blogsoestado.com\/danielmatos\/onibus-que-atendem-regiao-metropolitana-voltam-a-circular-a-partir-do-meio-dia-desta-quinta-feira-27\/","og_site_name":"Daniel Matos","article_published_time":"2023-04-27T11:48:20+00:00","og_image":[{"url":"https:\/\/www.blogsoestado.com\/danielmatos\/files\/2023\/04\/Screenshot_20230427-0840032.png","type":"","width":"","height":""}],"twitter_card":"summary_large_image","twitter_misc":{"Est. tempo de leitura":"2 minutos"},"schema":{"@context":"https:\/\/schema.org","@graph":[{"@type":"WebPage","@id":"https:\/\/www.blogsoestado.com\/danielmatos\/onibus-que-atendem-regiao-metropolitana-voltam-a-circular-a-partir-do-meio-dia-desta-quinta-feira-27\/","url":"https:\/\/www.blogsoestado.com\/danielmatos\/onibus-que-atendem-regiao-metropolitana-voltam-a-circular-a-partir-do-meio-dia-desta-quinta-feira-27\/","name":"\u00d4nibus que atendem regi\u00e3o metropolitana voltam a circular a partir do meio-dia desta quinta-feira (27) - Daniel Matos","isPartOf":{"@id":"https:\/\/www.blogsoestado.com\/danielmatos\/#website"},"primaryImageOfPage":{"@id":"https:\/\/www.blogsoestado.com\/danielmatos\/onibus-que-atendem-regiao-metropolitana-voltam-a-circular-a-partir-do-meio-dia-desta-quinta-feira-27\/#primaryimage"},"image":{"@id":"https:\/\/www.blogsoestado.com\/danielmatos\/onibus-que-atendem-regiao-metropolitana-voltam-a-circular-a-partir-do-meio-dia-desta-quinta-feira-27\/#primaryimage"},"thumbnailUrl":"https:\/\/www.blogsoestado.com\/danielmatos\/files\/2023\/04\/Screenshot_20230427-0840032.png","datePublished":"2023-04-27T11:48:20+00:00","author":{"@id":""},"breadcrumb":{"@id":"https:\/\/www.blogsoestado.com\/danielmatos\/onibus-que-atendem-regiao-metropolitana-voltam-a-circular-a-partir-do-meio-dia-desta-quinta-feira-27\/#breadcrumb"},"inLanguage":"pt-BR","potentialAction":[{"@type":"ReadAction","target":["https:\/\/www.blogsoestado.com\/danielmatos\/onibus-que-atendem-regiao-metropolitana-voltam-a-circular-a-partir-do-meio-dia-desta-quinta-feira-27\/"]}]},{"@type":"ImageObject","inLanguage":"pt-BR","@id":"https:\/\/www.blogsoestado.com\/danielmatos\/onibus-que-atendem-regiao-metropolitana-voltam-a-circular-a-partir-do-meio-dia-desta-quinta-feira-27\/#primaryimage","url":"https:\/\/www.blogsoestado.com\/danielmatos\/files\/2023\/04\/Screenshot_20230427-0840032.png","contentUrl":"https:\/\/www.blogsoestado.com\/danielmatos\/files\/2023\/04\/Screenshot_20230427-0840032.png"},{"@type":"BreadcrumbList","@id":"https:\/\/www.blogsoestado.com\/danielmatos\/onibus-que-atendem-regiao-metropolitana-voltam-a-circular-a-partir-do-meio-dia-desta-quinta-feira-27\/#breadcrumb","itemListElement":[{"@type":"ListItem","position":1,"name":"In\u00edcio","item":"https:\/\/www.blogsoestado.com\/danielmatos\/"},{"@type":"ListItem","position":2,"name":"\u00d4nibus que atendem regi\u00e3o metropolitana voltam a circular a partir do meio-dia desta quinta-feira (27)"}]},{"@type":"WebSite","@id":"https:\/\/www.blogsoestado.com\/danielmatos\/#website","url":"https:\/\/www.blogsoestado.com\/danielmatos\/","name":"Daniel Matos","description":"","potentialAction":[{"@type":"SearchAction","target":{"@type":"EntryPoint","urlTemplate":"https:\/\/www.blogsoestado.com\/danielmatos\/?s={search_term_string}"},"query-input":{"@type":"PropertyValueSpecification","valueRequired":true,"valueName":"search_term_string"}}],"inLanguage":"pt-BR"}]}},"jetpack_featured_media_url":"","_links":{"self":[{"href":"https:\/\/www.blogsoestado.com\/danielmatos\/wp-json\/wp\/v2\/posts\/108858","targetHints":{"allow":["GET"]}}],"collection":[{"href":"https:\/\/www.blogsoestado.com\/danielmatos\/wp-json\/wp\/v2\/posts"}],"about":[{"href":"https:\/\/www.blogsoestado.com\/danielmatos\/wp-json\/wp\/v2\/types\/post"}],"replies":[{"embeddable":true,"href":"https:\/\/www.blogsoestado.com\/danielmatos\/wp-json\/wp\/v2\/comments?post=108858"}],"version-history":[{"count":0,"href":"https:\/\/www.blogsoestado.com\/danielmatos\/wp-json\/wp\/v2\/posts\/108858\/revisions"}],"wp:attachment":[{"href":"https:\/\/www.blogsoestado.com\/danielmatos\/wp-json\/wp\/v2\/media?parent=108858"}],"wp:term":[{"taxonomy":"category","embeddable":true,"href":"https:\/\/www.blogsoestado.com\/danielmatos\/wp-json\/wp\/v2\/categories?post=108858"},{"taxonomy":"post_tag","embeddable":true,"href":"https:\/\/www.blogsoestado.com\/danielmatos\/wp-json\/wp\/v2\/tags?post=108858"}],"curies":[{"name":"wp","href":"https:\/\/api.w.org\/{rel}","templated":true}]}}