{"id":108864,"date":"2023-04-29T09:00:00","date_gmt":"2023-04-29T12:00:00","guid":{"rendered":"https:\/\/www.blogsoestado.com\/danielmatos\/?p=108864"},"modified":"2023-04-29T09:00:00","modified_gmt":"2023-04-29T12:00:00","slug":"trf-1-altera-classificacao-de-aprovado-em-concurso-da-ufma-para-tornar-possivel-nomeacao-mesmo-sem-diploma","status":"publish","type":"post","link":"https:\/\/www.blogsoestado.com\/danielmatos\/trf-1-altera-classificacao-de-aprovado-em-concurso-da-ufma-para-tornar-possivel-nomeacao-mesmo-sem-diploma\/","title":{"rendered":"TRF-1 altera classifica\u00e7\u00e3o de aprovado em concurso da UFMA que foi nomeado sem concluir gradua\u00e7\u00e3o"},"content":{"rendered":"\n<div class=\"wp-block-image\"><figure class=\"alignright size-large\"><a href=\"https:\/\/www.blogsoestado.com\/danielmatos\/files\/2023\/04\/CONCURSO.jpg\"><img decoding=\"async\" src=\"https:\/\/www.blogsoestado.com\/danielmatos\/files\/2023\/04\/CONCURSO.jpg\" alt=\"\" class=\"wp-image-108865\"\/><\/a><\/figure><\/div>\n\n\n\n<p>A Funda\u00e7\u00e3o Universidade Federal do Maranh\u00e3o &#8211; Universidade Federal do Maranh\u00e3o &#8211; recorreu ao Tribunal Regional Federal da 1\u00aa Regi\u00e3o (TRF1) de senten\u00e7a que garantiu a recoloca\u00e7\u00e3o de um candidato na \u00faltima posi\u00e7\u00e3o da lista de classifica\u00e7\u00e3o dos aprovados em concurso para o cargo de tradutor-int\u00e9rprete da institui\u00e7\u00e3o.<\/p>\n\n\n\n<p>Ao analisar o caso, a 5\u00aa Turma negou o recurso, pois entendeu que o reposicionamento do candidato na lista de aprovados, ainda que n\u00e3o previsto no edital, n\u00e3o gera qualquer preju\u00edzo \u00e0 Administra\u00e7\u00e3o P\u00fablica ou a outro candidato.<\/p>\n\n\n\n<p>Na hip\u00f3tese, o autor foi aprovado em primeiro lugar no concurso p\u00fablico para o cargo de tradutor-int\u00e9rprete da UFMA. No entanto, por n\u00e3o ter terminado a gradua\u00e7\u00e3o \u00e0 \u00e9poca da nomea\u00e7\u00e3o, ingressou com a a\u00e7\u00e3o para prolongar o prazo de posse ou coloca\u00e7\u00e3o para o fim da fila dos classificados.<\/p>\n\n\n\n<p>Em sua apela\u00e7\u00e3o, a UFMA alegou que \u201co preenchimento dos requisitos para investidura em cargo p\u00fablico deve ocorrer at\u00e9 a data da posse, n\u00e3o sendo poss\u00edvel o seu atendimento posteriormente\u201d e defendeu que o candidato n\u00e3o cumpriu as exig\u00eancias previstas no edital, \u201cn\u00e3o tendo assim direito \u00e0 posse, nem a manuten\u00e7\u00e3o em lista de aprovados, depois de deixar transcorrer em branco o prazo estipulado para posse sem ado\u00e7\u00e3o de quaisquer provid\u00eancias junto \u00e0 Institui\u00e7\u00e3o de Ensino Superior\u201d.<\/p>\n\n\n\n<p><strong>Sem preju\u00edzo \u00e0 Administra\u00e7\u00e3o P\u00fablica<\/strong>&nbsp;\u2013 Ao julgar o caso, o relator do processo, desembargador federal Carlos Augusto Pires Brand\u00e3o, destacou que conforme jurisprud\u00eancia do TRF1, a proibi\u00e7\u00e3o de reposicionamento do candidato n\u00e3o \u00e9 razo\u00e1vel, \u201cna medida em que provid\u00eancia nesse sentido n\u00e3o causa qualquer preju\u00edzo aos demais candidatos que lograram \u00eaxito no certame, tampouco \u00e0 Administra\u00e7\u00e3o P\u00fablica\u201d, destacou.<\/p>\n\n\n\n<p>J\u00e1 em rela\u00e7\u00e3o ao pedido ter sido feito ap\u00f3s a nomea\u00e7\u00e3o, tamb\u00e9m reiterando julgado da Corte, afirmou que \u201cn\u00e3o altera a situa\u00e7\u00e3o f\u00e1tica, n\u00e3o trazendo nenhum preju\u00edzo substancial \u00e0 Administra\u00e7\u00e3o, que apenas ter\u00e1 que elaborar nova portaria tornando sem efeito a nomea\u00e7\u00e3o do impetrante, bem como n\u00e3o implica em preju\u00edzo aos demais candidatos, sendo que, o \u00fanico que ter\u00e1 sua situa\u00e7\u00e3o alterada ser\u00e1 o impetrante, que ter\u00e1 mera expectativa de direito a tomar posse, podendo essa n\u00e3o vir a se convalidar\u201d.<\/p>\n\n\n\n<p>Nesse contexto, a Turma acompanhou o voto do relator confirmando a decis\u00e3o que determinou a manuten\u00e7\u00e3o do autor no fim da lista de candidatos aprovados.<\/p>\n","protected":false},"excerpt":{"rendered":"<p>A Funda\u00e7\u00e3o Universidade Federal do Maranh\u00e3o &#8211; Universidade Federal do Maranh\u00e3o &#8211; recorreu ao Tribunal Regional Federal da 1\u00aa Regi\u00e3o [&hellip;]<\/p>\n","protected":false},"author":0,"featured_media":0,"comment_status":"open","ping_status":"open","sticky":false,"template":"","format":"standard","meta":{"site-sidebar-layout":"default","site-content-layout":"","ast-site-content-layout":"default","site-content-style":"default","site-sidebar-style":"default","ast-global-header-display":"","ast-banner-title-visibility":"","ast-main-header-display":"","ast-hfb-above-header-display":"","ast-hfb-below-header-display":"","ast-hfb-mobile-header-display":"","site-post-title":"","ast-breadcrumbs-content":"","ast-featured-img":"","footer-sml-layout":"","ast-disable-related-posts":"","theme-transparent-header-meta":"","adv-header-id-meta":"","stick-header-meta":"","header-above-stick-meta":"","header-main-stick-meta":"","header-below-stick-meta":"","astra-migrate-meta-layouts":"default","ast-page-background-enabled":"default","ast-page-background-meta":{"desktop":{"background-color":"var(--ast-global-color-5)","background-image":"","background-repeat":"repeat","background-position":"center center","background-size":"auto","background-attachment":"scroll","background-type":"","background-media":"","overlay-type":"","overlay-color":"","overlay-opacity":"","overlay-gradient":""},"tablet":{"background-color":"","background-image":"","background-repeat":"repeat","background-position":"center center","background-size":"auto","background-attachment":"scroll","background-type":"","background-media":"","overlay-type":"","overlay-color":"","overlay-opacity":"","overlay-gradient":""},"mobile":{"background-color":"","background-image":"","background-repeat":"repeat","background-position":"center center","background-size":"auto","background-attachment":"scroll","background-type":"","background-media":"","overlay-type":"","overlay-color":"","overlay-opacity":"","overlay-gradient":""}},"ast-content-background-meta":{"desktop":{"background-color":"var(--ast-global-color-4)","background-image":"","background-repeat":"repeat","background-position":"center center","background-size":"auto","background-attachment":"scroll","background-type":"","background-media":"","overlay-type":"","overlay-color":"","overlay-opacity":"","overlay-gradient":""},"tablet":{"background-color":"var(--ast-global-color-4)","background-image":"","background-repeat":"repeat","background-position":"center center","background-size":"auto","background-attachment":"scroll","background-type":"","background-media":"","overlay-type":"","overlay-color":"","overlay-opacity":"","overlay-gradient":""},"mobile":{"background-color":"var(--ast-global-color-4)","background-image":"","background-repeat":"repeat","background-position":"center center","background-size":"auto","background-attachment":"scroll","background-type":"","background-media":"","overlay-type":"","overlay-color":"","overlay-opacity":"","overlay-gradient":""}},"footnotes":""},"categories":[1],"tags":[],"class_list":["post-108864","post","type-post","status-publish","format-standard","hentry","category-sem-categoria"],"yoast_head":"<!-- This site is optimized with the Yoast SEO plugin v26.6 - https:\/\/yoast.com\/wordpress\/plugins\/seo\/ -->\n<title>TRF-1 altera classifica\u00e7\u00e3o de aprovado em concurso da UFMA que foi nomeado sem concluir gradua\u00e7\u00e3o - Daniel Matos<\/title>\n<meta name=\"robots\" content=\"index, follow, max-snippet:-1, max-image-preview:large, max-video-preview:-1\" \/>\n<link rel=\"canonical\" href=\"https:\/\/www.blogsoestado.com\/danielmatos\/trf-1-altera-classificacao-de-aprovado-em-concurso-da-ufma-para-tornar-possivel-nomeacao-mesmo-sem-diploma\/\" \/>\n<meta property=\"og:locale\" content=\"pt_BR\" \/>\n<meta property=\"og:type\" content=\"article\" \/>\n<meta property=\"og:title\" content=\"TRF-1 altera classifica\u00e7\u00e3o de aprovado em concurso da UFMA que foi nomeado sem concluir gradua\u00e7\u00e3o - Daniel Matos\" \/>\n<meta property=\"og:description\" content=\"A Funda\u00e7\u00e3o Universidade Federal do Maranh\u00e3o &#8211; Universidade Federal do Maranh\u00e3o &#8211; recorreu ao Tribunal Regional Federal da 1\u00aa Regi\u00e3o [&hellip;]\" \/>\n<meta property=\"og:url\" content=\"https:\/\/www.blogsoestado.com\/danielmatos\/trf-1-altera-classificacao-de-aprovado-em-concurso-da-ufma-para-tornar-possivel-nomeacao-mesmo-sem-diploma\/\" \/>\n<meta property=\"og:site_name\" content=\"Daniel Matos\" \/>\n<meta property=\"article:published_time\" content=\"2023-04-29T12:00:00+00:00\" \/>\n<meta property=\"og:image\" content=\"https:\/\/www.blogsoestado.com\/danielmatos\/files\/2023\/04\/CONCURSO.jpg\" \/>\n<meta name=\"twitter:card\" content=\"summary_large_image\" \/>\n<meta name=\"twitter:label1\" content=\"Est. tempo de leitura\" \/>\n\t<meta name=\"twitter:data1\" content=\"2 minutos\" \/>\n<script type=\"application\/ld+json\" class=\"yoast-schema-graph\">{\"@context\":\"https:\/\/schema.org\",\"@graph\":[{\"@type\":\"WebPage\",\"@id\":\"https:\/\/www.blogsoestado.com\/danielmatos\/trf-1-altera-classificacao-de-aprovado-em-concurso-da-ufma-para-tornar-possivel-nomeacao-mesmo-sem-diploma\/\",\"url\":\"https:\/\/www.blogsoestado.com\/danielmatos\/trf-1-altera-classificacao-de-aprovado-em-concurso-da-ufma-para-tornar-possivel-nomeacao-mesmo-sem-diploma\/\",\"name\":\"TRF-1 altera classifica\u00e7\u00e3o de aprovado em concurso da UFMA que foi nomeado sem concluir gradua\u00e7\u00e3o - Daniel Matos\",\"isPartOf\":{\"@id\":\"https:\/\/www.blogsoestado.com\/danielmatos\/#website\"},\"primaryImageOfPage\":{\"@id\":\"https:\/\/www.blogsoestado.com\/danielmatos\/trf-1-altera-classificacao-de-aprovado-em-concurso-da-ufma-para-tornar-possivel-nomeacao-mesmo-sem-diploma\/#primaryimage\"},\"image\":{\"@id\":\"https:\/\/www.blogsoestado.com\/danielmatos\/trf-1-altera-classificacao-de-aprovado-em-concurso-da-ufma-para-tornar-possivel-nomeacao-mesmo-sem-diploma\/#primaryimage\"},\"thumbnailUrl\":\"https:\/\/www.blogsoestado.com\/danielmatos\/files\/2023\/04\/CONCURSO.jpg\",\"datePublished\":\"2023-04-29T12:00:00+00:00\",\"author\":{\"@id\":\"\"},\"breadcrumb\":{\"@id\":\"https:\/\/www.blogsoestado.com\/danielmatos\/trf-1-altera-classificacao-de-aprovado-em-concurso-da-ufma-para-tornar-possivel-nomeacao-mesmo-sem-diploma\/#breadcrumb\"},\"inLanguage\":\"pt-BR\",\"potentialAction\":[{\"@type\":\"ReadAction\",\"target\":[\"https:\/\/www.blogsoestado.com\/danielmatos\/trf-1-altera-classificacao-de-aprovado-em-concurso-da-ufma-para-tornar-possivel-nomeacao-mesmo-sem-diploma\/\"]}]},{\"@type\":\"ImageObject\",\"inLanguage\":\"pt-BR\",\"@id\":\"https:\/\/www.blogsoestado.com\/danielmatos\/trf-1-altera-classificacao-de-aprovado-em-concurso-da-ufma-para-tornar-possivel-nomeacao-mesmo-sem-diploma\/#primaryimage\",\"url\":\"https:\/\/www.blogsoestado.com\/danielmatos\/files\/2023\/04\/CONCURSO.jpg\",\"contentUrl\":\"https:\/\/www.blogsoestado.com\/danielmatos\/files\/2023\/04\/CONCURSO.jpg\"},{\"@type\":\"BreadcrumbList\",\"@id\":\"https:\/\/www.blogsoestado.com\/danielmatos\/trf-1-altera-classificacao-de-aprovado-em-concurso-da-ufma-para-tornar-possivel-nomeacao-mesmo-sem-diploma\/#breadcrumb\",\"itemListElement\":[{\"@type\":\"ListItem\",\"position\":1,\"name\":\"In\u00edcio\",\"item\":\"https:\/\/www.blogsoestado.com\/danielmatos\/\"},{\"@type\":\"ListItem\",\"position\":2,\"name\":\"TRF-1 altera classifica\u00e7\u00e3o de aprovado em concurso da UFMA que foi nomeado sem concluir gradua\u00e7\u00e3o\"}]},{\"@type\":\"WebSite\",\"@id\":\"https:\/\/www.blogsoestado.com\/danielmatos\/#website\",\"url\":\"https:\/\/www.blogsoestado.com\/danielmatos\/\",\"name\":\"Daniel Matos\",\"description\":\"\",\"potentialAction\":[{\"@type\":\"SearchAction\",\"target\":{\"@type\":\"EntryPoint\",\"urlTemplate\":\"https:\/\/www.blogsoestado.com\/danielmatos\/?s={search_term_string}\"},\"query-input\":{\"@type\":\"PropertyValueSpecification\",\"valueRequired\":true,\"valueName\":\"search_term_string\"}}],\"inLanguage\":\"pt-BR\"}]}<\/script>\n<!-- \/ Yoast SEO plugin. -->","yoast_head_json":{"title":"TRF-1 altera classifica\u00e7\u00e3o de aprovado em concurso da UFMA que foi nomeado sem concluir gradua\u00e7\u00e3o - Daniel Matos","robots":{"index":"index","follow":"follow","max-snippet":"max-snippet:-1","max-image-preview":"max-image-preview:large","max-video-preview":"max-video-preview:-1"},"canonical":"https:\/\/www.blogsoestado.com\/danielmatos\/trf-1-altera-classificacao-de-aprovado-em-concurso-da-ufma-para-tornar-possivel-nomeacao-mesmo-sem-diploma\/","og_locale":"pt_BR","og_type":"article","og_title":"TRF-1 altera classifica\u00e7\u00e3o de aprovado em concurso da UFMA que foi nomeado sem concluir gradua\u00e7\u00e3o - Daniel Matos","og_description":"A Funda\u00e7\u00e3o Universidade Federal do Maranh\u00e3o &#8211; Universidade Federal do Maranh\u00e3o &#8211; recorreu ao Tribunal Regional Federal da 1\u00aa Regi\u00e3o [&hellip;]","og_url":"https:\/\/www.blogsoestado.com\/danielmatos\/trf-1-altera-classificacao-de-aprovado-em-concurso-da-ufma-para-tornar-possivel-nomeacao-mesmo-sem-diploma\/","og_site_name":"Daniel Matos","article_published_time":"2023-04-29T12:00:00+00:00","og_image":[{"url":"https:\/\/www.blogsoestado.com\/danielmatos\/files\/2023\/04\/CONCURSO.jpg","type":"","width":"","height":""}],"twitter_card":"summary_large_image","twitter_misc":{"Est. tempo de leitura":"2 minutos"},"schema":{"@context":"https:\/\/schema.org","@graph":[{"@type":"WebPage","@id":"https:\/\/www.blogsoestado.com\/danielmatos\/trf-1-altera-classificacao-de-aprovado-em-concurso-da-ufma-para-tornar-possivel-nomeacao-mesmo-sem-diploma\/","url":"https:\/\/www.blogsoestado.com\/danielmatos\/trf-1-altera-classificacao-de-aprovado-em-concurso-da-ufma-para-tornar-possivel-nomeacao-mesmo-sem-diploma\/","name":"TRF-1 altera classifica\u00e7\u00e3o de aprovado em concurso da UFMA que foi nomeado sem concluir gradua\u00e7\u00e3o - Daniel Matos","isPartOf":{"@id":"https:\/\/www.blogsoestado.com\/danielmatos\/#website"},"primaryImageOfPage":{"@id":"https:\/\/www.blogsoestado.com\/danielmatos\/trf-1-altera-classificacao-de-aprovado-em-concurso-da-ufma-para-tornar-possivel-nomeacao-mesmo-sem-diploma\/#primaryimage"},"image":{"@id":"https:\/\/www.blogsoestado.com\/danielmatos\/trf-1-altera-classificacao-de-aprovado-em-concurso-da-ufma-para-tornar-possivel-nomeacao-mesmo-sem-diploma\/#primaryimage"},"thumbnailUrl":"https:\/\/www.blogsoestado.com\/danielmatos\/files\/2023\/04\/CONCURSO.jpg","datePublished":"2023-04-29T12:00:00+00:00","author":{"@id":""},"breadcrumb":{"@id":"https:\/\/www.blogsoestado.com\/danielmatos\/trf-1-altera-classificacao-de-aprovado-em-concurso-da-ufma-para-tornar-possivel-nomeacao-mesmo-sem-diploma\/#breadcrumb"},"inLanguage":"pt-BR","potentialAction":[{"@type":"ReadAction","target":["https:\/\/www.blogsoestado.com\/danielmatos\/trf-1-altera-classificacao-de-aprovado-em-concurso-da-ufma-para-tornar-possivel-nomeacao-mesmo-sem-diploma\/"]}]},{"@type":"ImageObject","inLanguage":"pt-BR","@id":"https:\/\/www.blogsoestado.com\/danielmatos\/trf-1-altera-classificacao-de-aprovado-em-concurso-da-ufma-para-tornar-possivel-nomeacao-mesmo-sem-diploma\/#primaryimage","url":"https:\/\/www.blogsoestado.com\/danielmatos\/files\/2023\/04\/CONCURSO.jpg","contentUrl":"https:\/\/www.blogsoestado.com\/danielmatos\/files\/2023\/04\/CONCURSO.jpg"},{"@type":"BreadcrumbList","@id":"https:\/\/www.blogsoestado.com\/danielmatos\/trf-1-altera-classificacao-de-aprovado-em-concurso-da-ufma-para-tornar-possivel-nomeacao-mesmo-sem-diploma\/#breadcrumb","itemListElement":[{"@type":"ListItem","position":1,"name":"In\u00edcio","item":"https:\/\/www.blogsoestado.com\/danielmatos\/"},{"@type":"ListItem","position":2,"name":"TRF-1 altera classifica\u00e7\u00e3o de aprovado em concurso da UFMA que foi nomeado sem concluir gradua\u00e7\u00e3o"}]},{"@type":"WebSite","@id":"https:\/\/www.blogsoestado.com\/danielmatos\/#website","url":"https:\/\/www.blogsoestado.com\/danielmatos\/","name":"Daniel Matos","description":"","potentialAction":[{"@type":"SearchAction","target":{"@type":"EntryPoint","urlTemplate":"https:\/\/www.blogsoestado.com\/danielmatos\/?s={search_term_string}"},"query-input":{"@type":"PropertyValueSpecification","valueRequired":true,"valueName":"search_term_string"}}],"inLanguage":"pt-BR"}]}},"jetpack_featured_media_url":"","_links":{"self":[{"href":"https:\/\/www.blogsoestado.com\/danielmatos\/wp-json\/wp\/v2\/posts\/108864","targetHints":{"allow":["GET"]}}],"collection":[{"href":"https:\/\/www.blogsoestado.com\/danielmatos\/wp-json\/wp\/v2\/posts"}],"about":[{"href":"https:\/\/www.blogsoestado.com\/danielmatos\/wp-json\/wp\/v2\/types\/post"}],"replies":[{"embeddable":true,"href":"https:\/\/www.blogsoestado.com\/danielmatos\/wp-json\/wp\/v2\/comments?post=108864"}],"version-history":[{"count":0,"href":"https:\/\/www.blogsoestado.com\/danielmatos\/wp-json\/wp\/v2\/posts\/108864\/revisions"}],"wp:attachment":[{"href":"https:\/\/www.blogsoestado.com\/danielmatos\/wp-json\/wp\/v2\/media?parent=108864"}],"wp:term":[{"taxonomy":"category","embeddable":true,"href":"https:\/\/www.blogsoestado.com\/danielmatos\/wp-json\/wp\/v2\/categories?post=108864"},{"taxonomy":"post_tag","embeddable":true,"href":"https:\/\/www.blogsoestado.com\/danielmatos\/wp-json\/wp\/v2\/tags?post=108864"}],"curies":[{"name":"wp","href":"https:\/\/api.w.org\/{rel}","templated":true}]}}