{"id":108887,"date":"2023-04-27T15:17:16","date_gmt":"2023-04-27T18:17:16","guid":{"rendered":"https:\/\/www.blogsoestado.com\/danielmatos\/?p=108887"},"modified":"2023-04-27T15:17:16","modified_gmt":"2023-04-27T18:17:16","slug":"ufma-eleicao-para-reitoria-se-aproxima-e-reune-pre-candidatos-experientes-e-de-alto-grau-de-excelencia-academica-conheca","status":"publish","type":"post","link":"https:\/\/www.blogsoestado.com\/danielmatos\/ufma-eleicao-para-reitoria-se-aproxima-e-reune-pre-candidatos-experientes-e-de-alto-grau-de-excelencia-academica-conheca\/","title":{"rendered":"UFMA: elei\u00e7\u00e3o para reitoria se aproxima e re\u00fane pr\u00e9-candidatos experientes e de alto grau de excel\u00eancia acad\u00eamica, conhe\u00e7a"},"content":{"rendered":"\n<div class=\"wp-block-image\"><figure class=\"aligncenter size-large\"><a href=\"https:\/\/www.blogsoestado.com\/danielmatos\/files\/2023\/04\/Screenshot_20230427-1511422.png\"><img decoding=\"async\" src=\"https:\/\/www.blogsoestado.com\/danielmatos\/files\/2023\/04\/Screenshot_20230427-1511422.png\" alt=\"\" class=\"wp-image-108888\"\/><\/a><figcaption>O professor-doutor Fernando Carvalho e a professora-doutora Zefinha Bentivi concorrer\u00e3o aos cargos de reitor e vice-reitora da UFMA<\/figcaption><\/figure><\/div>\n\n\n\n<p>A tradicional Consulta Pr\u00e9via para o cargo de sucess\u00e3o de Reitor e Vice-Reitor da Universidade Federal do Maranh\u00e3o (UFMA) se aproxima e os candidatos n\u00e3o deixariam, \u00e9 claro, de serem os mais qualificados poss\u00edveis. A Institui\u00e7\u00e3o \u00e9 refer\u00eancia na forma\u00e7\u00e3o docente de alto n\u00edvel, com respeito e prest\u00edgio nacional e internacional. A Consulta, que dever\u00e1 ocorrer no pr\u00f3rimo m\u00eas de julho, trouxe candidatos de diversas \u00e1reas acad\u00eamicas, fortalecendo o pleito e reiterando a natureza democr\u00e1tica, de qualidade e de efici\u00eancia da Institui\u00e7\u00e3o. Conhe\u00e7a alguns dos pr\u00e9-canditados:<\/p>\n\n\n\n<p><strong>Prof. Dr. Fernando Carvalho Silva<\/strong><\/p>\n\n\n\n<p>Com vasta experi\u00eancia na gest\u00e3o da Pesquisa, P\u00f3s-Gradua\u00e7\u00e3o e da Inova\u00e7\u00e3o durante as duas primeiras gest\u00f5es do atual reitor da UFMA, Natalino Salgado, o pr\u00f3-reitor Fernando Carvalho aposta no fortalecimento de eixos transversais importantes para o futuro da Universidade. Em sua atual gest\u00e3o, na Ag\u00eancia de Inova\u00e7\u00e3o, Empreendedorismo, Pesquisa, P\u00f3s-Gradua\u00e7\u00e3o e Internacionaliza\u00e7\u00e3o (AGEUFMA), a Universidade tem alcan\u00e7ado n\u00edveis de excel\u00eancia em diversos indicadores de qualidade, sendo destaque, por exemplo, no Ranking THE, que avaliou positivamente a UFMA com base em 13 indicadores de desempenho em \u00e1reas como o ensino, pesquisa e cita\u00e7\u00f5es, al\u00e9m de perspectivas internacionais e receita da ind\u00fastria. Vale lembrar que Natalino Salgado deixa um legado de refer\u00eancia nacional, sobretudo ap\u00f3s a ades\u00e3o ao Reuni, e Fernando Carvalho acompanhou todo o processo de evolu\u00e7\u00e3o da Institui\u00e7\u00e3o.<\/p>\n\n\n\n<p><strong>Profa. Dra. Zefinha Bentiv\u00ed<\/strong><\/p>\n\n\n\n<p>Professora de carreira h\u00e1 cerca de trinta anos, Josefa Bentivi revolucionou, durante o reitorado de Natalino Salgado, a gest\u00e3o acad\u00eamica da Cultura e da Extens\u00e3o. Jornalista e Professora Doutora, Zefinha Bentivi \u00e9 conhecida nas trincheiras acad\u00eamicas por sua luta em defesa da valoriza\u00e7\u00e3o das pessoas, sempre com alteridade e respeito \u00e0s minorias. Zefinha Bentivi j\u00e1 passou por cargos como Coordenadora de Curso, Chefe de Departamento, Assessora e, por \u00faltimo, Pr\u00f3-Reitora de Extens\u00e3o e Cultura na UFMA.<\/p>\n\n\n\n<p>Outros docentes tamb\u00e9m s\u00e3o cogitados como pr\u00e9-candidatos, como a Ex-Pr\u00f3-Reitora da gest\u00e3o Natalino Salgado, Profa. Dra. Isabel Ibarra, o atual Pr\u00f3-Reitor de Assist\u00eancia Estudantil, Prof. Dr. Leonardo Soares, al\u00e9m do Diretor do Centro de Ci\u00eancias Humanas da UFMA, Prof. Dr. Luciano Fa\u00e7anha.<br \/><\/p>\n","protected":false},"excerpt":{"rendered":"<p>A tradicional Consulta Pr\u00e9via para o cargo de sucess\u00e3o de Reitor e Vice-Reitor da Universidade Federal do Maranh\u00e3o (UFMA) se [&hellip;]<\/p>\n","protected":false},"author":0,"featured_media":0,"comment_status":"open","ping_status":"open","sticky":false,"template":"","format":"standard","meta":{"site-sidebar-layout":"default","site-content-layout":"","ast-site-content-layout":"default","site-content-style":"default","site-sidebar-style":"default","ast-global-header-display":"","ast-banner-title-visibility":"","ast-main-header-display":"","ast-hfb-above-header-display":"","ast-hfb-below-header-display":"","ast-hfb-mobile-header-display":"","site-post-title":"","ast-breadcrumbs-content":"","ast-featured-img":"","footer-sml-layout":"","ast-disable-related-posts":"","theme-transparent-header-meta":"","adv-header-id-meta":"","stick-header-meta":"","header-above-stick-meta":"","header-main-stick-meta":"","header-below-stick-meta":"","astra-migrate-meta-layouts":"default","ast-page-background-enabled":"default","ast-page-background-meta":{"desktop":{"background-color":"var(--ast-global-color-5)","background-image":"","background-repeat":"repeat","background-position":"center center","background-size":"auto","background-attachment":"scroll","background-type":"","background-media":"","overlay-type":"","overlay-color":"","overlay-opacity":"","overlay-gradient":""},"tablet":{"background-color":"","background-image":"","background-repeat":"repeat","background-position":"center center","background-size":"auto","background-attachment":"scroll","background-type":"","background-media":"","overlay-type":"","overlay-color":"","overlay-opacity":"","overlay-gradient":""},"mobile":{"background-color":"","background-image":"","background-repeat":"repeat","background-position":"center center","background-size":"auto","background-attachment":"scroll","background-type":"","background-media":"","overlay-type":"","overlay-color":"","overlay-opacity":"","overlay-gradient":""}},"ast-content-background-meta":{"desktop":{"background-color":"var(--ast-global-color-4)","background-image":"","background-repeat":"repeat","background-position":"center center","background-size":"auto","background-attachment":"scroll","background-type":"","background-media":"","overlay-type":"","overlay-color":"","overlay-opacity":"","overlay-gradient":""},"tablet":{"background-color":"var(--ast-global-color-4)","background-image":"","background-repeat":"repeat","background-position":"center center","background-size":"auto","background-attachment":"scroll","background-type":"","background-media":"","overlay-type":"","overlay-color":"","overlay-opacity":"","overlay-gradient":""},"mobile":{"background-color":"var(--ast-global-color-4)","background-image":"","background-repeat":"repeat","background-position":"center center","background-size":"auto","background-attachment":"scroll","background-type":"","background-media":"","overlay-type":"","overlay-color":"","overlay-opacity":"","overlay-gradient":""}},"footnotes":""},"categories":[1],"tags":[],"class_list":["post-108887","post","type-post","status-publish","format-standard","hentry","category-sem-categoria"],"yoast_head":"<!-- This site is optimized with the Yoast SEO plugin v26.6 - https:\/\/yoast.com\/wordpress\/plugins\/seo\/ -->\n<title>UFMA: elei\u00e7\u00e3o para reitoria se aproxima e re\u00fane pr\u00e9-candidatos experientes e de alto grau de excel\u00eancia acad\u00eamica, conhe\u00e7a - Daniel Matos<\/title>\n<meta name=\"robots\" content=\"index, follow, max-snippet:-1, max-image-preview:large, max-video-preview:-1\" \/>\n<link rel=\"canonical\" href=\"https:\/\/www.blogsoestado.com\/danielmatos\/ufma-eleicao-para-reitoria-se-aproxima-e-reune-pre-candidatos-experientes-e-de-alto-grau-de-excelencia-academica-conheca\/\" \/>\n<meta property=\"og:locale\" content=\"pt_BR\" \/>\n<meta property=\"og:type\" content=\"article\" \/>\n<meta property=\"og:title\" content=\"UFMA: elei\u00e7\u00e3o para reitoria se aproxima e re\u00fane pr\u00e9-candidatos experientes e de alto grau de excel\u00eancia acad\u00eamica, conhe\u00e7a - Daniel Matos\" \/>\n<meta property=\"og:description\" content=\"A tradicional Consulta Pr\u00e9via para o cargo de sucess\u00e3o de Reitor e Vice-Reitor da Universidade Federal do Maranh\u00e3o (UFMA) se [&hellip;]\" \/>\n<meta property=\"og:url\" content=\"https:\/\/www.blogsoestado.com\/danielmatos\/ufma-eleicao-para-reitoria-se-aproxima-e-reune-pre-candidatos-experientes-e-de-alto-grau-de-excelencia-academica-conheca\/\" \/>\n<meta property=\"og:site_name\" content=\"Daniel Matos\" \/>\n<meta property=\"article:published_time\" content=\"2023-04-27T18:17:16+00:00\" \/>\n<meta property=\"og:image\" content=\"https:\/\/www.blogsoestado.com\/danielmatos\/files\/2023\/04\/Screenshot_20230427-1511422.png\" \/>\n<meta name=\"twitter:card\" content=\"summary_large_image\" \/>\n<meta name=\"twitter:label1\" content=\"Est. tempo de leitura\" \/>\n\t<meta name=\"twitter:data1\" content=\"2 minutos\" \/>\n<script type=\"application\/ld+json\" class=\"yoast-schema-graph\">{\"@context\":\"https:\/\/schema.org\",\"@graph\":[{\"@type\":\"WebPage\",\"@id\":\"https:\/\/www.blogsoestado.com\/danielmatos\/ufma-eleicao-para-reitoria-se-aproxima-e-reune-pre-candidatos-experientes-e-de-alto-grau-de-excelencia-academica-conheca\/\",\"url\":\"https:\/\/www.blogsoestado.com\/danielmatos\/ufma-eleicao-para-reitoria-se-aproxima-e-reune-pre-candidatos-experientes-e-de-alto-grau-de-excelencia-academica-conheca\/\",\"name\":\"UFMA: elei\u00e7\u00e3o para reitoria se aproxima e re\u00fane pr\u00e9-candidatos experientes e de alto grau de excel\u00eancia acad\u00eamica, conhe\u00e7a - Daniel Matos\",\"isPartOf\":{\"@id\":\"https:\/\/www.blogsoestado.com\/danielmatos\/#website\"},\"primaryImageOfPage\":{\"@id\":\"https:\/\/www.blogsoestado.com\/danielmatos\/ufma-eleicao-para-reitoria-se-aproxima-e-reune-pre-candidatos-experientes-e-de-alto-grau-de-excelencia-academica-conheca\/#primaryimage\"},\"image\":{\"@id\":\"https:\/\/www.blogsoestado.com\/danielmatos\/ufma-eleicao-para-reitoria-se-aproxima-e-reune-pre-candidatos-experientes-e-de-alto-grau-de-excelencia-academica-conheca\/#primaryimage\"},\"thumbnailUrl\":\"https:\/\/www.blogsoestado.com\/danielmatos\/files\/2023\/04\/Screenshot_20230427-1511422.png\",\"datePublished\":\"2023-04-27T18:17:16+00:00\",\"author\":{\"@id\":\"\"},\"breadcrumb\":{\"@id\":\"https:\/\/www.blogsoestado.com\/danielmatos\/ufma-eleicao-para-reitoria-se-aproxima-e-reune-pre-candidatos-experientes-e-de-alto-grau-de-excelencia-academica-conheca\/#breadcrumb\"},\"inLanguage\":\"pt-BR\",\"potentialAction\":[{\"@type\":\"ReadAction\",\"target\":[\"https:\/\/www.blogsoestado.com\/danielmatos\/ufma-eleicao-para-reitoria-se-aproxima-e-reune-pre-candidatos-experientes-e-de-alto-grau-de-excelencia-academica-conheca\/\"]}]},{\"@type\":\"ImageObject\",\"inLanguage\":\"pt-BR\",\"@id\":\"https:\/\/www.blogsoestado.com\/danielmatos\/ufma-eleicao-para-reitoria-se-aproxima-e-reune-pre-candidatos-experientes-e-de-alto-grau-de-excelencia-academica-conheca\/#primaryimage\",\"url\":\"https:\/\/www.blogsoestado.com\/danielmatos\/files\/2023\/04\/Screenshot_20230427-1511422.png\",\"contentUrl\":\"https:\/\/www.blogsoestado.com\/danielmatos\/files\/2023\/04\/Screenshot_20230427-1511422.png\"},{\"@type\":\"BreadcrumbList\",\"@id\":\"https:\/\/www.blogsoestado.com\/danielmatos\/ufma-eleicao-para-reitoria-se-aproxima-e-reune-pre-candidatos-experientes-e-de-alto-grau-de-excelencia-academica-conheca\/#breadcrumb\",\"itemListElement\":[{\"@type\":\"ListItem\",\"position\":1,\"name\":\"In\u00edcio\",\"item\":\"https:\/\/www.blogsoestado.com\/danielmatos\/\"},{\"@type\":\"ListItem\",\"position\":2,\"name\":\"UFMA: elei\u00e7\u00e3o para reitoria se aproxima e re\u00fane pr\u00e9-candidatos experientes e de alto grau de excel\u00eancia acad\u00eamica, conhe\u00e7a\"}]},{\"@type\":\"WebSite\",\"@id\":\"https:\/\/www.blogsoestado.com\/danielmatos\/#website\",\"url\":\"https:\/\/www.blogsoestado.com\/danielmatos\/\",\"name\":\"Daniel Matos\",\"description\":\"\",\"potentialAction\":[{\"@type\":\"SearchAction\",\"target\":{\"@type\":\"EntryPoint\",\"urlTemplate\":\"https:\/\/www.blogsoestado.com\/danielmatos\/?s={search_term_string}\"},\"query-input\":{\"@type\":\"PropertyValueSpecification\",\"valueRequired\":true,\"valueName\":\"search_term_string\"}}],\"inLanguage\":\"pt-BR\"}]}<\/script>\n<!-- \/ Yoast SEO plugin. -->","yoast_head_json":{"title":"UFMA: elei\u00e7\u00e3o para reitoria se aproxima e re\u00fane pr\u00e9-candidatos experientes e de alto grau de excel\u00eancia acad\u00eamica, conhe\u00e7a - Daniel Matos","robots":{"index":"index","follow":"follow","max-snippet":"max-snippet:-1","max-image-preview":"max-image-preview:large","max-video-preview":"max-video-preview:-1"},"canonical":"https:\/\/www.blogsoestado.com\/danielmatos\/ufma-eleicao-para-reitoria-se-aproxima-e-reune-pre-candidatos-experientes-e-de-alto-grau-de-excelencia-academica-conheca\/","og_locale":"pt_BR","og_type":"article","og_title":"UFMA: elei\u00e7\u00e3o para reitoria se aproxima e re\u00fane pr\u00e9-candidatos experientes e de alto grau de excel\u00eancia acad\u00eamica, conhe\u00e7a - Daniel Matos","og_description":"A tradicional Consulta Pr\u00e9via para o cargo de sucess\u00e3o de Reitor e Vice-Reitor da Universidade Federal do Maranh\u00e3o (UFMA) se [&hellip;]","og_url":"https:\/\/www.blogsoestado.com\/danielmatos\/ufma-eleicao-para-reitoria-se-aproxima-e-reune-pre-candidatos-experientes-e-de-alto-grau-de-excelencia-academica-conheca\/","og_site_name":"Daniel Matos","article_published_time":"2023-04-27T18:17:16+00:00","og_image":[{"url":"https:\/\/www.blogsoestado.com\/danielmatos\/files\/2023\/04\/Screenshot_20230427-1511422.png","type":"","width":"","height":""}],"twitter_card":"summary_large_image","twitter_misc":{"Est. tempo de leitura":"2 minutos"},"schema":{"@context":"https:\/\/schema.org","@graph":[{"@type":"WebPage","@id":"https:\/\/www.blogsoestado.com\/danielmatos\/ufma-eleicao-para-reitoria-se-aproxima-e-reune-pre-candidatos-experientes-e-de-alto-grau-de-excelencia-academica-conheca\/","url":"https:\/\/www.blogsoestado.com\/danielmatos\/ufma-eleicao-para-reitoria-se-aproxima-e-reune-pre-candidatos-experientes-e-de-alto-grau-de-excelencia-academica-conheca\/","name":"UFMA: elei\u00e7\u00e3o para reitoria se aproxima e re\u00fane pr\u00e9-candidatos experientes e de alto grau de excel\u00eancia acad\u00eamica, conhe\u00e7a - Daniel Matos","isPartOf":{"@id":"https:\/\/www.blogsoestado.com\/danielmatos\/#website"},"primaryImageOfPage":{"@id":"https:\/\/www.blogsoestado.com\/danielmatos\/ufma-eleicao-para-reitoria-se-aproxima-e-reune-pre-candidatos-experientes-e-de-alto-grau-de-excelencia-academica-conheca\/#primaryimage"},"image":{"@id":"https:\/\/www.blogsoestado.com\/danielmatos\/ufma-eleicao-para-reitoria-se-aproxima-e-reune-pre-candidatos-experientes-e-de-alto-grau-de-excelencia-academica-conheca\/#primaryimage"},"thumbnailUrl":"https:\/\/www.blogsoestado.com\/danielmatos\/files\/2023\/04\/Screenshot_20230427-1511422.png","datePublished":"2023-04-27T18:17:16+00:00","author":{"@id":""},"breadcrumb":{"@id":"https:\/\/www.blogsoestado.com\/danielmatos\/ufma-eleicao-para-reitoria-se-aproxima-e-reune-pre-candidatos-experientes-e-de-alto-grau-de-excelencia-academica-conheca\/#breadcrumb"},"inLanguage":"pt-BR","potentialAction":[{"@type":"ReadAction","target":["https:\/\/www.blogsoestado.com\/danielmatos\/ufma-eleicao-para-reitoria-se-aproxima-e-reune-pre-candidatos-experientes-e-de-alto-grau-de-excelencia-academica-conheca\/"]}]},{"@type":"ImageObject","inLanguage":"pt-BR","@id":"https:\/\/www.blogsoestado.com\/danielmatos\/ufma-eleicao-para-reitoria-se-aproxima-e-reune-pre-candidatos-experientes-e-de-alto-grau-de-excelencia-academica-conheca\/#primaryimage","url":"https:\/\/www.blogsoestado.com\/danielmatos\/files\/2023\/04\/Screenshot_20230427-1511422.png","contentUrl":"https:\/\/www.blogsoestado.com\/danielmatos\/files\/2023\/04\/Screenshot_20230427-1511422.png"},{"@type":"BreadcrumbList","@id":"https:\/\/www.blogsoestado.com\/danielmatos\/ufma-eleicao-para-reitoria-se-aproxima-e-reune-pre-candidatos-experientes-e-de-alto-grau-de-excelencia-academica-conheca\/#breadcrumb","itemListElement":[{"@type":"ListItem","position":1,"name":"In\u00edcio","item":"https:\/\/www.blogsoestado.com\/danielmatos\/"},{"@type":"ListItem","position":2,"name":"UFMA: elei\u00e7\u00e3o para reitoria se aproxima e re\u00fane pr\u00e9-candidatos experientes e de alto grau de excel\u00eancia acad\u00eamica, conhe\u00e7a"}]},{"@type":"WebSite","@id":"https:\/\/www.blogsoestado.com\/danielmatos\/#website","url":"https:\/\/www.blogsoestado.com\/danielmatos\/","name":"Daniel Matos","description":"","potentialAction":[{"@type":"SearchAction","target":{"@type":"EntryPoint","urlTemplate":"https:\/\/www.blogsoestado.com\/danielmatos\/?s={search_term_string}"},"query-input":{"@type":"PropertyValueSpecification","valueRequired":true,"valueName":"search_term_string"}}],"inLanguage":"pt-BR"}]}},"jetpack_featured_media_url":"","_links":{"self":[{"href":"https:\/\/www.blogsoestado.com\/danielmatos\/wp-json\/wp\/v2\/posts\/108887","targetHints":{"allow":["GET"]}}],"collection":[{"href":"https:\/\/www.blogsoestado.com\/danielmatos\/wp-json\/wp\/v2\/posts"}],"about":[{"href":"https:\/\/www.blogsoestado.com\/danielmatos\/wp-json\/wp\/v2\/types\/post"}],"replies":[{"embeddable":true,"href":"https:\/\/www.blogsoestado.com\/danielmatos\/wp-json\/wp\/v2\/comments?post=108887"}],"version-history":[{"count":0,"href":"https:\/\/www.blogsoestado.com\/danielmatos\/wp-json\/wp\/v2\/posts\/108887\/revisions"}],"wp:attachment":[{"href":"https:\/\/www.blogsoestado.com\/danielmatos\/wp-json\/wp\/v2\/media?parent=108887"}],"wp:term":[{"taxonomy":"category","embeddable":true,"href":"https:\/\/www.blogsoestado.com\/danielmatos\/wp-json\/wp\/v2\/categories?post=108887"},{"taxonomy":"post_tag","embeddable":true,"href":"https:\/\/www.blogsoestado.com\/danielmatos\/wp-json\/wp\/v2\/tags?post=108887"}],"curies":[{"name":"wp","href":"https:\/\/api.w.org\/{rel}","templated":true}]}}