{"id":108890,"date":"2023-04-27T16:43:00","date_gmt":"2023-04-27T19:43:00","guid":{"rendered":"https:\/\/www.blogsoestado.com\/danielmatos\/?p=108890"},"modified":"2023-04-27T16:43:00","modified_gmt":"2023-04-27T19:43:00","slug":"sindicato-dos-policiais-civis-repudia-nomeacao-de-jefferson-portela-em-cargo-no-ministerio-da-justica","status":"publish","type":"post","link":"https:\/\/www.blogsoestado.com\/danielmatos\/sindicato-dos-policiais-civis-repudia-nomeacao-de-jefferson-portela-em-cargo-no-ministerio-da-justica\/","title":{"rendered":"Sindicato dos Policiais Civis repudia nomea\u00e7\u00e3o de Jefferson Portela em cargo no Minist\u00e9rio da Justi\u00e7a"},"content":{"rendered":"\n<div class=\"wp-block-image\"><figure class=\"aligncenter size-large\"><a href=\"https:\/\/www.blogsoestado.com\/danielmatos\/files\/2023\/04\/Screenshot_20230427-1602322.png\"><img decoding=\"async\" src=\"https:\/\/www.blogsoestado.com\/danielmatos\/files\/2023\/04\/Screenshot_20230427-1602322.png\" alt=\"\" class=\"wp-image-108891\"\/><\/a><\/figure><\/div>\n\n\n\n<p>O Sindicato dos Policiais Civis do Estado do Maranh\u00e3o (SINPOL) divulgou nota de rep\u00fadio em rea\u00e7\u00e3o ao an\u00fancio da nomea\u00e7\u00e3o do delegado e ex-secret\u00e1rio de Seguran\u00e7a P\u00fablica Jefferson Portela em um cargo no Minist\u00e9rio da Justi\u00e7a e Seguran\u00e7a P\u00fablica. A indica\u00e7\u00e3o foi feita pelo pr\u00f3prio ministro Fl\u00e1vio Dino, ex-colega de Portela no curso de Direito da Universidade Federal do Maranh\u00e3o (UFMA), no movimento estudantil e fiel aliado pol\u00edtico, inclusive na \u00faltima elei\u00e7\u00e3o, quando apoiou o candidato derrotado ao governo Weverton Rocha (PDT), em detrimento da candidatura do governador reeleito Carlos Brand\u00e3o (PSB), mas se manteve firme na campanha vitoriosa do ex-chefe ao Senado Federal.<\/p>\n\n\n\n<p>Titular da SSP nos dois mandatos do ex-governador Fl\u00e1vio Dino, Jefferson Portela n\u00e3o conta com a simpatia da classe que chefiou. Ao manifestar rep\u00fadio \u00e0 poss\u00edvel nomea\u00e7\u00e3o do ex-secret\u00e1rio de Seguran\u00e7a P\u00fablica no Minist\u00e9rio da Justi\u00e7a, o SINPOL exp\u00f4s com clareza o motivo da rejei\u00e7\u00e3o: &#8220;a pasta da Seguran\u00e7a P\u00fablica do Estado, quando chefiada pelo suposto indicado, Jefferson Portela, teve o cond\u00e3o de limar direitos b\u00e1sicos dos Policiais Civis, sobretudo o direito de voz&#8221;.<\/p>\n\n\n\n<p>Segue a nota, na \u00edntegra:<\/p>\n\n\n\n<p><em>O Sindicato dos Policiais Civis do Estado do Maranh\u00e3o (SINPOL), em aten\u00e7\u00e3o aos rumores veiculados em diversas m\u00eddias, repudia a indica\u00e7\u00e3o do Delegado de Pol\u00edcia Civil e Ex-secret\u00e1rio de Seguran\u00e7a do Estado do Maranh\u00e3o Jefferson Portela, a cargo no Minist\u00e9rio da Justi\u00e7a. A pasta da Seguran\u00e7a P\u00fablica do Estado, quando chefiada pelo suposto indicado, Jefferson Portela, teve o cond\u00e3o de limar direitos b\u00e1sicos dos Policiais Civis, sobretudo o direito de voz.<\/em><\/p>\n\n\n\n<p><em>Fato p\u00fablico e not\u00f3rio a extirpa\u00e7\u00e3o das entidades representativas de Classe do Conselho de Pol\u00edcia, palco onde a voz da categoria reverberava em paridade com os indicados pela Gest\u00e3o. Digno de nota a perda do complexo prisional que custodiava policiais civis, outra medida nefasta levada a efeito durante sua gest\u00e3o.<\/em><\/p>\n\n\n\n<p><em>Nada obstante, durante a gest\u00e3o de Jefferson Portela, a Policia Civil viveu seu momento de maior decl\u00ednio institucional, estrutural e salarial.<\/em> <\/p>\n\n\n\n<p><em>As assertivas supra s\u00e3o evidenciadas em uma simples passagem nas delegacias do Estado, cujas condi\u00e7\u00f5es s\u00e3o objeto de cobran\u00e7a desta entidade sindical. A trilha do esfacelamento da Policia Civil do Estado, contudo, n\u00e3o se limita apenas ao aspecto estrutural.<\/em><\/p>\n\n\n\n<p><em>Hodiernamente, a base da Policia Civil do Estado do Maranh\u00e3o ocupa o jocoso \u00faltimo lugar no ranking dos sal\u00e1rios a n\u00edvel nacional, com um congelamento de absurdos 08 (oito) anos, bem como encabe\u00e7a a lista dos piores efetivos do Brasil.<\/em><\/p>\n\n\n\n<p><em>Por essas raz\u00f5es, calcado na efetiva\u00e7\u00e3o de uma gest\u00e3o<br \/>claudicante, mormente para a base da Policia Civil, esta entidade sindical REPUDIA veementemente a indica\u00e7\u00e3o de.Jefferson Portela a cargo no Minist\u00e9rio da Justi\u00e7a, \u00f3rg\u00e3o de defesa da ordem jur\u00eddica, dos direitos pol\u00edticos e das garantias constitucionais.<\/em><\/p>\n","protected":false},"excerpt":{"rendered":"<p>O Sindicato dos Policiais Civis do Estado do Maranh\u00e3o (SINPOL) divulgou nota de rep\u00fadio em rea\u00e7\u00e3o ao an\u00fancio da nomea\u00e7\u00e3o [&hellip;]<\/p>\n","protected":false},"author":0,"featured_media":0,"comment_status":"open","ping_status":"open","sticky":false,"template":"","format":"standard","meta":{"site-sidebar-layout":"default","site-content-layout":"","ast-site-content-layout":"default","site-content-style":"default","site-sidebar-style":"default","ast-global-header-display":"","ast-banner-title-visibility":"","ast-main-header-display":"","ast-hfb-above-header-display":"","ast-hfb-below-header-display":"","ast-hfb-mobile-header-display":"","site-post-title":"","ast-breadcrumbs-content":"","ast-featured-img":"","footer-sml-layout":"","ast-disable-related-posts":"","theme-transparent-header-meta":"","adv-header-id-meta":"","stick-header-meta":"","header-above-stick-meta":"","header-main-stick-meta":"","header-below-stick-meta":"","astra-migrate-meta-layouts":"default","ast-page-background-enabled":"default","ast-page-background-meta":{"desktop":{"background-color":"var(--ast-global-color-5)","background-image":"","background-repeat":"repeat","background-position":"center center","background-size":"auto","background-attachment":"scroll","background-type":"","background-media":"","overlay-type":"","overlay-color":"","overlay-opacity":"","overlay-gradient":""},"tablet":{"background-color":"","background-image":"","background-repeat":"repeat","background-position":"center center","background-size":"auto","background-attachment":"scroll","background-type":"","background-media":"","overlay-type":"","overlay-color":"","overlay-opacity":"","overlay-gradient":""},"mobile":{"background-color":"","background-image":"","background-repeat":"repeat","background-position":"center center","background-size":"auto","background-attachment":"scroll","background-type":"","background-media":"","overlay-type":"","overlay-color":"","overlay-opacity":"","overlay-gradient":""}},"ast-content-background-meta":{"desktop":{"background-color":"var(--ast-global-color-4)","background-image":"","background-repeat":"repeat","background-position":"center center","background-size":"auto","background-attachment":"scroll","background-type":"","background-media":"","overlay-type":"","overlay-color":"","overlay-opacity":"","overlay-gradient":""},"tablet":{"background-color":"var(--ast-global-color-4)","background-image":"","background-repeat":"repeat","background-position":"center center","background-size":"auto","background-attachment":"scroll","background-type":"","background-media":"","overlay-type":"","overlay-color":"","overlay-opacity":"","overlay-gradient":""},"mobile":{"background-color":"var(--ast-global-color-4)","background-image":"","background-repeat":"repeat","background-position":"center center","background-size":"auto","background-attachment":"scroll","background-type":"","background-media":"","overlay-type":"","overlay-color":"","overlay-opacity":"","overlay-gradient":""}},"footnotes":""},"categories":[1],"tags":[],"class_list":["post-108890","post","type-post","status-publish","format-standard","hentry","category-sem-categoria"],"yoast_head":"<!-- This site is optimized with the Yoast SEO plugin v26.6 - https:\/\/yoast.com\/wordpress\/plugins\/seo\/ -->\n<title>Sindicato dos Policiais Civis repudia nomea\u00e7\u00e3o de Jefferson Portela em cargo no Minist\u00e9rio da Justi\u00e7a - Daniel Matos<\/title>\n<meta name=\"robots\" content=\"index, follow, max-snippet:-1, max-image-preview:large, max-video-preview:-1\" \/>\n<link rel=\"canonical\" href=\"https:\/\/www.blogsoestado.com\/danielmatos\/sindicato-dos-policiais-civis-repudia-nomeacao-de-jefferson-portela-em-cargo-no-ministerio-da-justica\/\" \/>\n<meta property=\"og:locale\" content=\"pt_BR\" \/>\n<meta property=\"og:type\" content=\"article\" \/>\n<meta property=\"og:title\" content=\"Sindicato dos Policiais Civis repudia nomea\u00e7\u00e3o de Jefferson Portela em cargo no Minist\u00e9rio da Justi\u00e7a - Daniel Matos\" \/>\n<meta property=\"og:description\" content=\"O Sindicato dos Policiais Civis do Estado do Maranh\u00e3o (SINPOL) divulgou nota de rep\u00fadio em rea\u00e7\u00e3o ao an\u00fancio da nomea\u00e7\u00e3o [&hellip;]\" \/>\n<meta property=\"og:url\" content=\"https:\/\/www.blogsoestado.com\/danielmatos\/sindicato-dos-policiais-civis-repudia-nomeacao-de-jefferson-portela-em-cargo-no-ministerio-da-justica\/\" \/>\n<meta property=\"og:site_name\" content=\"Daniel Matos\" \/>\n<meta property=\"article:published_time\" content=\"2023-04-27T19:43:00+00:00\" \/>\n<meta property=\"og:image\" content=\"https:\/\/www.blogsoestado.com\/danielmatos\/files\/2023\/04\/Screenshot_20230427-1602322.png\" \/>\n<meta name=\"twitter:card\" content=\"summary_large_image\" \/>\n<meta name=\"twitter:label1\" content=\"Est. tempo de leitura\" \/>\n\t<meta name=\"twitter:data1\" content=\"3 minutos\" \/>\n<script type=\"application\/ld+json\" class=\"yoast-schema-graph\">{\"@context\":\"https:\/\/schema.org\",\"@graph\":[{\"@type\":\"WebPage\",\"@id\":\"https:\/\/www.blogsoestado.com\/danielmatos\/sindicato-dos-policiais-civis-repudia-nomeacao-de-jefferson-portela-em-cargo-no-ministerio-da-justica\/\",\"url\":\"https:\/\/www.blogsoestado.com\/danielmatos\/sindicato-dos-policiais-civis-repudia-nomeacao-de-jefferson-portela-em-cargo-no-ministerio-da-justica\/\",\"name\":\"Sindicato dos Policiais Civis repudia nomea\u00e7\u00e3o de Jefferson Portela em cargo no Minist\u00e9rio da Justi\u00e7a - Daniel Matos\",\"isPartOf\":{\"@id\":\"https:\/\/www.blogsoestado.com\/danielmatos\/#website\"},\"primaryImageOfPage\":{\"@id\":\"https:\/\/www.blogsoestado.com\/danielmatos\/sindicato-dos-policiais-civis-repudia-nomeacao-de-jefferson-portela-em-cargo-no-ministerio-da-justica\/#primaryimage\"},\"image\":{\"@id\":\"https:\/\/www.blogsoestado.com\/danielmatos\/sindicato-dos-policiais-civis-repudia-nomeacao-de-jefferson-portela-em-cargo-no-ministerio-da-justica\/#primaryimage\"},\"thumbnailUrl\":\"https:\/\/www.blogsoestado.com\/danielmatos\/files\/2023\/04\/Screenshot_20230427-1602322.png\",\"datePublished\":\"2023-04-27T19:43:00+00:00\",\"author\":{\"@id\":\"\"},\"breadcrumb\":{\"@id\":\"https:\/\/www.blogsoestado.com\/danielmatos\/sindicato-dos-policiais-civis-repudia-nomeacao-de-jefferson-portela-em-cargo-no-ministerio-da-justica\/#breadcrumb\"},\"inLanguage\":\"pt-BR\",\"potentialAction\":[{\"@type\":\"ReadAction\",\"target\":[\"https:\/\/www.blogsoestado.com\/danielmatos\/sindicato-dos-policiais-civis-repudia-nomeacao-de-jefferson-portela-em-cargo-no-ministerio-da-justica\/\"]}]},{\"@type\":\"ImageObject\",\"inLanguage\":\"pt-BR\",\"@id\":\"https:\/\/www.blogsoestado.com\/danielmatos\/sindicato-dos-policiais-civis-repudia-nomeacao-de-jefferson-portela-em-cargo-no-ministerio-da-justica\/#primaryimage\",\"url\":\"https:\/\/www.blogsoestado.com\/danielmatos\/files\/2023\/04\/Screenshot_20230427-1602322.png\",\"contentUrl\":\"https:\/\/www.blogsoestado.com\/danielmatos\/files\/2023\/04\/Screenshot_20230427-1602322.png\"},{\"@type\":\"BreadcrumbList\",\"@id\":\"https:\/\/www.blogsoestado.com\/danielmatos\/sindicato-dos-policiais-civis-repudia-nomeacao-de-jefferson-portela-em-cargo-no-ministerio-da-justica\/#breadcrumb\",\"itemListElement\":[{\"@type\":\"ListItem\",\"position\":1,\"name\":\"In\u00edcio\",\"item\":\"https:\/\/www.blogsoestado.com\/danielmatos\/\"},{\"@type\":\"ListItem\",\"position\":2,\"name\":\"Sindicato dos Policiais Civis repudia nomea\u00e7\u00e3o de Jefferson Portela em cargo no Minist\u00e9rio da Justi\u00e7a\"}]},{\"@type\":\"WebSite\",\"@id\":\"https:\/\/www.blogsoestado.com\/danielmatos\/#website\",\"url\":\"https:\/\/www.blogsoestado.com\/danielmatos\/\",\"name\":\"Daniel Matos\",\"description\":\"\",\"potentialAction\":[{\"@type\":\"SearchAction\",\"target\":{\"@type\":\"EntryPoint\",\"urlTemplate\":\"https:\/\/www.blogsoestado.com\/danielmatos\/?s={search_term_string}\"},\"query-input\":{\"@type\":\"PropertyValueSpecification\",\"valueRequired\":true,\"valueName\":\"search_term_string\"}}],\"inLanguage\":\"pt-BR\"}]}<\/script>\n<!-- \/ Yoast SEO plugin. -->","yoast_head_json":{"title":"Sindicato dos Policiais Civis repudia nomea\u00e7\u00e3o de Jefferson Portela em cargo no Minist\u00e9rio da Justi\u00e7a - Daniel Matos","robots":{"index":"index","follow":"follow","max-snippet":"max-snippet:-1","max-image-preview":"max-image-preview:large","max-video-preview":"max-video-preview:-1"},"canonical":"https:\/\/www.blogsoestado.com\/danielmatos\/sindicato-dos-policiais-civis-repudia-nomeacao-de-jefferson-portela-em-cargo-no-ministerio-da-justica\/","og_locale":"pt_BR","og_type":"article","og_title":"Sindicato dos Policiais Civis repudia nomea\u00e7\u00e3o de Jefferson Portela em cargo no Minist\u00e9rio da Justi\u00e7a - Daniel Matos","og_description":"O Sindicato dos Policiais Civis do Estado do Maranh\u00e3o (SINPOL) divulgou nota de rep\u00fadio em rea\u00e7\u00e3o ao an\u00fancio da nomea\u00e7\u00e3o [&hellip;]","og_url":"https:\/\/www.blogsoestado.com\/danielmatos\/sindicato-dos-policiais-civis-repudia-nomeacao-de-jefferson-portela-em-cargo-no-ministerio-da-justica\/","og_site_name":"Daniel Matos","article_published_time":"2023-04-27T19:43:00+00:00","og_image":[{"url":"https:\/\/www.blogsoestado.com\/danielmatos\/files\/2023\/04\/Screenshot_20230427-1602322.png","type":"","width":"","height":""}],"twitter_card":"summary_large_image","twitter_misc":{"Est. tempo de leitura":"3 minutos"},"schema":{"@context":"https:\/\/schema.org","@graph":[{"@type":"WebPage","@id":"https:\/\/www.blogsoestado.com\/danielmatos\/sindicato-dos-policiais-civis-repudia-nomeacao-de-jefferson-portela-em-cargo-no-ministerio-da-justica\/","url":"https:\/\/www.blogsoestado.com\/danielmatos\/sindicato-dos-policiais-civis-repudia-nomeacao-de-jefferson-portela-em-cargo-no-ministerio-da-justica\/","name":"Sindicato dos Policiais Civis repudia nomea\u00e7\u00e3o de Jefferson Portela em cargo no Minist\u00e9rio da Justi\u00e7a - Daniel Matos","isPartOf":{"@id":"https:\/\/www.blogsoestado.com\/danielmatos\/#website"},"primaryImageOfPage":{"@id":"https:\/\/www.blogsoestado.com\/danielmatos\/sindicato-dos-policiais-civis-repudia-nomeacao-de-jefferson-portela-em-cargo-no-ministerio-da-justica\/#primaryimage"},"image":{"@id":"https:\/\/www.blogsoestado.com\/danielmatos\/sindicato-dos-policiais-civis-repudia-nomeacao-de-jefferson-portela-em-cargo-no-ministerio-da-justica\/#primaryimage"},"thumbnailUrl":"https:\/\/www.blogsoestado.com\/danielmatos\/files\/2023\/04\/Screenshot_20230427-1602322.png","datePublished":"2023-04-27T19:43:00+00:00","author":{"@id":""},"breadcrumb":{"@id":"https:\/\/www.blogsoestado.com\/danielmatos\/sindicato-dos-policiais-civis-repudia-nomeacao-de-jefferson-portela-em-cargo-no-ministerio-da-justica\/#breadcrumb"},"inLanguage":"pt-BR","potentialAction":[{"@type":"ReadAction","target":["https:\/\/www.blogsoestado.com\/danielmatos\/sindicato-dos-policiais-civis-repudia-nomeacao-de-jefferson-portela-em-cargo-no-ministerio-da-justica\/"]}]},{"@type":"ImageObject","inLanguage":"pt-BR","@id":"https:\/\/www.blogsoestado.com\/danielmatos\/sindicato-dos-policiais-civis-repudia-nomeacao-de-jefferson-portela-em-cargo-no-ministerio-da-justica\/#primaryimage","url":"https:\/\/www.blogsoestado.com\/danielmatos\/files\/2023\/04\/Screenshot_20230427-1602322.png","contentUrl":"https:\/\/www.blogsoestado.com\/danielmatos\/files\/2023\/04\/Screenshot_20230427-1602322.png"},{"@type":"BreadcrumbList","@id":"https:\/\/www.blogsoestado.com\/danielmatos\/sindicato-dos-policiais-civis-repudia-nomeacao-de-jefferson-portela-em-cargo-no-ministerio-da-justica\/#breadcrumb","itemListElement":[{"@type":"ListItem","position":1,"name":"In\u00edcio","item":"https:\/\/www.blogsoestado.com\/danielmatos\/"},{"@type":"ListItem","position":2,"name":"Sindicato dos Policiais Civis repudia nomea\u00e7\u00e3o de Jefferson Portela em cargo no Minist\u00e9rio da Justi\u00e7a"}]},{"@type":"WebSite","@id":"https:\/\/www.blogsoestado.com\/danielmatos\/#website","url":"https:\/\/www.blogsoestado.com\/danielmatos\/","name":"Daniel Matos","description":"","potentialAction":[{"@type":"SearchAction","target":{"@type":"EntryPoint","urlTemplate":"https:\/\/www.blogsoestado.com\/danielmatos\/?s={search_term_string}"},"query-input":{"@type":"PropertyValueSpecification","valueRequired":true,"valueName":"search_term_string"}}],"inLanguage":"pt-BR"}]}},"jetpack_featured_media_url":"","_links":{"self":[{"href":"https:\/\/www.blogsoestado.com\/danielmatos\/wp-json\/wp\/v2\/posts\/108890","targetHints":{"allow":["GET"]}}],"collection":[{"href":"https:\/\/www.blogsoestado.com\/danielmatos\/wp-json\/wp\/v2\/posts"}],"about":[{"href":"https:\/\/www.blogsoestado.com\/danielmatos\/wp-json\/wp\/v2\/types\/post"}],"replies":[{"embeddable":true,"href":"https:\/\/www.blogsoestado.com\/danielmatos\/wp-json\/wp\/v2\/comments?post=108890"}],"version-history":[{"count":0,"href":"https:\/\/www.blogsoestado.com\/danielmatos\/wp-json\/wp\/v2\/posts\/108890\/revisions"}],"wp:attachment":[{"href":"https:\/\/www.blogsoestado.com\/danielmatos\/wp-json\/wp\/v2\/media?parent=108890"}],"wp:term":[{"taxonomy":"category","embeddable":true,"href":"https:\/\/www.blogsoestado.com\/danielmatos\/wp-json\/wp\/v2\/categories?post=108890"},{"taxonomy":"post_tag","embeddable":true,"href":"https:\/\/www.blogsoestado.com\/danielmatos\/wp-json\/wp\/v2\/tags?post=108890"}],"curies":[{"name":"wp","href":"https:\/\/api.w.org\/{rel}","templated":true}]}}