{"id":108896,"date":"2023-04-27T18:03:36","date_gmt":"2023-04-27T21:03:36","guid":{"rendered":"https:\/\/www.blogsoestado.com\/danielmatos\/?p=108896"},"modified":"2023-04-27T18:03:36","modified_gmt":"2023-04-27T21:03:36","slug":"camara-ouve-secretario-de-transito-e-transportes-nesta-sexta-feira-28","status":"publish","type":"post","link":"https:\/\/www.blogsoestado.com\/danielmatos\/camara-ouve-secretario-de-transito-e-transportes-nesta-sexta-feira-28\/","title":{"rendered":"C\u00e2mara ouve secret\u00e1rio de Tr\u00e2nsito e Transportes nesta sexta-feira (28)"},"content":{"rendered":"\n<p><em><strong><span class=\"has-inline-color has-vivid-red-color\">Diego Rodrigues, titular da SMTT, prestar\u00e1 relat\u00f3rios e esclarecimentos sobre auditoria do transporte<\/span><\/strong><\/em><\/p>\n\n\n\n<div class=\"wp-block-image\"><figure class=\"aligncenter size-large\"><a href=\"https:\/\/www.blogsoestado.com\/danielmatos\/files\/2023\/04\/Screenshot_20230427-1759002.png\"><img decoding=\"async\" src=\"https:\/\/www.blogsoestado.com\/danielmatos\/files\/2023\/04\/Screenshot_20230427-1759002.png\" alt=\"\" class=\"wp-image-108897\"\/><\/a><figcaption>Reuni\u00e3o ser\u00e1 transmitida pelas redes sociais da C\u00e2mara (<strong>Foto: <\/strong>Leonardo Mendon\u00e7a)<\/figcaption><\/figure><\/div>\n\n\n\n<p id=\"E80\">A C\u00e2mara de S\u00e3o Lu\u00eds se re\u00fane amanh\u00e3, sexta-feira (28), a partir das 9h, com o novo secret\u00e1rio de tr\u00e2nsito e transporte, Diego Rodrigues, \u00e0 pedido do vereador \u00c1lvaro Pires (PMN). O encontro ter\u00e1 como foco a apresenta\u00e7\u00e3o dos relat\u00f3rios e esclarecimentos sobre a auditoria da empresa Planum no sistema tarif\u00e1rio do transporte p\u00fablico.<\/p>\n\n\n\n<p id=\"E82\">O secret\u00e1rio ser\u00e1 ouvido na semana em que ocorre nova greve do transporte p\u00fablico da capital. A greve, que come\u00e7ou nessa ter\u00e7a-feira (25), tamb\u00e9m deve ser abordada na reuni\u00e3o. Na sess\u00e3o da \u00faltima quarta-feira (26), o tema repercutiu nos pronunciamentos na tribuna.<\/p>\n\n\n\n<p id=\"E86\">O autor do of\u00edcio que gerou a convoca\u00e7\u00e3o j\u00e1 havia criticado o reajuste no pre\u00e7o das passagens por descumprimento do edital de licita\u00e7\u00e3o homologado em 2016. Agora Pires aponta que a Planum (Planejamento e Consultoria Urbana Ltda.), empresa vencedora da licita\u00e7\u00e3o para realizar os estudos e auditoria contratados pela Secretaria de Tr\u00e2nsito e Transporte (SMTT), n\u00e3o cumpriu o objeto contratado.&nbsp;<\/p>\n\n\n\n<p id=\"E89\">Por isso, o parlamentar cobra explica\u00e7\u00f5es sobre a auditoria, o que resultou na convoca\u00e7\u00e3o. \u201cBaseado na Lei Org\u00e2nica do Munic\u00edpio e na Lei de Acesso \u00e0 Informa\u00e7\u00e3o n\u00f3s solicitamos, em car\u00e1ter de urg\u00eancia, a apresenta\u00e7\u00e3o dos estudos e relat\u00f3rios da autoria contratada pela SMTT junto \u00e0 Planum\u201d, explica o autor do pedido.<\/p>\n\n\n\n<p id=\"E91\"><strong>Greve<\/strong><\/p>\n\n\n\n<p id=\"E93\">Vale refor\u00e7ar que a capital maranhense segue sem \u00f4nibus ap\u00f3s tr\u00eas dias de greve geral do sistema, e segue sem acordo entre as partes envolvidas. Segundo o SET, est\u00e1 em disputa o reajuste de 7% nos sal\u00e1rios dos rodovi\u00e1rios, acordado previamente, entre o \u00f3rg\u00e3o e a Prefeitura de S\u00e3o Lu\u00eds. Em nota, o SET informou o n\u00e3o cumprimento por parte da Prefeitura.<\/p>\n\n\n\n<p id=\"E96\"><strong>Repercuss\u00e3o<\/strong><\/p>\n\n\n\n<p id=\"E98\">Ao longo desta semana os vereadores se manifestaram sobre a greve. Com destaque \u00e0 fala do presidente da Comiss\u00e3o de Mobilidade Urbana, Regula\u00e7\u00e3o Fundi\u00e1ria e Ocupa\u00e7\u00e3o do Solo Urbano (COMRFOSU), vereador Astro de Ogum (PCdoB), que&nbsp;<a is=\"qowt-hyperlink\" href=\"https:\/\/www.camara.slz.br\/o-transporte-publico-acaba-de-morrer-diz-astro-de-ogum\/\">decretou a morte do transporte p\u00fablico na capital<\/a>. J\u00e1 o vereador&nbsp;<a is=\"qowt-hyperlink\" href=\"https:\/\/www.camara.slz.br\/octavio-soeiro-pede-implantacao-do-conselho-permanente-de-usuarios-de-transporte-e-prestadores-de-servicos\/\">Oct\u00e1vio Soeiro (Podemos) pediu a implanta\u00e7\u00e3o do Conselho Permanente de Usu\u00e1rios de Transporte e Prestadores de Servi\u00e7os<\/a>.<\/p>\n","protected":false},"excerpt":{"rendered":"<p>Diego Rodrigues, titular da SMTT, prestar\u00e1 relat\u00f3rios e esclarecimentos sobre auditoria do transporte A C\u00e2mara de S\u00e3o Lu\u00eds se re\u00fane [&hellip;]<\/p>\n","protected":false},"author":0,"featured_media":0,"comment_status":"open","ping_status":"open","sticky":false,"template":"","format":"standard","meta":{"site-sidebar-layout":"default","site-content-layout":"","ast-site-content-layout":"default","site-content-style":"default","site-sidebar-style":"default","ast-global-header-display":"","ast-banner-title-visibility":"","ast-main-header-display":"","ast-hfb-above-header-display":"","ast-hfb-below-header-display":"","ast-hfb-mobile-header-display":"","site-post-title":"","ast-breadcrumbs-content":"","ast-featured-img":"","footer-sml-layout":"","ast-disable-related-posts":"","theme-transparent-header-meta":"","adv-header-id-meta":"","stick-header-meta":"","header-above-stick-meta":"","header-main-stick-meta":"","header-below-stick-meta":"","astra-migrate-meta-layouts":"default","ast-page-background-enabled":"default","ast-page-background-meta":{"desktop":{"background-color":"var(--ast-global-color-5)","background-image":"","background-repeat":"repeat","background-position":"center center","background-size":"auto","background-attachment":"scroll","background-type":"","background-media":"","overlay-type":"","overlay-color":"","overlay-opacity":"","overlay-gradient":""},"tablet":{"background-color":"","background-image":"","background-repeat":"repeat","background-position":"center center","background-size":"auto","background-attachment":"scroll","background-type":"","background-media":"","overlay-type":"","overlay-color":"","overlay-opacity":"","overlay-gradient":""},"mobile":{"background-color":"","background-image":"","background-repeat":"repeat","background-position":"center center","background-size":"auto","background-attachment":"scroll","background-type":"","background-media":"","overlay-type":"","overlay-color":"","overlay-opacity":"","overlay-gradient":""}},"ast-content-background-meta":{"desktop":{"background-color":"var(--ast-global-color-4)","background-image":"","background-repeat":"repeat","background-position":"center center","background-size":"auto","background-attachment":"scroll","background-type":"","background-media":"","overlay-type":"","overlay-color":"","overlay-opacity":"","overlay-gradient":""},"tablet":{"background-color":"var(--ast-global-color-4)","background-image":"","background-repeat":"repeat","background-position":"center center","background-size":"auto","background-attachment":"scroll","background-type":"","background-media":"","overlay-type":"","overlay-color":"","overlay-opacity":"","overlay-gradient":""},"mobile":{"background-color":"var(--ast-global-color-4)","background-image":"","background-repeat":"repeat","background-position":"center center","background-size":"auto","background-attachment":"scroll","background-type":"","background-media":"","overlay-type":"","overlay-color":"","overlay-opacity":"","overlay-gradient":""}},"footnotes":""},"categories":[1],"tags":[],"class_list":["post-108896","post","type-post","status-publish","format-standard","hentry","category-sem-categoria"],"yoast_head":"<!-- This site is optimized with the Yoast SEO plugin v26.6 - https:\/\/yoast.com\/wordpress\/plugins\/seo\/ -->\n<title>C\u00e2mara ouve secret\u00e1rio de Tr\u00e2nsito e Transportes nesta sexta-feira (28) - Daniel Matos<\/title>\n<meta name=\"robots\" content=\"index, follow, max-snippet:-1, max-image-preview:large, max-video-preview:-1\" \/>\n<link rel=\"canonical\" href=\"https:\/\/www.blogsoestado.com\/danielmatos\/camara-ouve-secretario-de-transito-e-transportes-nesta-sexta-feira-28\/\" \/>\n<meta property=\"og:locale\" content=\"pt_BR\" \/>\n<meta property=\"og:type\" content=\"article\" \/>\n<meta property=\"og:title\" content=\"C\u00e2mara ouve secret\u00e1rio de Tr\u00e2nsito e Transportes nesta sexta-feira (28) - Daniel Matos\" \/>\n<meta property=\"og:description\" content=\"Diego Rodrigues, titular da SMTT, prestar\u00e1 relat\u00f3rios e esclarecimentos sobre auditoria do transporte A C\u00e2mara de S\u00e3o Lu\u00eds se re\u00fane [&hellip;]\" \/>\n<meta property=\"og:url\" content=\"https:\/\/www.blogsoestado.com\/danielmatos\/camara-ouve-secretario-de-transito-e-transportes-nesta-sexta-feira-28\/\" \/>\n<meta property=\"og:site_name\" content=\"Daniel Matos\" \/>\n<meta property=\"article:published_time\" content=\"2023-04-27T21:03:36+00:00\" \/>\n<meta property=\"og:image\" content=\"https:\/\/www.blogsoestado.com\/danielmatos\/files\/2023\/04\/Screenshot_20230427-1759002.png\" \/>\n<meta name=\"twitter:card\" content=\"summary_large_image\" \/>\n<meta name=\"twitter:label1\" content=\"Est. tempo de leitura\" \/>\n\t<meta name=\"twitter:data1\" content=\"2 minutos\" \/>\n<script type=\"application\/ld+json\" class=\"yoast-schema-graph\">{\"@context\":\"https:\/\/schema.org\",\"@graph\":[{\"@type\":\"WebPage\",\"@id\":\"https:\/\/www.blogsoestado.com\/danielmatos\/camara-ouve-secretario-de-transito-e-transportes-nesta-sexta-feira-28\/\",\"url\":\"https:\/\/www.blogsoestado.com\/danielmatos\/camara-ouve-secretario-de-transito-e-transportes-nesta-sexta-feira-28\/\",\"name\":\"C\u00e2mara ouve secret\u00e1rio de Tr\u00e2nsito e Transportes nesta sexta-feira (28) - Daniel Matos\",\"isPartOf\":{\"@id\":\"https:\/\/www.blogsoestado.com\/danielmatos\/#website\"},\"primaryImageOfPage\":{\"@id\":\"https:\/\/www.blogsoestado.com\/danielmatos\/camara-ouve-secretario-de-transito-e-transportes-nesta-sexta-feira-28\/#primaryimage\"},\"image\":{\"@id\":\"https:\/\/www.blogsoestado.com\/danielmatos\/camara-ouve-secretario-de-transito-e-transportes-nesta-sexta-feira-28\/#primaryimage\"},\"thumbnailUrl\":\"https:\/\/www.blogsoestado.com\/danielmatos\/files\/2023\/04\/Screenshot_20230427-1759002.png\",\"datePublished\":\"2023-04-27T21:03:36+00:00\",\"author\":{\"@id\":\"\"},\"breadcrumb\":{\"@id\":\"https:\/\/www.blogsoestado.com\/danielmatos\/camara-ouve-secretario-de-transito-e-transportes-nesta-sexta-feira-28\/#breadcrumb\"},\"inLanguage\":\"pt-BR\",\"potentialAction\":[{\"@type\":\"ReadAction\",\"target\":[\"https:\/\/www.blogsoestado.com\/danielmatos\/camara-ouve-secretario-de-transito-e-transportes-nesta-sexta-feira-28\/\"]}]},{\"@type\":\"ImageObject\",\"inLanguage\":\"pt-BR\",\"@id\":\"https:\/\/www.blogsoestado.com\/danielmatos\/camara-ouve-secretario-de-transito-e-transportes-nesta-sexta-feira-28\/#primaryimage\",\"url\":\"https:\/\/www.blogsoestado.com\/danielmatos\/files\/2023\/04\/Screenshot_20230427-1759002.png\",\"contentUrl\":\"https:\/\/www.blogsoestado.com\/danielmatos\/files\/2023\/04\/Screenshot_20230427-1759002.png\"},{\"@type\":\"BreadcrumbList\",\"@id\":\"https:\/\/www.blogsoestado.com\/danielmatos\/camara-ouve-secretario-de-transito-e-transportes-nesta-sexta-feira-28\/#breadcrumb\",\"itemListElement\":[{\"@type\":\"ListItem\",\"position\":1,\"name\":\"In\u00edcio\",\"item\":\"https:\/\/www.blogsoestado.com\/danielmatos\/\"},{\"@type\":\"ListItem\",\"position\":2,\"name\":\"C\u00e2mara ouve secret\u00e1rio de Tr\u00e2nsito e Transportes nesta sexta-feira (28)\"}]},{\"@type\":\"WebSite\",\"@id\":\"https:\/\/www.blogsoestado.com\/danielmatos\/#website\",\"url\":\"https:\/\/www.blogsoestado.com\/danielmatos\/\",\"name\":\"Daniel Matos\",\"description\":\"\",\"potentialAction\":[{\"@type\":\"SearchAction\",\"target\":{\"@type\":\"EntryPoint\",\"urlTemplate\":\"https:\/\/www.blogsoestado.com\/danielmatos\/?s={search_term_string}\"},\"query-input\":{\"@type\":\"PropertyValueSpecification\",\"valueRequired\":true,\"valueName\":\"search_term_string\"}}],\"inLanguage\":\"pt-BR\"}]}<\/script>\n<!-- \/ Yoast SEO plugin. -->","yoast_head_json":{"title":"C\u00e2mara ouve secret\u00e1rio de Tr\u00e2nsito e Transportes nesta sexta-feira (28) - Daniel Matos","robots":{"index":"index","follow":"follow","max-snippet":"max-snippet:-1","max-image-preview":"max-image-preview:large","max-video-preview":"max-video-preview:-1"},"canonical":"https:\/\/www.blogsoestado.com\/danielmatos\/camara-ouve-secretario-de-transito-e-transportes-nesta-sexta-feira-28\/","og_locale":"pt_BR","og_type":"article","og_title":"C\u00e2mara ouve secret\u00e1rio de Tr\u00e2nsito e Transportes nesta sexta-feira (28) - Daniel Matos","og_description":"Diego Rodrigues, titular da SMTT, prestar\u00e1 relat\u00f3rios e esclarecimentos sobre auditoria do transporte A C\u00e2mara de S\u00e3o Lu\u00eds se re\u00fane [&hellip;]","og_url":"https:\/\/www.blogsoestado.com\/danielmatos\/camara-ouve-secretario-de-transito-e-transportes-nesta-sexta-feira-28\/","og_site_name":"Daniel Matos","article_published_time":"2023-04-27T21:03:36+00:00","og_image":[{"url":"https:\/\/www.blogsoestado.com\/danielmatos\/files\/2023\/04\/Screenshot_20230427-1759002.png","type":"","width":"","height":""}],"twitter_card":"summary_large_image","twitter_misc":{"Est. tempo de leitura":"2 minutos"},"schema":{"@context":"https:\/\/schema.org","@graph":[{"@type":"WebPage","@id":"https:\/\/www.blogsoestado.com\/danielmatos\/camara-ouve-secretario-de-transito-e-transportes-nesta-sexta-feira-28\/","url":"https:\/\/www.blogsoestado.com\/danielmatos\/camara-ouve-secretario-de-transito-e-transportes-nesta-sexta-feira-28\/","name":"C\u00e2mara ouve secret\u00e1rio de Tr\u00e2nsito e Transportes nesta sexta-feira (28) - Daniel Matos","isPartOf":{"@id":"https:\/\/www.blogsoestado.com\/danielmatos\/#website"},"primaryImageOfPage":{"@id":"https:\/\/www.blogsoestado.com\/danielmatos\/camara-ouve-secretario-de-transito-e-transportes-nesta-sexta-feira-28\/#primaryimage"},"image":{"@id":"https:\/\/www.blogsoestado.com\/danielmatos\/camara-ouve-secretario-de-transito-e-transportes-nesta-sexta-feira-28\/#primaryimage"},"thumbnailUrl":"https:\/\/www.blogsoestado.com\/danielmatos\/files\/2023\/04\/Screenshot_20230427-1759002.png","datePublished":"2023-04-27T21:03:36+00:00","author":{"@id":""},"breadcrumb":{"@id":"https:\/\/www.blogsoestado.com\/danielmatos\/camara-ouve-secretario-de-transito-e-transportes-nesta-sexta-feira-28\/#breadcrumb"},"inLanguage":"pt-BR","potentialAction":[{"@type":"ReadAction","target":["https:\/\/www.blogsoestado.com\/danielmatos\/camara-ouve-secretario-de-transito-e-transportes-nesta-sexta-feira-28\/"]}]},{"@type":"ImageObject","inLanguage":"pt-BR","@id":"https:\/\/www.blogsoestado.com\/danielmatos\/camara-ouve-secretario-de-transito-e-transportes-nesta-sexta-feira-28\/#primaryimage","url":"https:\/\/www.blogsoestado.com\/danielmatos\/files\/2023\/04\/Screenshot_20230427-1759002.png","contentUrl":"https:\/\/www.blogsoestado.com\/danielmatos\/files\/2023\/04\/Screenshot_20230427-1759002.png"},{"@type":"BreadcrumbList","@id":"https:\/\/www.blogsoestado.com\/danielmatos\/camara-ouve-secretario-de-transito-e-transportes-nesta-sexta-feira-28\/#breadcrumb","itemListElement":[{"@type":"ListItem","position":1,"name":"In\u00edcio","item":"https:\/\/www.blogsoestado.com\/danielmatos\/"},{"@type":"ListItem","position":2,"name":"C\u00e2mara ouve secret\u00e1rio de Tr\u00e2nsito e Transportes nesta sexta-feira (28)"}]},{"@type":"WebSite","@id":"https:\/\/www.blogsoestado.com\/danielmatos\/#website","url":"https:\/\/www.blogsoestado.com\/danielmatos\/","name":"Daniel Matos","description":"","potentialAction":[{"@type":"SearchAction","target":{"@type":"EntryPoint","urlTemplate":"https:\/\/www.blogsoestado.com\/danielmatos\/?s={search_term_string}"},"query-input":{"@type":"PropertyValueSpecification","valueRequired":true,"valueName":"search_term_string"}}],"inLanguage":"pt-BR"}]}},"jetpack_featured_media_url":"","_links":{"self":[{"href":"https:\/\/www.blogsoestado.com\/danielmatos\/wp-json\/wp\/v2\/posts\/108896","targetHints":{"allow":["GET"]}}],"collection":[{"href":"https:\/\/www.blogsoestado.com\/danielmatos\/wp-json\/wp\/v2\/posts"}],"about":[{"href":"https:\/\/www.blogsoestado.com\/danielmatos\/wp-json\/wp\/v2\/types\/post"}],"replies":[{"embeddable":true,"href":"https:\/\/www.blogsoestado.com\/danielmatos\/wp-json\/wp\/v2\/comments?post=108896"}],"version-history":[{"count":0,"href":"https:\/\/www.blogsoestado.com\/danielmatos\/wp-json\/wp\/v2\/posts\/108896\/revisions"}],"wp:attachment":[{"href":"https:\/\/www.blogsoestado.com\/danielmatos\/wp-json\/wp\/v2\/media?parent=108896"}],"wp:term":[{"taxonomy":"category","embeddable":true,"href":"https:\/\/www.blogsoestado.com\/danielmatos\/wp-json\/wp\/v2\/categories?post=108896"},{"taxonomy":"post_tag","embeddable":true,"href":"https:\/\/www.blogsoestado.com\/danielmatos\/wp-json\/wp\/v2\/tags?post=108896"}],"curies":[{"name":"wp","href":"https:\/\/api.w.org\/{rel}","templated":true}]}}