{"id":108914,"date":"2023-04-27T20:23:19","date_gmt":"2023-04-27T23:23:19","guid":{"rendered":"https:\/\/www.blogsoestado.com\/danielmatos\/?p=108914"},"modified":"2023-04-27T20:23:19","modified_gmt":"2023-04-27T23:23:19","slug":"francisco-chaguinhas-e-alvaro-pires-repercutem-greve-dos-rodoviarios-no-diario-da-manha","status":"publish","type":"post","link":"https:\/\/www.blogsoestado.com\/danielmatos\/francisco-chaguinhas-e-alvaro-pires-repercutem-greve-dos-rodoviarios-no-diario-da-manha\/","title":{"rendered":"Francisco Chaguinhas e \u00c1lvaro Pires repercutem greve dos rodovi\u00e1rios no &#8220;Di\u00e1rio da Manh\u00e3&#8221;"},"content":{"rendered":"\n<p><em><strong><span class=\"has-inline-color has-vivid-red-color\">Vereadores foram entrevistados na R\u00e1dio Assembleia e falaram sobre os impactos da greve dos rodovi\u00e1rios no dia a dia de milhares de ludovicenses<\/span><\/strong><\/em><\/p>\n\n\n\n<div class=\"wp-block-image\"><figure class=\"aligncenter size-large\"><a href=\"https:\/\/www.blogsoestado.com\/danielmatos\/files\/2023\/04\/Screenshot_20230427-2014202.png\"><img decoding=\"async\" src=\"https:\/\/www.blogsoestado.com\/danielmatos\/files\/2023\/04\/Screenshot_20230427-2014202.png\" alt=\"\" class=\"wp-image-108915\"\/><\/a><figcaption>Os vereadores Francisco Chaguinhas e \u00c1lvaro Pires comentaram os impactos da greve do transporte p\u00fablico para a popula\u00e7\u00e3o de S\u00e3o Lu\u00eds <\/figcaption><\/figure><\/div>\n\n\n\n<p>Em entrevista \u00e0 R\u00e1dio Assembleia (96,9 FM), no programa &#8220;Di\u00e1rio da Manh\u00e3&#8221; desta quinta-feira (27), os vereadores Francisco Chaguinhas (Podemos), presidente da C\u00e2mara Municipal de S\u00e3o Lu\u00eds, e \u00c1lvaro Pires (PMN) falaram sobre os impactos da greve dos rodovi\u00e1rios no dia a dia de milhares de ludovicenses.<\/p>\n\n\n\n<p>Na entrevista ao jornalista Ronald Segundo, o vereador Francisco Chaguinhas afirmou que o sistema de transporte p\u00fablico de S\u00e3o Lu\u00eds tem sido negligenciado e sucateado ao longo dos anos, com a assinatura de contratos que, na teoria, previam a melhoria dos servi\u00e7os, mas na pr\u00e1tica isso n\u00e3o acontecia.<\/p>\n\n\n\n<p>\u201cO que observamos \u00e9 que esses contratos n\u00e3o passavam de cortina de fuma\u00e7a, pois de 2016 para c\u00e1 o atendimento \u00e0 popula\u00e7\u00e3o foi decaindo. Hoje, n\u00f3s temos um transporte carcomido por falta de uma pol\u00edtica e gest\u00e3o p\u00fablica eficientes, uma vez que \u00e9 uma parceria p\u00fablico-privada, de um lado os empres\u00e1rios e, do outro, a Prefeitura\u201d, criticou.<\/p>\n\n\n\n<p>O presidente da C\u00e2mara de S\u00e3o Lu\u00eds cobrou maior responsabilidade da gest\u00e3o municipal com o transporte p\u00fablico da capital. \u201c\u00c9 importante que as duas partes, que s\u00e3o o empresariado e a Prefeitura, possam mitigar esse problema que enfrentamos no transporte de S\u00e3o Lu\u00eds\u201d, complementou Francisco Chaguinhas.<\/p>\n\n\n\n<p>O vereador \u00c1lvaro Pires, que \u00e9 membro da Comiss\u00e3o de Mobilidade Urbana da C\u00e2mara e participou da CPI do Transporte, lembrou que foi entregue \u00e0 Prefeitura de S\u00e3o Lu\u00eds e ao Minist\u00e9rio P\u00fablico um relat\u00f3rio com solu\u00e7\u00f5es para o problema do transporte p\u00fablico da capital maranhense. \u201cFalta gest\u00e3o do munic\u00edpio e compromisso dos empres\u00e1rios. Infelizmente, quem paga a conta \u00e9 a sociedade\u201d, disse.<\/p>\n","protected":false},"excerpt":{"rendered":"<p>Vereadores foram entrevistados na R\u00e1dio Assembleia e falaram sobre os impactos da greve dos rodovi\u00e1rios no dia a dia de [&hellip;]<\/p>\n","protected":false},"author":0,"featured_media":0,"comment_status":"open","ping_status":"open","sticky":false,"template":"","format":"standard","meta":{"site-sidebar-layout":"default","site-content-layout":"","ast-site-content-layout":"default","site-content-style":"default","site-sidebar-style":"default","ast-global-header-display":"","ast-banner-title-visibility":"","ast-main-header-display":"","ast-hfb-above-header-display":"","ast-hfb-below-header-display":"","ast-hfb-mobile-header-display":"","site-post-title":"","ast-breadcrumbs-content":"","ast-featured-img":"","footer-sml-layout":"","ast-disable-related-posts":"","theme-transparent-header-meta":"","adv-header-id-meta":"","stick-header-meta":"","header-above-stick-meta":"","header-main-stick-meta":"","header-below-stick-meta":"","astra-migrate-meta-layouts":"default","ast-page-background-enabled":"default","ast-page-background-meta":{"desktop":{"background-color":"var(--ast-global-color-5)","background-image":"","background-repeat":"repeat","background-position":"center center","background-size":"auto","background-attachment":"scroll","background-type":"","background-media":"","overlay-type":"","overlay-color":"","overlay-opacity":"","overlay-gradient":""},"tablet":{"background-color":"","background-image":"","background-repeat":"repeat","background-position":"center center","background-size":"auto","background-attachment":"scroll","background-type":"","background-media":"","overlay-type":"","overlay-color":"","overlay-opacity":"","overlay-gradient":""},"mobile":{"background-color":"","background-image":"","background-repeat":"repeat","background-position":"center center","background-size":"auto","background-attachment":"scroll","background-type":"","background-media":"","overlay-type":"","overlay-color":"","overlay-opacity":"","overlay-gradient":""}},"ast-content-background-meta":{"desktop":{"background-color":"var(--ast-global-color-4)","background-image":"","background-repeat":"repeat","background-position":"center center","background-size":"auto","background-attachment":"scroll","background-type":"","background-media":"","overlay-type":"","overlay-color":"","overlay-opacity":"","overlay-gradient":""},"tablet":{"background-color":"var(--ast-global-color-4)","background-image":"","background-repeat":"repeat","background-position":"center center","background-size":"auto","background-attachment":"scroll","background-type":"","background-media":"","overlay-type":"","overlay-color":"","overlay-opacity":"","overlay-gradient":""},"mobile":{"background-color":"var(--ast-global-color-4)","background-image":"","background-repeat":"repeat","background-position":"center center","background-size":"auto","background-attachment":"scroll","background-type":"","background-media":"","overlay-type":"","overlay-color":"","overlay-opacity":"","overlay-gradient":""}},"footnotes":""},"categories":[1],"tags":[],"class_list":["post-108914","post","type-post","status-publish","format-standard","hentry","category-sem-categoria"],"yoast_head":"<!-- This site is optimized with the Yoast SEO plugin v26.6 - https:\/\/yoast.com\/wordpress\/plugins\/seo\/ -->\n<title>Francisco Chaguinhas e \u00c1lvaro Pires repercutem greve dos rodovi\u00e1rios no &quot;Di\u00e1rio da Manh\u00e3&quot; - Daniel Matos<\/title>\n<meta name=\"robots\" content=\"index, follow, max-snippet:-1, max-image-preview:large, max-video-preview:-1\" \/>\n<link rel=\"canonical\" href=\"https:\/\/www.blogsoestado.com\/danielmatos\/francisco-chaguinhas-e-alvaro-pires-repercutem-greve-dos-rodoviarios-no-diario-da-manha\/\" \/>\n<meta property=\"og:locale\" content=\"pt_BR\" \/>\n<meta property=\"og:type\" content=\"article\" \/>\n<meta property=\"og:title\" content=\"Francisco Chaguinhas e \u00c1lvaro Pires repercutem greve dos rodovi\u00e1rios no &quot;Di\u00e1rio da Manh\u00e3&quot; - Daniel Matos\" \/>\n<meta property=\"og:description\" content=\"Vereadores foram entrevistados na R\u00e1dio Assembleia e falaram sobre os impactos da greve dos rodovi\u00e1rios no dia a dia de [&hellip;]\" \/>\n<meta property=\"og:url\" content=\"https:\/\/www.blogsoestado.com\/danielmatos\/francisco-chaguinhas-e-alvaro-pires-repercutem-greve-dos-rodoviarios-no-diario-da-manha\/\" \/>\n<meta property=\"og:site_name\" content=\"Daniel Matos\" \/>\n<meta property=\"article:published_time\" content=\"2023-04-27T23:23:19+00:00\" \/>\n<meta property=\"og:image\" content=\"https:\/\/www.blogsoestado.com\/danielmatos\/files\/2023\/04\/Screenshot_20230427-2014202.png\" \/>\n<meta name=\"twitter:card\" content=\"summary_large_image\" \/>\n<meta name=\"twitter:label1\" content=\"Est. tempo de leitura\" \/>\n\t<meta name=\"twitter:data1\" content=\"2 minutos\" \/>\n<script type=\"application\/ld+json\" class=\"yoast-schema-graph\">{\"@context\":\"https:\/\/schema.org\",\"@graph\":[{\"@type\":\"WebPage\",\"@id\":\"https:\/\/www.blogsoestado.com\/danielmatos\/francisco-chaguinhas-e-alvaro-pires-repercutem-greve-dos-rodoviarios-no-diario-da-manha\/\",\"url\":\"https:\/\/www.blogsoestado.com\/danielmatos\/francisco-chaguinhas-e-alvaro-pires-repercutem-greve-dos-rodoviarios-no-diario-da-manha\/\",\"name\":\"Francisco Chaguinhas e \u00c1lvaro Pires repercutem greve dos rodovi\u00e1rios no \\\"Di\u00e1rio da Manh\u00e3\\\" - Daniel Matos\",\"isPartOf\":{\"@id\":\"https:\/\/www.blogsoestado.com\/danielmatos\/#website\"},\"primaryImageOfPage\":{\"@id\":\"https:\/\/www.blogsoestado.com\/danielmatos\/francisco-chaguinhas-e-alvaro-pires-repercutem-greve-dos-rodoviarios-no-diario-da-manha\/#primaryimage\"},\"image\":{\"@id\":\"https:\/\/www.blogsoestado.com\/danielmatos\/francisco-chaguinhas-e-alvaro-pires-repercutem-greve-dos-rodoviarios-no-diario-da-manha\/#primaryimage\"},\"thumbnailUrl\":\"https:\/\/www.blogsoestado.com\/danielmatos\/files\/2023\/04\/Screenshot_20230427-2014202.png\",\"datePublished\":\"2023-04-27T23:23:19+00:00\",\"author\":{\"@id\":\"\"},\"breadcrumb\":{\"@id\":\"https:\/\/www.blogsoestado.com\/danielmatos\/francisco-chaguinhas-e-alvaro-pires-repercutem-greve-dos-rodoviarios-no-diario-da-manha\/#breadcrumb\"},\"inLanguage\":\"pt-BR\",\"potentialAction\":[{\"@type\":\"ReadAction\",\"target\":[\"https:\/\/www.blogsoestado.com\/danielmatos\/francisco-chaguinhas-e-alvaro-pires-repercutem-greve-dos-rodoviarios-no-diario-da-manha\/\"]}]},{\"@type\":\"ImageObject\",\"inLanguage\":\"pt-BR\",\"@id\":\"https:\/\/www.blogsoestado.com\/danielmatos\/francisco-chaguinhas-e-alvaro-pires-repercutem-greve-dos-rodoviarios-no-diario-da-manha\/#primaryimage\",\"url\":\"https:\/\/www.blogsoestado.com\/danielmatos\/files\/2023\/04\/Screenshot_20230427-2014202.png\",\"contentUrl\":\"https:\/\/www.blogsoestado.com\/danielmatos\/files\/2023\/04\/Screenshot_20230427-2014202.png\"},{\"@type\":\"BreadcrumbList\",\"@id\":\"https:\/\/www.blogsoestado.com\/danielmatos\/francisco-chaguinhas-e-alvaro-pires-repercutem-greve-dos-rodoviarios-no-diario-da-manha\/#breadcrumb\",\"itemListElement\":[{\"@type\":\"ListItem\",\"position\":1,\"name\":\"In\u00edcio\",\"item\":\"https:\/\/www.blogsoestado.com\/danielmatos\/\"},{\"@type\":\"ListItem\",\"position\":2,\"name\":\"Francisco Chaguinhas e \u00c1lvaro Pires repercutem greve dos rodovi\u00e1rios no &#8220;Di\u00e1rio da Manh\u00e3&#8221;\"}]},{\"@type\":\"WebSite\",\"@id\":\"https:\/\/www.blogsoestado.com\/danielmatos\/#website\",\"url\":\"https:\/\/www.blogsoestado.com\/danielmatos\/\",\"name\":\"Daniel Matos\",\"description\":\"\",\"potentialAction\":[{\"@type\":\"SearchAction\",\"target\":{\"@type\":\"EntryPoint\",\"urlTemplate\":\"https:\/\/www.blogsoestado.com\/danielmatos\/?s={search_term_string}\"},\"query-input\":{\"@type\":\"PropertyValueSpecification\",\"valueRequired\":true,\"valueName\":\"search_term_string\"}}],\"inLanguage\":\"pt-BR\"}]}<\/script>\n<!-- \/ Yoast SEO plugin. -->","yoast_head_json":{"title":"Francisco Chaguinhas e \u00c1lvaro Pires repercutem greve dos rodovi\u00e1rios no \"Di\u00e1rio da Manh\u00e3\" - Daniel Matos","robots":{"index":"index","follow":"follow","max-snippet":"max-snippet:-1","max-image-preview":"max-image-preview:large","max-video-preview":"max-video-preview:-1"},"canonical":"https:\/\/www.blogsoestado.com\/danielmatos\/francisco-chaguinhas-e-alvaro-pires-repercutem-greve-dos-rodoviarios-no-diario-da-manha\/","og_locale":"pt_BR","og_type":"article","og_title":"Francisco Chaguinhas e \u00c1lvaro Pires repercutem greve dos rodovi\u00e1rios no \"Di\u00e1rio da Manh\u00e3\" - Daniel Matos","og_description":"Vereadores foram entrevistados na R\u00e1dio Assembleia e falaram sobre os impactos da greve dos rodovi\u00e1rios no dia a dia de [&hellip;]","og_url":"https:\/\/www.blogsoestado.com\/danielmatos\/francisco-chaguinhas-e-alvaro-pires-repercutem-greve-dos-rodoviarios-no-diario-da-manha\/","og_site_name":"Daniel Matos","article_published_time":"2023-04-27T23:23:19+00:00","og_image":[{"url":"https:\/\/www.blogsoestado.com\/danielmatos\/files\/2023\/04\/Screenshot_20230427-2014202.png","type":"","width":"","height":""}],"twitter_card":"summary_large_image","twitter_misc":{"Est. tempo de leitura":"2 minutos"},"schema":{"@context":"https:\/\/schema.org","@graph":[{"@type":"WebPage","@id":"https:\/\/www.blogsoestado.com\/danielmatos\/francisco-chaguinhas-e-alvaro-pires-repercutem-greve-dos-rodoviarios-no-diario-da-manha\/","url":"https:\/\/www.blogsoestado.com\/danielmatos\/francisco-chaguinhas-e-alvaro-pires-repercutem-greve-dos-rodoviarios-no-diario-da-manha\/","name":"Francisco Chaguinhas e \u00c1lvaro Pires repercutem greve dos rodovi\u00e1rios no \"Di\u00e1rio da Manh\u00e3\" - Daniel Matos","isPartOf":{"@id":"https:\/\/www.blogsoestado.com\/danielmatos\/#website"},"primaryImageOfPage":{"@id":"https:\/\/www.blogsoestado.com\/danielmatos\/francisco-chaguinhas-e-alvaro-pires-repercutem-greve-dos-rodoviarios-no-diario-da-manha\/#primaryimage"},"image":{"@id":"https:\/\/www.blogsoestado.com\/danielmatos\/francisco-chaguinhas-e-alvaro-pires-repercutem-greve-dos-rodoviarios-no-diario-da-manha\/#primaryimage"},"thumbnailUrl":"https:\/\/www.blogsoestado.com\/danielmatos\/files\/2023\/04\/Screenshot_20230427-2014202.png","datePublished":"2023-04-27T23:23:19+00:00","author":{"@id":""},"breadcrumb":{"@id":"https:\/\/www.blogsoestado.com\/danielmatos\/francisco-chaguinhas-e-alvaro-pires-repercutem-greve-dos-rodoviarios-no-diario-da-manha\/#breadcrumb"},"inLanguage":"pt-BR","potentialAction":[{"@type":"ReadAction","target":["https:\/\/www.blogsoestado.com\/danielmatos\/francisco-chaguinhas-e-alvaro-pires-repercutem-greve-dos-rodoviarios-no-diario-da-manha\/"]}]},{"@type":"ImageObject","inLanguage":"pt-BR","@id":"https:\/\/www.blogsoestado.com\/danielmatos\/francisco-chaguinhas-e-alvaro-pires-repercutem-greve-dos-rodoviarios-no-diario-da-manha\/#primaryimage","url":"https:\/\/www.blogsoestado.com\/danielmatos\/files\/2023\/04\/Screenshot_20230427-2014202.png","contentUrl":"https:\/\/www.blogsoestado.com\/danielmatos\/files\/2023\/04\/Screenshot_20230427-2014202.png"},{"@type":"BreadcrumbList","@id":"https:\/\/www.blogsoestado.com\/danielmatos\/francisco-chaguinhas-e-alvaro-pires-repercutem-greve-dos-rodoviarios-no-diario-da-manha\/#breadcrumb","itemListElement":[{"@type":"ListItem","position":1,"name":"In\u00edcio","item":"https:\/\/www.blogsoestado.com\/danielmatos\/"},{"@type":"ListItem","position":2,"name":"Francisco Chaguinhas e \u00c1lvaro Pires repercutem greve dos rodovi\u00e1rios no &#8220;Di\u00e1rio da Manh\u00e3&#8221;"}]},{"@type":"WebSite","@id":"https:\/\/www.blogsoestado.com\/danielmatos\/#website","url":"https:\/\/www.blogsoestado.com\/danielmatos\/","name":"Daniel Matos","description":"","potentialAction":[{"@type":"SearchAction","target":{"@type":"EntryPoint","urlTemplate":"https:\/\/www.blogsoestado.com\/danielmatos\/?s={search_term_string}"},"query-input":{"@type":"PropertyValueSpecification","valueRequired":true,"valueName":"search_term_string"}}],"inLanguage":"pt-BR"}]}},"jetpack_featured_media_url":"","_links":{"self":[{"href":"https:\/\/www.blogsoestado.com\/danielmatos\/wp-json\/wp\/v2\/posts\/108914","targetHints":{"allow":["GET"]}}],"collection":[{"href":"https:\/\/www.blogsoestado.com\/danielmatos\/wp-json\/wp\/v2\/posts"}],"about":[{"href":"https:\/\/www.blogsoestado.com\/danielmatos\/wp-json\/wp\/v2\/types\/post"}],"replies":[{"embeddable":true,"href":"https:\/\/www.blogsoestado.com\/danielmatos\/wp-json\/wp\/v2\/comments?post=108914"}],"version-history":[{"count":0,"href":"https:\/\/www.blogsoestado.com\/danielmatos\/wp-json\/wp\/v2\/posts\/108914\/revisions"}],"wp:attachment":[{"href":"https:\/\/www.blogsoestado.com\/danielmatos\/wp-json\/wp\/v2\/media?parent=108914"}],"wp:term":[{"taxonomy":"category","embeddable":true,"href":"https:\/\/www.blogsoestado.com\/danielmatos\/wp-json\/wp\/v2\/categories?post=108914"},{"taxonomy":"post_tag","embeddable":true,"href":"https:\/\/www.blogsoestado.com\/danielmatos\/wp-json\/wp\/v2\/tags?post=108914"}],"curies":[{"name":"wp","href":"https:\/\/api.w.org\/{rel}","templated":true}]}}