{"id":108917,"date":"2023-04-27T21:18:03","date_gmt":"2023-04-28T00:18:03","guid":{"rendered":"https:\/\/www.blogsoestado.com\/danielmatos\/?p=108917"},"modified":"2023-04-27T21:18:03","modified_gmt":"2023-04-28T00:18:03","slug":"audiencia-publica-na-assembleia-legislativa-debate-violencia-nas-escolas","status":"publish","type":"post","link":"https:\/\/www.blogsoestado.com\/danielmatos\/audiencia-publica-na-assembleia-legislativa-debate-violencia-nas-escolas\/","title":{"rendered":"Audi\u00eancia p\u00fablica na Assembleia Legislativa debate viol\u00eancia nas escolas"},"content":{"rendered":"\n<p><strong><span class=\"has-inline-color has-vivid-red-color\">Discuss\u00e3o reuniu deputados, autoridades e t\u00e9cnicos da educa\u00e7\u00e3o, al\u00e9m de dirigentes sindicais<\/span><\/strong><\/p>\n\n\n\n<div class=\"wp-block-image\"><figure class=\"aligncenter size-large\"><a href=\"https:\/\/www.blogsoestado.com\/danielmatos\/files\/2023\/04\/Screenshot_20230427-2108422.png\"><img decoding=\"async\" src=\"https:\/\/www.blogsoestado.com\/danielmatos\/files\/2023\/04\/Screenshot_20230427-2108422.png\" alt=\"\" class=\"wp-image-108918\"\/><\/a><figcaption>Parlamentares debaterem com t\u00e9cnicos da \u00e1rea de educa\u00e7\u00e3o membros do sistema de seguran\u00e7a p\u00fablica medidas para coibir ataques e outros atos de viol\u00eancia contra escolas no Maranh\u00e3o <\/figcaption><\/figure><\/div>\n\n\n\n<p>Por iniciativa do deputado Ricardo Arruda (MDB), presidente da Comiss\u00e3o de Educa\u00e7\u00e3o, Desporto, Ci\u00eancia e Tecnologia da Assembleia Legislativa do Maranh\u00e3o, foi realizada, nesta quarta-feira (27), audi\u00eancia p\u00fablica sobre&nbsp;o tema \u201cEnfrentamento da viol\u00eancia nas escolas\u201d, reunindo autoridades e t\u00e9cnicos da Educa\u00e7\u00e3o, al\u00e9m de dirigentes sindicais.<\/p>\n\n\n\n<p>A&nbsp;audi\u00eancia contou com a participa\u00e7\u00e3o do secret\u00e1rio de Estado da Seguran\u00e7a P\u00fablica, Maur\u00edcio Martins;&nbsp;do subsecret\u00e1rio de Estado da Educa\u00e7\u00e3o, Anderson Lindoso, que representou o secret\u00e1rio Felipe Camar\u00e3o;&nbsp;Gast\u00e3o Vieira, ex-ministro do Turismo e atual&nbsp;assessor para a \u00e1rea de Educa\u00e7\u00e3o da Funda\u00e7\u00e3o Get\u00falio Vargas;&nbsp;Soraya Raquel, presidente do Conselho Estadual de Educa\u00e7\u00e3o; Rodrigo Guar\u00e1, presidente da Associa\u00e7\u00e3o de Pais e Alunos do Maranh\u00e3o (ASPA);&nbsp;F\u00e1bio Orlan, representante do Sinproessema;&nbsp;Erisson Lindoso, presidente do Conselho Estadual de Pol\u00edticas P\u00fablicas sobre Drogas;&nbsp;Thiago Prado, secret\u00e1rio adjunto de Juventude, e o coronel Emerson Bezerra, comandante geral da Pol\u00edcia Militar.<\/p>\n\n\n\n<p>Participaram como palestrantes Gast\u00e3o Vieira, a jornalista e neurocientista F\u00e1tima Moraes e Fabiana Canavieira, professora do Departamento de Pedagogia da Universidade Federal do Maranh\u00e3o (UFMA).<\/p>\n\n\n\n<p>Presentes tamb\u00e9m os deputados Daniela (PSB), Dr. Ygl\u00e9sio (PSB), Cl\u00e1udia Coutinho (PDT), Leandro Bello (Podemos), Neto Evangelista (Uni\u00e3o Brasil) e J\u00falio Mendon\u00e7a (PC do B).<\/p>\n\n\n\n<p>Neto Evangelista destacou que a Assembleia tomou a correta iniciativa de trazer para o debate p\u00fablico um assunto que vem dominando o notici\u00e1rio&nbsp;no mundo inteiro.<\/p>\n\n\n\n<p>Dr. Ygl\u00e9sio mostrou gr\u00e1ficos estat\u00edsticos&nbsp;sobre o problema nos Estados Unidos e afirmou que esse \u00e9 um tema que tem que sair da pauta da disputa pol\u00edtica e ideol\u00f3gica. \u201cOs pais devem tomar conta de seus filhos e n\u00e3o tentar colocar tal encargo &nbsp;sob a responsabilidade das escolas e dos professores. H\u00e1&nbsp;a\u00ed um vi\u00e9s que deve ser considerado, que \u00e9 o do bullying e das redes sociais, que est\u00e3o viciando as crian\u00e7as e os adolescentes\u201d, afirmou.<\/p>\n\n\n\n<p>Para J\u00falio Mendon\u00e7a, esse \u00e9 um assunto de prioridade para toda sociedade e a Assembleia Legislativa&nbsp;saiu na frente, iniciando os debates e em busca de solu\u00e7\u00e3o.<\/p>\n\n\n\n<p>O secret\u00e1rio de Seguran\u00e7a P\u00fablica, Maur\u00edcio Martins, lembrou da chacina de Santa Catarina e disse que&nbsp;o que houve foi terrorismo digital.<\/p>\n\n\n\n<p><strong>Ronda nas escolas<\/strong><\/p>\n\n\n\n<p>O subsecret\u00e1rio de Educa\u00e7\u00e3o, Anderson Lindoso, enfatizou&nbsp;que a pol\u00edtica adotada pelo governador Carlos Brand\u00e3o contra&nbsp;viol\u00eancia nas escolas&nbsp;alcan\u00e7a seus objetivos. Ela consiste na amplia\u00e7\u00e3o do programa &#8216;Ronda nas Escolas&#8217; e no fortalecimento das guardas municipais.&nbsp; \u201cNo Maranh\u00e3o, no governo Brand\u00e3o, o objetivo \u00e9 transformar a escola num local, de paz e de cultura\u201d, afirmou.<\/p>\n\n\n\n<p>Gast\u00e3o Vieira destacou ter de haver uma pol\u00edtica de choque contra a viol\u00eancia nas escolas, um trabalho preventivo&nbsp;que fortale\u00e7a o ensino e modifique esse panorama. Sugeriu, inclusive, a&nbsp;cria\u00e7\u00e3o de&nbsp;sistemas pelo qual se&nbsp;evite&nbsp;a propaga\u00e7\u00e3o e incentivo \u00e0 viol\u00eancia pelas redes sociais.<\/p>\n\n\n\n<p>F\u00e1tima Ribeiro&nbsp;fez um amplo relato da quest\u00e3o da neuroci\u00eancia e afirmou que a viol\u00eancia est\u00e1 nas pessoas e n\u00e3o nas escolas. Por sua vez, a professora Fabiana Canavieira afirmou que h\u00e1&nbsp;estudos cient\u00edficos que apontam que esse tipo de crise deve ser e combatido no come\u00e7o&nbsp;para evitar viol\u00eancia nas escolas e&nbsp;contra as escolas. Destacou&nbsp;haver duas tipifica\u00e7\u00f5es, sendo a primeira contra pessoas e a segunda contra o patrim\u00f4nio p\u00fablico.<\/p>\n","protected":false},"excerpt":{"rendered":"<p>Discuss\u00e3o reuniu deputados, autoridades e t\u00e9cnicos da educa\u00e7\u00e3o, al\u00e9m de dirigentes sindicais Por iniciativa do deputado Ricardo Arruda (MDB), presidente [&hellip;]<\/p>\n","protected":false},"author":0,"featured_media":0,"comment_status":"open","ping_status":"open","sticky":false,"template":"","format":"standard","meta":{"site-sidebar-layout":"default","site-content-layout":"","ast-site-content-layout":"default","site-content-style":"default","site-sidebar-style":"default","ast-global-header-display":"","ast-banner-title-visibility":"","ast-main-header-display":"","ast-hfb-above-header-display":"","ast-hfb-below-header-display":"","ast-hfb-mobile-header-display":"","site-post-title":"","ast-breadcrumbs-content":"","ast-featured-img":"","footer-sml-layout":"","ast-disable-related-posts":"","theme-transparent-header-meta":"","adv-header-id-meta":"","stick-header-meta":"","header-above-stick-meta":"","header-main-stick-meta":"","header-below-stick-meta":"","astra-migrate-meta-layouts":"default","ast-page-background-enabled":"default","ast-page-background-meta":{"desktop":{"background-color":"var(--ast-global-color-5)","background-image":"","background-repeat":"repeat","background-position":"center center","background-size":"auto","background-attachment":"scroll","background-type":"","background-media":"","overlay-type":"","overlay-color":"","overlay-opacity":"","overlay-gradient":""},"tablet":{"background-color":"","background-image":"","background-repeat":"repeat","background-position":"center center","background-size":"auto","background-attachment":"scroll","background-type":"","background-media":"","overlay-type":"","overlay-color":"","overlay-opacity":"","overlay-gradient":""},"mobile":{"background-color":"","background-image":"","background-repeat":"repeat","background-position":"center center","background-size":"auto","background-attachment":"scroll","background-type":"","background-media":"","overlay-type":"","overlay-color":"","overlay-opacity":"","overlay-gradient":""}},"ast-content-background-meta":{"desktop":{"background-color":"var(--ast-global-color-4)","background-image":"","background-repeat":"repeat","background-position":"center center","background-size":"auto","background-attachment":"scroll","background-type":"","background-media":"","overlay-type":"","overlay-color":"","overlay-opacity":"","overlay-gradient":""},"tablet":{"background-color":"var(--ast-global-color-4)","background-image":"","background-repeat":"repeat","background-position":"center center","background-size":"auto","background-attachment":"scroll","background-type":"","background-media":"","overlay-type":"","overlay-color":"","overlay-opacity":"","overlay-gradient":""},"mobile":{"background-color":"var(--ast-global-color-4)","background-image":"","background-repeat":"repeat","background-position":"center center","background-size":"auto","background-attachment":"scroll","background-type":"","background-media":"","overlay-type":"","overlay-color":"","overlay-opacity":"","overlay-gradient":""}},"footnotes":""},"categories":[1],"tags":[],"class_list":["post-108917","post","type-post","status-publish","format-standard","hentry","category-sem-categoria"],"yoast_head":"<!-- This site is optimized with the Yoast SEO plugin v26.6 - https:\/\/yoast.com\/wordpress\/plugins\/seo\/ -->\n<title>Audi\u00eancia p\u00fablica na Assembleia Legislativa debate viol\u00eancia nas escolas - Daniel Matos<\/title>\n<meta name=\"robots\" content=\"index, follow, max-snippet:-1, max-image-preview:large, max-video-preview:-1\" \/>\n<link rel=\"canonical\" href=\"https:\/\/www.blogsoestado.com\/danielmatos\/audiencia-publica-na-assembleia-legislativa-debate-violencia-nas-escolas\/\" \/>\n<meta property=\"og:locale\" content=\"pt_BR\" \/>\n<meta property=\"og:type\" content=\"article\" \/>\n<meta property=\"og:title\" content=\"Audi\u00eancia p\u00fablica na Assembleia Legislativa debate viol\u00eancia nas escolas - Daniel Matos\" \/>\n<meta property=\"og:description\" content=\"Discuss\u00e3o reuniu deputados, autoridades e t\u00e9cnicos da educa\u00e7\u00e3o, al\u00e9m de dirigentes sindicais Por iniciativa do deputado Ricardo Arruda (MDB), presidente [&hellip;]\" \/>\n<meta property=\"og:url\" content=\"https:\/\/www.blogsoestado.com\/danielmatos\/audiencia-publica-na-assembleia-legislativa-debate-violencia-nas-escolas\/\" \/>\n<meta property=\"og:site_name\" content=\"Daniel Matos\" \/>\n<meta property=\"article:published_time\" content=\"2023-04-28T00:18:03+00:00\" \/>\n<meta property=\"og:image\" content=\"https:\/\/www.blogsoestado.com\/danielmatos\/files\/2023\/04\/Screenshot_20230427-2108422.png\" \/>\n<meta name=\"twitter:card\" content=\"summary_large_image\" \/>\n<meta name=\"twitter:label1\" content=\"Est. tempo de leitura\" \/>\n\t<meta name=\"twitter:data1\" content=\"3 minutos\" \/>\n<script type=\"application\/ld+json\" class=\"yoast-schema-graph\">{\"@context\":\"https:\/\/schema.org\",\"@graph\":[{\"@type\":\"WebPage\",\"@id\":\"https:\/\/www.blogsoestado.com\/danielmatos\/audiencia-publica-na-assembleia-legislativa-debate-violencia-nas-escolas\/\",\"url\":\"https:\/\/www.blogsoestado.com\/danielmatos\/audiencia-publica-na-assembleia-legislativa-debate-violencia-nas-escolas\/\",\"name\":\"Audi\u00eancia p\u00fablica na Assembleia Legislativa debate viol\u00eancia nas escolas - Daniel Matos\",\"isPartOf\":{\"@id\":\"https:\/\/www.blogsoestado.com\/danielmatos\/#website\"},\"primaryImageOfPage\":{\"@id\":\"https:\/\/www.blogsoestado.com\/danielmatos\/audiencia-publica-na-assembleia-legislativa-debate-violencia-nas-escolas\/#primaryimage\"},\"image\":{\"@id\":\"https:\/\/www.blogsoestado.com\/danielmatos\/audiencia-publica-na-assembleia-legislativa-debate-violencia-nas-escolas\/#primaryimage\"},\"thumbnailUrl\":\"https:\/\/www.blogsoestado.com\/danielmatos\/files\/2023\/04\/Screenshot_20230427-2108422.png\",\"datePublished\":\"2023-04-28T00:18:03+00:00\",\"author\":{\"@id\":\"\"},\"breadcrumb\":{\"@id\":\"https:\/\/www.blogsoestado.com\/danielmatos\/audiencia-publica-na-assembleia-legislativa-debate-violencia-nas-escolas\/#breadcrumb\"},\"inLanguage\":\"pt-BR\",\"potentialAction\":[{\"@type\":\"ReadAction\",\"target\":[\"https:\/\/www.blogsoestado.com\/danielmatos\/audiencia-publica-na-assembleia-legislativa-debate-violencia-nas-escolas\/\"]}]},{\"@type\":\"ImageObject\",\"inLanguage\":\"pt-BR\",\"@id\":\"https:\/\/www.blogsoestado.com\/danielmatos\/audiencia-publica-na-assembleia-legislativa-debate-violencia-nas-escolas\/#primaryimage\",\"url\":\"https:\/\/www.blogsoestado.com\/danielmatos\/files\/2023\/04\/Screenshot_20230427-2108422.png\",\"contentUrl\":\"https:\/\/www.blogsoestado.com\/danielmatos\/files\/2023\/04\/Screenshot_20230427-2108422.png\"},{\"@type\":\"BreadcrumbList\",\"@id\":\"https:\/\/www.blogsoestado.com\/danielmatos\/audiencia-publica-na-assembleia-legislativa-debate-violencia-nas-escolas\/#breadcrumb\",\"itemListElement\":[{\"@type\":\"ListItem\",\"position\":1,\"name\":\"In\u00edcio\",\"item\":\"https:\/\/www.blogsoestado.com\/danielmatos\/\"},{\"@type\":\"ListItem\",\"position\":2,\"name\":\"Audi\u00eancia p\u00fablica na Assembleia Legislativa debate viol\u00eancia nas escolas\"}]},{\"@type\":\"WebSite\",\"@id\":\"https:\/\/www.blogsoestado.com\/danielmatos\/#website\",\"url\":\"https:\/\/www.blogsoestado.com\/danielmatos\/\",\"name\":\"Daniel Matos\",\"description\":\"\",\"potentialAction\":[{\"@type\":\"SearchAction\",\"target\":{\"@type\":\"EntryPoint\",\"urlTemplate\":\"https:\/\/www.blogsoestado.com\/danielmatos\/?s={search_term_string}\"},\"query-input\":{\"@type\":\"PropertyValueSpecification\",\"valueRequired\":true,\"valueName\":\"search_term_string\"}}],\"inLanguage\":\"pt-BR\"}]}<\/script>\n<!-- \/ Yoast SEO plugin. -->","yoast_head_json":{"title":"Audi\u00eancia p\u00fablica na Assembleia Legislativa debate viol\u00eancia nas escolas - Daniel Matos","robots":{"index":"index","follow":"follow","max-snippet":"max-snippet:-1","max-image-preview":"max-image-preview:large","max-video-preview":"max-video-preview:-1"},"canonical":"https:\/\/www.blogsoestado.com\/danielmatos\/audiencia-publica-na-assembleia-legislativa-debate-violencia-nas-escolas\/","og_locale":"pt_BR","og_type":"article","og_title":"Audi\u00eancia p\u00fablica na Assembleia Legislativa debate viol\u00eancia nas escolas - Daniel Matos","og_description":"Discuss\u00e3o reuniu deputados, autoridades e t\u00e9cnicos da educa\u00e7\u00e3o, al\u00e9m de dirigentes sindicais Por iniciativa do deputado Ricardo Arruda (MDB), presidente [&hellip;]","og_url":"https:\/\/www.blogsoestado.com\/danielmatos\/audiencia-publica-na-assembleia-legislativa-debate-violencia-nas-escolas\/","og_site_name":"Daniel Matos","article_published_time":"2023-04-28T00:18:03+00:00","og_image":[{"url":"https:\/\/www.blogsoestado.com\/danielmatos\/files\/2023\/04\/Screenshot_20230427-2108422.png","type":"","width":"","height":""}],"twitter_card":"summary_large_image","twitter_misc":{"Est. tempo de leitura":"3 minutos"},"schema":{"@context":"https:\/\/schema.org","@graph":[{"@type":"WebPage","@id":"https:\/\/www.blogsoestado.com\/danielmatos\/audiencia-publica-na-assembleia-legislativa-debate-violencia-nas-escolas\/","url":"https:\/\/www.blogsoestado.com\/danielmatos\/audiencia-publica-na-assembleia-legislativa-debate-violencia-nas-escolas\/","name":"Audi\u00eancia p\u00fablica na Assembleia Legislativa debate viol\u00eancia nas escolas - Daniel Matos","isPartOf":{"@id":"https:\/\/www.blogsoestado.com\/danielmatos\/#website"},"primaryImageOfPage":{"@id":"https:\/\/www.blogsoestado.com\/danielmatos\/audiencia-publica-na-assembleia-legislativa-debate-violencia-nas-escolas\/#primaryimage"},"image":{"@id":"https:\/\/www.blogsoestado.com\/danielmatos\/audiencia-publica-na-assembleia-legislativa-debate-violencia-nas-escolas\/#primaryimage"},"thumbnailUrl":"https:\/\/www.blogsoestado.com\/danielmatos\/files\/2023\/04\/Screenshot_20230427-2108422.png","datePublished":"2023-04-28T00:18:03+00:00","author":{"@id":""},"breadcrumb":{"@id":"https:\/\/www.blogsoestado.com\/danielmatos\/audiencia-publica-na-assembleia-legislativa-debate-violencia-nas-escolas\/#breadcrumb"},"inLanguage":"pt-BR","potentialAction":[{"@type":"ReadAction","target":["https:\/\/www.blogsoestado.com\/danielmatos\/audiencia-publica-na-assembleia-legislativa-debate-violencia-nas-escolas\/"]}]},{"@type":"ImageObject","inLanguage":"pt-BR","@id":"https:\/\/www.blogsoestado.com\/danielmatos\/audiencia-publica-na-assembleia-legislativa-debate-violencia-nas-escolas\/#primaryimage","url":"https:\/\/www.blogsoestado.com\/danielmatos\/files\/2023\/04\/Screenshot_20230427-2108422.png","contentUrl":"https:\/\/www.blogsoestado.com\/danielmatos\/files\/2023\/04\/Screenshot_20230427-2108422.png"},{"@type":"BreadcrumbList","@id":"https:\/\/www.blogsoestado.com\/danielmatos\/audiencia-publica-na-assembleia-legislativa-debate-violencia-nas-escolas\/#breadcrumb","itemListElement":[{"@type":"ListItem","position":1,"name":"In\u00edcio","item":"https:\/\/www.blogsoestado.com\/danielmatos\/"},{"@type":"ListItem","position":2,"name":"Audi\u00eancia p\u00fablica na Assembleia Legislativa debate viol\u00eancia nas escolas"}]},{"@type":"WebSite","@id":"https:\/\/www.blogsoestado.com\/danielmatos\/#website","url":"https:\/\/www.blogsoestado.com\/danielmatos\/","name":"Daniel Matos","description":"","potentialAction":[{"@type":"SearchAction","target":{"@type":"EntryPoint","urlTemplate":"https:\/\/www.blogsoestado.com\/danielmatos\/?s={search_term_string}"},"query-input":{"@type":"PropertyValueSpecification","valueRequired":true,"valueName":"search_term_string"}}],"inLanguage":"pt-BR"}]}},"jetpack_featured_media_url":"","_links":{"self":[{"href":"https:\/\/www.blogsoestado.com\/danielmatos\/wp-json\/wp\/v2\/posts\/108917","targetHints":{"allow":["GET"]}}],"collection":[{"href":"https:\/\/www.blogsoestado.com\/danielmatos\/wp-json\/wp\/v2\/posts"}],"about":[{"href":"https:\/\/www.blogsoestado.com\/danielmatos\/wp-json\/wp\/v2\/types\/post"}],"replies":[{"embeddable":true,"href":"https:\/\/www.blogsoestado.com\/danielmatos\/wp-json\/wp\/v2\/comments?post=108917"}],"version-history":[{"count":0,"href":"https:\/\/www.blogsoestado.com\/danielmatos\/wp-json\/wp\/v2\/posts\/108917\/revisions"}],"wp:attachment":[{"href":"https:\/\/www.blogsoestado.com\/danielmatos\/wp-json\/wp\/v2\/media?parent=108917"}],"wp:term":[{"taxonomy":"category","embeddable":true,"href":"https:\/\/www.blogsoestado.com\/danielmatos\/wp-json\/wp\/v2\/categories?post=108917"},{"taxonomy":"post_tag","embeddable":true,"href":"https:\/\/www.blogsoestado.com\/danielmatos\/wp-json\/wp\/v2\/tags?post=108917"}],"curies":[{"name":"wp","href":"https:\/\/api.w.org\/{rel}","templated":true}]}}