{"id":108921,"date":"2023-04-28T00:23:49","date_gmt":"2023-04-28T03:23:49","guid":{"rendered":"https:\/\/www.blogsoestado.com\/danielmatos\/?p=108921"},"modified":"2023-04-28T00:23:49","modified_gmt":"2023-04-28T03:23:49","slug":"set-e-prefeitura-abrem-negociacao-direta-para-retorno-da-frota-de-onibus-urbanos-de-sao-luis","status":"publish","type":"post","link":"https:\/\/www.blogsoestado.com\/danielmatos\/set-e-prefeitura-abrem-negociacao-direta-para-retorno-da-frota-de-onibus-urbanos-de-sao-luis\/","title":{"rendered":"SET e prefeitura abrem negocia\u00e7\u00e3o direta para retorno da frota de \u00f4nibus urbanos de S\u00e3o Lu\u00eds"},"content":{"rendered":"\n<div class=\"wp-block-image\"><figure class=\"aligncenter size-large\"><a href=\"https:\/\/www.blogsoestado.com\/danielmatos\/files\/2023\/04\/FB_IMG_16826469900712385.jpg\"><img decoding=\"async\" src=\"https:\/\/www.blogsoestado.com\/danielmatos\/files\/2023\/04\/FB_IMG_16826469900712385.jpg\" alt=\"\" class=\"wp-image-108922\"\/><\/a><figcaption>Audi\u00eancia de media\u00e7\u00e3o no MPT-MA registrou primeiros avan\u00e7os, mas foi interrompida para que o SET e a SMTT passassem a negociar diretamente os termos de um poss\u00edvel acordo para por fim \u00e0 greve do transporte<\/figcaption><\/figure><\/div>\n\n\n\n<p>O Sindicato das Empresas de Transporte de Passageiros (SET) abriu negocia\u00e7\u00e3o direta com a Prefeitura de S\u00e3o Lu\u00eds visando ao retorno da frota de \u00f4nibus urbanos, paralisada desde o \u00faltimo dia 25. O di\u00e1logo foi iniciado logo ap\u00f3s a suspens\u00e3o da audi\u00eancia de media\u00e7\u00e3o que seria realizada na sede do Minist\u00e9rio P\u00fablico do Trabalho no Maranh\u00e3o (MPT-MA), na tarde dessa quinta-feira (27).<\/p>\n\n\n\n<p>Em nota divulgada nas redes sociais, o SET comentou a suspens\u00e3o da reuni\u00e3o no MPT, decidida em consenso entre as partes representadas. O sindicato patronal confirmou o in\u00edcio imediato da negocia\u00e7\u00e3o direta apenas com Secretaria Municipal de Tr\u00e2nsito e Transportes (SMTT), a fim de viabilizar a libera\u00e7\u00e3o do subs\u00eddio devido pela prefeitura \u00e0s empresas. <\/p>\n\n\n\n<p>O di\u00e1logo teve como foco a negocia\u00e7\u00e3o dos termos para o retorno tamb\u00e9m da frota urbana o mais breve poss\u00edvel, com o pagamento do subs\u00eddio devido pela prefeitura \u00e0s empresas e a consequente atualiza\u00e7\u00e3o dos sal\u00e1rios dos trabalhadores do sistema de transporte p\u00fablico.<\/p>\n\n\n\n<p><strong>Greve mantida enquanto n\u00e3o houver acordo<\/strong> <\/p>\n\n\n\n<p>Enquanto n\u00e3o h\u00e1 o acerto, tudo indica que S\u00e3o Lu\u00eds amanhecer\u00e1 novamente sem \u00f4nibus nesta sexta-feira (28), quarto dia consecutivo da greve deflagrada pelos rodovi\u00e1rios para pressionar os empregadores a quitar a pend\u00eancia salarial.<\/p>\n\n\n\n<p>Por meio de nota, o Sindicato dos Rodovi\u00e1rios do Maranh\u00e3o reafirmou que enquanto o impasse n\u00e3o for resolvido, ou seja, at\u00e9 que SET e SMTT n\u00e3o cheguem a um acordo que garanta a regulariza\u00e7\u00e3o do pagamento dos sal\u00e1rios dos trabalhadores que atuam no transporte urbano, a greve dos rodovi\u00e1rios no munic\u00edpio de S\u00e3o Lu\u00eds prosseguir\u00e1.<\/p>\n\n\n\n<p><strong>MPT confirma primeiros avan\u00e7os <\/strong><\/p>\n\n\n\n<p>Na audi\u00eancia realizada nessa quinta-feira (27), na sede do MPT-MA, houve avan\u00e7os, mas n\u00e3o foi poss\u00edvel chegar a um acordo definitivo. Por esse motivo, o procurador Regional do Trabalho, Maur\u00edcio Pessoa Lima, decidiu suspender a media\u00e7\u00e3o entre rodovi\u00e1rios, empres\u00e1rios do setor de transporte e a Prefeitura de S\u00e3o Lu\u00eds, para que as partes possam continuar as negocia\u00e7\u00f5es t\u00e9cnicas do subs\u00eddio entre si.<\/p>\n\n\n\n<p>O MPT-MA afirmou que se manter\u00e1 \u00e0 disposi\u00e7\u00e3o para mediar o conflito e contribuir para uma solu\u00e7\u00e3o em benef\u00edcio da sociedade maranhense.<\/p>\n","protected":false},"excerpt":{"rendered":"<p>O Sindicato das Empresas de Transporte de Passageiros (SET) abriu negocia\u00e7\u00e3o direta com a Prefeitura de S\u00e3o Lu\u00eds visando ao [&hellip;]<\/p>\n","protected":false},"author":0,"featured_media":0,"comment_status":"open","ping_status":"open","sticky":false,"template":"","format":"standard","meta":{"site-sidebar-layout":"default","site-content-layout":"","ast-site-content-layout":"default","site-content-style":"default","site-sidebar-style":"default","ast-global-header-display":"","ast-banner-title-visibility":"","ast-main-header-display":"","ast-hfb-above-header-display":"","ast-hfb-below-header-display":"","ast-hfb-mobile-header-display":"","site-post-title":"","ast-breadcrumbs-content":"","ast-featured-img":"","footer-sml-layout":"","ast-disable-related-posts":"","theme-transparent-header-meta":"","adv-header-id-meta":"","stick-header-meta":"","header-above-stick-meta":"","header-main-stick-meta":"","header-below-stick-meta":"","astra-migrate-meta-layouts":"default","ast-page-background-enabled":"default","ast-page-background-meta":{"desktop":{"background-color":"var(--ast-global-color-5)","background-image":"","background-repeat":"repeat","background-position":"center center","background-size":"auto","background-attachment":"scroll","background-type":"","background-media":"","overlay-type":"","overlay-color":"","overlay-opacity":"","overlay-gradient":""},"tablet":{"background-color":"","background-image":"","background-repeat":"repeat","background-position":"center center","background-size":"auto","background-attachment":"scroll","background-type":"","background-media":"","overlay-type":"","overlay-color":"","overlay-opacity":"","overlay-gradient":""},"mobile":{"background-color":"","background-image":"","background-repeat":"repeat","background-position":"center center","background-size":"auto","background-attachment":"scroll","background-type":"","background-media":"","overlay-type":"","overlay-color":"","overlay-opacity":"","overlay-gradient":""}},"ast-content-background-meta":{"desktop":{"background-color":"var(--ast-global-color-4)","background-image":"","background-repeat":"repeat","background-position":"center center","background-size":"auto","background-attachment":"scroll","background-type":"","background-media":"","overlay-type":"","overlay-color":"","overlay-opacity":"","overlay-gradient":""},"tablet":{"background-color":"var(--ast-global-color-4)","background-image":"","background-repeat":"repeat","background-position":"center center","background-size":"auto","background-attachment":"scroll","background-type":"","background-media":"","overlay-type":"","overlay-color":"","overlay-opacity":"","overlay-gradient":""},"mobile":{"background-color":"var(--ast-global-color-4)","background-image":"","background-repeat":"repeat","background-position":"center center","background-size":"auto","background-attachment":"scroll","background-type":"","background-media":"","overlay-type":"","overlay-color":"","overlay-opacity":"","overlay-gradient":""}},"footnotes":""},"categories":[1],"tags":[],"class_list":["post-108921","post","type-post","status-publish","format-standard","hentry","category-sem-categoria"],"yoast_head":"<!-- This site is optimized with the Yoast SEO plugin v26.6 - https:\/\/yoast.com\/wordpress\/plugins\/seo\/ -->\n<title>SET e prefeitura abrem negocia\u00e7\u00e3o direta para retorno da frota de \u00f4nibus urbanos de S\u00e3o Lu\u00eds - Daniel Matos<\/title>\n<meta name=\"robots\" content=\"index, follow, max-snippet:-1, max-image-preview:large, max-video-preview:-1\" \/>\n<link rel=\"canonical\" href=\"https:\/\/www.blogsoestado.com\/danielmatos\/set-e-prefeitura-abrem-negociacao-direta-para-retorno-da-frota-de-onibus-urbanos-de-sao-luis\/\" \/>\n<meta property=\"og:locale\" content=\"pt_BR\" \/>\n<meta property=\"og:type\" content=\"article\" \/>\n<meta property=\"og:title\" content=\"SET e prefeitura abrem negocia\u00e7\u00e3o direta para retorno da frota de \u00f4nibus urbanos de S\u00e3o Lu\u00eds - Daniel Matos\" \/>\n<meta property=\"og:description\" content=\"O Sindicato das Empresas de Transporte de Passageiros (SET) abriu negocia\u00e7\u00e3o direta com a Prefeitura de S\u00e3o Lu\u00eds visando ao [&hellip;]\" \/>\n<meta property=\"og:url\" content=\"https:\/\/www.blogsoestado.com\/danielmatos\/set-e-prefeitura-abrem-negociacao-direta-para-retorno-da-frota-de-onibus-urbanos-de-sao-luis\/\" \/>\n<meta property=\"og:site_name\" content=\"Daniel Matos\" \/>\n<meta property=\"article:published_time\" content=\"2023-04-28T03:23:49+00:00\" \/>\n<meta property=\"og:image\" content=\"https:\/\/www.blogsoestado.com\/danielmatos\/files\/2023\/04\/FB_IMG_16826469900712385.jpg\" \/>\n<meta name=\"twitter:card\" content=\"summary_large_image\" \/>\n<meta name=\"twitter:label1\" content=\"Est. tempo de leitura\" \/>\n\t<meta name=\"twitter:data1\" content=\"2 minutos\" \/>\n<script type=\"application\/ld+json\" class=\"yoast-schema-graph\">{\"@context\":\"https:\/\/schema.org\",\"@graph\":[{\"@type\":\"WebPage\",\"@id\":\"https:\/\/www.blogsoestado.com\/danielmatos\/set-e-prefeitura-abrem-negociacao-direta-para-retorno-da-frota-de-onibus-urbanos-de-sao-luis\/\",\"url\":\"https:\/\/www.blogsoestado.com\/danielmatos\/set-e-prefeitura-abrem-negociacao-direta-para-retorno-da-frota-de-onibus-urbanos-de-sao-luis\/\",\"name\":\"SET e prefeitura abrem negocia\u00e7\u00e3o direta para retorno da frota de \u00f4nibus urbanos de S\u00e3o Lu\u00eds - Daniel Matos\",\"isPartOf\":{\"@id\":\"https:\/\/www.blogsoestado.com\/danielmatos\/#website\"},\"primaryImageOfPage\":{\"@id\":\"https:\/\/www.blogsoestado.com\/danielmatos\/set-e-prefeitura-abrem-negociacao-direta-para-retorno-da-frota-de-onibus-urbanos-de-sao-luis\/#primaryimage\"},\"image\":{\"@id\":\"https:\/\/www.blogsoestado.com\/danielmatos\/set-e-prefeitura-abrem-negociacao-direta-para-retorno-da-frota-de-onibus-urbanos-de-sao-luis\/#primaryimage\"},\"thumbnailUrl\":\"https:\/\/www.blogsoestado.com\/danielmatos\/files\/2023\/04\/FB_IMG_16826469900712385.jpg\",\"datePublished\":\"2023-04-28T03:23:49+00:00\",\"author\":{\"@id\":\"\"},\"breadcrumb\":{\"@id\":\"https:\/\/www.blogsoestado.com\/danielmatos\/set-e-prefeitura-abrem-negociacao-direta-para-retorno-da-frota-de-onibus-urbanos-de-sao-luis\/#breadcrumb\"},\"inLanguage\":\"pt-BR\",\"potentialAction\":[{\"@type\":\"ReadAction\",\"target\":[\"https:\/\/www.blogsoestado.com\/danielmatos\/set-e-prefeitura-abrem-negociacao-direta-para-retorno-da-frota-de-onibus-urbanos-de-sao-luis\/\"]}]},{\"@type\":\"ImageObject\",\"inLanguage\":\"pt-BR\",\"@id\":\"https:\/\/www.blogsoestado.com\/danielmatos\/set-e-prefeitura-abrem-negociacao-direta-para-retorno-da-frota-de-onibus-urbanos-de-sao-luis\/#primaryimage\",\"url\":\"https:\/\/www.blogsoestado.com\/danielmatos\/files\/2023\/04\/FB_IMG_16826469900712385.jpg\",\"contentUrl\":\"https:\/\/www.blogsoestado.com\/danielmatos\/files\/2023\/04\/FB_IMG_16826469900712385.jpg\"},{\"@type\":\"BreadcrumbList\",\"@id\":\"https:\/\/www.blogsoestado.com\/danielmatos\/set-e-prefeitura-abrem-negociacao-direta-para-retorno-da-frota-de-onibus-urbanos-de-sao-luis\/#breadcrumb\",\"itemListElement\":[{\"@type\":\"ListItem\",\"position\":1,\"name\":\"In\u00edcio\",\"item\":\"https:\/\/www.blogsoestado.com\/danielmatos\/\"},{\"@type\":\"ListItem\",\"position\":2,\"name\":\"SET e prefeitura abrem negocia\u00e7\u00e3o direta para retorno da frota de \u00f4nibus urbanos de S\u00e3o Lu\u00eds\"}]},{\"@type\":\"WebSite\",\"@id\":\"https:\/\/www.blogsoestado.com\/danielmatos\/#website\",\"url\":\"https:\/\/www.blogsoestado.com\/danielmatos\/\",\"name\":\"Daniel Matos\",\"description\":\"\",\"potentialAction\":[{\"@type\":\"SearchAction\",\"target\":{\"@type\":\"EntryPoint\",\"urlTemplate\":\"https:\/\/www.blogsoestado.com\/danielmatos\/?s={search_term_string}\"},\"query-input\":{\"@type\":\"PropertyValueSpecification\",\"valueRequired\":true,\"valueName\":\"search_term_string\"}}],\"inLanguage\":\"pt-BR\"}]}<\/script>\n<!-- \/ Yoast SEO plugin. -->","yoast_head_json":{"title":"SET e prefeitura abrem negocia\u00e7\u00e3o direta para retorno da frota de \u00f4nibus urbanos de S\u00e3o Lu\u00eds - Daniel Matos","robots":{"index":"index","follow":"follow","max-snippet":"max-snippet:-1","max-image-preview":"max-image-preview:large","max-video-preview":"max-video-preview:-1"},"canonical":"https:\/\/www.blogsoestado.com\/danielmatos\/set-e-prefeitura-abrem-negociacao-direta-para-retorno-da-frota-de-onibus-urbanos-de-sao-luis\/","og_locale":"pt_BR","og_type":"article","og_title":"SET e prefeitura abrem negocia\u00e7\u00e3o direta para retorno da frota de \u00f4nibus urbanos de S\u00e3o Lu\u00eds - Daniel Matos","og_description":"O Sindicato das Empresas de Transporte de Passageiros (SET) abriu negocia\u00e7\u00e3o direta com a Prefeitura de S\u00e3o Lu\u00eds visando ao [&hellip;]","og_url":"https:\/\/www.blogsoestado.com\/danielmatos\/set-e-prefeitura-abrem-negociacao-direta-para-retorno-da-frota-de-onibus-urbanos-de-sao-luis\/","og_site_name":"Daniel Matos","article_published_time":"2023-04-28T03:23:49+00:00","og_image":[{"url":"https:\/\/www.blogsoestado.com\/danielmatos\/files\/2023\/04\/FB_IMG_16826469900712385.jpg","type":"","width":"","height":""}],"twitter_card":"summary_large_image","twitter_misc":{"Est. tempo de leitura":"2 minutos"},"schema":{"@context":"https:\/\/schema.org","@graph":[{"@type":"WebPage","@id":"https:\/\/www.blogsoestado.com\/danielmatos\/set-e-prefeitura-abrem-negociacao-direta-para-retorno-da-frota-de-onibus-urbanos-de-sao-luis\/","url":"https:\/\/www.blogsoestado.com\/danielmatos\/set-e-prefeitura-abrem-negociacao-direta-para-retorno-da-frota-de-onibus-urbanos-de-sao-luis\/","name":"SET e prefeitura abrem negocia\u00e7\u00e3o direta para retorno da frota de \u00f4nibus urbanos de S\u00e3o Lu\u00eds - Daniel Matos","isPartOf":{"@id":"https:\/\/www.blogsoestado.com\/danielmatos\/#website"},"primaryImageOfPage":{"@id":"https:\/\/www.blogsoestado.com\/danielmatos\/set-e-prefeitura-abrem-negociacao-direta-para-retorno-da-frota-de-onibus-urbanos-de-sao-luis\/#primaryimage"},"image":{"@id":"https:\/\/www.blogsoestado.com\/danielmatos\/set-e-prefeitura-abrem-negociacao-direta-para-retorno-da-frota-de-onibus-urbanos-de-sao-luis\/#primaryimage"},"thumbnailUrl":"https:\/\/www.blogsoestado.com\/danielmatos\/files\/2023\/04\/FB_IMG_16826469900712385.jpg","datePublished":"2023-04-28T03:23:49+00:00","author":{"@id":""},"breadcrumb":{"@id":"https:\/\/www.blogsoestado.com\/danielmatos\/set-e-prefeitura-abrem-negociacao-direta-para-retorno-da-frota-de-onibus-urbanos-de-sao-luis\/#breadcrumb"},"inLanguage":"pt-BR","potentialAction":[{"@type":"ReadAction","target":["https:\/\/www.blogsoestado.com\/danielmatos\/set-e-prefeitura-abrem-negociacao-direta-para-retorno-da-frota-de-onibus-urbanos-de-sao-luis\/"]}]},{"@type":"ImageObject","inLanguage":"pt-BR","@id":"https:\/\/www.blogsoestado.com\/danielmatos\/set-e-prefeitura-abrem-negociacao-direta-para-retorno-da-frota-de-onibus-urbanos-de-sao-luis\/#primaryimage","url":"https:\/\/www.blogsoestado.com\/danielmatos\/files\/2023\/04\/FB_IMG_16826469900712385.jpg","contentUrl":"https:\/\/www.blogsoestado.com\/danielmatos\/files\/2023\/04\/FB_IMG_16826469900712385.jpg"},{"@type":"BreadcrumbList","@id":"https:\/\/www.blogsoestado.com\/danielmatos\/set-e-prefeitura-abrem-negociacao-direta-para-retorno-da-frota-de-onibus-urbanos-de-sao-luis\/#breadcrumb","itemListElement":[{"@type":"ListItem","position":1,"name":"In\u00edcio","item":"https:\/\/www.blogsoestado.com\/danielmatos\/"},{"@type":"ListItem","position":2,"name":"SET e prefeitura abrem negocia\u00e7\u00e3o direta para retorno da frota de \u00f4nibus urbanos de S\u00e3o Lu\u00eds"}]},{"@type":"WebSite","@id":"https:\/\/www.blogsoestado.com\/danielmatos\/#website","url":"https:\/\/www.blogsoestado.com\/danielmatos\/","name":"Daniel Matos","description":"","potentialAction":[{"@type":"SearchAction","target":{"@type":"EntryPoint","urlTemplate":"https:\/\/www.blogsoestado.com\/danielmatos\/?s={search_term_string}"},"query-input":{"@type":"PropertyValueSpecification","valueRequired":true,"valueName":"search_term_string"}}],"inLanguage":"pt-BR"}]}},"jetpack_featured_media_url":"","_links":{"self":[{"href":"https:\/\/www.blogsoestado.com\/danielmatos\/wp-json\/wp\/v2\/posts\/108921","targetHints":{"allow":["GET"]}}],"collection":[{"href":"https:\/\/www.blogsoestado.com\/danielmatos\/wp-json\/wp\/v2\/posts"}],"about":[{"href":"https:\/\/www.blogsoestado.com\/danielmatos\/wp-json\/wp\/v2\/types\/post"}],"replies":[{"embeddable":true,"href":"https:\/\/www.blogsoestado.com\/danielmatos\/wp-json\/wp\/v2\/comments?post=108921"}],"version-history":[{"count":0,"href":"https:\/\/www.blogsoestado.com\/danielmatos\/wp-json\/wp\/v2\/posts\/108921\/revisions"}],"wp:attachment":[{"href":"https:\/\/www.blogsoestado.com\/danielmatos\/wp-json\/wp\/v2\/media?parent=108921"}],"wp:term":[{"taxonomy":"category","embeddable":true,"href":"https:\/\/www.blogsoestado.com\/danielmatos\/wp-json\/wp\/v2\/categories?post=108921"},{"taxonomy":"post_tag","embeddable":true,"href":"https:\/\/www.blogsoestado.com\/danielmatos\/wp-json\/wp\/v2\/tags?post=108921"}],"curies":[{"name":"wp","href":"https:\/\/api.w.org\/{rel}","templated":true}]}}