{"id":108924,"date":"2023-04-28T02:49:03","date_gmt":"2023-04-28T05:49:03","guid":{"rendered":"https:\/\/www.blogsoestado.com\/danielmatos\/?p=108924"},"modified":"2023-04-28T02:49:03","modified_gmt":"2023-04-28T05:49:03","slug":"altemar-dutra-junior-e-banda-makina-du-tempo-sao-as-atracoes-da-sexta-especial-da-aabb","status":"publish","type":"post","link":"https:\/\/www.blogsoestado.com\/danielmatos\/altemar-dutra-junior-e-banda-makina-du-tempo-sao-as-atracoes-da-sexta-especial-da-aabb\/","title":{"rendered":"Altemar Dutra J\u00fanior e Banda M\u00e1kina du Tempo s\u00e3o as atra\u00e7\u00f5es da Sexta Especial da AABB"},"content":{"rendered":"\n<div class=\"wp-block-image\"><figure class=\"aligncenter size-large\"><a href=\"https:\/\/www.blogsoestado.com\/danielmatos\/files\/2023\/04\/Screenshot_20230428-0142302.png\"><img decoding=\"async\" src=\"https:\/\/www.blogsoestado.com\/danielmatos\/files\/2023\/04\/Screenshot_20230428-0142302.png\" alt=\"\" class=\"wp-image-108925\"\/><\/a><\/figure><\/div>\n\n\n\n<p>A Sexta Especial da Associa\u00e7\u00e3o Atl\u00e9tica Banco do Brasil (AABB), no Calhau, ter\u00e1, logo mais, a partir das 21h30, duas atra\u00e7\u00f5es que prometem embalar os cora\u00e7\u00f5es rom\u00e2nticos, levando o p\u00fablico a uma viagem musical inesquec\u00edvel: o cantor Altemar Dutra J\u00fanior, herdeiro de uma das vozes mais marcantes do cen\u00e1rio art\u00edstico nacional em todos os tempos, e a consagrada banda maranhense M\u00e1kina du Tempo, que at\u00e9 hoje mant\u00e9m o sucesso conquistado em quase 30 anos de estrada.<\/p>\n\n\n\n<p>Aplaudida em todos os palcos onde se apresenta, a M\u00e1kina du Tempo abrir\u00e1 a festa. Sob a lideran\u00e7a do maestro e guitarrista Fernando Rodrigues e formada por vocalistas e instrumentistas de reconhecido talento, a prestigiada banda mais uma vez interpretar\u00e1 can\u00e7\u00f5es que marcaram a \u00e9poca dourada dos bailes de sal\u00e3o. No repert\u00f3rio, sucessos da c\u00e9lebre Jovem Guarda e outras p\u00e9rolas musicais, ao melhor estilo <em>flashback<\/em>.<\/p>\n\n\n\n<p>Na sequ\u00eancia, o cantor Altemar Dutra J\u00fanior dar\u00e1 um toque a mais de romantismo \u00e0 festa. J\u00e1 habituado aos palcos do Maranh\u00e3o, em especial de S\u00e3o Lu\u00eds, o renomado artista encantar\u00e1 novamente a plateia com seu timbre de voz semelhante ao do saudoso pai, Altemar Dutra, que o inspira e emociona a cada show, para deleite dos f\u00e3s.<\/p>\n\n\n\n<p><strong>O pr\u00f3prio Altemar Dutra J\u00fanior faz um convite especial para o show. Clique <a href=\"https:\/\/youtu.be\/poakTbjrJXE\">aqui<\/a> e assista ao v\u00eddeo<\/strong>.<\/p>\n\n\n\n<p><strong>Servi\u00e7o<\/strong>. <\/p>\n\n\n\n<p><strong>O que: <\/strong>Sexta Especial na AABB, com o cantor Altemar Dutra J\u00fanior e a Banda M\u00e1kina du Tempo<\/p>\n\n\n\n<p><strong>Quando: <\/strong>nesta sexta-feira, 28 de abril, a partir das 21h30 <\/p>\n\n\n\n<p><strong>Onde: <\/strong>Associa\u00e7\u00e3o Atl\u00e9tica Banco do Brasil (AABB), na Avenida dos Holandeses, bairro Calhau<\/p>\n\n\n\n<p><strong>Ingressos: <\/strong>R$ 50 para s\u00f3cios e R$ 70 para convidados de s\u00f3cios, \u00e0 venda na secretaria do clube<\/p>\n\n\n\n<p><strong>Contato: <\/strong>98 98272-0220<\/p>\n","protected":false},"excerpt":{"rendered":"<p>A Sexta Especial da Associa\u00e7\u00e3o Atl\u00e9tica Banco do Brasil (AABB), no Calhau, ter\u00e1, logo mais, a partir das 21h30, duas [&hellip;]<\/p>\n","protected":false},"author":0,"featured_media":0,"comment_status":"open","ping_status":"open","sticky":false,"template":"","format":"standard","meta":{"site-sidebar-layout":"default","site-content-layout":"","ast-site-content-layout":"default","site-content-style":"default","site-sidebar-style":"default","ast-global-header-display":"","ast-banner-title-visibility":"","ast-main-header-display":"","ast-hfb-above-header-display":"","ast-hfb-below-header-display":"","ast-hfb-mobile-header-display":"","site-post-title":"","ast-breadcrumbs-content":"","ast-featured-img":"","footer-sml-layout":"","ast-disable-related-posts":"","theme-transparent-header-meta":"","adv-header-id-meta":"","stick-header-meta":"","header-above-stick-meta":"","header-main-stick-meta":"","header-below-stick-meta":"","astra-migrate-meta-layouts":"default","ast-page-background-enabled":"default","ast-page-background-meta":{"desktop":{"background-color":"var(--ast-global-color-5)","background-image":"","background-repeat":"repeat","background-position":"center center","background-size":"auto","background-attachment":"scroll","background-type":"","background-media":"","overlay-type":"","overlay-color":"","overlay-opacity":"","overlay-gradient":""},"tablet":{"background-color":"","background-image":"","background-repeat":"repeat","background-position":"center center","background-size":"auto","background-attachment":"scroll","background-type":"","background-media":"","overlay-type":"","overlay-color":"","overlay-opacity":"","overlay-gradient":""},"mobile":{"background-color":"","background-image":"","background-repeat":"repeat","background-position":"center center","background-size":"auto","background-attachment":"scroll","background-type":"","background-media":"","overlay-type":"","overlay-color":"","overlay-opacity":"","overlay-gradient":""}},"ast-content-background-meta":{"desktop":{"background-color":"var(--ast-global-color-4)","background-image":"","background-repeat":"repeat","background-position":"center center","background-size":"auto","background-attachment":"scroll","background-type":"","background-media":"","overlay-type":"","overlay-color":"","overlay-opacity":"","overlay-gradient":""},"tablet":{"background-color":"var(--ast-global-color-4)","background-image":"","background-repeat":"repeat","background-position":"center center","background-size":"auto","background-attachment":"scroll","background-type":"","background-media":"","overlay-type":"","overlay-color":"","overlay-opacity":"","overlay-gradient":""},"mobile":{"background-color":"var(--ast-global-color-4)","background-image":"","background-repeat":"repeat","background-position":"center center","background-size":"auto","background-attachment":"scroll","background-type":"","background-media":"","overlay-type":"","overlay-color":"","overlay-opacity":"","overlay-gradient":""}},"footnotes":""},"categories":[1],"tags":[],"class_list":["post-108924","post","type-post","status-publish","format-standard","hentry","category-sem-categoria"],"yoast_head":"<!-- This site is optimized with the Yoast SEO plugin v26.6 - https:\/\/yoast.com\/wordpress\/plugins\/seo\/ -->\n<title>Altemar Dutra J\u00fanior e Banda M\u00e1kina du Tempo s\u00e3o as atra\u00e7\u00f5es da Sexta Especial da AABB - Daniel Matos<\/title>\n<meta name=\"robots\" content=\"index, follow, max-snippet:-1, max-image-preview:large, max-video-preview:-1\" \/>\n<link rel=\"canonical\" href=\"https:\/\/www.blogsoestado.com\/danielmatos\/altemar-dutra-junior-e-banda-makina-du-tempo-sao-as-atracoes-da-sexta-especial-da-aabb\/\" \/>\n<meta property=\"og:locale\" content=\"pt_BR\" \/>\n<meta property=\"og:type\" content=\"article\" \/>\n<meta property=\"og:title\" content=\"Altemar Dutra J\u00fanior e Banda M\u00e1kina du Tempo s\u00e3o as atra\u00e7\u00f5es da Sexta Especial da AABB - Daniel Matos\" \/>\n<meta property=\"og:description\" content=\"A Sexta Especial da Associa\u00e7\u00e3o Atl\u00e9tica Banco do Brasil (AABB), no Calhau, ter\u00e1, logo mais, a partir das 21h30, duas [&hellip;]\" \/>\n<meta property=\"og:url\" content=\"https:\/\/www.blogsoestado.com\/danielmatos\/altemar-dutra-junior-e-banda-makina-du-tempo-sao-as-atracoes-da-sexta-especial-da-aabb\/\" \/>\n<meta property=\"og:site_name\" content=\"Daniel Matos\" \/>\n<meta property=\"article:published_time\" content=\"2023-04-28T05:49:03+00:00\" \/>\n<meta property=\"og:image\" content=\"https:\/\/www.blogsoestado.com\/danielmatos\/files\/2023\/04\/Screenshot_20230428-0142302.png\" \/>\n<meta name=\"twitter:card\" content=\"summary_large_image\" \/>\n<meta name=\"twitter:label1\" content=\"Est. tempo de leitura\" \/>\n\t<meta name=\"twitter:data1\" content=\"2 minutos\" \/>\n<script type=\"application\/ld+json\" class=\"yoast-schema-graph\">{\"@context\":\"https:\/\/schema.org\",\"@graph\":[{\"@type\":\"WebPage\",\"@id\":\"https:\/\/www.blogsoestado.com\/danielmatos\/altemar-dutra-junior-e-banda-makina-du-tempo-sao-as-atracoes-da-sexta-especial-da-aabb\/\",\"url\":\"https:\/\/www.blogsoestado.com\/danielmatos\/altemar-dutra-junior-e-banda-makina-du-tempo-sao-as-atracoes-da-sexta-especial-da-aabb\/\",\"name\":\"Altemar Dutra J\u00fanior e Banda M\u00e1kina du Tempo s\u00e3o as atra\u00e7\u00f5es da Sexta Especial da AABB - Daniel Matos\",\"isPartOf\":{\"@id\":\"https:\/\/www.blogsoestado.com\/danielmatos\/#website\"},\"primaryImageOfPage\":{\"@id\":\"https:\/\/www.blogsoestado.com\/danielmatos\/altemar-dutra-junior-e-banda-makina-du-tempo-sao-as-atracoes-da-sexta-especial-da-aabb\/#primaryimage\"},\"image\":{\"@id\":\"https:\/\/www.blogsoestado.com\/danielmatos\/altemar-dutra-junior-e-banda-makina-du-tempo-sao-as-atracoes-da-sexta-especial-da-aabb\/#primaryimage\"},\"thumbnailUrl\":\"https:\/\/www.blogsoestado.com\/danielmatos\/files\/2023\/04\/Screenshot_20230428-0142302.png\",\"datePublished\":\"2023-04-28T05:49:03+00:00\",\"author\":{\"@id\":\"\"},\"breadcrumb\":{\"@id\":\"https:\/\/www.blogsoestado.com\/danielmatos\/altemar-dutra-junior-e-banda-makina-du-tempo-sao-as-atracoes-da-sexta-especial-da-aabb\/#breadcrumb\"},\"inLanguage\":\"pt-BR\",\"potentialAction\":[{\"@type\":\"ReadAction\",\"target\":[\"https:\/\/www.blogsoestado.com\/danielmatos\/altemar-dutra-junior-e-banda-makina-du-tempo-sao-as-atracoes-da-sexta-especial-da-aabb\/\"]}]},{\"@type\":\"ImageObject\",\"inLanguage\":\"pt-BR\",\"@id\":\"https:\/\/www.blogsoestado.com\/danielmatos\/altemar-dutra-junior-e-banda-makina-du-tempo-sao-as-atracoes-da-sexta-especial-da-aabb\/#primaryimage\",\"url\":\"https:\/\/www.blogsoestado.com\/danielmatos\/files\/2023\/04\/Screenshot_20230428-0142302.png\",\"contentUrl\":\"https:\/\/www.blogsoestado.com\/danielmatos\/files\/2023\/04\/Screenshot_20230428-0142302.png\"},{\"@type\":\"BreadcrumbList\",\"@id\":\"https:\/\/www.blogsoestado.com\/danielmatos\/altemar-dutra-junior-e-banda-makina-du-tempo-sao-as-atracoes-da-sexta-especial-da-aabb\/#breadcrumb\",\"itemListElement\":[{\"@type\":\"ListItem\",\"position\":1,\"name\":\"In\u00edcio\",\"item\":\"https:\/\/www.blogsoestado.com\/danielmatos\/\"},{\"@type\":\"ListItem\",\"position\":2,\"name\":\"Altemar Dutra J\u00fanior e Banda M\u00e1kina du Tempo s\u00e3o as atra\u00e7\u00f5es da Sexta Especial da AABB\"}]},{\"@type\":\"WebSite\",\"@id\":\"https:\/\/www.blogsoestado.com\/danielmatos\/#website\",\"url\":\"https:\/\/www.blogsoestado.com\/danielmatos\/\",\"name\":\"Daniel Matos\",\"description\":\"\",\"potentialAction\":[{\"@type\":\"SearchAction\",\"target\":{\"@type\":\"EntryPoint\",\"urlTemplate\":\"https:\/\/www.blogsoestado.com\/danielmatos\/?s={search_term_string}\"},\"query-input\":{\"@type\":\"PropertyValueSpecification\",\"valueRequired\":true,\"valueName\":\"search_term_string\"}}],\"inLanguage\":\"pt-BR\"}]}<\/script>\n<!-- \/ Yoast SEO plugin. -->","yoast_head_json":{"title":"Altemar Dutra J\u00fanior e Banda M\u00e1kina du Tempo s\u00e3o as atra\u00e7\u00f5es da Sexta Especial da AABB - Daniel Matos","robots":{"index":"index","follow":"follow","max-snippet":"max-snippet:-1","max-image-preview":"max-image-preview:large","max-video-preview":"max-video-preview:-1"},"canonical":"https:\/\/www.blogsoestado.com\/danielmatos\/altemar-dutra-junior-e-banda-makina-du-tempo-sao-as-atracoes-da-sexta-especial-da-aabb\/","og_locale":"pt_BR","og_type":"article","og_title":"Altemar Dutra J\u00fanior e Banda M\u00e1kina du Tempo s\u00e3o as atra\u00e7\u00f5es da Sexta Especial da AABB - Daniel Matos","og_description":"A Sexta Especial da Associa\u00e7\u00e3o Atl\u00e9tica Banco do Brasil (AABB), no Calhau, ter\u00e1, logo mais, a partir das 21h30, duas [&hellip;]","og_url":"https:\/\/www.blogsoestado.com\/danielmatos\/altemar-dutra-junior-e-banda-makina-du-tempo-sao-as-atracoes-da-sexta-especial-da-aabb\/","og_site_name":"Daniel Matos","article_published_time":"2023-04-28T05:49:03+00:00","og_image":[{"url":"https:\/\/www.blogsoestado.com\/danielmatos\/files\/2023\/04\/Screenshot_20230428-0142302.png","type":"","width":"","height":""}],"twitter_card":"summary_large_image","twitter_misc":{"Est. tempo de leitura":"2 minutos"},"schema":{"@context":"https:\/\/schema.org","@graph":[{"@type":"WebPage","@id":"https:\/\/www.blogsoestado.com\/danielmatos\/altemar-dutra-junior-e-banda-makina-du-tempo-sao-as-atracoes-da-sexta-especial-da-aabb\/","url":"https:\/\/www.blogsoestado.com\/danielmatos\/altemar-dutra-junior-e-banda-makina-du-tempo-sao-as-atracoes-da-sexta-especial-da-aabb\/","name":"Altemar Dutra J\u00fanior e Banda M\u00e1kina du Tempo s\u00e3o as atra\u00e7\u00f5es da Sexta Especial da AABB - Daniel Matos","isPartOf":{"@id":"https:\/\/www.blogsoestado.com\/danielmatos\/#website"},"primaryImageOfPage":{"@id":"https:\/\/www.blogsoestado.com\/danielmatos\/altemar-dutra-junior-e-banda-makina-du-tempo-sao-as-atracoes-da-sexta-especial-da-aabb\/#primaryimage"},"image":{"@id":"https:\/\/www.blogsoestado.com\/danielmatos\/altemar-dutra-junior-e-banda-makina-du-tempo-sao-as-atracoes-da-sexta-especial-da-aabb\/#primaryimage"},"thumbnailUrl":"https:\/\/www.blogsoestado.com\/danielmatos\/files\/2023\/04\/Screenshot_20230428-0142302.png","datePublished":"2023-04-28T05:49:03+00:00","author":{"@id":""},"breadcrumb":{"@id":"https:\/\/www.blogsoestado.com\/danielmatos\/altemar-dutra-junior-e-banda-makina-du-tempo-sao-as-atracoes-da-sexta-especial-da-aabb\/#breadcrumb"},"inLanguage":"pt-BR","potentialAction":[{"@type":"ReadAction","target":["https:\/\/www.blogsoestado.com\/danielmatos\/altemar-dutra-junior-e-banda-makina-du-tempo-sao-as-atracoes-da-sexta-especial-da-aabb\/"]}]},{"@type":"ImageObject","inLanguage":"pt-BR","@id":"https:\/\/www.blogsoestado.com\/danielmatos\/altemar-dutra-junior-e-banda-makina-du-tempo-sao-as-atracoes-da-sexta-especial-da-aabb\/#primaryimage","url":"https:\/\/www.blogsoestado.com\/danielmatos\/files\/2023\/04\/Screenshot_20230428-0142302.png","contentUrl":"https:\/\/www.blogsoestado.com\/danielmatos\/files\/2023\/04\/Screenshot_20230428-0142302.png"},{"@type":"BreadcrumbList","@id":"https:\/\/www.blogsoestado.com\/danielmatos\/altemar-dutra-junior-e-banda-makina-du-tempo-sao-as-atracoes-da-sexta-especial-da-aabb\/#breadcrumb","itemListElement":[{"@type":"ListItem","position":1,"name":"In\u00edcio","item":"https:\/\/www.blogsoestado.com\/danielmatos\/"},{"@type":"ListItem","position":2,"name":"Altemar Dutra J\u00fanior e Banda M\u00e1kina du Tempo s\u00e3o as atra\u00e7\u00f5es da Sexta Especial da AABB"}]},{"@type":"WebSite","@id":"https:\/\/www.blogsoestado.com\/danielmatos\/#website","url":"https:\/\/www.blogsoestado.com\/danielmatos\/","name":"Daniel Matos","description":"","potentialAction":[{"@type":"SearchAction","target":{"@type":"EntryPoint","urlTemplate":"https:\/\/www.blogsoestado.com\/danielmatos\/?s={search_term_string}"},"query-input":{"@type":"PropertyValueSpecification","valueRequired":true,"valueName":"search_term_string"}}],"inLanguage":"pt-BR"}]}},"jetpack_featured_media_url":"","_links":{"self":[{"href":"https:\/\/www.blogsoestado.com\/danielmatos\/wp-json\/wp\/v2\/posts\/108924","targetHints":{"allow":["GET"]}}],"collection":[{"href":"https:\/\/www.blogsoestado.com\/danielmatos\/wp-json\/wp\/v2\/posts"}],"about":[{"href":"https:\/\/www.blogsoestado.com\/danielmatos\/wp-json\/wp\/v2\/types\/post"}],"replies":[{"embeddable":true,"href":"https:\/\/www.blogsoestado.com\/danielmatos\/wp-json\/wp\/v2\/comments?post=108924"}],"version-history":[{"count":0,"href":"https:\/\/www.blogsoestado.com\/danielmatos\/wp-json\/wp\/v2\/posts\/108924\/revisions"}],"wp:attachment":[{"href":"https:\/\/www.blogsoestado.com\/danielmatos\/wp-json\/wp\/v2\/media?parent=108924"}],"wp:term":[{"taxonomy":"category","embeddable":true,"href":"https:\/\/www.blogsoestado.com\/danielmatos\/wp-json\/wp\/v2\/categories?post=108924"},{"taxonomy":"post_tag","embeddable":true,"href":"https:\/\/www.blogsoestado.com\/danielmatos\/wp-json\/wp\/v2\/tags?post=108924"}],"curies":[{"name":"wp","href":"https:\/\/api.w.org\/{rel}","templated":true}]}}