{"id":108943,"date":"2023-04-28T13:48:55","date_gmt":"2023-04-28T16:48:55","guid":{"rendered":"https:\/\/www.blogsoestado.com\/danielmatos\/?p=108943"},"modified":"2023-04-28T13:48:55","modified_gmt":"2023-04-28T16:48:55","slug":"leonardo-soares-a-forca-jovem-que-contagia-e-conquista-apoio-de-varias-correntes-para-vice-reitor-da-ufma","status":"publish","type":"post","link":"https:\/\/www.blogsoestado.com\/danielmatos\/leonardo-soares-a-forca-jovem-que-contagia-e-conquista-apoio-de-varias-correntes-para-vice-reitor-da-ufma\/","title":{"rendered":"Leonardo Soares, a for\u00e7a jovem que contagia e conquista apoio de v\u00e1rias correntes para vice-reitor da UFMA"},"content":{"rendered":"\n<div class=\"wp-block-image\"><figure class=\"aligncenter size-large\"><a href=\"https:\/\/www.blogsoestado.com\/danielmatos\/files\/2023\/04\/Screenshot_20230428-1342002.png\"><img decoding=\"async\" src=\"https:\/\/www.blogsoestado.com\/danielmatos\/files\/2023\/04\/Screenshot_20230428-1342002.png\" alt=\"\" class=\"wp-image-108944\"\/><\/a><figcaption>Leonardo Soares consolida a casa dia o seu nome na disputa para vice-reitor da UFMA<\/figcaption><\/figure><\/div>\n\n\n\n<p>\u00c0 medida que se aproxima a defini\u00e7\u00e3o sobre a data da consulta pr\u00e9via para a escolha de reitor e vice-reitor da UFMA, cresce a movimenta\u00e7\u00e3o da comunidade universit\u00e1ria em torno dos nomes que re\u00fanem maiores chances de obter a vit\u00f3ria nas urnas.<\/p>\n\n\n\n<p>Por um lado, o pr\u00f3-reitor Fernando Carvalho, escolhido por Natalino Salgado como o preferido para suced\u00ea-lo no cargo, vai se consolidando como o favorito para vencer a disputa. Carvalho fez um grande trabalho \u00e0 frente da Ag\u00eancia de Inova\u00e7\u00e3o, Empreendedorismo, Pesquisa, P\u00f3s-gradua\u00e7\u00e3o, e Internacionaliza\u00e7\u00e3o, exibe resultados robustos e transita com desenvoltura, conquistando aliados em todas \u00e0s \u00e1reas gra\u00e7as ao prest\u00edgio do reitor, que encerra o seu terceiro mandando em novembro com alto \u00edndice de aprova\u00e7\u00e3o. Com uma gest\u00e3o eficiente que modernizou a UFMA, Salgado al\u00e7ou a institui\u00e7\u00e3o a um patamar de destaque no cen\u00e1rio nacional e contabiliza grandes conquistas que o consagram como o reitor que mais trabalhou pela Universidade.<\/p>\n\n\n\n<p>Os nomes anunciados at\u00e9 agora para enfrentar o super pr\u00f3-reitor da UFMA &#8211; Luciano Fa\u00e7anha, Isabel Ibarra e Wener Santos &#8211; brigam entre si pelos votos da oposi\u00e7\u00e3o a Salgado, devem fazer barulho, mas n\u00e3o a ponto de atropelar Carvalho.<\/p>\n\n\n\n<p>Por outro lado, ganha contornos cada vez mais surpreendentes a disputa pela vaga de vice-reitor. E um nome que tem empolgado estudantes, professores e t\u00e9cnicos \u00e9 o de Leonardo Soares, pr\u00f3-reitor de Assist\u00eancia Estudantil.<\/p>\n\n\n\n<p>Dono de um curr\u00edculo invej\u00e1vel, apesar da pouca idade &#8211; tem 38 anos &#8211; ele mostrou talento e arrojada capacidade de gest\u00e3o ao conduzir com maestria uma das \u00e1reas mais dif\u00edceis da UFMA. Leonardo \u00e9 Doutor em Desenvolvimento e Meio Ambiente e P\u00f3s Doutor em Planejamento Ambiental.<\/p>\n\n\n\n<p>Carism\u00e1tico e conciliador , circula com facilidade por v\u00e1rias correntes ideol\u00f3gicas da Academia e sua candidatura surgiu por um desejo coletivo dos v\u00e1rios segmentos da UFMA e de colegas do Departamento de Oceanografia e Liminologia, do qual \u00e9 o destacado professor e pesquisador. No seu Departamento, houve unanimidade no apoio ao seu nome, com assinatura de manifesto de todos os professores e t\u00e9cnicos, al\u00e9m de uma centena de estudantes.<\/p>\n\n\n\n<p>No comando da Pr\u00f3-reitoria de Assist\u00eancia Estudantil, Leonardo se projetou como um gestor atuante e com grande capacidade de di\u00e1logo e lideran\u00e7a.<br \/>Coube a ele coordenar projetos estruturantes, como a inclus\u00e3o digital dos estudantes em vulnerabilidade s\u00f3cio-econ\u00f4mica no per\u00edodo da pandemia.<\/p>\n\n\n\n<p>Al\u00e9m de suas habilidades como gestor, \u00e9 um docente conhecido no desenvolvimento de atividades de pesquisa e extens\u00e3o na universidade.<br \/>Recentemente fundou a Rede \u00c1gua e coordenou uma importante audi\u00eancia p\u00fablica na C\u00e2mara de Vereadores de S\u00e3o Lu\u00eds que debateu o desenvolvimento costeiro e portu\u00e1rio da cidade.<\/p>\n\n\n\n<p>\u00c9 professor de tr\u00eas programas de p\u00f3s-gradua\u00e7\u00e3o, coordena projetos de pesquisa de ponta e orienta trabalhos de inicia\u00e7\u00e3o cient\u00edfica, mestrado e doutorado.<\/p>\n\n\n\n<p>O reconhecimento de Leonardo Soares como lideran\u00e7a na UFMA j\u00e1 ultrapassou os muros do c\u00e2mpus. No final de 2022, ele foi agraciado com a medalha \u201cSim\u00e3o Est\u00e1cio da Silveira\u201d por sua atua\u00e7\u00e3o na forma\u00e7\u00e3o de recursos humanos na \u00e1rea ambiental.<\/p>\n\n\n\n<p>Natalino Salgado apostou em Leonardo Soares no ano de 2019, quando fez dele o mais jovem pr\u00f3-reitor da hist\u00f3ria da UFMA. Agora, Leonardo Soares figura como um dos favoritos no pleito ao cargo de vice-reitor da UFMA.<\/p>\n","protected":false},"excerpt":{"rendered":"<p>\u00c0 medida que se aproxima a defini\u00e7\u00e3o sobre a data da consulta pr\u00e9via para a escolha de reitor e vice-reitor [&hellip;]<\/p>\n","protected":false},"author":0,"featured_media":0,"comment_status":"open","ping_status":"open","sticky":false,"template":"","format":"standard","meta":{"site-sidebar-layout":"default","site-content-layout":"","ast-site-content-layout":"default","site-content-style":"default","site-sidebar-style":"default","ast-global-header-display":"","ast-banner-title-visibility":"","ast-main-header-display":"","ast-hfb-above-header-display":"","ast-hfb-below-header-display":"","ast-hfb-mobile-header-display":"","site-post-title":"","ast-breadcrumbs-content":"","ast-featured-img":"","footer-sml-layout":"","ast-disable-related-posts":"","theme-transparent-header-meta":"","adv-header-id-meta":"","stick-header-meta":"","header-above-stick-meta":"","header-main-stick-meta":"","header-below-stick-meta":"","astra-migrate-meta-layouts":"default","ast-page-background-enabled":"default","ast-page-background-meta":{"desktop":{"background-color":"var(--ast-global-color-5)","background-image":"","background-repeat":"repeat","background-position":"center center","background-size":"auto","background-attachment":"scroll","background-type":"","background-media":"","overlay-type":"","overlay-color":"","overlay-opacity":"","overlay-gradient":""},"tablet":{"background-color":"","background-image":"","background-repeat":"repeat","background-position":"center center","background-size":"auto","background-attachment":"scroll","background-type":"","background-media":"","overlay-type":"","overlay-color":"","overlay-opacity":"","overlay-gradient":""},"mobile":{"background-color":"","background-image":"","background-repeat":"repeat","background-position":"center center","background-size":"auto","background-attachment":"scroll","background-type":"","background-media":"","overlay-type":"","overlay-color":"","overlay-opacity":"","overlay-gradient":""}},"ast-content-background-meta":{"desktop":{"background-color":"var(--ast-global-color-4)","background-image":"","background-repeat":"repeat","background-position":"center center","background-size":"auto","background-attachment":"scroll","background-type":"","background-media":"","overlay-type":"","overlay-color":"","overlay-opacity":"","overlay-gradient":""},"tablet":{"background-color":"var(--ast-global-color-4)","background-image":"","background-repeat":"repeat","background-position":"center center","background-size":"auto","background-attachment":"scroll","background-type":"","background-media":"","overlay-type":"","overlay-color":"","overlay-opacity":"","overlay-gradient":""},"mobile":{"background-color":"var(--ast-global-color-4)","background-image":"","background-repeat":"repeat","background-position":"center center","background-size":"auto","background-attachment":"scroll","background-type":"","background-media":"","overlay-type":"","overlay-color":"","overlay-opacity":"","overlay-gradient":""}},"footnotes":""},"categories":[1],"tags":[],"class_list":["post-108943","post","type-post","status-publish","format-standard","hentry","category-sem-categoria"],"yoast_head":"<!-- This site is optimized with the Yoast SEO plugin v26.6 - https:\/\/yoast.com\/wordpress\/plugins\/seo\/ -->\n<title>Leonardo Soares, a for\u00e7a jovem que contagia e conquista apoio de v\u00e1rias correntes para vice-reitor da UFMA - Daniel Matos<\/title>\n<meta name=\"robots\" content=\"index, follow, max-snippet:-1, max-image-preview:large, max-video-preview:-1\" \/>\n<link rel=\"canonical\" href=\"https:\/\/www.blogsoestado.com\/danielmatos\/leonardo-soares-a-forca-jovem-que-contagia-e-conquista-apoio-de-varias-correntes-para-vice-reitor-da-ufma\/\" \/>\n<meta property=\"og:locale\" content=\"pt_BR\" \/>\n<meta property=\"og:type\" content=\"article\" \/>\n<meta property=\"og:title\" content=\"Leonardo Soares, a for\u00e7a jovem que contagia e conquista apoio de v\u00e1rias correntes para vice-reitor da UFMA - Daniel Matos\" \/>\n<meta property=\"og:description\" content=\"\u00c0 medida que se aproxima a defini\u00e7\u00e3o sobre a data da consulta pr\u00e9via para a escolha de reitor e vice-reitor [&hellip;]\" \/>\n<meta property=\"og:url\" content=\"https:\/\/www.blogsoestado.com\/danielmatos\/leonardo-soares-a-forca-jovem-que-contagia-e-conquista-apoio-de-varias-correntes-para-vice-reitor-da-ufma\/\" \/>\n<meta property=\"og:site_name\" content=\"Daniel Matos\" \/>\n<meta property=\"article:published_time\" content=\"2023-04-28T16:48:55+00:00\" \/>\n<meta property=\"og:image\" content=\"https:\/\/www.blogsoestado.com\/danielmatos\/files\/2023\/04\/Screenshot_20230428-1342002.png\" \/>\n<meta name=\"twitter:card\" content=\"summary_large_image\" \/>\n<meta name=\"twitter:label1\" content=\"Est. tempo de leitura\" \/>\n\t<meta name=\"twitter:data1\" content=\"3 minutos\" \/>\n<script type=\"application\/ld+json\" class=\"yoast-schema-graph\">{\"@context\":\"https:\/\/schema.org\",\"@graph\":[{\"@type\":\"WebPage\",\"@id\":\"https:\/\/www.blogsoestado.com\/danielmatos\/leonardo-soares-a-forca-jovem-que-contagia-e-conquista-apoio-de-varias-correntes-para-vice-reitor-da-ufma\/\",\"url\":\"https:\/\/www.blogsoestado.com\/danielmatos\/leonardo-soares-a-forca-jovem-que-contagia-e-conquista-apoio-de-varias-correntes-para-vice-reitor-da-ufma\/\",\"name\":\"Leonardo Soares, a for\u00e7a jovem que contagia e conquista apoio de v\u00e1rias correntes para vice-reitor da UFMA - Daniel Matos\",\"isPartOf\":{\"@id\":\"https:\/\/www.blogsoestado.com\/danielmatos\/#website\"},\"primaryImageOfPage\":{\"@id\":\"https:\/\/www.blogsoestado.com\/danielmatos\/leonardo-soares-a-forca-jovem-que-contagia-e-conquista-apoio-de-varias-correntes-para-vice-reitor-da-ufma\/#primaryimage\"},\"image\":{\"@id\":\"https:\/\/www.blogsoestado.com\/danielmatos\/leonardo-soares-a-forca-jovem-que-contagia-e-conquista-apoio-de-varias-correntes-para-vice-reitor-da-ufma\/#primaryimage\"},\"thumbnailUrl\":\"https:\/\/www.blogsoestado.com\/danielmatos\/files\/2023\/04\/Screenshot_20230428-1342002.png\",\"datePublished\":\"2023-04-28T16:48:55+00:00\",\"author\":{\"@id\":\"\"},\"breadcrumb\":{\"@id\":\"https:\/\/www.blogsoestado.com\/danielmatos\/leonardo-soares-a-forca-jovem-que-contagia-e-conquista-apoio-de-varias-correntes-para-vice-reitor-da-ufma\/#breadcrumb\"},\"inLanguage\":\"pt-BR\",\"potentialAction\":[{\"@type\":\"ReadAction\",\"target\":[\"https:\/\/www.blogsoestado.com\/danielmatos\/leonardo-soares-a-forca-jovem-que-contagia-e-conquista-apoio-de-varias-correntes-para-vice-reitor-da-ufma\/\"]}]},{\"@type\":\"ImageObject\",\"inLanguage\":\"pt-BR\",\"@id\":\"https:\/\/www.blogsoestado.com\/danielmatos\/leonardo-soares-a-forca-jovem-que-contagia-e-conquista-apoio-de-varias-correntes-para-vice-reitor-da-ufma\/#primaryimage\",\"url\":\"https:\/\/www.blogsoestado.com\/danielmatos\/files\/2023\/04\/Screenshot_20230428-1342002.png\",\"contentUrl\":\"https:\/\/www.blogsoestado.com\/danielmatos\/files\/2023\/04\/Screenshot_20230428-1342002.png\"},{\"@type\":\"BreadcrumbList\",\"@id\":\"https:\/\/www.blogsoestado.com\/danielmatos\/leonardo-soares-a-forca-jovem-que-contagia-e-conquista-apoio-de-varias-correntes-para-vice-reitor-da-ufma\/#breadcrumb\",\"itemListElement\":[{\"@type\":\"ListItem\",\"position\":1,\"name\":\"In\u00edcio\",\"item\":\"https:\/\/www.blogsoestado.com\/danielmatos\/\"},{\"@type\":\"ListItem\",\"position\":2,\"name\":\"Leonardo Soares, a for\u00e7a jovem que contagia e conquista apoio de v\u00e1rias correntes para vice-reitor da UFMA\"}]},{\"@type\":\"WebSite\",\"@id\":\"https:\/\/www.blogsoestado.com\/danielmatos\/#website\",\"url\":\"https:\/\/www.blogsoestado.com\/danielmatos\/\",\"name\":\"Daniel Matos\",\"description\":\"\",\"potentialAction\":[{\"@type\":\"SearchAction\",\"target\":{\"@type\":\"EntryPoint\",\"urlTemplate\":\"https:\/\/www.blogsoestado.com\/danielmatos\/?s={search_term_string}\"},\"query-input\":{\"@type\":\"PropertyValueSpecification\",\"valueRequired\":true,\"valueName\":\"search_term_string\"}}],\"inLanguage\":\"pt-BR\"}]}<\/script>\n<!-- \/ Yoast SEO plugin. -->","yoast_head_json":{"title":"Leonardo Soares, a for\u00e7a jovem que contagia e conquista apoio de v\u00e1rias correntes para vice-reitor da UFMA - Daniel Matos","robots":{"index":"index","follow":"follow","max-snippet":"max-snippet:-1","max-image-preview":"max-image-preview:large","max-video-preview":"max-video-preview:-1"},"canonical":"https:\/\/www.blogsoestado.com\/danielmatos\/leonardo-soares-a-forca-jovem-que-contagia-e-conquista-apoio-de-varias-correntes-para-vice-reitor-da-ufma\/","og_locale":"pt_BR","og_type":"article","og_title":"Leonardo Soares, a for\u00e7a jovem que contagia e conquista apoio de v\u00e1rias correntes para vice-reitor da UFMA - Daniel Matos","og_description":"\u00c0 medida que se aproxima a defini\u00e7\u00e3o sobre a data da consulta pr\u00e9via para a escolha de reitor e vice-reitor [&hellip;]","og_url":"https:\/\/www.blogsoestado.com\/danielmatos\/leonardo-soares-a-forca-jovem-que-contagia-e-conquista-apoio-de-varias-correntes-para-vice-reitor-da-ufma\/","og_site_name":"Daniel Matos","article_published_time":"2023-04-28T16:48:55+00:00","og_image":[{"url":"https:\/\/www.blogsoestado.com\/danielmatos\/files\/2023\/04\/Screenshot_20230428-1342002.png","type":"","width":"","height":""}],"twitter_card":"summary_large_image","twitter_misc":{"Est. tempo de leitura":"3 minutos"},"schema":{"@context":"https:\/\/schema.org","@graph":[{"@type":"WebPage","@id":"https:\/\/www.blogsoestado.com\/danielmatos\/leonardo-soares-a-forca-jovem-que-contagia-e-conquista-apoio-de-varias-correntes-para-vice-reitor-da-ufma\/","url":"https:\/\/www.blogsoestado.com\/danielmatos\/leonardo-soares-a-forca-jovem-que-contagia-e-conquista-apoio-de-varias-correntes-para-vice-reitor-da-ufma\/","name":"Leonardo Soares, a for\u00e7a jovem que contagia e conquista apoio de v\u00e1rias correntes para vice-reitor da UFMA - Daniel Matos","isPartOf":{"@id":"https:\/\/www.blogsoestado.com\/danielmatos\/#website"},"primaryImageOfPage":{"@id":"https:\/\/www.blogsoestado.com\/danielmatos\/leonardo-soares-a-forca-jovem-que-contagia-e-conquista-apoio-de-varias-correntes-para-vice-reitor-da-ufma\/#primaryimage"},"image":{"@id":"https:\/\/www.blogsoestado.com\/danielmatos\/leonardo-soares-a-forca-jovem-que-contagia-e-conquista-apoio-de-varias-correntes-para-vice-reitor-da-ufma\/#primaryimage"},"thumbnailUrl":"https:\/\/www.blogsoestado.com\/danielmatos\/files\/2023\/04\/Screenshot_20230428-1342002.png","datePublished":"2023-04-28T16:48:55+00:00","author":{"@id":""},"breadcrumb":{"@id":"https:\/\/www.blogsoestado.com\/danielmatos\/leonardo-soares-a-forca-jovem-que-contagia-e-conquista-apoio-de-varias-correntes-para-vice-reitor-da-ufma\/#breadcrumb"},"inLanguage":"pt-BR","potentialAction":[{"@type":"ReadAction","target":["https:\/\/www.blogsoestado.com\/danielmatos\/leonardo-soares-a-forca-jovem-que-contagia-e-conquista-apoio-de-varias-correntes-para-vice-reitor-da-ufma\/"]}]},{"@type":"ImageObject","inLanguage":"pt-BR","@id":"https:\/\/www.blogsoestado.com\/danielmatos\/leonardo-soares-a-forca-jovem-que-contagia-e-conquista-apoio-de-varias-correntes-para-vice-reitor-da-ufma\/#primaryimage","url":"https:\/\/www.blogsoestado.com\/danielmatos\/files\/2023\/04\/Screenshot_20230428-1342002.png","contentUrl":"https:\/\/www.blogsoestado.com\/danielmatos\/files\/2023\/04\/Screenshot_20230428-1342002.png"},{"@type":"BreadcrumbList","@id":"https:\/\/www.blogsoestado.com\/danielmatos\/leonardo-soares-a-forca-jovem-que-contagia-e-conquista-apoio-de-varias-correntes-para-vice-reitor-da-ufma\/#breadcrumb","itemListElement":[{"@type":"ListItem","position":1,"name":"In\u00edcio","item":"https:\/\/www.blogsoestado.com\/danielmatos\/"},{"@type":"ListItem","position":2,"name":"Leonardo Soares, a for\u00e7a jovem que contagia e conquista apoio de v\u00e1rias correntes para vice-reitor da UFMA"}]},{"@type":"WebSite","@id":"https:\/\/www.blogsoestado.com\/danielmatos\/#website","url":"https:\/\/www.blogsoestado.com\/danielmatos\/","name":"Daniel Matos","description":"","potentialAction":[{"@type":"SearchAction","target":{"@type":"EntryPoint","urlTemplate":"https:\/\/www.blogsoestado.com\/danielmatos\/?s={search_term_string}"},"query-input":{"@type":"PropertyValueSpecification","valueRequired":true,"valueName":"search_term_string"}}],"inLanguage":"pt-BR"}]}},"jetpack_featured_media_url":"","_links":{"self":[{"href":"https:\/\/www.blogsoestado.com\/danielmatos\/wp-json\/wp\/v2\/posts\/108943","targetHints":{"allow":["GET"]}}],"collection":[{"href":"https:\/\/www.blogsoestado.com\/danielmatos\/wp-json\/wp\/v2\/posts"}],"about":[{"href":"https:\/\/www.blogsoestado.com\/danielmatos\/wp-json\/wp\/v2\/types\/post"}],"replies":[{"embeddable":true,"href":"https:\/\/www.blogsoestado.com\/danielmatos\/wp-json\/wp\/v2\/comments?post=108943"}],"version-history":[{"count":0,"href":"https:\/\/www.blogsoestado.com\/danielmatos\/wp-json\/wp\/v2\/posts\/108943\/revisions"}],"wp:attachment":[{"href":"https:\/\/www.blogsoestado.com\/danielmatos\/wp-json\/wp\/v2\/media?parent=108943"}],"wp:term":[{"taxonomy":"category","embeddable":true,"href":"https:\/\/www.blogsoestado.com\/danielmatos\/wp-json\/wp\/v2\/categories?post=108943"},{"taxonomy":"post_tag","embeddable":true,"href":"https:\/\/www.blogsoestado.com\/danielmatos\/wp-json\/wp\/v2\/tags?post=108943"}],"curies":[{"name":"wp","href":"https:\/\/api.w.org\/{rel}","templated":true}]}}