{"id":108952,"date":"2023-04-28T19:17:48","date_gmt":"2023-04-28T22:17:48","guid":{"rendered":"https:\/\/www.blogsoestado.com\/danielmatos\/?p=108952"},"modified":"2023-04-28T19:17:48","modified_gmt":"2023-04-28T22:17:48","slug":"fecomercio-e-demais-entidades-externam-a-camara-de-sao-luis-preocupacao-com-greve-dos-rodoviarios","status":"publish","type":"post","link":"https:\/\/www.blogsoestado.com\/danielmatos\/fecomercio-e-demais-entidades-externam-a-camara-de-sao-luis-preocupacao-com-greve-dos-rodoviarios\/","title":{"rendered":"Fecom\u00e9rcio e demais entidades externam \u00e0 C\u00e2mara de S\u00e3o Lu\u00eds preocupa\u00e7\u00e3o com greve dos rodovi\u00e1rios"},"content":{"rendered":"\n<p><em><strong><span class=\"has-inline-color has-vivid-red-color\">Em almo\u00e7o com uma comitiva de vereadores, que foi liderada pelo presidente Francisco Chaguinhas, empres\u00e1rios de servi\u00e7os relataram preju\u00edzos com falta de \u00f4nibus<\/span><\/strong><\/em> <\/p>\n\n\n\n<div class=\"wp-block-image\"><figure class=\"aligncenter size-large\"><a href=\"https:\/\/www.blogsoestado.com\/danielmatos\/files\/2023\/04\/Screenshot_20230428-1849202.png\"><img decoding=\"async\" src=\"https:\/\/www.blogsoestado.com\/danielmatos\/files\/2023\/04\/Screenshot_20230428-1849202.png\" alt=\"\" class=\"wp-image-108953\"\/><\/a><figcaption>Lideran\u00e7as do segmento do com\u00e9rcio externaram preocupa\u00e7\u00e3o com a continuidade da greve do transporte p\u00fablico <\/figcaption><\/figure><\/div>\n\n\n\n<p>Um almo\u00e7o realizado nesta sexta-feira, 28, coordenado pelo presidente da Federa\u00e7\u00e3o do Com\u00e9rcio de Bens, Servi\u00e7os e Turismo do Maranh\u00e3o (Fecom\u00e9rcio-MA), Maur\u00edcio Feij\u00f3, reuniu representantes de entidades empresariais e uma comitiva de vereadores, liderada pelo presidente da C\u00e2mara de S\u00e3o Lu\u00eds, Francisco Chaguinhas (Podemos), para tratar de temas que impactam a capital maranhense.<\/p>\n\n\n\n<p>Durante o encontro que contou com a presen\u00e7a dos vereadores Pav\u00e3o Filho (PDT), Dr. Gutemberg Ara\u00fajo (PSC) e do ex-vereador Manoel Filho (PMB), os representantes de associa\u00e7\u00f5es do com\u00e9rcio, supermercados, lojistas, servi\u00e7os e turismo demonstraram preocupa\u00e7\u00e3o com a queda no faturamento das empresas e os riscos \u00e0 retomada dos empregos.<\/p>\n\n\n\n<p><strong>Importante agenda institucional<\/strong><\/p>\n\n\n\n<p>Em entrevista, o presidente Maur\u00edcio Feij\u00f3 refor\u00e7ou a import\u00e2ncia da agenda institucional com lideran\u00e7as do legislativo. Segundo ele, o encontro rendeu muito conhecimento dos problemas da cidade, principalmente, em rela\u00e7\u00e3o ao Plano Diretor e a situa\u00e7\u00e3o do transporte p\u00fablico da cidade.<\/p>\n\n\n\n<p>&#8220;Foi uma coisa maravilhosa e uma grande satisfa\u00e7\u00e3o para todos n\u00f3s, que fazemos a Fecom\u00e9rcio e os presidentes de sindicatos, receber os vereadores que foram nossos convidados, para uma confraterniza\u00e7\u00e3o e demonstra\u00e7\u00e3o de democracia. O encontro foi muito importante e nos rendeu muito conhecimento dos problemas da cidade, principalmente, sobre o Plano Diretor e a situa\u00e7\u00e3o do transporte p\u00fablico da cidade que est\u00e1 nos trazendo grande preocupa\u00e7\u00e3o e muito preju\u00edzo&#8221;, destacou Maur\u00edcio Feij\u00f3.<\/p>\n\n\n\n<div class=\"wp-block-image\"><figure class=\"aligncenter size-large\"><a href=\"https:\/\/www.blogsoestado.com\/danielmatos\/files\/2023\/04\/Screenshot_20230428-1850012.png\"><img decoding=\"async\" src=\"https:\/\/www.blogsoestado.com\/danielmatos\/files\/2023\/04\/Screenshot_20230428-1850012.png\" alt=\"\" class=\"wp-image-108954\"\/><\/a><figcaption>A C\u00e2mara Municipal de S\u00e3o Lu\u00eds se solidarizou aos l\u00edderes do setor do com\u00e9rcio em meio \u00e0 greve do transporte p\u00fablico <\/figcaption><\/figure><\/div>\n\n\n\n<p><strong>Interlocu\u00e7\u00e3o ben\u00e9fica para a cidade<\/strong><\/p>\n\n\n\n<p>Ap\u00f3s a reuni\u00e3o, o vereador Dr. Gutemberg (PSC), fez uma avalia\u00e7\u00e3o do encontro e afirmou que espera que se repita outras vezes, pois, segundo ele, esse tipo de interlocu\u00e7\u00e3o \u00e9 muito ben\u00e9fica para a cidade.<\/p>\n\n\n\n<p>&#8220;N\u00f3s pudemos aqui, primeiro ouvir os anseios de todos os empres\u00e1rios, sobretudo, nesse momento de dificuldade, principalmente, nesse momento de dificuldade que \u00e9 o problema do transporte de S\u00e3o Lu\u00eds. Al\u00e9m disso, n\u00f3s tamb\u00e9m tivemos a oportunidade de apresentar e expor todos os nossos trabalhos na C\u00e2mara relacionado ao Plano Diretor, relacionado \u00e0 crise do transporte e de muitos outros, de modo que foi uma confer\u00eancia muito produtiva e a gente espera que isso se repita, pois essa interlocu\u00e7\u00e3o \u00e9 muito ben\u00e9fica para a cidade&#8221;, frisou.<\/p>\n\n\n\n<p><strong>Importante di\u00e1logo entre institui\u00e7\u00f5es<\/strong><\/p>\n\n\n\n<p>O encontro hist\u00f3rico, na opini\u00e3o do vereador Pav\u00e3o Filho, serviu para um importante debate sobre a cidade. Segundo o vereador, reuni\u00f5es como essas servem tamb\u00e9m para oxigenar o relacionamento entre representantes de institui\u00e7\u00f5es p\u00fablicas e privadas.<\/p>\n\n\n\n<div class=\"wp-block-image\"><figure class=\"aligncenter size-large\"><a href=\"https:\/\/www.blogsoestado.com\/danielmatos\/files\/2023\/04\/Screenshot_20230428-1850372.png\"><img decoding=\"async\" src=\"https:\/\/www.blogsoestado.com\/danielmatos\/files\/2023\/04\/Screenshot_20230428-1850372.png\" alt=\"\" class=\"wp-image-108955\"\/><\/a><figcaption>O presidente da C\u00e2mara Municipal de S\u00e3o Lu\u00eds se pronunciou durante o encontro com as lideran\u00e7as empresariais<\/figcaption><\/figure><\/div>\n\n\n\n<p>&#8220;Eu tenho sempre dito que a comunica\u00e7\u00e3o \u00e9 o oxig\u00eanio do relacionamento. O di\u00e1logo permanente entre as institui\u00e7\u00f5es p\u00fablicas e privadas. Por isso, um encontro hist\u00f3rico como esse, promovido pela Fecom\u00e9rcio, \u00e9 sempre importante para debater a cidade&#8221;, disse.<\/p>\n\n\n\n<p><strong>Reconhecimento ao trabalho da C\u00e2mara<\/strong><\/p>\n\n\n\n<p>Para o presidente Francisco Chaguinhas, a reuni\u00e3o foi bastante produtiva e serviu para mostrar o reconhecimento da Fecom\u00e9rcio-MA com a import\u00e2ncia do trabalho que a C\u00e2mara tem desenvolvido. De acordo com o chefe do Legislativo, a entidade empresarial vem alavancando o progresso fundamentado no di\u00e1logo, na participa\u00e7\u00e3o e acima de tudo no trabalho.<\/p>\n\n\n\n<p>&#8220;A Federa\u00e7\u00e3o do Com\u00e9rcio de Bens, Servi\u00e7os e Turismo do Maranh\u00e3o com seu corpo jur\u00eddico e empresarial sabe a import\u00e2ncia do trabalho que a C\u00e2mara tem desenvolvido. A entidade est\u00e1 protagonizando momentos importantes para a cidade e alavancando o progresso fundamentado no di\u00e1logo, na participa\u00e7\u00e3o e acima de tudo no trabalho&#8221;, concluiu.<\/p>\n","protected":false},"excerpt":{"rendered":"<p>Em almo\u00e7o com uma comitiva de vereadores, que foi liderada pelo presidente Francisco Chaguinhas, empres\u00e1rios de servi\u00e7os relataram preju\u00edzos com [&hellip;]<\/p>\n","protected":false},"author":0,"featured_media":0,"comment_status":"open","ping_status":"open","sticky":false,"template":"","format":"standard","meta":{"site-sidebar-layout":"default","site-content-layout":"","ast-site-content-layout":"default","site-content-style":"default","site-sidebar-style":"default","ast-global-header-display":"","ast-banner-title-visibility":"","ast-main-header-display":"","ast-hfb-above-header-display":"","ast-hfb-below-header-display":"","ast-hfb-mobile-header-display":"","site-post-title":"","ast-breadcrumbs-content":"","ast-featured-img":"","footer-sml-layout":"","ast-disable-related-posts":"","theme-transparent-header-meta":"","adv-header-id-meta":"","stick-header-meta":"","header-above-stick-meta":"","header-main-stick-meta":"","header-below-stick-meta":"","astra-migrate-meta-layouts":"default","ast-page-background-enabled":"default","ast-page-background-meta":{"desktop":{"background-color":"var(--ast-global-color-5)","background-image":"","background-repeat":"repeat","background-position":"center center","background-size":"auto","background-attachment":"scroll","background-type":"","background-media":"","overlay-type":"","overlay-color":"","overlay-opacity":"","overlay-gradient":""},"tablet":{"background-color":"","background-image":"","background-repeat":"repeat","background-position":"center center","background-size":"auto","background-attachment":"scroll","background-type":"","background-media":"","overlay-type":"","overlay-color":"","overlay-opacity":"","overlay-gradient":""},"mobile":{"background-color":"","background-image":"","background-repeat":"repeat","background-position":"center center","background-size":"auto","background-attachment":"scroll","background-type":"","background-media":"","overlay-type":"","overlay-color":"","overlay-opacity":"","overlay-gradient":""}},"ast-content-background-meta":{"desktop":{"background-color":"var(--ast-global-color-4)","background-image":"","background-repeat":"repeat","background-position":"center center","background-size":"auto","background-attachment":"scroll","background-type":"","background-media":"","overlay-type":"","overlay-color":"","overlay-opacity":"","overlay-gradient":""},"tablet":{"background-color":"var(--ast-global-color-4)","background-image":"","background-repeat":"repeat","background-position":"center center","background-size":"auto","background-attachment":"scroll","background-type":"","background-media":"","overlay-type":"","overlay-color":"","overlay-opacity":"","overlay-gradient":""},"mobile":{"background-color":"var(--ast-global-color-4)","background-image":"","background-repeat":"repeat","background-position":"center center","background-size":"auto","background-attachment":"scroll","background-type":"","background-media":"","overlay-type":"","overlay-color":"","overlay-opacity":"","overlay-gradient":""}},"footnotes":""},"categories":[1],"tags":[],"class_list":["post-108952","post","type-post","status-publish","format-standard","hentry","category-sem-categoria"],"yoast_head":"<!-- This site is optimized with the Yoast SEO plugin v26.6 - https:\/\/yoast.com\/wordpress\/plugins\/seo\/ -->\n<title>Fecom\u00e9rcio e demais entidades externam \u00e0 C\u00e2mara de S\u00e3o Lu\u00eds preocupa\u00e7\u00e3o com greve dos rodovi\u00e1rios - Daniel Matos<\/title>\n<meta name=\"robots\" content=\"index, follow, max-snippet:-1, max-image-preview:large, max-video-preview:-1\" \/>\n<link rel=\"canonical\" href=\"https:\/\/www.blogsoestado.com\/danielmatos\/fecomercio-e-demais-entidades-externam-a-camara-de-sao-luis-preocupacao-com-greve-dos-rodoviarios\/\" \/>\n<meta property=\"og:locale\" content=\"pt_BR\" \/>\n<meta property=\"og:type\" content=\"article\" \/>\n<meta property=\"og:title\" content=\"Fecom\u00e9rcio e demais entidades externam \u00e0 C\u00e2mara de S\u00e3o Lu\u00eds preocupa\u00e7\u00e3o com greve dos rodovi\u00e1rios - Daniel Matos\" \/>\n<meta property=\"og:description\" content=\"Em almo\u00e7o com uma comitiva de vereadores, que foi liderada pelo presidente Francisco Chaguinhas, empres\u00e1rios de servi\u00e7os relataram preju\u00edzos com [&hellip;]\" \/>\n<meta property=\"og:url\" content=\"https:\/\/www.blogsoestado.com\/danielmatos\/fecomercio-e-demais-entidades-externam-a-camara-de-sao-luis-preocupacao-com-greve-dos-rodoviarios\/\" \/>\n<meta property=\"og:site_name\" content=\"Daniel Matos\" \/>\n<meta property=\"article:published_time\" content=\"2023-04-28T22:17:48+00:00\" \/>\n<meta property=\"og:image\" content=\"https:\/\/www.blogsoestado.com\/danielmatos\/files\/2023\/04\/Screenshot_20230428-1849202.png\" \/>\n<meta name=\"twitter:card\" content=\"summary_large_image\" \/>\n<meta name=\"twitter:label1\" content=\"Est. tempo de leitura\" \/>\n\t<meta name=\"twitter:data1\" content=\"4 minutos\" \/>\n<script type=\"application\/ld+json\" class=\"yoast-schema-graph\">{\"@context\":\"https:\/\/schema.org\",\"@graph\":[{\"@type\":\"WebPage\",\"@id\":\"https:\/\/www.blogsoestado.com\/danielmatos\/fecomercio-e-demais-entidades-externam-a-camara-de-sao-luis-preocupacao-com-greve-dos-rodoviarios\/\",\"url\":\"https:\/\/www.blogsoestado.com\/danielmatos\/fecomercio-e-demais-entidades-externam-a-camara-de-sao-luis-preocupacao-com-greve-dos-rodoviarios\/\",\"name\":\"Fecom\u00e9rcio e demais entidades externam \u00e0 C\u00e2mara de S\u00e3o Lu\u00eds preocupa\u00e7\u00e3o com greve dos rodovi\u00e1rios - Daniel Matos\",\"isPartOf\":{\"@id\":\"https:\/\/www.blogsoestado.com\/danielmatos\/#website\"},\"primaryImageOfPage\":{\"@id\":\"https:\/\/www.blogsoestado.com\/danielmatos\/fecomercio-e-demais-entidades-externam-a-camara-de-sao-luis-preocupacao-com-greve-dos-rodoviarios\/#primaryimage\"},\"image\":{\"@id\":\"https:\/\/www.blogsoestado.com\/danielmatos\/fecomercio-e-demais-entidades-externam-a-camara-de-sao-luis-preocupacao-com-greve-dos-rodoviarios\/#primaryimage\"},\"thumbnailUrl\":\"https:\/\/www.blogsoestado.com\/danielmatos\/files\/2023\/04\/Screenshot_20230428-1849202.png\",\"datePublished\":\"2023-04-28T22:17:48+00:00\",\"author\":{\"@id\":\"\"},\"breadcrumb\":{\"@id\":\"https:\/\/www.blogsoestado.com\/danielmatos\/fecomercio-e-demais-entidades-externam-a-camara-de-sao-luis-preocupacao-com-greve-dos-rodoviarios\/#breadcrumb\"},\"inLanguage\":\"pt-BR\",\"potentialAction\":[{\"@type\":\"ReadAction\",\"target\":[\"https:\/\/www.blogsoestado.com\/danielmatos\/fecomercio-e-demais-entidades-externam-a-camara-de-sao-luis-preocupacao-com-greve-dos-rodoviarios\/\"]}]},{\"@type\":\"ImageObject\",\"inLanguage\":\"pt-BR\",\"@id\":\"https:\/\/www.blogsoestado.com\/danielmatos\/fecomercio-e-demais-entidades-externam-a-camara-de-sao-luis-preocupacao-com-greve-dos-rodoviarios\/#primaryimage\",\"url\":\"https:\/\/www.blogsoestado.com\/danielmatos\/files\/2023\/04\/Screenshot_20230428-1849202.png\",\"contentUrl\":\"https:\/\/www.blogsoestado.com\/danielmatos\/files\/2023\/04\/Screenshot_20230428-1849202.png\"},{\"@type\":\"BreadcrumbList\",\"@id\":\"https:\/\/www.blogsoestado.com\/danielmatos\/fecomercio-e-demais-entidades-externam-a-camara-de-sao-luis-preocupacao-com-greve-dos-rodoviarios\/#breadcrumb\",\"itemListElement\":[{\"@type\":\"ListItem\",\"position\":1,\"name\":\"In\u00edcio\",\"item\":\"https:\/\/www.blogsoestado.com\/danielmatos\/\"},{\"@type\":\"ListItem\",\"position\":2,\"name\":\"Fecom\u00e9rcio e demais entidades externam \u00e0 C\u00e2mara de S\u00e3o Lu\u00eds preocupa\u00e7\u00e3o com greve dos rodovi\u00e1rios\"}]},{\"@type\":\"WebSite\",\"@id\":\"https:\/\/www.blogsoestado.com\/danielmatos\/#website\",\"url\":\"https:\/\/www.blogsoestado.com\/danielmatos\/\",\"name\":\"Daniel Matos\",\"description\":\"\",\"potentialAction\":[{\"@type\":\"SearchAction\",\"target\":{\"@type\":\"EntryPoint\",\"urlTemplate\":\"https:\/\/www.blogsoestado.com\/danielmatos\/?s={search_term_string}\"},\"query-input\":{\"@type\":\"PropertyValueSpecification\",\"valueRequired\":true,\"valueName\":\"search_term_string\"}}],\"inLanguage\":\"pt-BR\"}]}<\/script>\n<!-- \/ Yoast SEO plugin. -->","yoast_head_json":{"title":"Fecom\u00e9rcio e demais entidades externam \u00e0 C\u00e2mara de S\u00e3o Lu\u00eds preocupa\u00e7\u00e3o com greve dos rodovi\u00e1rios - Daniel Matos","robots":{"index":"index","follow":"follow","max-snippet":"max-snippet:-1","max-image-preview":"max-image-preview:large","max-video-preview":"max-video-preview:-1"},"canonical":"https:\/\/www.blogsoestado.com\/danielmatos\/fecomercio-e-demais-entidades-externam-a-camara-de-sao-luis-preocupacao-com-greve-dos-rodoviarios\/","og_locale":"pt_BR","og_type":"article","og_title":"Fecom\u00e9rcio e demais entidades externam \u00e0 C\u00e2mara de S\u00e3o Lu\u00eds preocupa\u00e7\u00e3o com greve dos rodovi\u00e1rios - Daniel Matos","og_description":"Em almo\u00e7o com uma comitiva de vereadores, que foi liderada pelo presidente Francisco Chaguinhas, empres\u00e1rios de servi\u00e7os relataram preju\u00edzos com [&hellip;]","og_url":"https:\/\/www.blogsoestado.com\/danielmatos\/fecomercio-e-demais-entidades-externam-a-camara-de-sao-luis-preocupacao-com-greve-dos-rodoviarios\/","og_site_name":"Daniel Matos","article_published_time":"2023-04-28T22:17:48+00:00","og_image":[{"url":"https:\/\/www.blogsoestado.com\/danielmatos\/files\/2023\/04\/Screenshot_20230428-1849202.png","type":"","width":"","height":""}],"twitter_card":"summary_large_image","twitter_misc":{"Est. tempo de leitura":"4 minutos"},"schema":{"@context":"https:\/\/schema.org","@graph":[{"@type":"WebPage","@id":"https:\/\/www.blogsoestado.com\/danielmatos\/fecomercio-e-demais-entidades-externam-a-camara-de-sao-luis-preocupacao-com-greve-dos-rodoviarios\/","url":"https:\/\/www.blogsoestado.com\/danielmatos\/fecomercio-e-demais-entidades-externam-a-camara-de-sao-luis-preocupacao-com-greve-dos-rodoviarios\/","name":"Fecom\u00e9rcio e demais entidades externam \u00e0 C\u00e2mara de S\u00e3o Lu\u00eds preocupa\u00e7\u00e3o com greve dos rodovi\u00e1rios - Daniel Matos","isPartOf":{"@id":"https:\/\/www.blogsoestado.com\/danielmatos\/#website"},"primaryImageOfPage":{"@id":"https:\/\/www.blogsoestado.com\/danielmatos\/fecomercio-e-demais-entidades-externam-a-camara-de-sao-luis-preocupacao-com-greve-dos-rodoviarios\/#primaryimage"},"image":{"@id":"https:\/\/www.blogsoestado.com\/danielmatos\/fecomercio-e-demais-entidades-externam-a-camara-de-sao-luis-preocupacao-com-greve-dos-rodoviarios\/#primaryimage"},"thumbnailUrl":"https:\/\/www.blogsoestado.com\/danielmatos\/files\/2023\/04\/Screenshot_20230428-1849202.png","datePublished":"2023-04-28T22:17:48+00:00","author":{"@id":""},"breadcrumb":{"@id":"https:\/\/www.blogsoestado.com\/danielmatos\/fecomercio-e-demais-entidades-externam-a-camara-de-sao-luis-preocupacao-com-greve-dos-rodoviarios\/#breadcrumb"},"inLanguage":"pt-BR","potentialAction":[{"@type":"ReadAction","target":["https:\/\/www.blogsoestado.com\/danielmatos\/fecomercio-e-demais-entidades-externam-a-camara-de-sao-luis-preocupacao-com-greve-dos-rodoviarios\/"]}]},{"@type":"ImageObject","inLanguage":"pt-BR","@id":"https:\/\/www.blogsoestado.com\/danielmatos\/fecomercio-e-demais-entidades-externam-a-camara-de-sao-luis-preocupacao-com-greve-dos-rodoviarios\/#primaryimage","url":"https:\/\/www.blogsoestado.com\/danielmatos\/files\/2023\/04\/Screenshot_20230428-1849202.png","contentUrl":"https:\/\/www.blogsoestado.com\/danielmatos\/files\/2023\/04\/Screenshot_20230428-1849202.png"},{"@type":"BreadcrumbList","@id":"https:\/\/www.blogsoestado.com\/danielmatos\/fecomercio-e-demais-entidades-externam-a-camara-de-sao-luis-preocupacao-com-greve-dos-rodoviarios\/#breadcrumb","itemListElement":[{"@type":"ListItem","position":1,"name":"In\u00edcio","item":"https:\/\/www.blogsoestado.com\/danielmatos\/"},{"@type":"ListItem","position":2,"name":"Fecom\u00e9rcio e demais entidades externam \u00e0 C\u00e2mara de S\u00e3o Lu\u00eds preocupa\u00e7\u00e3o com greve dos rodovi\u00e1rios"}]},{"@type":"WebSite","@id":"https:\/\/www.blogsoestado.com\/danielmatos\/#website","url":"https:\/\/www.blogsoestado.com\/danielmatos\/","name":"Daniel Matos","description":"","potentialAction":[{"@type":"SearchAction","target":{"@type":"EntryPoint","urlTemplate":"https:\/\/www.blogsoestado.com\/danielmatos\/?s={search_term_string}"},"query-input":{"@type":"PropertyValueSpecification","valueRequired":true,"valueName":"search_term_string"}}],"inLanguage":"pt-BR"}]}},"jetpack_featured_media_url":"","_links":{"self":[{"href":"https:\/\/www.blogsoestado.com\/danielmatos\/wp-json\/wp\/v2\/posts\/108952","targetHints":{"allow":["GET"]}}],"collection":[{"href":"https:\/\/www.blogsoestado.com\/danielmatos\/wp-json\/wp\/v2\/posts"}],"about":[{"href":"https:\/\/www.blogsoestado.com\/danielmatos\/wp-json\/wp\/v2\/types\/post"}],"replies":[{"embeddable":true,"href":"https:\/\/www.blogsoestado.com\/danielmatos\/wp-json\/wp\/v2\/comments?post=108952"}],"version-history":[{"count":0,"href":"https:\/\/www.blogsoestado.com\/danielmatos\/wp-json\/wp\/v2\/posts\/108952\/revisions"}],"wp:attachment":[{"href":"https:\/\/www.blogsoestado.com\/danielmatos\/wp-json\/wp\/v2\/media?parent=108952"}],"wp:term":[{"taxonomy":"category","embeddable":true,"href":"https:\/\/www.blogsoestado.com\/danielmatos\/wp-json\/wp\/v2\/categories?post=108952"},{"taxonomy":"post_tag","embeddable":true,"href":"https:\/\/www.blogsoestado.com\/danielmatos\/wp-json\/wp\/v2\/tags?post=108952"}],"curies":[{"name":"wp","href":"https:\/\/api.w.org\/{rel}","templated":true}]}}