{"id":108973,"date":"2023-04-29T15:25:59","date_gmt":"2023-04-29T18:25:59","guid":{"rendered":"https:\/\/www.blogsoestado.com\/danielmatos\/?p=108973"},"modified":"2023-04-29T15:25:59","modified_gmt":"2023-04-29T18:25:59","slug":"audiencia-debate-pl-de-wellington-sobre-data-base-unificada-para-reposicao-salarial-do-funcionalismo","status":"publish","type":"post","link":"https:\/\/www.blogsoestado.com\/danielmatos\/audiencia-debate-pl-de-wellington-sobre-data-base-unificada-para-reposicao-salarial-do-funcionalismo\/","title":{"rendered":"Audi\u00eancia debate PL de Wellington sobre data base unificada para reposi\u00e7\u00e3o salarial do funcionalismo"},"content":{"rendered":"\n<div class=\"wp-block-image\"><figure class=\"aligncenter size-large\"><a href=\"https:\/\/www.blogsoestado.com\/danielmatos\/files\/2023\/04\/Screenshot_20230429-1526572.png\"><img decoding=\"async\" src=\"https:\/\/www.blogsoestado.com\/danielmatos\/files\/2023\/04\/Screenshot_20230429-1526572.png\" alt=\"\" class=\"wp-image-108977\"\/><\/a><figcaption>Wellington do Curso afirmou que o projeto foi elaborado por ele e pelos movimentos sindicais que comp\u00f5em o F\u00f3rum de Defesa das Carreiras do Poder Executivo<\/figcaption><\/figure><\/div>\n\n\n\n<p>Com a participa\u00e7\u00e3o de representantes sindicais dos mais variados setores do servi\u00e7o p\u00fablico do Maranh\u00e3o, foi realizada, na tarde desta sexta-feira (28), audi\u00eancia p\u00fablica para discutir o Projeto de Lei 247\/2023, de autoria do deputado Wellington do Curso (PSC), que disp\u00f5e sobre a data base unificada de negocia\u00e7\u00e3o salarial e institui o Programa de Negocia\u00e7\u00e3o Coletiva Permanente\u00a0(PRONEC), no Governo do Estado.<\/p>\n\n\n\n<p>Pelo PL, ainda em tramita\u00e7\u00e3o nas Comiss\u00f5es Permanentes da Casa, ser\u00e1&nbsp;fixada em 1\u00b0 de maio de cada ano a data para fins de revis\u00e3o da remunera\u00e7\u00e3o dos servidores p\u00fablicos da administra\u00e7\u00e3o direta e das autarquias do Estado.<\/p>\n\n\n\n<p>Wellington do Curso afirmou que o projeto foi elaborado por ele e pelos movimentos sindicais que comp\u00f5em o F\u00f3rum de Defesa das Carreiras do Poder Executivo. \u201cEssa iniciativa n\u00e3o se trata de tentar entrar em choque com o governo, mas sim de estabelecer os mecanismos que venham beneficiar o servidor p\u00fablico estadual, do qual sou ferrenho defensor desde o in\u00edcio do meu primeiro mandato aqui na Assembleia Legislativa\u201d, disse.<\/p>\n\n\n\n<p>Ele tamb\u00e9m discorreu sobre a cria\u00e7\u00e3o do Programa de Negocia\u00e7\u00e3o Coletiva Permanente (PRONEC), no&nbsp;\u00e2mbito da administra\u00e7\u00e3o direta, aut\u00e1rquica e fundacional do Poder Executivo Estadual, regido com base no disposto desta Lei, tendo por finalidade promover a democratiza\u00e7\u00e3o das rela\u00e7\u00f5es de trabalho e a valoriza\u00e7\u00e3o dos servidores p\u00fablicos, por meio da negocia\u00e7\u00e3o coletiva permanente entre o Governo do Maranh\u00e3o, representado pela Secretaria de Estado da Gest\u00e3o, Patrim\u00f4nio e assist\u00eancia dos Servidores (Segep) e o funcionalismo.<\/p>\n\n\n\n<p>O deputado lembrou que o&nbsp;governo federal publicou nesta sexta-feira (28), em edi\u00e7\u00e3o extra do Di\u00e1rio Oficial da Uni\u00e3o, a Medida Provis\u00f3ria 1.170, que trata do reajuste de 9% aos servidores e empregados p\u00fablicos do Poder Executivo federal.<\/p>\n\n\n\n<p>\u201cOs servidores do Estado se encontram h\u00e1 oito anos sofrendo com perdas salariais e essa luta aqui n\u00e3o \u00e9 por aumento, mas, sim, pela reposi\u00e7\u00e3o anual de sal\u00e1rios\u201d, disse o deputado.<\/p>\n\n\n\n<p>&nbsp;Expectativas<\/p>\n\n\n\n<p>O presidente do Sindicato dos Trabalhadores no Servi\u00e7o P\u00fablico do Estado do Maranh\u00e3o (Sintsep-MA) e do F\u00f3rum de Defesa das Carreiras do Poder Executivo, Cleinaldo Lopes, afirmou que a audi\u00eancia p\u00fablica de iniciativa do deputado Wellington do Curso busca, na realidade, abrir um canal de di\u00e1logo entre o funcionalismo e o Governo Estadual, como forma de se estabelecer normas &nbsp;que evitem as significativas perdas salariais que est\u00e3o acontecendo h\u00e1 pelo menos oito anos.<\/p>\n\n\n\n<p>\u201cO Projeto do deputado foi resultado de uma s\u00e9rie de encontros com a classe sindical que comp\u00f5e o F\u00f3rum. Temos esperan\u00e7as de que seja aprovado e venha a atender as nossas expectativas\u201d, afirmou o sindicalista.<\/p>\n\n\n\n<p>Na mesma linha de racioc\u00ednio, se posicionaram os demais sindicalistas presentes, a exemplo de Francion Ferreira, do Sindicato dos Servidores do Detran (Sindetran); Diego Amaral, do Sindicato dos Servidores da Fiscaliza\u00e7\u00e3o Agropecu\u00e1ria (Sinfa\/MA); Francenilson Campos, diretor executivo do Sindicato dos Servidores da Universidade Estadual do Maranh\u00e3o (Sintuema); Mois\u00e9s do Carmo,&nbsp; presidente da Associa\u00e7\u00e3o dos Servidores da Uema (Assuema); Manoel Rabelo, do Sindicato dos Servidores da Funac (SindFinac); Valderez Ribeiro, do Sindicato dos Motoristas do Estado (Sindmot); e Francisco Oliveira, do Sindicato dos Examinadores&nbsp; de Tr\u00e2nsito do Estado do Maranh\u00e3o (Sindextrama).<\/p>\n","protected":false},"excerpt":{"rendered":"<p>Com a participa\u00e7\u00e3o de representantes sindicais dos mais variados setores do servi\u00e7o p\u00fablico do Maranh\u00e3o, foi realizada, na tarde desta [&hellip;]<\/p>\n","protected":false},"author":0,"featured_media":0,"comment_status":"open","ping_status":"open","sticky":false,"template":"","format":"standard","meta":{"site-sidebar-layout":"default","site-content-layout":"","ast-site-content-layout":"default","site-content-style":"default","site-sidebar-style":"default","ast-global-header-display":"","ast-banner-title-visibility":"","ast-main-header-display":"","ast-hfb-above-header-display":"","ast-hfb-below-header-display":"","ast-hfb-mobile-header-display":"","site-post-title":"","ast-breadcrumbs-content":"","ast-featured-img":"","footer-sml-layout":"","ast-disable-related-posts":"","theme-transparent-header-meta":"","adv-header-id-meta":"","stick-header-meta":"","header-above-stick-meta":"","header-main-stick-meta":"","header-below-stick-meta":"","astra-migrate-meta-layouts":"default","ast-page-background-enabled":"default","ast-page-background-meta":{"desktop":{"background-color":"var(--ast-global-color-5)","background-image":"","background-repeat":"repeat","background-position":"center center","background-size":"auto","background-attachment":"scroll","background-type":"","background-media":"","overlay-type":"","overlay-color":"","overlay-opacity":"","overlay-gradient":""},"tablet":{"background-color":"","background-image":"","background-repeat":"repeat","background-position":"center center","background-size":"auto","background-attachment":"scroll","background-type":"","background-media":"","overlay-type":"","overlay-color":"","overlay-opacity":"","overlay-gradient":""},"mobile":{"background-color":"","background-image":"","background-repeat":"repeat","background-position":"center center","background-size":"auto","background-attachment":"scroll","background-type":"","background-media":"","overlay-type":"","overlay-color":"","overlay-opacity":"","overlay-gradient":""}},"ast-content-background-meta":{"desktop":{"background-color":"var(--ast-global-color-4)","background-image":"","background-repeat":"repeat","background-position":"center center","background-size":"auto","background-attachment":"scroll","background-type":"","background-media":"","overlay-type":"","overlay-color":"","overlay-opacity":"","overlay-gradient":""},"tablet":{"background-color":"var(--ast-global-color-4)","background-image":"","background-repeat":"repeat","background-position":"center center","background-size":"auto","background-attachment":"scroll","background-type":"","background-media":"","overlay-type":"","overlay-color":"","overlay-opacity":"","overlay-gradient":""},"mobile":{"background-color":"var(--ast-global-color-4)","background-image":"","background-repeat":"repeat","background-position":"center center","background-size":"auto","background-attachment":"scroll","background-type":"","background-media":"","overlay-type":"","overlay-color":"","overlay-opacity":"","overlay-gradient":""}},"footnotes":""},"categories":[1],"tags":[],"class_list":["post-108973","post","type-post","status-publish","format-standard","hentry","category-sem-categoria"],"yoast_head":"<!-- This site is optimized with the Yoast SEO plugin v26.6 - https:\/\/yoast.com\/wordpress\/plugins\/seo\/ -->\n<title>Audi\u00eancia debate PL de Wellington sobre data base unificada para reposi\u00e7\u00e3o salarial do funcionalismo - Daniel Matos<\/title>\n<meta name=\"robots\" content=\"index, follow, max-snippet:-1, max-image-preview:large, max-video-preview:-1\" \/>\n<link rel=\"canonical\" href=\"https:\/\/www.blogsoestado.com\/danielmatos\/audiencia-debate-pl-de-wellington-sobre-data-base-unificada-para-reposicao-salarial-do-funcionalismo\/\" \/>\n<meta property=\"og:locale\" content=\"pt_BR\" \/>\n<meta property=\"og:type\" content=\"article\" \/>\n<meta property=\"og:title\" content=\"Audi\u00eancia debate PL de Wellington sobre data base unificada para reposi\u00e7\u00e3o salarial do funcionalismo - Daniel Matos\" \/>\n<meta property=\"og:description\" content=\"Com a participa\u00e7\u00e3o de representantes sindicais dos mais variados setores do servi\u00e7o p\u00fablico do Maranh\u00e3o, foi realizada, na tarde desta [&hellip;]\" \/>\n<meta property=\"og:url\" content=\"https:\/\/www.blogsoestado.com\/danielmatos\/audiencia-debate-pl-de-wellington-sobre-data-base-unificada-para-reposicao-salarial-do-funcionalismo\/\" \/>\n<meta property=\"og:site_name\" content=\"Daniel Matos\" \/>\n<meta property=\"article:published_time\" content=\"2023-04-29T18:25:59+00:00\" \/>\n<meta property=\"og:image\" content=\"https:\/\/www.blogsoestado.com\/danielmatos\/files\/2023\/04\/Screenshot_20230429-1526572.png\" \/>\n<meta name=\"twitter:card\" content=\"summary_large_image\" \/>\n<meta name=\"twitter:label1\" content=\"Est. tempo de leitura\" \/>\n\t<meta name=\"twitter:data1\" content=\"3 minutos\" \/>\n<script type=\"application\/ld+json\" class=\"yoast-schema-graph\">{\"@context\":\"https:\/\/schema.org\",\"@graph\":[{\"@type\":\"WebPage\",\"@id\":\"https:\/\/www.blogsoestado.com\/danielmatos\/audiencia-debate-pl-de-wellington-sobre-data-base-unificada-para-reposicao-salarial-do-funcionalismo\/\",\"url\":\"https:\/\/www.blogsoestado.com\/danielmatos\/audiencia-debate-pl-de-wellington-sobre-data-base-unificada-para-reposicao-salarial-do-funcionalismo\/\",\"name\":\"Audi\u00eancia debate PL de Wellington sobre data base unificada para reposi\u00e7\u00e3o salarial do funcionalismo - Daniel Matos\",\"isPartOf\":{\"@id\":\"https:\/\/www.blogsoestado.com\/danielmatos\/#website\"},\"primaryImageOfPage\":{\"@id\":\"https:\/\/www.blogsoestado.com\/danielmatos\/audiencia-debate-pl-de-wellington-sobre-data-base-unificada-para-reposicao-salarial-do-funcionalismo\/#primaryimage\"},\"image\":{\"@id\":\"https:\/\/www.blogsoestado.com\/danielmatos\/audiencia-debate-pl-de-wellington-sobre-data-base-unificada-para-reposicao-salarial-do-funcionalismo\/#primaryimage\"},\"thumbnailUrl\":\"https:\/\/www.blogsoestado.com\/danielmatos\/files\/2023\/04\/Screenshot_20230429-1526572.png\",\"datePublished\":\"2023-04-29T18:25:59+00:00\",\"author\":{\"@id\":\"\"},\"breadcrumb\":{\"@id\":\"https:\/\/www.blogsoestado.com\/danielmatos\/audiencia-debate-pl-de-wellington-sobre-data-base-unificada-para-reposicao-salarial-do-funcionalismo\/#breadcrumb\"},\"inLanguage\":\"pt-BR\",\"potentialAction\":[{\"@type\":\"ReadAction\",\"target\":[\"https:\/\/www.blogsoestado.com\/danielmatos\/audiencia-debate-pl-de-wellington-sobre-data-base-unificada-para-reposicao-salarial-do-funcionalismo\/\"]}]},{\"@type\":\"ImageObject\",\"inLanguage\":\"pt-BR\",\"@id\":\"https:\/\/www.blogsoestado.com\/danielmatos\/audiencia-debate-pl-de-wellington-sobre-data-base-unificada-para-reposicao-salarial-do-funcionalismo\/#primaryimage\",\"url\":\"https:\/\/www.blogsoestado.com\/danielmatos\/files\/2023\/04\/Screenshot_20230429-1526572.png\",\"contentUrl\":\"https:\/\/www.blogsoestado.com\/danielmatos\/files\/2023\/04\/Screenshot_20230429-1526572.png\"},{\"@type\":\"BreadcrumbList\",\"@id\":\"https:\/\/www.blogsoestado.com\/danielmatos\/audiencia-debate-pl-de-wellington-sobre-data-base-unificada-para-reposicao-salarial-do-funcionalismo\/#breadcrumb\",\"itemListElement\":[{\"@type\":\"ListItem\",\"position\":1,\"name\":\"In\u00edcio\",\"item\":\"https:\/\/www.blogsoestado.com\/danielmatos\/\"},{\"@type\":\"ListItem\",\"position\":2,\"name\":\"Audi\u00eancia debate PL de Wellington sobre data base unificada para reposi\u00e7\u00e3o salarial do funcionalismo\"}]},{\"@type\":\"WebSite\",\"@id\":\"https:\/\/www.blogsoestado.com\/danielmatos\/#website\",\"url\":\"https:\/\/www.blogsoestado.com\/danielmatos\/\",\"name\":\"Daniel Matos\",\"description\":\"\",\"potentialAction\":[{\"@type\":\"SearchAction\",\"target\":{\"@type\":\"EntryPoint\",\"urlTemplate\":\"https:\/\/www.blogsoestado.com\/danielmatos\/?s={search_term_string}\"},\"query-input\":{\"@type\":\"PropertyValueSpecification\",\"valueRequired\":true,\"valueName\":\"search_term_string\"}}],\"inLanguage\":\"pt-BR\"}]}<\/script>\n<!-- \/ Yoast SEO plugin. -->","yoast_head_json":{"title":"Audi\u00eancia debate PL de Wellington sobre data base unificada para reposi\u00e7\u00e3o salarial do funcionalismo - Daniel Matos","robots":{"index":"index","follow":"follow","max-snippet":"max-snippet:-1","max-image-preview":"max-image-preview:large","max-video-preview":"max-video-preview:-1"},"canonical":"https:\/\/www.blogsoestado.com\/danielmatos\/audiencia-debate-pl-de-wellington-sobre-data-base-unificada-para-reposicao-salarial-do-funcionalismo\/","og_locale":"pt_BR","og_type":"article","og_title":"Audi\u00eancia debate PL de Wellington sobre data base unificada para reposi\u00e7\u00e3o salarial do funcionalismo - Daniel Matos","og_description":"Com a participa\u00e7\u00e3o de representantes sindicais dos mais variados setores do servi\u00e7o p\u00fablico do Maranh\u00e3o, foi realizada, na tarde desta [&hellip;]","og_url":"https:\/\/www.blogsoestado.com\/danielmatos\/audiencia-debate-pl-de-wellington-sobre-data-base-unificada-para-reposicao-salarial-do-funcionalismo\/","og_site_name":"Daniel Matos","article_published_time":"2023-04-29T18:25:59+00:00","og_image":[{"url":"https:\/\/www.blogsoestado.com\/danielmatos\/files\/2023\/04\/Screenshot_20230429-1526572.png","type":"","width":"","height":""}],"twitter_card":"summary_large_image","twitter_misc":{"Est. tempo de leitura":"3 minutos"},"schema":{"@context":"https:\/\/schema.org","@graph":[{"@type":"WebPage","@id":"https:\/\/www.blogsoestado.com\/danielmatos\/audiencia-debate-pl-de-wellington-sobre-data-base-unificada-para-reposicao-salarial-do-funcionalismo\/","url":"https:\/\/www.blogsoestado.com\/danielmatos\/audiencia-debate-pl-de-wellington-sobre-data-base-unificada-para-reposicao-salarial-do-funcionalismo\/","name":"Audi\u00eancia debate PL de Wellington sobre data base unificada para reposi\u00e7\u00e3o salarial do funcionalismo - Daniel Matos","isPartOf":{"@id":"https:\/\/www.blogsoestado.com\/danielmatos\/#website"},"primaryImageOfPage":{"@id":"https:\/\/www.blogsoestado.com\/danielmatos\/audiencia-debate-pl-de-wellington-sobre-data-base-unificada-para-reposicao-salarial-do-funcionalismo\/#primaryimage"},"image":{"@id":"https:\/\/www.blogsoestado.com\/danielmatos\/audiencia-debate-pl-de-wellington-sobre-data-base-unificada-para-reposicao-salarial-do-funcionalismo\/#primaryimage"},"thumbnailUrl":"https:\/\/www.blogsoestado.com\/danielmatos\/files\/2023\/04\/Screenshot_20230429-1526572.png","datePublished":"2023-04-29T18:25:59+00:00","author":{"@id":""},"breadcrumb":{"@id":"https:\/\/www.blogsoestado.com\/danielmatos\/audiencia-debate-pl-de-wellington-sobre-data-base-unificada-para-reposicao-salarial-do-funcionalismo\/#breadcrumb"},"inLanguage":"pt-BR","potentialAction":[{"@type":"ReadAction","target":["https:\/\/www.blogsoestado.com\/danielmatos\/audiencia-debate-pl-de-wellington-sobre-data-base-unificada-para-reposicao-salarial-do-funcionalismo\/"]}]},{"@type":"ImageObject","inLanguage":"pt-BR","@id":"https:\/\/www.blogsoestado.com\/danielmatos\/audiencia-debate-pl-de-wellington-sobre-data-base-unificada-para-reposicao-salarial-do-funcionalismo\/#primaryimage","url":"https:\/\/www.blogsoestado.com\/danielmatos\/files\/2023\/04\/Screenshot_20230429-1526572.png","contentUrl":"https:\/\/www.blogsoestado.com\/danielmatos\/files\/2023\/04\/Screenshot_20230429-1526572.png"},{"@type":"BreadcrumbList","@id":"https:\/\/www.blogsoestado.com\/danielmatos\/audiencia-debate-pl-de-wellington-sobre-data-base-unificada-para-reposicao-salarial-do-funcionalismo\/#breadcrumb","itemListElement":[{"@type":"ListItem","position":1,"name":"In\u00edcio","item":"https:\/\/www.blogsoestado.com\/danielmatos\/"},{"@type":"ListItem","position":2,"name":"Audi\u00eancia debate PL de Wellington sobre data base unificada para reposi\u00e7\u00e3o salarial do funcionalismo"}]},{"@type":"WebSite","@id":"https:\/\/www.blogsoestado.com\/danielmatos\/#website","url":"https:\/\/www.blogsoestado.com\/danielmatos\/","name":"Daniel Matos","description":"","potentialAction":[{"@type":"SearchAction","target":{"@type":"EntryPoint","urlTemplate":"https:\/\/www.blogsoestado.com\/danielmatos\/?s={search_term_string}"},"query-input":{"@type":"PropertyValueSpecification","valueRequired":true,"valueName":"search_term_string"}}],"inLanguage":"pt-BR"}]}},"jetpack_featured_media_url":"","_links":{"self":[{"href":"https:\/\/www.blogsoestado.com\/danielmatos\/wp-json\/wp\/v2\/posts\/108973","targetHints":{"allow":["GET"]}}],"collection":[{"href":"https:\/\/www.blogsoestado.com\/danielmatos\/wp-json\/wp\/v2\/posts"}],"about":[{"href":"https:\/\/www.blogsoestado.com\/danielmatos\/wp-json\/wp\/v2\/types\/post"}],"replies":[{"embeddable":true,"href":"https:\/\/www.blogsoestado.com\/danielmatos\/wp-json\/wp\/v2\/comments?post=108973"}],"version-history":[{"count":0,"href":"https:\/\/www.blogsoestado.com\/danielmatos\/wp-json\/wp\/v2\/posts\/108973\/revisions"}],"wp:attachment":[{"href":"https:\/\/www.blogsoestado.com\/danielmatos\/wp-json\/wp\/v2\/media?parent=108973"}],"wp:term":[{"taxonomy":"category","embeddable":true,"href":"https:\/\/www.blogsoestado.com\/danielmatos\/wp-json\/wp\/v2\/categories?post=108973"},{"taxonomy":"post_tag","embeddable":true,"href":"https:\/\/www.blogsoestado.com\/danielmatos\/wp-json\/wp\/v2\/tags?post=108973"}],"curies":[{"name":"wp","href":"https:\/\/api.w.org\/{rel}","templated":true}]}}