{"id":108985,"date":"2023-04-29T18:45:21","date_gmt":"2023-04-29T21:45:21","guid":{"rendered":"https:\/\/www.blogsoestado.com\/danielmatos\/?p=108985"},"modified":"2023-04-29T18:45:21","modified_gmt":"2023-04-29T21:45:21","slug":"prefeito-de-carolina-vira-reu-por-aborto-ilegal-em-ex-amante","status":"publish","type":"post","link":"https:\/\/www.blogsoestado.com\/danielmatos\/prefeito-de-carolina-vira-reu-por-aborto-ilegal-em-ex-amante\/","title":{"rendered":"Prefeito de Carolina vira r\u00e9u por aborto ilegal em ex-amante, praticado em quarto de motel"},"content":{"rendered":"\n<p><strong><span class=\"has-inline-color has-vivid-red-color\">Vereador do munic\u00edpio, que na \u00e9poca do crime era motorista do gestor, tamb\u00e9m ser\u00e1 julgado <\/span><\/strong><\/p>\n\n\n\n<div class=\"wp-block-image\"><figure class=\"aligncenter size-large\"><a href=\"https:\/\/www.blogsoestado.com\/danielmatos\/files\/2023\/04\/Screenshot_20230429-1845572.png\"><img decoding=\"async\" src=\"https:\/\/www.blogsoestado.com\/danielmatos\/files\/2023\/04\/Screenshot_20230429-1845572.png\" alt=\"\" class=\"wp-image-108987\"\/><\/a><figcaption>O prefeito Erivelton Teixeira e o seu motorista na \u00e9poca, o vereador Lindomar da Silva Nascimento, ser\u00e3o julgados pela pr\u00e1tica de aborto ilegal<\/figcaption><\/figure><\/div>\n\n\n\n<p>O Minist\u00e9rio P\u00fablico do Maranh\u00e3o contribuiu nas investiga\u00e7\u00f5es que resultaram na den\u00fancia oferecida, no \u00faltimo dia 20, pelo Promotor de Justi\u00e7a Elizon de Sousa Medrado, do Minist\u00e9rio P\u00fablico do Tocantins, contra o prefeito de Carolina, Erivelton Teixeira, pela pr\u00e1tica de aborto sem consentimento da gestante. O crime ocorreu em Augustin\u00f3polis (TO), no dia 2 de mar\u00e7o de 2017. Tamb\u00e9m foi denunciado o vereador Lindomar da Silva Nascimento, que, na \u00e9poca, era motorista de Erivelton Teixeira.<\/p>\n\n\n\n<p>Ap\u00f3s entendimento do MPMA de que o denunciado n\u00e3o utilizou do cargo p\u00fablico para a pr\u00e1tica do crime, houve o compartilhamento das investiga\u00e7\u00f5es do MP maranhense com o MPTO. O Parecer de encaminhamento foi assinado pelo Promotor de Justi\u00e7a Carlos Henrique Brasil Teles de Menezes, da Assessoria de Investiga\u00e7\u00e3o da Procuradora Geral de Justi\u00e7a, e acolhido pelo Subprocurador-geral de Justi\u00e7a para Assuntos Administrativos, Danilo Jos\u00e9 de Castro Ferreira, em fevereiro deste ano.<\/p>\n\n\n\n<p>\u201c<em>O crime ocorreu em Augustin\u00f3polis, no Tocantins, e as autoridades policiais come\u00e7aram as investiga\u00e7\u00f5es por l\u00e1. Mas, em determinado momento, por ele ocupar o cargo de prefeito de uma cidade localizada no Maranh\u00e3o, foram encaminhadas c\u00f3pias das informa\u00e7\u00f5es para que fosse feita uma investiga\u00e7\u00e3o pelo Minist\u00e9rio P\u00fablico do Maranh\u00e3o, em virtude do investigado ter passado a ocupar cargo de Prefeito Municipal, que lhe conferia foro por prerrogativa de fun\u00e7\u00e3o<\/em>\u201d, explicou o Promotor de Justi\u00e7a Carlos Henrique Brasil.<\/p>\n\n\n\n<p>Dessa forma, segundo o integrante da Assessoria de Investiga\u00e7\u00e3o, o MPMA passou a investigar se havia alguma rela\u00e7\u00e3o da pr\u00e1tica criminosa com o cargo p\u00fablico que o autor do crime ocupava. \u201c<em>Passamos a investigar se ele tinha utilizado algum recurso do Munic\u00edpio de Carolina para a pr\u00e1tica do crime a fim de que a den\u00fancia fosse apresentada pelo Minist\u00e9rio P\u00fablico do Maranh\u00e3o junto ao Tribunal de Justi\u00e7a do Maranh\u00e3o, mas conclu\u00edmos que n\u00e3o<\/em>\u201d.<\/p>\n\n\n\n<p>O Promotor Assessor do Procurador-Geral de Justi\u00e7a ressaltou tamb\u00e9m&nbsp;<em>o&nbsp;<\/em>trabalho de parceria ocorrido entre o MPMA, o MPTO e a Pol\u00edcia Civil do Tocantins, que tornou poss\u00edvel a a\u00e7\u00e3o penal contra o denunciado.<\/p>\n\n\n\n<p><strong>ENTENDA O CASO<\/strong><\/p>\n\n\n\n<p>De acordo com as investiga\u00e7\u00f5es, no dia 2 de mar\u00e7o de 2017, Erivelton Teixeira Neves, que \u00e9 m\u00e9dico de forma\u00e7\u00e3o, levou a v\u00edtima, com quem manteve um relacionamento amoroso por tr\u00eas anos, para um motel localizado em Augustin\u00f3polis. No local, ap\u00f3s constatar que a v\u00edtima estava gr\u00e1vida, ele iniciou um procedimento com medica\u00e7\u00e3o intravenosa para que a mulher perdesse a consci\u00eancia e realizou uma curetagem sem o consentimento da v\u00edtima.<\/p>\n\n\n\n<p>Ap\u00f3s o procedimento, Erivelton Teixeira Neves teve o aux\u00edlio do seu ent\u00e3o motorista Lindomar Nascimento para deixar a v\u00edtima em casa.<\/p>\n","protected":false},"excerpt":{"rendered":"<p>Vereador do munic\u00edpio, que na \u00e9poca do crime era motorista do gestor, tamb\u00e9m ser\u00e1 julgado O Minist\u00e9rio P\u00fablico do Maranh\u00e3o [&hellip;]<\/p>\n","protected":false},"author":0,"featured_media":0,"comment_status":"open","ping_status":"open","sticky":false,"template":"","format":"standard","meta":{"site-sidebar-layout":"default","site-content-layout":"","ast-site-content-layout":"default","site-content-style":"default","site-sidebar-style":"default","ast-global-header-display":"","ast-banner-title-visibility":"","ast-main-header-display":"","ast-hfb-above-header-display":"","ast-hfb-below-header-display":"","ast-hfb-mobile-header-display":"","site-post-title":"","ast-breadcrumbs-content":"","ast-featured-img":"","footer-sml-layout":"","ast-disable-related-posts":"","theme-transparent-header-meta":"","adv-header-id-meta":"","stick-header-meta":"","header-above-stick-meta":"","header-main-stick-meta":"","header-below-stick-meta":"","astra-migrate-meta-layouts":"default","ast-page-background-enabled":"default","ast-page-background-meta":{"desktop":{"background-color":"var(--ast-global-color-5)","background-image":"","background-repeat":"repeat","background-position":"center center","background-size":"auto","background-attachment":"scroll","background-type":"","background-media":"","overlay-type":"","overlay-color":"","overlay-opacity":"","overlay-gradient":""},"tablet":{"background-color":"","background-image":"","background-repeat":"repeat","background-position":"center center","background-size":"auto","background-attachment":"scroll","background-type":"","background-media":"","overlay-type":"","overlay-color":"","overlay-opacity":"","overlay-gradient":""},"mobile":{"background-color":"","background-image":"","background-repeat":"repeat","background-position":"center center","background-size":"auto","background-attachment":"scroll","background-type":"","background-media":"","overlay-type":"","overlay-color":"","overlay-opacity":"","overlay-gradient":""}},"ast-content-background-meta":{"desktop":{"background-color":"var(--ast-global-color-4)","background-image":"","background-repeat":"repeat","background-position":"center center","background-size":"auto","background-attachment":"scroll","background-type":"","background-media":"","overlay-type":"","overlay-color":"","overlay-opacity":"","overlay-gradient":""},"tablet":{"background-color":"var(--ast-global-color-4)","background-image":"","background-repeat":"repeat","background-position":"center center","background-size":"auto","background-attachment":"scroll","background-type":"","background-media":"","overlay-type":"","overlay-color":"","overlay-opacity":"","overlay-gradient":""},"mobile":{"background-color":"var(--ast-global-color-4)","background-image":"","background-repeat":"repeat","background-position":"center center","background-size":"auto","background-attachment":"scroll","background-type":"","background-media":"","overlay-type":"","overlay-color":"","overlay-opacity":"","overlay-gradient":""}},"footnotes":""},"categories":[1],"tags":[],"class_list":["post-108985","post","type-post","status-publish","format-standard","hentry","category-sem-categoria"],"yoast_head":"<!-- This site is optimized with the Yoast SEO plugin v26.6 - https:\/\/yoast.com\/wordpress\/plugins\/seo\/ -->\n<title>Prefeito de Carolina vira r\u00e9u por aborto ilegal em ex-amante, praticado em quarto de motel - Daniel Matos<\/title>\n<meta name=\"robots\" content=\"index, follow, max-snippet:-1, max-image-preview:large, max-video-preview:-1\" \/>\n<link rel=\"canonical\" href=\"https:\/\/www.blogsoestado.com\/danielmatos\/prefeito-de-carolina-vira-reu-por-aborto-ilegal-em-ex-amante\/\" \/>\n<meta property=\"og:locale\" content=\"pt_BR\" \/>\n<meta property=\"og:type\" content=\"article\" \/>\n<meta property=\"og:title\" content=\"Prefeito de Carolina vira r\u00e9u por aborto ilegal em ex-amante, praticado em quarto de motel - Daniel Matos\" \/>\n<meta property=\"og:description\" content=\"Vereador do munic\u00edpio, que na \u00e9poca do crime era motorista do gestor, tamb\u00e9m ser\u00e1 julgado O Minist\u00e9rio P\u00fablico do Maranh\u00e3o [&hellip;]\" \/>\n<meta property=\"og:url\" content=\"https:\/\/www.blogsoestado.com\/danielmatos\/prefeito-de-carolina-vira-reu-por-aborto-ilegal-em-ex-amante\/\" \/>\n<meta property=\"og:site_name\" content=\"Daniel Matos\" \/>\n<meta property=\"article:published_time\" content=\"2023-04-29T21:45:21+00:00\" \/>\n<meta property=\"og:image\" content=\"https:\/\/www.blogsoestado.com\/danielmatos\/files\/2023\/04\/Screenshot_20230429-1845572.png\" \/>\n<meta name=\"twitter:card\" content=\"summary_large_image\" \/>\n<meta name=\"twitter:label1\" content=\"Est. tempo de leitura\" \/>\n\t<meta name=\"twitter:data1\" content=\"3 minutos\" \/>\n<script type=\"application\/ld+json\" class=\"yoast-schema-graph\">{\"@context\":\"https:\/\/schema.org\",\"@graph\":[{\"@type\":\"WebPage\",\"@id\":\"https:\/\/www.blogsoestado.com\/danielmatos\/prefeito-de-carolina-vira-reu-por-aborto-ilegal-em-ex-amante\/\",\"url\":\"https:\/\/www.blogsoestado.com\/danielmatos\/prefeito-de-carolina-vira-reu-por-aborto-ilegal-em-ex-amante\/\",\"name\":\"Prefeito de Carolina vira r\u00e9u por aborto ilegal em ex-amante, praticado em quarto de motel - Daniel Matos\",\"isPartOf\":{\"@id\":\"https:\/\/www.blogsoestado.com\/danielmatos\/#website\"},\"primaryImageOfPage\":{\"@id\":\"https:\/\/www.blogsoestado.com\/danielmatos\/prefeito-de-carolina-vira-reu-por-aborto-ilegal-em-ex-amante\/#primaryimage\"},\"image\":{\"@id\":\"https:\/\/www.blogsoestado.com\/danielmatos\/prefeito-de-carolina-vira-reu-por-aborto-ilegal-em-ex-amante\/#primaryimage\"},\"thumbnailUrl\":\"https:\/\/www.blogsoestado.com\/danielmatos\/files\/2023\/04\/Screenshot_20230429-1845572.png\",\"datePublished\":\"2023-04-29T21:45:21+00:00\",\"author\":{\"@id\":\"\"},\"breadcrumb\":{\"@id\":\"https:\/\/www.blogsoestado.com\/danielmatos\/prefeito-de-carolina-vira-reu-por-aborto-ilegal-em-ex-amante\/#breadcrumb\"},\"inLanguage\":\"pt-BR\",\"potentialAction\":[{\"@type\":\"ReadAction\",\"target\":[\"https:\/\/www.blogsoestado.com\/danielmatos\/prefeito-de-carolina-vira-reu-por-aborto-ilegal-em-ex-amante\/\"]}]},{\"@type\":\"ImageObject\",\"inLanguage\":\"pt-BR\",\"@id\":\"https:\/\/www.blogsoestado.com\/danielmatos\/prefeito-de-carolina-vira-reu-por-aborto-ilegal-em-ex-amante\/#primaryimage\",\"url\":\"https:\/\/www.blogsoestado.com\/danielmatos\/files\/2023\/04\/Screenshot_20230429-1845572.png\",\"contentUrl\":\"https:\/\/www.blogsoestado.com\/danielmatos\/files\/2023\/04\/Screenshot_20230429-1845572.png\"},{\"@type\":\"BreadcrumbList\",\"@id\":\"https:\/\/www.blogsoestado.com\/danielmatos\/prefeito-de-carolina-vira-reu-por-aborto-ilegal-em-ex-amante\/#breadcrumb\",\"itemListElement\":[{\"@type\":\"ListItem\",\"position\":1,\"name\":\"In\u00edcio\",\"item\":\"https:\/\/www.blogsoestado.com\/danielmatos\/\"},{\"@type\":\"ListItem\",\"position\":2,\"name\":\"Prefeito de Carolina vira r\u00e9u por aborto ilegal em ex-amante, praticado em quarto de motel\"}]},{\"@type\":\"WebSite\",\"@id\":\"https:\/\/www.blogsoestado.com\/danielmatos\/#website\",\"url\":\"https:\/\/www.blogsoestado.com\/danielmatos\/\",\"name\":\"Daniel Matos\",\"description\":\"\",\"potentialAction\":[{\"@type\":\"SearchAction\",\"target\":{\"@type\":\"EntryPoint\",\"urlTemplate\":\"https:\/\/www.blogsoestado.com\/danielmatos\/?s={search_term_string}\"},\"query-input\":{\"@type\":\"PropertyValueSpecification\",\"valueRequired\":true,\"valueName\":\"search_term_string\"}}],\"inLanguage\":\"pt-BR\"}]}<\/script>\n<!-- \/ Yoast SEO plugin. -->","yoast_head_json":{"title":"Prefeito de Carolina vira r\u00e9u por aborto ilegal em ex-amante, praticado em quarto de motel - Daniel Matos","robots":{"index":"index","follow":"follow","max-snippet":"max-snippet:-1","max-image-preview":"max-image-preview:large","max-video-preview":"max-video-preview:-1"},"canonical":"https:\/\/www.blogsoestado.com\/danielmatos\/prefeito-de-carolina-vira-reu-por-aborto-ilegal-em-ex-amante\/","og_locale":"pt_BR","og_type":"article","og_title":"Prefeito de Carolina vira r\u00e9u por aborto ilegal em ex-amante, praticado em quarto de motel - Daniel Matos","og_description":"Vereador do munic\u00edpio, que na \u00e9poca do crime era motorista do gestor, tamb\u00e9m ser\u00e1 julgado O Minist\u00e9rio P\u00fablico do Maranh\u00e3o [&hellip;]","og_url":"https:\/\/www.blogsoestado.com\/danielmatos\/prefeito-de-carolina-vira-reu-por-aborto-ilegal-em-ex-amante\/","og_site_name":"Daniel Matos","article_published_time":"2023-04-29T21:45:21+00:00","og_image":[{"url":"https:\/\/www.blogsoestado.com\/danielmatos\/files\/2023\/04\/Screenshot_20230429-1845572.png","type":"","width":"","height":""}],"twitter_card":"summary_large_image","twitter_misc":{"Est. tempo de leitura":"3 minutos"},"schema":{"@context":"https:\/\/schema.org","@graph":[{"@type":"WebPage","@id":"https:\/\/www.blogsoestado.com\/danielmatos\/prefeito-de-carolina-vira-reu-por-aborto-ilegal-em-ex-amante\/","url":"https:\/\/www.blogsoestado.com\/danielmatos\/prefeito-de-carolina-vira-reu-por-aborto-ilegal-em-ex-amante\/","name":"Prefeito de Carolina vira r\u00e9u por aborto ilegal em ex-amante, praticado em quarto de motel - Daniel Matos","isPartOf":{"@id":"https:\/\/www.blogsoestado.com\/danielmatos\/#website"},"primaryImageOfPage":{"@id":"https:\/\/www.blogsoestado.com\/danielmatos\/prefeito-de-carolina-vira-reu-por-aborto-ilegal-em-ex-amante\/#primaryimage"},"image":{"@id":"https:\/\/www.blogsoestado.com\/danielmatos\/prefeito-de-carolina-vira-reu-por-aborto-ilegal-em-ex-amante\/#primaryimage"},"thumbnailUrl":"https:\/\/www.blogsoestado.com\/danielmatos\/files\/2023\/04\/Screenshot_20230429-1845572.png","datePublished":"2023-04-29T21:45:21+00:00","author":{"@id":""},"breadcrumb":{"@id":"https:\/\/www.blogsoestado.com\/danielmatos\/prefeito-de-carolina-vira-reu-por-aborto-ilegal-em-ex-amante\/#breadcrumb"},"inLanguage":"pt-BR","potentialAction":[{"@type":"ReadAction","target":["https:\/\/www.blogsoestado.com\/danielmatos\/prefeito-de-carolina-vira-reu-por-aborto-ilegal-em-ex-amante\/"]}]},{"@type":"ImageObject","inLanguage":"pt-BR","@id":"https:\/\/www.blogsoestado.com\/danielmatos\/prefeito-de-carolina-vira-reu-por-aborto-ilegal-em-ex-amante\/#primaryimage","url":"https:\/\/www.blogsoestado.com\/danielmatos\/files\/2023\/04\/Screenshot_20230429-1845572.png","contentUrl":"https:\/\/www.blogsoestado.com\/danielmatos\/files\/2023\/04\/Screenshot_20230429-1845572.png"},{"@type":"BreadcrumbList","@id":"https:\/\/www.blogsoestado.com\/danielmatos\/prefeito-de-carolina-vira-reu-por-aborto-ilegal-em-ex-amante\/#breadcrumb","itemListElement":[{"@type":"ListItem","position":1,"name":"In\u00edcio","item":"https:\/\/www.blogsoestado.com\/danielmatos\/"},{"@type":"ListItem","position":2,"name":"Prefeito de Carolina vira r\u00e9u por aborto ilegal em ex-amante, praticado em quarto de motel"}]},{"@type":"WebSite","@id":"https:\/\/www.blogsoestado.com\/danielmatos\/#website","url":"https:\/\/www.blogsoestado.com\/danielmatos\/","name":"Daniel Matos","description":"","potentialAction":[{"@type":"SearchAction","target":{"@type":"EntryPoint","urlTemplate":"https:\/\/www.blogsoestado.com\/danielmatos\/?s={search_term_string}"},"query-input":{"@type":"PropertyValueSpecification","valueRequired":true,"valueName":"search_term_string"}}],"inLanguage":"pt-BR"}]}},"jetpack_featured_media_url":"","_links":{"self":[{"href":"https:\/\/www.blogsoestado.com\/danielmatos\/wp-json\/wp\/v2\/posts\/108985","targetHints":{"allow":["GET"]}}],"collection":[{"href":"https:\/\/www.blogsoestado.com\/danielmatos\/wp-json\/wp\/v2\/posts"}],"about":[{"href":"https:\/\/www.blogsoestado.com\/danielmatos\/wp-json\/wp\/v2\/types\/post"}],"replies":[{"embeddable":true,"href":"https:\/\/www.blogsoestado.com\/danielmatos\/wp-json\/wp\/v2\/comments?post=108985"}],"version-history":[{"count":0,"href":"https:\/\/www.blogsoestado.com\/danielmatos\/wp-json\/wp\/v2\/posts\/108985\/revisions"}],"wp:attachment":[{"href":"https:\/\/www.blogsoestado.com\/danielmatos\/wp-json\/wp\/v2\/media?parent=108985"}],"wp:term":[{"taxonomy":"category","embeddable":true,"href":"https:\/\/www.blogsoestado.com\/danielmatos\/wp-json\/wp\/v2\/categories?post=108985"},{"taxonomy":"post_tag","embeddable":true,"href":"https:\/\/www.blogsoestado.com\/danielmatos\/wp-json\/wp\/v2\/tags?post=108985"}],"curies":[{"name":"wp","href":"https:\/\/api.w.org\/{rel}","templated":true}]}}