{"id":108990,"date":"2023-04-30T06:00:00","date_gmt":"2023-04-30T09:00:00","guid":{"rendered":"https:\/\/www.blogsoestado.com\/danielmatos\/?p=108990"},"modified":"2023-04-30T06:00:00","modified_gmt":"2023-04-30T09:00:00","slug":"maranhao-tem-4a-maior-taxa-de-mortes-de-motociclistas-em-acidentes-do-brasil","status":"publish","type":"post","link":"https:\/\/www.blogsoestado.com\/danielmatos\/maranhao-tem-4a-maior-taxa-de-mortes-de-motociclistas-em-acidentes-do-brasil\/","title":{"rendered":"Maranh\u00e3o tem 4\u00aa maior taxa de mortes de motociclistas em acidentes do Brasil, aponta Minist\u00e9rio da Sa\u00fade"},"content":{"rendered":"\n<div class=\"wp-block-image\"><figure class=\"aligncenter size-large\"><a href=\"https:\/\/www.blogsoestado.com\/danielmatos\/files\/2023\/04\/whatsapp-image-2020-01-21-at-12.55.27-1.jpeg\"><img decoding=\"async\" src=\"https:\/\/www.blogsoestado.com\/danielmatos\/files\/2023\/04\/whatsapp-image-2020-01-21-at-12.55.27-1-892x1024.jpeg\" alt=\"\" class=\"wp-image-108991\"\/><\/a><figcaption>Colis\u00e3o na traseira de carreta, na BR-135, em S\u00e3o Lu\u00eds, provocou morte de condutor de motocicleta <\/figcaption><\/figure><\/div>\n\n\n\n<div class=\"wp-block-image\"><figure class=\"alignleft size-large\"><a href=\"https:\/\/www.blogsoestado.com\/danielmatos\/files\/2015\/06\/exclusivo.jpg\"><img decoding=\"async\" src=\"https:\/\/www.blogsoestado.com\/danielmatos\/files\/2015\/06\/exclusivo.jpg\" alt=\"\" class=\"wp-image-24706\"\/><\/a><\/figure><\/div>\n\n\n\n<p>O Minist\u00e9rio da Sa\u00fade lan\u00e7ou, no \u00faltimo dia 27, um&nbsp;Boletim Epidemiol\u00f3gico&nbsp;sinalizando o cen\u00e1rio brasileiro das les\u00f5es de motociclistas no tr\u00e2nsito entre 2011 e 2021. O levantamento aponta que o Maranh\u00e3o tem a quarta maior taxa de mortalidade de usu\u00e1rios desse tipo de ve\u00edculo. N\u00e3o uso de capacete, dire\u00e7\u00e3o sob o efeito de \u00e1lcool, excesso de velocidade, alta acelera\u00e7\u00e3o, idade\/inexperi\u00eancia dos usu\u00e1rios, erros de frenagem, uso de drogas (que n\u00e3o o \u00e1lcool, ou associadas), mudan\u00e7a de faixa ou condu\u00e7\u00e3o em \u201cziguezague\u201d, competi\u00e7\u00e3o, dire\u00e7\u00e3o agressiva e n\u00e3o se fazer vis\u00edvel s\u00e3o as principais causas dos acidentes fatais envolvendo pessoas que trafegam sobre duas rodas.<\/p>\n\n\n\n<p>O lan\u00e7amento do Boletim Epidemiol\u00f3gico aconteceu durante o webin\u00e1rio \u2018Motociclistas Seguros, Desafio para a Sa\u00fade P\u00fablica\u2019, realizado pelo Departamento de An\u00e1lise Epidemiol\u00f3gica e Vigil\u00e2ncia de Doen\u00e7as n\u00e3o Transmiss\u00edveis da Secretaria de Vigil\u00e2ncia em Sa\u00fade e Ambiente. O encontro online discutiu os desafios sobre a seguran\u00e7a dos motociclistas, al\u00e9m de a\u00e7\u00f5es da vigil\u00e2ncia em sa\u00fade propostas como maneira de promover a troca de experi\u00eancias no enfrentamento das les\u00f5es e mortalidade no tr\u00e2nsito.<\/p>\n\n\n\n<p>De acordo com os dados apurados, a taxa de mortalidade de motociclistas no Maranh\u00e3o no per\u00edodo pesquisado \u00e9 de 11,2 \u00f3bitos para cada 10 mil habitantes, quase o dobro da m\u00e9dia nacional, de 5,7. S\u00f3 tr\u00eas estados apresentam texa de letalidade superior \u00e0 do Maranh\u00e3o: o vinho Piau\u00ed, que lidera a lista, com 17,6 mortes por seis mil habitantes, seguido por Mato Grosso (14,7) e Tocantins (13,8).<\/p>\n\n\n\n<p><strong>Interna\u00e7\u00f5es hospitalares<\/strong><\/p>\n\n\n\n<p>Em rela\u00e7\u00e3o \u00e0s interna\u00e7\u00f5es hospitalares motivadas por acidentes envolvendo motocicletas, a taxa maranhense \u00e9 de 5,1 por 10 mil habitantes do estado. Nesse quesito, o Maranh\u00e3o ocupa a 18\u00aa posi\u00e7\u00e3o no ranking nacional, com m\u00e9dia inferior \u00e0 nacional, de 6,1.<\/p>\n\n\n\n<p>O n\u00famero de mortes de motociclistas em les\u00f5es no tr\u00e2nsito apresentou estabilidade entre 2011 (11.485 \u00f3bitos) e 2021 (11.115 \u00f3bitos), assim como a taxa de mortalidade que, em 2011, foi de 5,8 e em 2021 ficou em 5,7 por 100 mil habitantes. Apesar disso, pode-se observar um aumento da taxa de interna\u00e7\u00f5es no mesmo per\u00edodo, em 55%, considerando apenas a rede do SUS e conveniados. Em 2011, a taxa de interna\u00e7\u00e3o de motociclistas foi de 3,9 e passou para 6,1 por 10 mil habitantes em 2021, com custo de R$ 167 milh\u00f5es, apenas neste ano.<\/p>\n\n\n\n<p>As les\u00f5es de tr\u00e2nsito s\u00e3o um importante problema de sa\u00fade p\u00fablica global, configurando entre as dez principais causas de morte em pa\u00edses de baixa e m\u00e9dia renda e a sexta causa de DALY &#8211; da sigla em ingl\u00eas \u2018Disability Adjusted Life Years\u2019, que significa \u2018anos de vida perdidos ajustados por incapacidade\u2019. De acordo com o boletim publicado, no Brasil, em 2020, estas les\u00f5es foram respons\u00e1veis por mais de 190 mil interna\u00e7\u00f5es nos hospitais do Sistema \u00danico de Sa\u00fade (SUS) e hospitais conveniados. Destas, mais de 61% eram de motociclistas.<\/p>\n\n\n\n<p>Maria del Carmem Bisi Molina, diretora do Departamento de An\u00e1lise Epidemiol\u00f3gica e Vigil\u00e2ncia de Doen\u00e7as n\u00e3o Transmiss\u00edveis, explica que o maior custo desses acidentes s\u00e3o as vidas que se perdem e os impactos que tais incidentes geram na rede de sa\u00fade. Esses acasos tamb\u00e9m geram impactos, segundo ela, na produ\u00e7\u00e3o das pessoas e refletem na quest\u00e3o do empobrecimento das fam\u00edlias. Em caso de morte, os custos recaem sobre a previd\u00eancia social.<\/p>\n\n\n\n<p>\u201cOutro aspecto a ser considerado \u00e9 o uso das motocicletas como meio de transporte para o trabalho ou como equipamento de trabalho, como nos servi\u00e7os de entrega. Assim, diversos acidentes com motociclistas podem ser considerados acidentes de trabalho t\u00edpicos\u201d, acrescenta a diretora.<\/p>\n\n\n\n<p><strong>Reflexos no SUS<\/strong><\/p>\n\n\n\n<p>A morbidade e a mortalidade por les\u00f5es de tr\u00e2nsito, especialmente a de motociclistas, se caracterizam como um problema de m\u00faltiplas determina\u00e7\u00f5es e as interven\u00e7\u00f5es para sua redu\u00e7\u00e3o dependem de diversos atores dos sistemas econ\u00f4micos e p\u00fablicos.<\/p>\n\n\n\n<p><strong>Saiba<\/strong> <strong>mais <a href=\"https:\/\/acrobat.adobe.com\/id\/urn:aaid:sc:VA6C2:5f31824f-2d7e-457b-b8a7-cff0a4414243\">aqui<\/a><\/strong>.<\/p>\n","protected":false},"excerpt":{"rendered":"<p>O Minist\u00e9rio da Sa\u00fade lan\u00e7ou, no \u00faltimo dia 27, um&nbsp;Boletim Epidemiol\u00f3gico&nbsp;sinalizando o cen\u00e1rio brasileiro das les\u00f5es de motociclistas no tr\u00e2nsito [&hellip;]<\/p>\n","protected":false},"author":0,"featured_media":0,"comment_status":"open","ping_status":"open","sticky":false,"template":"","format":"standard","meta":{"site-sidebar-layout":"default","site-content-layout":"","ast-site-content-layout":"default","site-content-style":"default","site-sidebar-style":"default","ast-global-header-display":"","ast-banner-title-visibility":"","ast-main-header-display":"","ast-hfb-above-header-display":"","ast-hfb-below-header-display":"","ast-hfb-mobile-header-display":"","site-post-title":"","ast-breadcrumbs-content":"","ast-featured-img":"","footer-sml-layout":"","ast-disable-related-posts":"","theme-transparent-header-meta":"","adv-header-id-meta":"","stick-header-meta":"","header-above-stick-meta":"","header-main-stick-meta":"","header-below-stick-meta":"","astra-migrate-meta-layouts":"default","ast-page-background-enabled":"default","ast-page-background-meta":{"desktop":{"background-color":"var(--ast-global-color-5)","background-image":"","background-repeat":"repeat","background-position":"center center","background-size":"auto","background-attachment":"scroll","background-type":"","background-media":"","overlay-type":"","overlay-color":"","overlay-opacity":"","overlay-gradient":""},"tablet":{"background-color":"","background-image":"","background-repeat":"repeat","background-position":"center center","background-size":"auto","background-attachment":"scroll","background-type":"","background-media":"","overlay-type":"","overlay-color":"","overlay-opacity":"","overlay-gradient":""},"mobile":{"background-color":"","background-image":"","background-repeat":"repeat","background-position":"center center","background-size":"auto","background-attachment":"scroll","background-type":"","background-media":"","overlay-type":"","overlay-color":"","overlay-opacity":"","overlay-gradient":""}},"ast-content-background-meta":{"desktop":{"background-color":"var(--ast-global-color-4)","background-image":"","background-repeat":"repeat","background-position":"center center","background-size":"auto","background-attachment":"scroll","background-type":"","background-media":"","overlay-type":"","overlay-color":"","overlay-opacity":"","overlay-gradient":""},"tablet":{"background-color":"var(--ast-global-color-4)","background-image":"","background-repeat":"repeat","background-position":"center center","background-size":"auto","background-attachment":"scroll","background-type":"","background-media":"","overlay-type":"","overlay-color":"","overlay-opacity":"","overlay-gradient":""},"mobile":{"background-color":"var(--ast-global-color-4)","background-image":"","background-repeat":"repeat","background-position":"center center","background-size":"auto","background-attachment":"scroll","background-type":"","background-media":"","overlay-type":"","overlay-color":"","overlay-opacity":"","overlay-gradient":""}},"footnotes":""},"categories":[1],"tags":[],"class_list":["post-108990","post","type-post","status-publish","format-standard","hentry","category-sem-categoria"],"yoast_head":"<!-- This site is optimized with the Yoast SEO plugin v26.6 - https:\/\/yoast.com\/wordpress\/plugins\/seo\/ -->\n<title>Maranh\u00e3o tem 4\u00aa maior taxa de mortes de motociclistas em acidentes do Brasil, aponta Minist\u00e9rio da Sa\u00fade - Daniel Matos<\/title>\n<meta name=\"robots\" content=\"index, follow, max-snippet:-1, max-image-preview:large, max-video-preview:-1\" \/>\n<link rel=\"canonical\" href=\"https:\/\/www.blogsoestado.com\/danielmatos\/maranhao-tem-4a-maior-taxa-de-mortes-de-motociclistas-em-acidentes-do-brasil\/\" \/>\n<meta property=\"og:locale\" content=\"pt_BR\" \/>\n<meta property=\"og:type\" content=\"article\" \/>\n<meta property=\"og:title\" content=\"Maranh\u00e3o tem 4\u00aa maior taxa de mortes de motociclistas em acidentes do Brasil, aponta Minist\u00e9rio da Sa\u00fade - Daniel Matos\" \/>\n<meta property=\"og:description\" content=\"O Minist\u00e9rio da Sa\u00fade lan\u00e7ou, no \u00faltimo dia 27, um&nbsp;Boletim Epidemiol\u00f3gico&nbsp;sinalizando o cen\u00e1rio brasileiro das les\u00f5es de motociclistas no tr\u00e2nsito [&hellip;]\" \/>\n<meta property=\"og:url\" content=\"https:\/\/www.blogsoestado.com\/danielmatos\/maranhao-tem-4a-maior-taxa-de-mortes-de-motociclistas-em-acidentes-do-brasil\/\" \/>\n<meta property=\"og:site_name\" content=\"Daniel Matos\" \/>\n<meta property=\"article:published_time\" content=\"2023-04-30T09:00:00+00:00\" \/>\n<meta property=\"og:image\" content=\"https:\/\/www.blogsoestado.com\/danielmatos\/files\/2023\/04\/whatsapp-image-2020-01-21-at-12.55.27-1-892x1024.jpeg\" \/>\n<meta name=\"twitter:card\" content=\"summary_large_image\" \/>\n<meta name=\"twitter:label1\" content=\"Est. tempo de leitura\" \/>\n\t<meta name=\"twitter:data1\" content=\"4 minutos\" \/>\n<script type=\"application\/ld+json\" class=\"yoast-schema-graph\">{\"@context\":\"https:\/\/schema.org\",\"@graph\":[{\"@type\":\"WebPage\",\"@id\":\"https:\/\/www.blogsoestado.com\/danielmatos\/maranhao-tem-4a-maior-taxa-de-mortes-de-motociclistas-em-acidentes-do-brasil\/\",\"url\":\"https:\/\/www.blogsoestado.com\/danielmatos\/maranhao-tem-4a-maior-taxa-de-mortes-de-motociclistas-em-acidentes-do-brasil\/\",\"name\":\"Maranh\u00e3o tem 4\u00aa maior taxa de mortes de motociclistas em acidentes do Brasil, aponta Minist\u00e9rio da Sa\u00fade - Daniel Matos\",\"isPartOf\":{\"@id\":\"https:\/\/www.blogsoestado.com\/danielmatos\/#website\"},\"primaryImageOfPage\":{\"@id\":\"https:\/\/www.blogsoestado.com\/danielmatos\/maranhao-tem-4a-maior-taxa-de-mortes-de-motociclistas-em-acidentes-do-brasil\/#primaryimage\"},\"image\":{\"@id\":\"https:\/\/www.blogsoestado.com\/danielmatos\/maranhao-tem-4a-maior-taxa-de-mortes-de-motociclistas-em-acidentes-do-brasil\/#primaryimage\"},\"thumbnailUrl\":\"https:\/\/www.blogsoestado.com\/danielmatos\/files\/2023\/04\/whatsapp-image-2020-01-21-at-12.55.27-1-892x1024.jpeg\",\"datePublished\":\"2023-04-30T09:00:00+00:00\",\"author\":{\"@id\":\"\"},\"breadcrumb\":{\"@id\":\"https:\/\/www.blogsoestado.com\/danielmatos\/maranhao-tem-4a-maior-taxa-de-mortes-de-motociclistas-em-acidentes-do-brasil\/#breadcrumb\"},\"inLanguage\":\"pt-BR\",\"potentialAction\":[{\"@type\":\"ReadAction\",\"target\":[\"https:\/\/www.blogsoestado.com\/danielmatos\/maranhao-tem-4a-maior-taxa-de-mortes-de-motociclistas-em-acidentes-do-brasil\/\"]}]},{\"@type\":\"ImageObject\",\"inLanguage\":\"pt-BR\",\"@id\":\"https:\/\/www.blogsoestado.com\/danielmatos\/maranhao-tem-4a-maior-taxa-de-mortes-de-motociclistas-em-acidentes-do-brasil\/#primaryimage\",\"url\":\"https:\/\/www.blogsoestado.com\/danielmatos\/files\/2023\/04\/whatsapp-image-2020-01-21-at-12.55.27-1-892x1024.jpeg\",\"contentUrl\":\"https:\/\/www.blogsoestado.com\/danielmatos\/files\/2023\/04\/whatsapp-image-2020-01-21-at-12.55.27-1-892x1024.jpeg\"},{\"@type\":\"BreadcrumbList\",\"@id\":\"https:\/\/www.blogsoestado.com\/danielmatos\/maranhao-tem-4a-maior-taxa-de-mortes-de-motociclistas-em-acidentes-do-brasil\/#breadcrumb\",\"itemListElement\":[{\"@type\":\"ListItem\",\"position\":1,\"name\":\"In\u00edcio\",\"item\":\"https:\/\/www.blogsoestado.com\/danielmatos\/\"},{\"@type\":\"ListItem\",\"position\":2,\"name\":\"Maranh\u00e3o tem 4\u00aa maior taxa de mortes de motociclistas em acidentes do Brasil, aponta Minist\u00e9rio da Sa\u00fade\"}]},{\"@type\":\"WebSite\",\"@id\":\"https:\/\/www.blogsoestado.com\/danielmatos\/#website\",\"url\":\"https:\/\/www.blogsoestado.com\/danielmatos\/\",\"name\":\"Daniel Matos\",\"description\":\"\",\"potentialAction\":[{\"@type\":\"SearchAction\",\"target\":{\"@type\":\"EntryPoint\",\"urlTemplate\":\"https:\/\/www.blogsoestado.com\/danielmatos\/?s={search_term_string}\"},\"query-input\":{\"@type\":\"PropertyValueSpecification\",\"valueRequired\":true,\"valueName\":\"search_term_string\"}}],\"inLanguage\":\"pt-BR\"}]}<\/script>\n<!-- \/ Yoast SEO plugin. -->","yoast_head_json":{"title":"Maranh\u00e3o tem 4\u00aa maior taxa de mortes de motociclistas em acidentes do Brasil, aponta Minist\u00e9rio da Sa\u00fade - Daniel Matos","robots":{"index":"index","follow":"follow","max-snippet":"max-snippet:-1","max-image-preview":"max-image-preview:large","max-video-preview":"max-video-preview:-1"},"canonical":"https:\/\/www.blogsoestado.com\/danielmatos\/maranhao-tem-4a-maior-taxa-de-mortes-de-motociclistas-em-acidentes-do-brasil\/","og_locale":"pt_BR","og_type":"article","og_title":"Maranh\u00e3o tem 4\u00aa maior taxa de mortes de motociclistas em acidentes do Brasil, aponta Minist\u00e9rio da Sa\u00fade - Daniel Matos","og_description":"O Minist\u00e9rio da Sa\u00fade lan\u00e7ou, no \u00faltimo dia 27, um&nbsp;Boletim Epidemiol\u00f3gico&nbsp;sinalizando o cen\u00e1rio brasileiro das les\u00f5es de motociclistas no tr\u00e2nsito [&hellip;]","og_url":"https:\/\/www.blogsoestado.com\/danielmatos\/maranhao-tem-4a-maior-taxa-de-mortes-de-motociclistas-em-acidentes-do-brasil\/","og_site_name":"Daniel Matos","article_published_time":"2023-04-30T09:00:00+00:00","og_image":[{"url":"https:\/\/www.blogsoestado.com\/danielmatos\/files\/2023\/04\/whatsapp-image-2020-01-21-at-12.55.27-1-892x1024.jpeg","type":"","width":"","height":""}],"twitter_card":"summary_large_image","twitter_misc":{"Est. tempo de leitura":"4 minutos"},"schema":{"@context":"https:\/\/schema.org","@graph":[{"@type":"WebPage","@id":"https:\/\/www.blogsoestado.com\/danielmatos\/maranhao-tem-4a-maior-taxa-de-mortes-de-motociclistas-em-acidentes-do-brasil\/","url":"https:\/\/www.blogsoestado.com\/danielmatos\/maranhao-tem-4a-maior-taxa-de-mortes-de-motociclistas-em-acidentes-do-brasil\/","name":"Maranh\u00e3o tem 4\u00aa maior taxa de mortes de motociclistas em acidentes do Brasil, aponta Minist\u00e9rio da Sa\u00fade - Daniel Matos","isPartOf":{"@id":"https:\/\/www.blogsoestado.com\/danielmatos\/#website"},"primaryImageOfPage":{"@id":"https:\/\/www.blogsoestado.com\/danielmatos\/maranhao-tem-4a-maior-taxa-de-mortes-de-motociclistas-em-acidentes-do-brasil\/#primaryimage"},"image":{"@id":"https:\/\/www.blogsoestado.com\/danielmatos\/maranhao-tem-4a-maior-taxa-de-mortes-de-motociclistas-em-acidentes-do-brasil\/#primaryimage"},"thumbnailUrl":"https:\/\/www.blogsoestado.com\/danielmatos\/files\/2023\/04\/whatsapp-image-2020-01-21-at-12.55.27-1-892x1024.jpeg","datePublished":"2023-04-30T09:00:00+00:00","author":{"@id":""},"breadcrumb":{"@id":"https:\/\/www.blogsoestado.com\/danielmatos\/maranhao-tem-4a-maior-taxa-de-mortes-de-motociclistas-em-acidentes-do-brasil\/#breadcrumb"},"inLanguage":"pt-BR","potentialAction":[{"@type":"ReadAction","target":["https:\/\/www.blogsoestado.com\/danielmatos\/maranhao-tem-4a-maior-taxa-de-mortes-de-motociclistas-em-acidentes-do-brasil\/"]}]},{"@type":"ImageObject","inLanguage":"pt-BR","@id":"https:\/\/www.blogsoestado.com\/danielmatos\/maranhao-tem-4a-maior-taxa-de-mortes-de-motociclistas-em-acidentes-do-brasil\/#primaryimage","url":"https:\/\/www.blogsoestado.com\/danielmatos\/files\/2023\/04\/whatsapp-image-2020-01-21-at-12.55.27-1-892x1024.jpeg","contentUrl":"https:\/\/www.blogsoestado.com\/danielmatos\/files\/2023\/04\/whatsapp-image-2020-01-21-at-12.55.27-1-892x1024.jpeg"},{"@type":"BreadcrumbList","@id":"https:\/\/www.blogsoestado.com\/danielmatos\/maranhao-tem-4a-maior-taxa-de-mortes-de-motociclistas-em-acidentes-do-brasil\/#breadcrumb","itemListElement":[{"@type":"ListItem","position":1,"name":"In\u00edcio","item":"https:\/\/www.blogsoestado.com\/danielmatos\/"},{"@type":"ListItem","position":2,"name":"Maranh\u00e3o tem 4\u00aa maior taxa de mortes de motociclistas em acidentes do Brasil, aponta Minist\u00e9rio da Sa\u00fade"}]},{"@type":"WebSite","@id":"https:\/\/www.blogsoestado.com\/danielmatos\/#website","url":"https:\/\/www.blogsoestado.com\/danielmatos\/","name":"Daniel Matos","description":"","potentialAction":[{"@type":"SearchAction","target":{"@type":"EntryPoint","urlTemplate":"https:\/\/www.blogsoestado.com\/danielmatos\/?s={search_term_string}"},"query-input":{"@type":"PropertyValueSpecification","valueRequired":true,"valueName":"search_term_string"}}],"inLanguage":"pt-BR"}]}},"jetpack_featured_media_url":"","_links":{"self":[{"href":"https:\/\/www.blogsoestado.com\/danielmatos\/wp-json\/wp\/v2\/posts\/108990","targetHints":{"allow":["GET"]}}],"collection":[{"href":"https:\/\/www.blogsoestado.com\/danielmatos\/wp-json\/wp\/v2\/posts"}],"about":[{"href":"https:\/\/www.blogsoestado.com\/danielmatos\/wp-json\/wp\/v2\/types\/post"}],"replies":[{"embeddable":true,"href":"https:\/\/www.blogsoestado.com\/danielmatos\/wp-json\/wp\/v2\/comments?post=108990"}],"version-history":[{"count":0,"href":"https:\/\/www.blogsoestado.com\/danielmatos\/wp-json\/wp\/v2\/posts\/108990\/revisions"}],"wp:attachment":[{"href":"https:\/\/www.blogsoestado.com\/danielmatos\/wp-json\/wp\/v2\/media?parent=108990"}],"wp:term":[{"taxonomy":"category","embeddable":true,"href":"https:\/\/www.blogsoestado.com\/danielmatos\/wp-json\/wp\/v2\/categories?post=108990"},{"taxonomy":"post_tag","embeddable":true,"href":"https:\/\/www.blogsoestado.com\/danielmatos\/wp-json\/wp\/v2\/tags?post=108990"}],"curies":[{"name":"wp","href":"https:\/\/api.w.org\/{rel}","templated":true}]}}