{"id":108998,"date":"2023-04-30T00:12:09","date_gmt":"2023-04-30T03:12:09","guid":{"rendered":"https:\/\/www.blogsoestado.com\/danielmatos\/?p=108998"},"modified":"2023-04-30T00:12:09","modified_gmt":"2023-04-30T03:12:09","slug":"iracema-vale-prestigia-aniversario-de-grajau-e-comemora-acoes-realizadas-pelo-governo-do-estado","status":"publish","type":"post","link":"https:\/\/www.blogsoestado.com\/danielmatos\/iracema-vale-prestigia-aniversario-de-grajau-e-comemora-acoes-realizadas-pelo-governo-do-estado\/","title":{"rendered":"Iracema Vale prestigia anivers\u00e1rio de Graja\u00fa e comemora a\u00e7\u00f5es realizadas pelo Governo do Estado"},"content":{"rendered":"\n<p><strong><span class=\"has-inline-color has-vivid-red-color\">Presidente da Assembleia participou de inaugura\u00e7\u00e3o de obras e da assinatura do protocolo de coopera\u00e7\u00e3o t\u00e9cnica para implanta\u00e7\u00e3o da Esta\u00e7\u00e3o Tech<\/span><\/strong><\/p>\n\n\n\n<div class=\"wp-block-image\"><figure class=\"aligncenter size-large\"><a href=\"https:\/\/www.blogsoestado.com\/danielmatos\/files\/2023\/04\/Screenshot_20230430-0013002.png\"><img decoding=\"async\" src=\"https:\/\/www.blogsoestado.com\/danielmatos\/files\/2023\/04\/Screenshot_20230430-0013002.png\" alt=\"\" class=\"wp-image-109002\"\/><\/a><figcaption>A presidente da Assembleia Legislativa, Iracema Vale, participa de inaugura\u00e7\u00e3o ao lado do governador Carlos Brand\u00e3o em comemora\u00e7\u00e3o ao anivers\u00e1rio de 212 anos Graja\u00fa<\/figcaption><\/figure><\/div>\n\n\n\n<p>A presidente da Assembleia Legislativa do Maranh\u00e3o, deputada Iracema Vale (PSB), prestigiou, na manh\u00e3 deste s\u00e1bado (29), a inaugura\u00e7\u00e3o de obras e a assinatura do protocolo de coopera\u00e7\u00e3o t\u00e9cnica para implanta\u00e7\u00e3o da Esta\u00e7\u00e3o Tech no munic\u00edpio de Graja\u00fa. Presidido&nbsp;pelo governador Carlos Brand\u00e3o (PSB), o ato integrou as festividades alusivas ao anivers\u00e1rio de 212 anos da cidade.<\/p>\n\n\n\n<p>Segundo Iracema Vale, os grajauenses merecem comemorar os muitos feitos realizados pela atual gest\u00e3o municipal e pelo Governo do Maranh\u00e3o, os quais resultaram em&nbsp;benef\u00edcios em prol do desenvolvimento local.&nbsp;Ela tamb\u00e9m reiterou a parceria com o munic\u00edpio.<\/p>\n\n\n\n<p>\u201c\u00c9 sempre uma grande alegria vir \u00e0 Graja\u00fa, ainda mais nesse momento especial de celebra\u00e7\u00e3o. Parabenizo a cidade pelos seus&nbsp;212 anos de emancipa\u00e7\u00e3o pol\u00edtica e o governador Carlos Brand\u00e3o pelas obras e servi\u00e7os que&nbsp;garantir\u00e3o melhorias \u00e0 infraestrutura do munic\u00edpio e bem-estar \u00e0 comunidade. O Parlamento Estadual estar\u00e1 sempre \u00e0 disposi\u00e7\u00e3o para &nbsp;prestigiar e trabalhar pelo desenvolvimento desta regi\u00e3o\u201d, afirmou a chefe do Legislativo maranhense.<\/p>\n\n\n\n<p><strong>Pra\u00e7a da Fam\u00edlia<\/strong><\/p>\n\n\n\n<p>Executada pela Secretaria de Estado de Governo (Segov), foi inaugurada uma Pra\u00e7a da Fam\u00edlia com playground, quadra poliesportiva e de areia, academia ao ar livre, quiosques e \u00e1rea de conviv\u00eancia para pessoas de todas as idades. Para a constru\u00e7\u00e3o do equipamento p\u00fablico, localizado no bairro Canoeiro, foram investidos, aproximadamente, R$ 1,1 milh\u00e3o.&nbsp;<\/p>\n\n\n\n<p>No espa\u00e7o, foram realizados servi\u00e7os de pavimenta\u00e7\u00e3o; constru\u00e7\u00e3o de cal\u00e7ada e rampas de acessibilidade; servi\u00e7os de rede el\u00e9trica com posteamento e instala\u00e7\u00f5es hidr\u00e1ulicas; pintura geral; constru\u00e7\u00e3o de bancos, canteiros, meio fio e sarjeta; instala\u00e7\u00e3o de brinquedos, equipamentos de academia, quiosques met\u00e1licos, mesas de dama, paisagismo; entre outros.&nbsp;<\/p>\n\n\n\n<p><strong>Mais a\u00e7\u00f5es<\/strong><\/p>\n\n\n\n<p>Al\u00e9m disso, foram entregues pelo Governo do Estado uma quadra poliesportiva, a sede do Sistema Nacional de Emprego (Sine) e o sistema de abastecimento de \u00e1gua do quilombo Santo Ant\u00f4nio dos Pretos. Foi, ainda, assinado o protocolo de coopera\u00e7\u00e3o t\u00e9cnica para implanta\u00e7\u00e3o da Esta\u00e7\u00e3o Tech com o objetivo de&nbsp;proporcionar inclus\u00e3o tecnol\u00f3gica \u00e0 comunidade.<\/p>\n\n\n\n<p>\u201cEstamos em meio \u00e0 uma rotina intensa de inaugura\u00e7\u00f5es porque n\u00e3o h\u00e1 nada melhor que ver o nosso Maranh\u00e3o crescer. Estamos trabalhando em harmonia&nbsp;e a presen\u00e7a do Poder Legislativo prova isso. Queremos ver os munic\u00edpios se desenvolverem e, por isso, estamos firmando essa parceria com as prefeituras\u201d, salientou o governador Carlos Brand\u00e3o.<\/p>\n\n\n\n<p>Tamb\u00e9m participaram do evento os deputados estaduais Ricardo Arruda (MDB), \u00c9ric Costa (PSD), Ant\u00f4nio Pereira (PSB), Roberto Costa (MDB) e Flor\u00eancio Neto (PSB); o prefeito de Graja\u00fa, Mercial Arruda (MDB); o deputado federal Rubens J\u00fanior (PT); a presidente da C\u00e2mara Municipal, Elany Jorge (PCdoB); secret\u00e1rios de Estado e outras autoridades.<\/p>\n","protected":false},"excerpt":{"rendered":"<p>Presidente da Assembleia participou de inaugura\u00e7\u00e3o de obras e da assinatura do protocolo de coopera\u00e7\u00e3o t\u00e9cnica para implanta\u00e7\u00e3o da Esta\u00e7\u00e3o [&hellip;]<\/p>\n","protected":false},"author":0,"featured_media":0,"comment_status":"open","ping_status":"open","sticky":false,"template":"","format":"standard","meta":{"site-sidebar-layout":"default","site-content-layout":"","ast-site-content-layout":"default","site-content-style":"default","site-sidebar-style":"default","ast-global-header-display":"","ast-banner-title-visibility":"","ast-main-header-display":"","ast-hfb-above-header-display":"","ast-hfb-below-header-display":"","ast-hfb-mobile-header-display":"","site-post-title":"","ast-breadcrumbs-content":"","ast-featured-img":"","footer-sml-layout":"","ast-disable-related-posts":"","theme-transparent-header-meta":"","adv-header-id-meta":"","stick-header-meta":"","header-above-stick-meta":"","header-main-stick-meta":"","header-below-stick-meta":"","astra-migrate-meta-layouts":"default","ast-page-background-enabled":"default","ast-page-background-meta":{"desktop":{"background-color":"var(--ast-global-color-5)","background-image":"","background-repeat":"repeat","background-position":"center center","background-size":"auto","background-attachment":"scroll","background-type":"","background-media":"","overlay-type":"","overlay-color":"","overlay-opacity":"","overlay-gradient":""},"tablet":{"background-color":"","background-image":"","background-repeat":"repeat","background-position":"center center","background-size":"auto","background-attachment":"scroll","background-type":"","background-media":"","overlay-type":"","overlay-color":"","overlay-opacity":"","overlay-gradient":""},"mobile":{"background-color":"","background-image":"","background-repeat":"repeat","background-position":"center center","background-size":"auto","background-attachment":"scroll","background-type":"","background-media":"","overlay-type":"","overlay-color":"","overlay-opacity":"","overlay-gradient":""}},"ast-content-background-meta":{"desktop":{"background-color":"var(--ast-global-color-4)","background-image":"","background-repeat":"repeat","background-position":"center center","background-size":"auto","background-attachment":"scroll","background-type":"","background-media":"","overlay-type":"","overlay-color":"","overlay-opacity":"","overlay-gradient":""},"tablet":{"background-color":"var(--ast-global-color-4)","background-image":"","background-repeat":"repeat","background-position":"center center","background-size":"auto","background-attachment":"scroll","background-type":"","background-media":"","overlay-type":"","overlay-color":"","overlay-opacity":"","overlay-gradient":""},"mobile":{"background-color":"var(--ast-global-color-4)","background-image":"","background-repeat":"repeat","background-position":"center center","background-size":"auto","background-attachment":"scroll","background-type":"","background-media":"","overlay-type":"","overlay-color":"","overlay-opacity":"","overlay-gradient":""}},"footnotes":""},"categories":[1],"tags":[],"class_list":["post-108998","post","type-post","status-publish","format-standard","hentry","category-sem-categoria"],"yoast_head":"<!-- This site is optimized with the Yoast SEO plugin v26.6 - https:\/\/yoast.com\/wordpress\/plugins\/seo\/ -->\n<title>Iracema Vale prestigia anivers\u00e1rio de Graja\u00fa e comemora a\u00e7\u00f5es realizadas pelo Governo do Estado - Daniel Matos<\/title>\n<meta name=\"robots\" content=\"index, follow, max-snippet:-1, max-image-preview:large, max-video-preview:-1\" \/>\n<link rel=\"canonical\" href=\"https:\/\/www.blogsoestado.com\/danielmatos\/iracema-vale-prestigia-aniversario-de-grajau-e-comemora-acoes-realizadas-pelo-governo-do-estado\/\" \/>\n<meta property=\"og:locale\" content=\"pt_BR\" \/>\n<meta property=\"og:type\" content=\"article\" \/>\n<meta property=\"og:title\" content=\"Iracema Vale prestigia anivers\u00e1rio de Graja\u00fa e comemora a\u00e7\u00f5es realizadas pelo Governo do Estado - Daniel Matos\" \/>\n<meta property=\"og:description\" content=\"Presidente da Assembleia participou de inaugura\u00e7\u00e3o de obras e da assinatura do protocolo de coopera\u00e7\u00e3o t\u00e9cnica para implanta\u00e7\u00e3o da Esta\u00e7\u00e3o [&hellip;]\" \/>\n<meta property=\"og:url\" content=\"https:\/\/www.blogsoestado.com\/danielmatos\/iracema-vale-prestigia-aniversario-de-grajau-e-comemora-acoes-realizadas-pelo-governo-do-estado\/\" \/>\n<meta property=\"og:site_name\" content=\"Daniel Matos\" \/>\n<meta property=\"article:published_time\" content=\"2023-04-30T03:12:09+00:00\" \/>\n<meta property=\"og:image\" content=\"https:\/\/www.blogsoestado.com\/danielmatos\/files\/2023\/04\/Screenshot_20230430-0013002.png\" \/>\n<meta name=\"twitter:card\" content=\"summary_large_image\" \/>\n<meta name=\"twitter:label1\" content=\"Est. tempo de leitura\" \/>\n\t<meta name=\"twitter:data1\" content=\"3 minutos\" \/>\n<script type=\"application\/ld+json\" class=\"yoast-schema-graph\">{\"@context\":\"https:\/\/schema.org\",\"@graph\":[{\"@type\":\"WebPage\",\"@id\":\"https:\/\/www.blogsoestado.com\/danielmatos\/iracema-vale-prestigia-aniversario-de-grajau-e-comemora-acoes-realizadas-pelo-governo-do-estado\/\",\"url\":\"https:\/\/www.blogsoestado.com\/danielmatos\/iracema-vale-prestigia-aniversario-de-grajau-e-comemora-acoes-realizadas-pelo-governo-do-estado\/\",\"name\":\"Iracema Vale prestigia anivers\u00e1rio de Graja\u00fa e comemora a\u00e7\u00f5es realizadas pelo Governo do Estado - Daniel Matos\",\"isPartOf\":{\"@id\":\"https:\/\/www.blogsoestado.com\/danielmatos\/#website\"},\"primaryImageOfPage\":{\"@id\":\"https:\/\/www.blogsoestado.com\/danielmatos\/iracema-vale-prestigia-aniversario-de-grajau-e-comemora-acoes-realizadas-pelo-governo-do-estado\/#primaryimage\"},\"image\":{\"@id\":\"https:\/\/www.blogsoestado.com\/danielmatos\/iracema-vale-prestigia-aniversario-de-grajau-e-comemora-acoes-realizadas-pelo-governo-do-estado\/#primaryimage\"},\"thumbnailUrl\":\"https:\/\/www.blogsoestado.com\/danielmatos\/files\/2023\/04\/Screenshot_20230430-0013002.png\",\"datePublished\":\"2023-04-30T03:12:09+00:00\",\"author\":{\"@id\":\"\"},\"breadcrumb\":{\"@id\":\"https:\/\/www.blogsoestado.com\/danielmatos\/iracema-vale-prestigia-aniversario-de-grajau-e-comemora-acoes-realizadas-pelo-governo-do-estado\/#breadcrumb\"},\"inLanguage\":\"pt-BR\",\"potentialAction\":[{\"@type\":\"ReadAction\",\"target\":[\"https:\/\/www.blogsoestado.com\/danielmatos\/iracema-vale-prestigia-aniversario-de-grajau-e-comemora-acoes-realizadas-pelo-governo-do-estado\/\"]}]},{\"@type\":\"ImageObject\",\"inLanguage\":\"pt-BR\",\"@id\":\"https:\/\/www.blogsoestado.com\/danielmatos\/iracema-vale-prestigia-aniversario-de-grajau-e-comemora-acoes-realizadas-pelo-governo-do-estado\/#primaryimage\",\"url\":\"https:\/\/www.blogsoestado.com\/danielmatos\/files\/2023\/04\/Screenshot_20230430-0013002.png\",\"contentUrl\":\"https:\/\/www.blogsoestado.com\/danielmatos\/files\/2023\/04\/Screenshot_20230430-0013002.png\"},{\"@type\":\"BreadcrumbList\",\"@id\":\"https:\/\/www.blogsoestado.com\/danielmatos\/iracema-vale-prestigia-aniversario-de-grajau-e-comemora-acoes-realizadas-pelo-governo-do-estado\/#breadcrumb\",\"itemListElement\":[{\"@type\":\"ListItem\",\"position\":1,\"name\":\"In\u00edcio\",\"item\":\"https:\/\/www.blogsoestado.com\/danielmatos\/\"},{\"@type\":\"ListItem\",\"position\":2,\"name\":\"Iracema Vale prestigia anivers\u00e1rio de Graja\u00fa e comemora a\u00e7\u00f5es realizadas pelo Governo do Estado\"}]},{\"@type\":\"WebSite\",\"@id\":\"https:\/\/www.blogsoestado.com\/danielmatos\/#website\",\"url\":\"https:\/\/www.blogsoestado.com\/danielmatos\/\",\"name\":\"Daniel Matos\",\"description\":\"\",\"potentialAction\":[{\"@type\":\"SearchAction\",\"target\":{\"@type\":\"EntryPoint\",\"urlTemplate\":\"https:\/\/www.blogsoestado.com\/danielmatos\/?s={search_term_string}\"},\"query-input\":{\"@type\":\"PropertyValueSpecification\",\"valueRequired\":true,\"valueName\":\"search_term_string\"}}],\"inLanguage\":\"pt-BR\"}]}<\/script>\n<!-- \/ Yoast SEO plugin. -->","yoast_head_json":{"title":"Iracema Vale prestigia anivers\u00e1rio de Graja\u00fa e comemora a\u00e7\u00f5es realizadas pelo Governo do Estado - Daniel Matos","robots":{"index":"index","follow":"follow","max-snippet":"max-snippet:-1","max-image-preview":"max-image-preview:large","max-video-preview":"max-video-preview:-1"},"canonical":"https:\/\/www.blogsoestado.com\/danielmatos\/iracema-vale-prestigia-aniversario-de-grajau-e-comemora-acoes-realizadas-pelo-governo-do-estado\/","og_locale":"pt_BR","og_type":"article","og_title":"Iracema Vale prestigia anivers\u00e1rio de Graja\u00fa e comemora a\u00e7\u00f5es realizadas pelo Governo do Estado - Daniel Matos","og_description":"Presidente da Assembleia participou de inaugura\u00e7\u00e3o de obras e da assinatura do protocolo de coopera\u00e7\u00e3o t\u00e9cnica para implanta\u00e7\u00e3o da Esta\u00e7\u00e3o [&hellip;]","og_url":"https:\/\/www.blogsoestado.com\/danielmatos\/iracema-vale-prestigia-aniversario-de-grajau-e-comemora-acoes-realizadas-pelo-governo-do-estado\/","og_site_name":"Daniel Matos","article_published_time":"2023-04-30T03:12:09+00:00","og_image":[{"url":"https:\/\/www.blogsoestado.com\/danielmatos\/files\/2023\/04\/Screenshot_20230430-0013002.png","type":"","width":"","height":""}],"twitter_card":"summary_large_image","twitter_misc":{"Est. tempo de leitura":"3 minutos"},"schema":{"@context":"https:\/\/schema.org","@graph":[{"@type":"WebPage","@id":"https:\/\/www.blogsoestado.com\/danielmatos\/iracema-vale-prestigia-aniversario-de-grajau-e-comemora-acoes-realizadas-pelo-governo-do-estado\/","url":"https:\/\/www.blogsoestado.com\/danielmatos\/iracema-vale-prestigia-aniversario-de-grajau-e-comemora-acoes-realizadas-pelo-governo-do-estado\/","name":"Iracema Vale prestigia anivers\u00e1rio de Graja\u00fa e comemora a\u00e7\u00f5es realizadas pelo Governo do Estado - Daniel Matos","isPartOf":{"@id":"https:\/\/www.blogsoestado.com\/danielmatos\/#website"},"primaryImageOfPage":{"@id":"https:\/\/www.blogsoestado.com\/danielmatos\/iracema-vale-prestigia-aniversario-de-grajau-e-comemora-acoes-realizadas-pelo-governo-do-estado\/#primaryimage"},"image":{"@id":"https:\/\/www.blogsoestado.com\/danielmatos\/iracema-vale-prestigia-aniversario-de-grajau-e-comemora-acoes-realizadas-pelo-governo-do-estado\/#primaryimage"},"thumbnailUrl":"https:\/\/www.blogsoestado.com\/danielmatos\/files\/2023\/04\/Screenshot_20230430-0013002.png","datePublished":"2023-04-30T03:12:09+00:00","author":{"@id":""},"breadcrumb":{"@id":"https:\/\/www.blogsoestado.com\/danielmatos\/iracema-vale-prestigia-aniversario-de-grajau-e-comemora-acoes-realizadas-pelo-governo-do-estado\/#breadcrumb"},"inLanguage":"pt-BR","potentialAction":[{"@type":"ReadAction","target":["https:\/\/www.blogsoestado.com\/danielmatos\/iracema-vale-prestigia-aniversario-de-grajau-e-comemora-acoes-realizadas-pelo-governo-do-estado\/"]}]},{"@type":"ImageObject","inLanguage":"pt-BR","@id":"https:\/\/www.blogsoestado.com\/danielmatos\/iracema-vale-prestigia-aniversario-de-grajau-e-comemora-acoes-realizadas-pelo-governo-do-estado\/#primaryimage","url":"https:\/\/www.blogsoestado.com\/danielmatos\/files\/2023\/04\/Screenshot_20230430-0013002.png","contentUrl":"https:\/\/www.blogsoestado.com\/danielmatos\/files\/2023\/04\/Screenshot_20230430-0013002.png"},{"@type":"BreadcrumbList","@id":"https:\/\/www.blogsoestado.com\/danielmatos\/iracema-vale-prestigia-aniversario-de-grajau-e-comemora-acoes-realizadas-pelo-governo-do-estado\/#breadcrumb","itemListElement":[{"@type":"ListItem","position":1,"name":"In\u00edcio","item":"https:\/\/www.blogsoestado.com\/danielmatos\/"},{"@type":"ListItem","position":2,"name":"Iracema Vale prestigia anivers\u00e1rio de Graja\u00fa e comemora a\u00e7\u00f5es realizadas pelo Governo do Estado"}]},{"@type":"WebSite","@id":"https:\/\/www.blogsoestado.com\/danielmatos\/#website","url":"https:\/\/www.blogsoestado.com\/danielmatos\/","name":"Daniel Matos","description":"","potentialAction":[{"@type":"SearchAction","target":{"@type":"EntryPoint","urlTemplate":"https:\/\/www.blogsoestado.com\/danielmatos\/?s={search_term_string}"},"query-input":{"@type":"PropertyValueSpecification","valueRequired":true,"valueName":"search_term_string"}}],"inLanguage":"pt-BR"}]}},"jetpack_featured_media_url":"","_links":{"self":[{"href":"https:\/\/www.blogsoestado.com\/danielmatos\/wp-json\/wp\/v2\/posts\/108998","targetHints":{"allow":["GET"]}}],"collection":[{"href":"https:\/\/www.blogsoestado.com\/danielmatos\/wp-json\/wp\/v2\/posts"}],"about":[{"href":"https:\/\/www.blogsoestado.com\/danielmatos\/wp-json\/wp\/v2\/types\/post"}],"replies":[{"embeddable":true,"href":"https:\/\/www.blogsoestado.com\/danielmatos\/wp-json\/wp\/v2\/comments?post=108998"}],"version-history":[{"count":0,"href":"https:\/\/www.blogsoestado.com\/danielmatos\/wp-json\/wp\/v2\/posts\/108998\/revisions"}],"wp:attachment":[{"href":"https:\/\/www.blogsoestado.com\/danielmatos\/wp-json\/wp\/v2\/media?parent=108998"}],"wp:term":[{"taxonomy":"category","embeddable":true,"href":"https:\/\/www.blogsoestado.com\/danielmatos\/wp-json\/wp\/v2\/categories?post=108998"},{"taxonomy":"post_tag","embeddable":true,"href":"https:\/\/www.blogsoestado.com\/danielmatos\/wp-json\/wp\/v2\/tags?post=108998"}],"curies":[{"name":"wp","href":"https:\/\/api.w.org\/{rel}","templated":true}]}}