{"id":109015,"date":"2023-04-30T15:25:26","date_gmt":"2023-04-30T18:25:26","guid":{"rendered":"https:\/\/www.blogsoestado.com\/danielmatos\/?p=109015"},"modified":"2023-04-30T15:25:26","modified_gmt":"2023-04-30T18:25:26","slug":"boi-da-maioba-fara-ensaio-oficial-nesta-segunda-feira-1o-de-maio-na-festa-do-trabalhador-na-aabem","status":"publish","type":"post","link":"https:\/\/www.blogsoestado.com\/danielmatos\/boi-da-maioba-fara-ensaio-oficial-nesta-segunda-feira-1o-de-maio-na-festa-do-trabalhador-na-aabem\/","title":{"rendered":"Boi da Maioba far\u00e1 ensaio oficial nesta segunda-feira, 1\u00ba de maio, na Festa do Trabalhador, na AABEM"},"content":{"rendered":"\n<div class=\"wp-block-image\"><figure class=\"aligncenter size-large\"><a href=\"https:\/\/www.blogsoestado.com\/danielmatos\/files\/2023\/04\/IMG-20230430-WA0013.jpg\"><img decoding=\"async\" src=\"https:\/\/www.blogsoestado.com\/danielmatos\/files\/2023\/04\/IMG-20230430-WA0013-819x1024.jpg\" alt=\"\" class=\"wp-image-109016\"\/><\/a><\/figure><\/div>\n\n\n\n<p>Mantendo o ritmo das pr\u00e9vias juninas, o Boi da Maioba reunir\u00e1, mais uma vez, o seu batalh\u00e3o para mais um ensaio oficial, nesta segunda-feira, 1\u00ba de maio, Dia do Trabalhador. Sob o comando do presidente Jos\u00e9 Inaldo Ferreira e do cantador Marcos da Maioba, o mais popular grupo de sotaque de matraca do estado, que em 2023 completa 126 anos de tradi\u00e7\u00e3o, ser\u00e1 uma das atra\u00e7\u00f5es da Festa do Trabalhador, na Associa\u00e7\u00e3o dos Amigos do Banco do Estado do Maranh\u00e3o (AABEM), na Foquinha, das 18h \u00e0s 21h.<\/p>\n\n\n\n<p>A expectativa para o ensaio \u00e9 a mesma de sempre: atrair a na\u00e7\u00e3o maiobeira em peso para mais um encontro em que reinar\u00e3o a alegria, a paz e o amor \u00e0 cultura popular maranhense, ao som do repert\u00f3rio j\u00e1 consagrado pelo batalh\u00e3o, com novas e antigas toadas, com a vibra\u00e7\u00e3o das matracas e pandeir\u00f5es e o toque inconfund\u00edvel do tambor-on\u00e7a.<\/p>\n\n\n\n<p>Durante o ensaio show realizado na noite de s\u00e1bado (29) e madrugada deste domingo (30), a equipe de linha de frente do Boi da Maioba refor\u00e7ou o convite para o novo encontro, na AABEM, no Dia do Trabalhador, que promete lotar o espa\u00e7o e transform\u00e1-lo em palco de um verdadeiro espet\u00e1culo.<\/p>\n\n\n\n<p><strong><span class=\"has-inline-color has-vivid-red-color\">Clique <a href=\"https:\/\/youtu.be\/xJNBCofdE6g\">aqui<\/a><\/span><\/strong> <strong><span class=\"has-inline-color has-vivid-red-color\">e assista ao v\u00eddeo.<\/span><\/strong><\/p>\n","protected":false},"excerpt":{"rendered":"<p>Mantendo o ritmo das pr\u00e9vias juninas, o Boi da Maioba reunir\u00e1, mais uma vez, o seu batalh\u00e3o para mais um [&hellip;]<\/p>\n","protected":false},"author":0,"featured_media":0,"comment_status":"open","ping_status":"open","sticky":false,"template":"","format":"standard","meta":{"site-sidebar-layout":"default","site-content-layout":"","ast-site-content-layout":"default","site-content-style":"default","site-sidebar-style":"default","ast-global-header-display":"","ast-banner-title-visibility":"","ast-main-header-display":"","ast-hfb-above-header-display":"","ast-hfb-below-header-display":"","ast-hfb-mobile-header-display":"","site-post-title":"","ast-breadcrumbs-content":"","ast-featured-img":"","footer-sml-layout":"","ast-disable-related-posts":"","theme-transparent-header-meta":"","adv-header-id-meta":"","stick-header-meta":"","header-above-stick-meta":"","header-main-stick-meta":"","header-below-stick-meta":"","astra-migrate-meta-layouts":"default","ast-page-background-enabled":"default","ast-page-background-meta":{"desktop":{"background-color":"var(--ast-global-color-5)","background-image":"","background-repeat":"repeat","background-position":"center center","background-size":"auto","background-attachment":"scroll","background-type":"","background-media":"","overlay-type":"","overlay-color":"","overlay-opacity":"","overlay-gradient":""},"tablet":{"background-color":"","background-image":"","background-repeat":"repeat","background-position":"center center","background-size":"auto","background-attachment":"scroll","background-type":"","background-media":"","overlay-type":"","overlay-color":"","overlay-opacity":"","overlay-gradient":""},"mobile":{"background-color":"","background-image":"","background-repeat":"repeat","background-position":"center center","background-size":"auto","background-attachment":"scroll","background-type":"","background-media":"","overlay-type":"","overlay-color":"","overlay-opacity":"","overlay-gradient":""}},"ast-content-background-meta":{"desktop":{"background-color":"var(--ast-global-color-4)","background-image":"","background-repeat":"repeat","background-position":"center center","background-size":"auto","background-attachment":"scroll","background-type":"","background-media":"","overlay-type":"","overlay-color":"","overlay-opacity":"","overlay-gradient":""},"tablet":{"background-color":"var(--ast-global-color-4)","background-image":"","background-repeat":"repeat","background-position":"center center","background-size":"auto","background-attachment":"scroll","background-type":"","background-media":"","overlay-type":"","overlay-color":"","overlay-opacity":"","overlay-gradient":""},"mobile":{"background-color":"var(--ast-global-color-4)","background-image":"","background-repeat":"repeat","background-position":"center center","background-size":"auto","background-attachment":"scroll","background-type":"","background-media":"","overlay-type":"","overlay-color":"","overlay-opacity":"","overlay-gradient":""}},"footnotes":""},"categories":[1],"tags":[],"class_list":["post-109015","post","type-post","status-publish","format-standard","hentry","category-sem-categoria"],"yoast_head":"<!-- This site is optimized with the Yoast SEO plugin v26.6 - https:\/\/yoast.com\/wordpress\/plugins\/seo\/ -->\n<title>Boi da Maioba far\u00e1 ensaio oficial nesta segunda-feira, 1\u00ba de maio, na Festa do Trabalhador, na AABEM - Daniel Matos<\/title>\n<meta name=\"robots\" content=\"index, follow, max-snippet:-1, max-image-preview:large, max-video-preview:-1\" \/>\n<link rel=\"canonical\" href=\"https:\/\/www.blogsoestado.com\/danielmatos\/boi-da-maioba-fara-ensaio-oficial-nesta-segunda-feira-1o-de-maio-na-festa-do-trabalhador-na-aabem\/\" \/>\n<meta property=\"og:locale\" content=\"pt_BR\" \/>\n<meta property=\"og:type\" content=\"article\" \/>\n<meta property=\"og:title\" content=\"Boi da Maioba far\u00e1 ensaio oficial nesta segunda-feira, 1\u00ba de maio, na Festa do Trabalhador, na AABEM - Daniel Matos\" \/>\n<meta property=\"og:description\" content=\"Mantendo o ritmo das pr\u00e9vias juninas, o Boi da Maioba reunir\u00e1, mais uma vez, o seu batalh\u00e3o para mais um [&hellip;]\" \/>\n<meta property=\"og:url\" content=\"https:\/\/www.blogsoestado.com\/danielmatos\/boi-da-maioba-fara-ensaio-oficial-nesta-segunda-feira-1o-de-maio-na-festa-do-trabalhador-na-aabem\/\" \/>\n<meta property=\"og:site_name\" content=\"Daniel Matos\" \/>\n<meta property=\"article:published_time\" content=\"2023-04-30T18:25:26+00:00\" \/>\n<meta property=\"og:image\" content=\"https:\/\/www.blogsoestado.com\/danielmatos\/files\/2023\/04\/IMG-20230430-WA0013-819x1024.jpg\" \/>\n<meta name=\"twitter:card\" content=\"summary_large_image\" \/>\n<meta name=\"twitter:label1\" content=\"Est. tempo de leitura\" \/>\n\t<meta name=\"twitter:data1\" content=\"2 minutos\" \/>\n<script type=\"application\/ld+json\" class=\"yoast-schema-graph\">{\"@context\":\"https:\/\/schema.org\",\"@graph\":[{\"@type\":\"WebPage\",\"@id\":\"https:\/\/www.blogsoestado.com\/danielmatos\/boi-da-maioba-fara-ensaio-oficial-nesta-segunda-feira-1o-de-maio-na-festa-do-trabalhador-na-aabem\/\",\"url\":\"https:\/\/www.blogsoestado.com\/danielmatos\/boi-da-maioba-fara-ensaio-oficial-nesta-segunda-feira-1o-de-maio-na-festa-do-trabalhador-na-aabem\/\",\"name\":\"Boi da Maioba far\u00e1 ensaio oficial nesta segunda-feira, 1\u00ba de maio, na Festa do Trabalhador, na AABEM - Daniel Matos\",\"isPartOf\":{\"@id\":\"https:\/\/www.blogsoestado.com\/danielmatos\/#website\"},\"primaryImageOfPage\":{\"@id\":\"https:\/\/www.blogsoestado.com\/danielmatos\/boi-da-maioba-fara-ensaio-oficial-nesta-segunda-feira-1o-de-maio-na-festa-do-trabalhador-na-aabem\/#primaryimage\"},\"image\":{\"@id\":\"https:\/\/www.blogsoestado.com\/danielmatos\/boi-da-maioba-fara-ensaio-oficial-nesta-segunda-feira-1o-de-maio-na-festa-do-trabalhador-na-aabem\/#primaryimage\"},\"thumbnailUrl\":\"https:\/\/www.blogsoestado.com\/danielmatos\/files\/2023\/04\/IMG-20230430-WA0013-819x1024.jpg\",\"datePublished\":\"2023-04-30T18:25:26+00:00\",\"author\":{\"@id\":\"\"},\"breadcrumb\":{\"@id\":\"https:\/\/www.blogsoestado.com\/danielmatos\/boi-da-maioba-fara-ensaio-oficial-nesta-segunda-feira-1o-de-maio-na-festa-do-trabalhador-na-aabem\/#breadcrumb\"},\"inLanguage\":\"pt-BR\",\"potentialAction\":[{\"@type\":\"ReadAction\",\"target\":[\"https:\/\/www.blogsoestado.com\/danielmatos\/boi-da-maioba-fara-ensaio-oficial-nesta-segunda-feira-1o-de-maio-na-festa-do-trabalhador-na-aabem\/\"]}]},{\"@type\":\"ImageObject\",\"inLanguage\":\"pt-BR\",\"@id\":\"https:\/\/www.blogsoestado.com\/danielmatos\/boi-da-maioba-fara-ensaio-oficial-nesta-segunda-feira-1o-de-maio-na-festa-do-trabalhador-na-aabem\/#primaryimage\",\"url\":\"https:\/\/www.blogsoestado.com\/danielmatos\/files\/2023\/04\/IMG-20230430-WA0013-819x1024.jpg\",\"contentUrl\":\"https:\/\/www.blogsoestado.com\/danielmatos\/files\/2023\/04\/IMG-20230430-WA0013-819x1024.jpg\"},{\"@type\":\"BreadcrumbList\",\"@id\":\"https:\/\/www.blogsoestado.com\/danielmatos\/boi-da-maioba-fara-ensaio-oficial-nesta-segunda-feira-1o-de-maio-na-festa-do-trabalhador-na-aabem\/#breadcrumb\",\"itemListElement\":[{\"@type\":\"ListItem\",\"position\":1,\"name\":\"In\u00edcio\",\"item\":\"https:\/\/www.blogsoestado.com\/danielmatos\/\"},{\"@type\":\"ListItem\",\"position\":2,\"name\":\"Boi da Maioba far\u00e1 ensaio oficial nesta segunda-feira, 1\u00ba de maio, na Festa do Trabalhador, na AABEM\"}]},{\"@type\":\"WebSite\",\"@id\":\"https:\/\/www.blogsoestado.com\/danielmatos\/#website\",\"url\":\"https:\/\/www.blogsoestado.com\/danielmatos\/\",\"name\":\"Daniel Matos\",\"description\":\"\",\"potentialAction\":[{\"@type\":\"SearchAction\",\"target\":{\"@type\":\"EntryPoint\",\"urlTemplate\":\"https:\/\/www.blogsoestado.com\/danielmatos\/?s={search_term_string}\"},\"query-input\":{\"@type\":\"PropertyValueSpecification\",\"valueRequired\":true,\"valueName\":\"search_term_string\"}}],\"inLanguage\":\"pt-BR\"}]}<\/script>\n<!-- \/ Yoast SEO plugin. -->","yoast_head_json":{"title":"Boi da Maioba far\u00e1 ensaio oficial nesta segunda-feira, 1\u00ba de maio, na Festa do Trabalhador, na AABEM - Daniel Matos","robots":{"index":"index","follow":"follow","max-snippet":"max-snippet:-1","max-image-preview":"max-image-preview:large","max-video-preview":"max-video-preview:-1"},"canonical":"https:\/\/www.blogsoestado.com\/danielmatos\/boi-da-maioba-fara-ensaio-oficial-nesta-segunda-feira-1o-de-maio-na-festa-do-trabalhador-na-aabem\/","og_locale":"pt_BR","og_type":"article","og_title":"Boi da Maioba far\u00e1 ensaio oficial nesta segunda-feira, 1\u00ba de maio, na Festa do Trabalhador, na AABEM - Daniel Matos","og_description":"Mantendo o ritmo das pr\u00e9vias juninas, o Boi da Maioba reunir\u00e1, mais uma vez, o seu batalh\u00e3o para mais um [&hellip;]","og_url":"https:\/\/www.blogsoestado.com\/danielmatos\/boi-da-maioba-fara-ensaio-oficial-nesta-segunda-feira-1o-de-maio-na-festa-do-trabalhador-na-aabem\/","og_site_name":"Daniel Matos","article_published_time":"2023-04-30T18:25:26+00:00","og_image":[{"url":"https:\/\/www.blogsoestado.com\/danielmatos\/files\/2023\/04\/IMG-20230430-WA0013-819x1024.jpg","type":"","width":"","height":""}],"twitter_card":"summary_large_image","twitter_misc":{"Est. tempo de leitura":"2 minutos"},"schema":{"@context":"https:\/\/schema.org","@graph":[{"@type":"WebPage","@id":"https:\/\/www.blogsoestado.com\/danielmatos\/boi-da-maioba-fara-ensaio-oficial-nesta-segunda-feira-1o-de-maio-na-festa-do-trabalhador-na-aabem\/","url":"https:\/\/www.blogsoestado.com\/danielmatos\/boi-da-maioba-fara-ensaio-oficial-nesta-segunda-feira-1o-de-maio-na-festa-do-trabalhador-na-aabem\/","name":"Boi da Maioba far\u00e1 ensaio oficial nesta segunda-feira, 1\u00ba de maio, na Festa do Trabalhador, na AABEM - Daniel Matos","isPartOf":{"@id":"https:\/\/www.blogsoestado.com\/danielmatos\/#website"},"primaryImageOfPage":{"@id":"https:\/\/www.blogsoestado.com\/danielmatos\/boi-da-maioba-fara-ensaio-oficial-nesta-segunda-feira-1o-de-maio-na-festa-do-trabalhador-na-aabem\/#primaryimage"},"image":{"@id":"https:\/\/www.blogsoestado.com\/danielmatos\/boi-da-maioba-fara-ensaio-oficial-nesta-segunda-feira-1o-de-maio-na-festa-do-trabalhador-na-aabem\/#primaryimage"},"thumbnailUrl":"https:\/\/www.blogsoestado.com\/danielmatos\/files\/2023\/04\/IMG-20230430-WA0013-819x1024.jpg","datePublished":"2023-04-30T18:25:26+00:00","author":{"@id":""},"breadcrumb":{"@id":"https:\/\/www.blogsoestado.com\/danielmatos\/boi-da-maioba-fara-ensaio-oficial-nesta-segunda-feira-1o-de-maio-na-festa-do-trabalhador-na-aabem\/#breadcrumb"},"inLanguage":"pt-BR","potentialAction":[{"@type":"ReadAction","target":["https:\/\/www.blogsoestado.com\/danielmatos\/boi-da-maioba-fara-ensaio-oficial-nesta-segunda-feira-1o-de-maio-na-festa-do-trabalhador-na-aabem\/"]}]},{"@type":"ImageObject","inLanguage":"pt-BR","@id":"https:\/\/www.blogsoestado.com\/danielmatos\/boi-da-maioba-fara-ensaio-oficial-nesta-segunda-feira-1o-de-maio-na-festa-do-trabalhador-na-aabem\/#primaryimage","url":"https:\/\/www.blogsoestado.com\/danielmatos\/files\/2023\/04\/IMG-20230430-WA0013-819x1024.jpg","contentUrl":"https:\/\/www.blogsoestado.com\/danielmatos\/files\/2023\/04\/IMG-20230430-WA0013-819x1024.jpg"},{"@type":"BreadcrumbList","@id":"https:\/\/www.blogsoestado.com\/danielmatos\/boi-da-maioba-fara-ensaio-oficial-nesta-segunda-feira-1o-de-maio-na-festa-do-trabalhador-na-aabem\/#breadcrumb","itemListElement":[{"@type":"ListItem","position":1,"name":"In\u00edcio","item":"https:\/\/www.blogsoestado.com\/danielmatos\/"},{"@type":"ListItem","position":2,"name":"Boi da Maioba far\u00e1 ensaio oficial nesta segunda-feira, 1\u00ba de maio, na Festa do Trabalhador, na AABEM"}]},{"@type":"WebSite","@id":"https:\/\/www.blogsoestado.com\/danielmatos\/#website","url":"https:\/\/www.blogsoestado.com\/danielmatos\/","name":"Daniel Matos","description":"","potentialAction":[{"@type":"SearchAction","target":{"@type":"EntryPoint","urlTemplate":"https:\/\/www.blogsoestado.com\/danielmatos\/?s={search_term_string}"},"query-input":{"@type":"PropertyValueSpecification","valueRequired":true,"valueName":"search_term_string"}}],"inLanguage":"pt-BR"}]}},"jetpack_featured_media_url":"","_links":{"self":[{"href":"https:\/\/www.blogsoestado.com\/danielmatos\/wp-json\/wp\/v2\/posts\/109015","targetHints":{"allow":["GET"]}}],"collection":[{"href":"https:\/\/www.blogsoestado.com\/danielmatos\/wp-json\/wp\/v2\/posts"}],"about":[{"href":"https:\/\/www.blogsoestado.com\/danielmatos\/wp-json\/wp\/v2\/types\/post"}],"replies":[{"embeddable":true,"href":"https:\/\/www.blogsoestado.com\/danielmatos\/wp-json\/wp\/v2\/comments?post=109015"}],"version-history":[{"count":0,"href":"https:\/\/www.blogsoestado.com\/danielmatos\/wp-json\/wp\/v2\/posts\/109015\/revisions"}],"wp:attachment":[{"href":"https:\/\/www.blogsoestado.com\/danielmatos\/wp-json\/wp\/v2\/media?parent=109015"}],"wp:term":[{"taxonomy":"category","embeddable":true,"href":"https:\/\/www.blogsoestado.com\/danielmatos\/wp-json\/wp\/v2\/categories?post=109015"},{"taxonomy":"post_tag","embeddable":true,"href":"https:\/\/www.blogsoestado.com\/danielmatos\/wp-json\/wp\/v2\/tags?post=109015"}],"curies":[{"name":"wp","href":"https:\/\/api.w.org\/{rel}","templated":true}]}}