{"id":109018,"date":"2023-04-30T20:13:16","date_gmt":"2023-04-30T23:13:16","guid":{"rendered":"https:\/\/www.blogsoestado.com\/danielmatos\/?p=109018"},"modified":"2023-04-30T20:13:16","modified_gmt":"2023-04-30T23:13:16","slug":"volto-com-uma-missao-avancar-por-sao-luis-diz-paulo-victor-ao-retornar-a-presidencia-da-camara","status":"publish","type":"post","link":"https:\/\/www.blogsoestado.com\/danielmatos\/volto-com-uma-missao-avancar-por-sao-luis-diz-paulo-victor-ao-retornar-a-presidencia-da-camara\/","title":{"rendered":"Volto com uma miss\u00e3o: avan\u00e7ar por S\u00e3o Lu\u00eds\u201d, diz Paulo Victor ao retornar \u00e0 presid\u00eancia da C\u00e2mara\u201d"},"content":{"rendered":"\n<div class=\"wp-block-image\"><figure class=\"aligncenter size-large\"><a href=\"https:\/\/www.blogsoestado.com\/danielmatos\/files\/2023\/04\/Screenshot_20230430-2010082.png\"><img decoding=\"async\" src=\"https:\/\/www.blogsoestado.com\/danielmatos\/files\/2023\/04\/Screenshot_20230430-2010082.png\" alt=\"\" class=\"wp-image-109019\"\/><\/a><figcaption>Paulo Victor retorna em um momento delicado em que passa a capital maranhense, que ficou mais uma vez sem \u00f4nibus por v\u00e1rios dias<\/figcaption><\/figure><\/div>\n\n\n\n<p>O presidente licenciado da C\u00e2mara Municipal de S\u00e3o Lu\u00eds, Paulo Victor retorna ao comando da casa nesta ter\u00e7a-feira (2). O an\u00fancio foi feito pelo vereador que estava ocupando o cargo de secret\u00e1rio cultura no Governo do Estado.<\/p>\n\n\n\n<p>Paulo Victor retorna em um momento delicado em que passa a capital maranhense, que ficou mais uma vez sem \u00f4nibus por v\u00e1rios dias, mesmo diante dos esfor\u00e7os do legislativo municipal em prol do avan\u00e7o e desenvolvimento da cidade.<\/p>\n\n\n\n<p>\u201cVolto para a C\u00e2mara de S\u00e3o Lu\u00eds com uma miss\u00e3o: avan\u00e7ar por S\u00e3o Lu\u00eds. No atual momento de turbul\u00eancia pela qual nossa capital passa \u00e9 preciso empenho de todos. Retorno com o mesmo entusiasmo e empatia no cora\u00e7\u00e3o para trabalhar pelo nosso povo\u201d, disse o presidente.<\/p>\n\n\n\n<p>Ainda na ter\u00e7a-feira (2), o presidente ir\u00e1 conceder uma entrevista coletiva \u00e0 imprensa, \u00e0s 09h para falar sobre as a\u00e7\u00f5es e projetos futuros da C\u00e2mara.<\/p>\n\n\n\n<p>A C\u00e2mara Municipal sob a lideran\u00e7a de Paulo Victor conseguiu aprovar o Plano Diretor de S\u00e3o Lu\u00eds que n\u00e3o passava por uma atualiza\u00e7\u00e3o h\u00e1 mais de 10 anos.<\/p>\n\n\n\n<p>De forma atuante e presente, a casa tem trabalhado para que projetos possam beneficiar a popula\u00e7\u00e3o ludovicense, como as visitas dos vereadores por meio do gabinete m\u00f3vel e as a\u00e7\u00f5es de valoriza\u00e7\u00e3o dos servidores da casa e comunidades do entorno da C\u00e2mara. Al\u00e9m da realiza\u00e7\u00e3o de audi\u00eancias p\u00fablicas, ouvindo \u00e0 popula\u00e7\u00e3o e fiscalizando o executivo municipal.<\/p>\n","protected":false},"excerpt":{"rendered":"<p>O presidente licenciado da C\u00e2mara Municipal de S\u00e3o Lu\u00eds, Paulo Victor retorna ao comando da casa nesta ter\u00e7a-feira (2). O [&hellip;]<\/p>\n","protected":false},"author":0,"featured_media":0,"comment_status":"open","ping_status":"open","sticky":false,"template":"","format":"standard","meta":{"site-sidebar-layout":"default","site-content-layout":"","ast-site-content-layout":"default","site-content-style":"default","site-sidebar-style":"default","ast-global-header-display":"","ast-banner-title-visibility":"","ast-main-header-display":"","ast-hfb-above-header-display":"","ast-hfb-below-header-display":"","ast-hfb-mobile-header-display":"","site-post-title":"","ast-breadcrumbs-content":"","ast-featured-img":"","footer-sml-layout":"","ast-disable-related-posts":"","theme-transparent-header-meta":"","adv-header-id-meta":"","stick-header-meta":"","header-above-stick-meta":"","header-main-stick-meta":"","header-below-stick-meta":"","astra-migrate-meta-layouts":"default","ast-page-background-enabled":"default","ast-page-background-meta":{"desktop":{"background-color":"var(--ast-global-color-5)","background-image":"","background-repeat":"repeat","background-position":"center center","background-size":"auto","background-attachment":"scroll","background-type":"","background-media":"","overlay-type":"","overlay-color":"","overlay-opacity":"","overlay-gradient":""},"tablet":{"background-color":"","background-image":"","background-repeat":"repeat","background-position":"center center","background-size":"auto","background-attachment":"scroll","background-type":"","background-media":"","overlay-type":"","overlay-color":"","overlay-opacity":"","overlay-gradient":""},"mobile":{"background-color":"","background-image":"","background-repeat":"repeat","background-position":"center center","background-size":"auto","background-attachment":"scroll","background-type":"","background-media":"","overlay-type":"","overlay-color":"","overlay-opacity":"","overlay-gradient":""}},"ast-content-background-meta":{"desktop":{"background-color":"var(--ast-global-color-4)","background-image":"","background-repeat":"repeat","background-position":"center center","background-size":"auto","background-attachment":"scroll","background-type":"","background-media":"","overlay-type":"","overlay-color":"","overlay-opacity":"","overlay-gradient":""},"tablet":{"background-color":"var(--ast-global-color-4)","background-image":"","background-repeat":"repeat","background-position":"center center","background-size":"auto","background-attachment":"scroll","background-type":"","background-media":"","overlay-type":"","overlay-color":"","overlay-opacity":"","overlay-gradient":""},"mobile":{"background-color":"var(--ast-global-color-4)","background-image":"","background-repeat":"repeat","background-position":"center center","background-size":"auto","background-attachment":"scroll","background-type":"","background-media":"","overlay-type":"","overlay-color":"","overlay-opacity":"","overlay-gradient":""}},"footnotes":""},"categories":[1],"tags":[],"class_list":["post-109018","post","type-post","status-publish","format-standard","hentry","category-sem-categoria"],"yoast_head":"<!-- This site is optimized with the Yoast SEO plugin v26.6 - https:\/\/yoast.com\/wordpress\/plugins\/seo\/ -->\n<title>Volto com uma miss\u00e3o: avan\u00e7ar por S\u00e3o Lu\u00eds\u201d, diz Paulo Victor ao retornar \u00e0 presid\u00eancia da C\u00e2mara\u201d - Daniel Matos<\/title>\n<meta name=\"robots\" content=\"index, follow, max-snippet:-1, max-image-preview:large, max-video-preview:-1\" \/>\n<link rel=\"canonical\" href=\"https:\/\/www.blogsoestado.com\/danielmatos\/volto-com-uma-missao-avancar-por-sao-luis-diz-paulo-victor-ao-retornar-a-presidencia-da-camara\/\" \/>\n<meta property=\"og:locale\" content=\"pt_BR\" \/>\n<meta property=\"og:type\" content=\"article\" \/>\n<meta property=\"og:title\" content=\"Volto com uma miss\u00e3o: avan\u00e7ar por S\u00e3o Lu\u00eds\u201d, diz Paulo Victor ao retornar \u00e0 presid\u00eancia da C\u00e2mara\u201d - Daniel Matos\" \/>\n<meta property=\"og:description\" content=\"O presidente licenciado da C\u00e2mara Municipal de S\u00e3o Lu\u00eds, Paulo Victor retorna ao comando da casa nesta ter\u00e7a-feira (2). O [&hellip;]\" \/>\n<meta property=\"og:url\" content=\"https:\/\/www.blogsoestado.com\/danielmatos\/volto-com-uma-missao-avancar-por-sao-luis-diz-paulo-victor-ao-retornar-a-presidencia-da-camara\/\" \/>\n<meta property=\"og:site_name\" content=\"Daniel Matos\" \/>\n<meta property=\"article:published_time\" content=\"2023-04-30T23:13:16+00:00\" \/>\n<meta property=\"og:image\" content=\"https:\/\/www.blogsoestado.com\/danielmatos\/files\/2023\/04\/Screenshot_20230430-2010082.png\" \/>\n<meta name=\"twitter:card\" content=\"summary_large_image\" \/>\n<meta name=\"twitter:label1\" content=\"Est. tempo de leitura\" \/>\n\t<meta name=\"twitter:data1\" content=\"2 minutos\" \/>\n<script type=\"application\/ld+json\" class=\"yoast-schema-graph\">{\"@context\":\"https:\/\/schema.org\",\"@graph\":[{\"@type\":\"WebPage\",\"@id\":\"https:\/\/www.blogsoestado.com\/danielmatos\/volto-com-uma-missao-avancar-por-sao-luis-diz-paulo-victor-ao-retornar-a-presidencia-da-camara\/\",\"url\":\"https:\/\/www.blogsoestado.com\/danielmatos\/volto-com-uma-missao-avancar-por-sao-luis-diz-paulo-victor-ao-retornar-a-presidencia-da-camara\/\",\"name\":\"Volto com uma miss\u00e3o: avan\u00e7ar por S\u00e3o Lu\u00eds\u201d, diz Paulo Victor ao retornar \u00e0 presid\u00eancia da C\u00e2mara\u201d - Daniel Matos\",\"isPartOf\":{\"@id\":\"https:\/\/www.blogsoestado.com\/danielmatos\/#website\"},\"primaryImageOfPage\":{\"@id\":\"https:\/\/www.blogsoestado.com\/danielmatos\/volto-com-uma-missao-avancar-por-sao-luis-diz-paulo-victor-ao-retornar-a-presidencia-da-camara\/#primaryimage\"},\"image\":{\"@id\":\"https:\/\/www.blogsoestado.com\/danielmatos\/volto-com-uma-missao-avancar-por-sao-luis-diz-paulo-victor-ao-retornar-a-presidencia-da-camara\/#primaryimage\"},\"thumbnailUrl\":\"https:\/\/www.blogsoestado.com\/danielmatos\/files\/2023\/04\/Screenshot_20230430-2010082.png\",\"datePublished\":\"2023-04-30T23:13:16+00:00\",\"author\":{\"@id\":\"\"},\"breadcrumb\":{\"@id\":\"https:\/\/www.blogsoestado.com\/danielmatos\/volto-com-uma-missao-avancar-por-sao-luis-diz-paulo-victor-ao-retornar-a-presidencia-da-camara\/#breadcrumb\"},\"inLanguage\":\"pt-BR\",\"potentialAction\":[{\"@type\":\"ReadAction\",\"target\":[\"https:\/\/www.blogsoestado.com\/danielmatos\/volto-com-uma-missao-avancar-por-sao-luis-diz-paulo-victor-ao-retornar-a-presidencia-da-camara\/\"]}]},{\"@type\":\"ImageObject\",\"inLanguage\":\"pt-BR\",\"@id\":\"https:\/\/www.blogsoestado.com\/danielmatos\/volto-com-uma-missao-avancar-por-sao-luis-diz-paulo-victor-ao-retornar-a-presidencia-da-camara\/#primaryimage\",\"url\":\"https:\/\/www.blogsoestado.com\/danielmatos\/files\/2023\/04\/Screenshot_20230430-2010082.png\",\"contentUrl\":\"https:\/\/www.blogsoestado.com\/danielmatos\/files\/2023\/04\/Screenshot_20230430-2010082.png\"},{\"@type\":\"BreadcrumbList\",\"@id\":\"https:\/\/www.blogsoestado.com\/danielmatos\/volto-com-uma-missao-avancar-por-sao-luis-diz-paulo-victor-ao-retornar-a-presidencia-da-camara\/#breadcrumb\",\"itemListElement\":[{\"@type\":\"ListItem\",\"position\":1,\"name\":\"In\u00edcio\",\"item\":\"https:\/\/www.blogsoestado.com\/danielmatos\/\"},{\"@type\":\"ListItem\",\"position\":2,\"name\":\"Volto com uma miss\u00e3o: avan\u00e7ar por S\u00e3o Lu\u00eds\u201d, diz Paulo Victor ao retornar \u00e0 presid\u00eancia da C\u00e2mara\u201d\"}]},{\"@type\":\"WebSite\",\"@id\":\"https:\/\/www.blogsoestado.com\/danielmatos\/#website\",\"url\":\"https:\/\/www.blogsoestado.com\/danielmatos\/\",\"name\":\"Daniel Matos\",\"description\":\"\",\"potentialAction\":[{\"@type\":\"SearchAction\",\"target\":{\"@type\":\"EntryPoint\",\"urlTemplate\":\"https:\/\/www.blogsoestado.com\/danielmatos\/?s={search_term_string}\"},\"query-input\":{\"@type\":\"PropertyValueSpecification\",\"valueRequired\":true,\"valueName\":\"search_term_string\"}}],\"inLanguage\":\"pt-BR\"}]}<\/script>\n<!-- \/ Yoast SEO plugin. -->","yoast_head_json":{"title":"Volto com uma miss\u00e3o: avan\u00e7ar por S\u00e3o Lu\u00eds\u201d, diz Paulo Victor ao retornar \u00e0 presid\u00eancia da C\u00e2mara\u201d - Daniel Matos","robots":{"index":"index","follow":"follow","max-snippet":"max-snippet:-1","max-image-preview":"max-image-preview:large","max-video-preview":"max-video-preview:-1"},"canonical":"https:\/\/www.blogsoestado.com\/danielmatos\/volto-com-uma-missao-avancar-por-sao-luis-diz-paulo-victor-ao-retornar-a-presidencia-da-camara\/","og_locale":"pt_BR","og_type":"article","og_title":"Volto com uma miss\u00e3o: avan\u00e7ar por S\u00e3o Lu\u00eds\u201d, diz Paulo Victor ao retornar \u00e0 presid\u00eancia da C\u00e2mara\u201d - Daniel Matos","og_description":"O presidente licenciado da C\u00e2mara Municipal de S\u00e3o Lu\u00eds, Paulo Victor retorna ao comando da casa nesta ter\u00e7a-feira (2). O [&hellip;]","og_url":"https:\/\/www.blogsoestado.com\/danielmatos\/volto-com-uma-missao-avancar-por-sao-luis-diz-paulo-victor-ao-retornar-a-presidencia-da-camara\/","og_site_name":"Daniel Matos","article_published_time":"2023-04-30T23:13:16+00:00","og_image":[{"url":"https:\/\/www.blogsoestado.com\/danielmatos\/files\/2023\/04\/Screenshot_20230430-2010082.png","type":"","width":"","height":""}],"twitter_card":"summary_large_image","twitter_misc":{"Est. tempo de leitura":"2 minutos"},"schema":{"@context":"https:\/\/schema.org","@graph":[{"@type":"WebPage","@id":"https:\/\/www.blogsoestado.com\/danielmatos\/volto-com-uma-missao-avancar-por-sao-luis-diz-paulo-victor-ao-retornar-a-presidencia-da-camara\/","url":"https:\/\/www.blogsoestado.com\/danielmatos\/volto-com-uma-missao-avancar-por-sao-luis-diz-paulo-victor-ao-retornar-a-presidencia-da-camara\/","name":"Volto com uma miss\u00e3o: avan\u00e7ar por S\u00e3o Lu\u00eds\u201d, diz Paulo Victor ao retornar \u00e0 presid\u00eancia da C\u00e2mara\u201d - Daniel Matos","isPartOf":{"@id":"https:\/\/www.blogsoestado.com\/danielmatos\/#website"},"primaryImageOfPage":{"@id":"https:\/\/www.blogsoestado.com\/danielmatos\/volto-com-uma-missao-avancar-por-sao-luis-diz-paulo-victor-ao-retornar-a-presidencia-da-camara\/#primaryimage"},"image":{"@id":"https:\/\/www.blogsoestado.com\/danielmatos\/volto-com-uma-missao-avancar-por-sao-luis-diz-paulo-victor-ao-retornar-a-presidencia-da-camara\/#primaryimage"},"thumbnailUrl":"https:\/\/www.blogsoestado.com\/danielmatos\/files\/2023\/04\/Screenshot_20230430-2010082.png","datePublished":"2023-04-30T23:13:16+00:00","author":{"@id":""},"breadcrumb":{"@id":"https:\/\/www.blogsoestado.com\/danielmatos\/volto-com-uma-missao-avancar-por-sao-luis-diz-paulo-victor-ao-retornar-a-presidencia-da-camara\/#breadcrumb"},"inLanguage":"pt-BR","potentialAction":[{"@type":"ReadAction","target":["https:\/\/www.blogsoestado.com\/danielmatos\/volto-com-uma-missao-avancar-por-sao-luis-diz-paulo-victor-ao-retornar-a-presidencia-da-camara\/"]}]},{"@type":"ImageObject","inLanguage":"pt-BR","@id":"https:\/\/www.blogsoestado.com\/danielmatos\/volto-com-uma-missao-avancar-por-sao-luis-diz-paulo-victor-ao-retornar-a-presidencia-da-camara\/#primaryimage","url":"https:\/\/www.blogsoestado.com\/danielmatos\/files\/2023\/04\/Screenshot_20230430-2010082.png","contentUrl":"https:\/\/www.blogsoestado.com\/danielmatos\/files\/2023\/04\/Screenshot_20230430-2010082.png"},{"@type":"BreadcrumbList","@id":"https:\/\/www.blogsoestado.com\/danielmatos\/volto-com-uma-missao-avancar-por-sao-luis-diz-paulo-victor-ao-retornar-a-presidencia-da-camara\/#breadcrumb","itemListElement":[{"@type":"ListItem","position":1,"name":"In\u00edcio","item":"https:\/\/www.blogsoestado.com\/danielmatos\/"},{"@type":"ListItem","position":2,"name":"Volto com uma miss\u00e3o: avan\u00e7ar por S\u00e3o Lu\u00eds\u201d, diz Paulo Victor ao retornar \u00e0 presid\u00eancia da C\u00e2mara\u201d"}]},{"@type":"WebSite","@id":"https:\/\/www.blogsoestado.com\/danielmatos\/#website","url":"https:\/\/www.blogsoestado.com\/danielmatos\/","name":"Daniel Matos","description":"","potentialAction":[{"@type":"SearchAction","target":{"@type":"EntryPoint","urlTemplate":"https:\/\/www.blogsoestado.com\/danielmatos\/?s={search_term_string}"},"query-input":{"@type":"PropertyValueSpecification","valueRequired":true,"valueName":"search_term_string"}}],"inLanguage":"pt-BR"}]}},"jetpack_featured_media_url":"","_links":{"self":[{"href":"https:\/\/www.blogsoestado.com\/danielmatos\/wp-json\/wp\/v2\/posts\/109018","targetHints":{"allow":["GET"]}}],"collection":[{"href":"https:\/\/www.blogsoestado.com\/danielmatos\/wp-json\/wp\/v2\/posts"}],"about":[{"href":"https:\/\/www.blogsoestado.com\/danielmatos\/wp-json\/wp\/v2\/types\/post"}],"replies":[{"embeddable":true,"href":"https:\/\/www.blogsoestado.com\/danielmatos\/wp-json\/wp\/v2\/comments?post=109018"}],"version-history":[{"count":0,"href":"https:\/\/www.blogsoestado.com\/danielmatos\/wp-json\/wp\/v2\/posts\/109018\/revisions"}],"wp:attachment":[{"href":"https:\/\/www.blogsoestado.com\/danielmatos\/wp-json\/wp\/v2\/media?parent=109018"}],"wp:term":[{"taxonomy":"category","embeddable":true,"href":"https:\/\/www.blogsoestado.com\/danielmatos\/wp-json\/wp\/v2\/categories?post=109018"},{"taxonomy":"post_tag","embeddable":true,"href":"https:\/\/www.blogsoestado.com\/danielmatos\/wp-json\/wp\/v2\/tags?post=109018"}],"curies":[{"name":"wp","href":"https:\/\/api.w.org\/{rel}","templated":true}]}}