{"id":109021,"date":"2023-04-30T21:17:42","date_gmt":"2023-05-01T00:17:42","guid":{"rendered":"https:\/\/www.blogsoestado.com\/danielmatos\/?p=109021"},"modified":"2023-04-30T21:17:42","modified_gmt":"2023-05-01T00:17:42","slug":"em-clima-de-harmonia-paulo-victor-volta-ao-comando-da-camara-e-chaguinhas-reassume-1a-vice-presidencia","status":"publish","type":"post","link":"https:\/\/www.blogsoestado.com\/danielmatos\/em-clima-de-harmonia-paulo-victor-volta-ao-comando-da-camara-e-chaguinhas-reassume-1a-vice-presidencia\/","title":{"rendered":"Em clima de harmonia, Paulo Victor volta ao comando da C\u00e2mara e Chaguinhas reassume 1\u00aa vice-presid\u00eancia"},"content":{"rendered":"\n<p><em><strong><span class=\"has-inline-color has-vivid-red-color\">Presidente interino deve ocupar a tribuna na pr\u00f3xima ter\u00e7a-feira para fazer um balan\u00e7o de atua\u00e7\u00e3o \u00e0 frente do Legislativo ludovicense<\/span><\/strong><\/em><\/p>\n\n\n\n<div class=\"wp-block-image\"><figure class=\"aligncenter size-large\"><a href=\"https:\/\/www.blogsoestado.com\/danielmatos\/files\/2023\/04\/Screenshot_20230430-2126012.png\"><img decoding=\"async\" src=\"https:\/\/www.blogsoestado.com\/danielmatos\/files\/2023\/04\/Screenshot_20230430-2126012.png\" alt=\"\" class=\"wp-image-109025\"\/><\/a><figcaption>O vereador Francisco Chaguinhas, 1\u00ba vice-presidente da C\u00e2mara Municipal de S\u00e3o Lu\u00eds, com o colega Paulo Victor, que agora reassume o comando do Poder Legislativo da capital<\/figcaption><\/figure><\/div>\n\n\n\n<p>Presidente interino da C\u00e2mara Municipal de S\u00e3o Lu\u00eds, entre os meses de mar\u00e7o e abril, o vereador Francisco Chaguinhas (Podemos) fez extensos agradecimentos pela oportunidade ao colega de plen\u00e1rio Paulo Victor (PCdoB), que deixa a Secretaria de Estado da Cultura (Secma), para reassumir o comando da Casa Legislativa.<\/p>\n\n\n\n<p>Em coment\u00e1rio publicado nas redes sociais, Chaguinhas tamb\u00e9m agradeceu e parabenizou os servidores e toda sua equipe, a quem se diz bastante grato pelo aux\u00edlio na condu\u00e7\u00e3o dos trabalhos no Legislativo.<\/p>\n\n\n\n<p>&#8220;Agrade\u00e7o a confian\u00e7a do presidente Paulo Victor que me permitiu essa experi\u00eancia e gostaria tamb\u00e9m de agradecer e parabenizar os servidores e toda a minha equipe, a quem sou bastante grato por auxiliar na condu\u00e7\u00e3o dos trabalhos no Legislativo&#8221;, destacou.<\/p>\n\n\n\n<p><strong>&#8220;Honrosa miss\u00e3o&#8221;<\/strong><\/p>\n\n\n\n<p>Encerrada sua breve passagem pelo comando do Pal\u00e1cio Pedro Neiva de Santana, Chaguinhas falou que dentre as diversas a\u00e7\u00f5es realizadas nesse per\u00edodo de interinidade, apontou o trabalho de fortalecimento do Legislativo Municipal, por meio das Comiss\u00f5es Permanentes.<\/p>\n\n\n\n<p>&#8220;Preciso fazer este relato da minha breve passagem pelo comando da C\u00e2mara Municipal de S\u00e3o Lu\u00eds, destacando dentre as diversas a\u00e7\u00f5es, o trabalho de fortalecimento do Legislativo Municipal atrav\u00e9s das Comiss\u00f5es Permanentes&#8221;, completou.<\/p>\n\n\n\n<p>Chaguinhas concluiu o coment\u00e1rio nas redes sociais destacando a &#8220;honrosa miss\u00e3o&#8221; na presid\u00eancia do Parlamento ludovicense e desejou sucesso ao presidente Paulo Victor que reassume a C\u00e2mara, convocando uma coletiva de imprensa na pr\u00f3xima ter\u00e7a-feira (02).<\/p>\n\n\n\n<p>&#8220;Depois de quase tr\u00eas meses na honrosa miss\u00e3o de comandar interinamente o Pal\u00e1cio Pedro Neiva de Santana, retorno a 1\u00aa vice-presid\u00eancia nesta ter\u00e7a-feira (02), desejando sucesso ao nosso presidente Paulo Victor que deixa a Secma para reassumir o comando da nossa Casa&#8221;, finalizou.<\/p>\n\n\n\n<p><strong>Balan\u00e7o como interino<\/strong><\/p>\n\n\n\n<p>Em rela\u00e7\u00e3o \u00e0 sua interinidade na presid\u00eancia da C\u00e2mara, Chaguinhas destacou em contato com a imprensa, que pretende usar a tribuna na sess\u00e3o plen\u00e1ria desta ter\u00e7a-feira (02) para fazer um balan\u00e7o de sua atua\u00e7\u00e3o. Segundo ele, a valoriza\u00e7\u00e3o ao servidor foi uma das principais marcas de sua gest\u00e3o.<\/p>\n\n\n\n<p>Chaguinhas assumiu o Legislativo com foco na continuidade das iniciativas que integram o planejamento iniciado pelo antecessor para melhorar as condi\u00e7\u00f5es estruturais e garantir mais qualidade de trabalho aos servidores. Nesse per\u00edodo, fez a prorroga\u00e7\u00e3o do 1\u00ba concurso p\u00fablico da Casa e anunciou a forma\u00e7\u00e3o da Comiss\u00e3o para an\u00e1lise do novo Plano de Cargos dos servidores.<\/p>\n\n\n\n<p>As a\u00e7\u00f5es voltadas para os funcion\u00e1rios do Legislativo inclu\u00edram ainda doa\u00e7\u00f5es de alimentos com 200 cestas b\u00e1sicas e 2 toneladas de peixes, al\u00e9m de uma a\u00e7\u00e3o de distribui\u00e7\u00e3o de \u00f3culos que beneficiou mais de 50 colaboradores. Para receber o acess\u00f3rio, os servidores passaram por consulta com oftalmologista.<\/p>\n\n\n\n<p>A aprova\u00e7\u00e3o do Plano Diretor da capital maranhense, a homenagem aos ex-diretores que comandaram a Comunica\u00e7\u00e3o da Casa entre 1985 a 2022, a cria\u00e7\u00e3o da secretaria das comiss\u00f5es permanentes, a realiza\u00e7\u00e3o de um curso de imers\u00e3o em primeiros socorros para moradores das \u00e1reas de riscos e o fortalecimento da participa\u00e7\u00e3o dos cidad\u00e3os no processo legislativo com atua\u00e7\u00e3o dos colegiados da Casa, tamb\u00e9m integram a lista do balan\u00e7o de realiza\u00e7\u00f5es.<\/p>\n","protected":false},"excerpt":{"rendered":"<p>Presidente interino deve ocupar a tribuna na pr\u00f3xima ter\u00e7a-feira para fazer um balan\u00e7o de atua\u00e7\u00e3o \u00e0 frente do Legislativo ludovicense [&hellip;]<\/p>\n","protected":false},"author":0,"featured_media":0,"comment_status":"open","ping_status":"open","sticky":false,"template":"","format":"standard","meta":{"site-sidebar-layout":"default","site-content-layout":"","ast-site-content-layout":"default","site-content-style":"default","site-sidebar-style":"default","ast-global-header-display":"","ast-banner-title-visibility":"","ast-main-header-display":"","ast-hfb-above-header-display":"","ast-hfb-below-header-display":"","ast-hfb-mobile-header-display":"","site-post-title":"","ast-breadcrumbs-content":"","ast-featured-img":"","footer-sml-layout":"","ast-disable-related-posts":"","theme-transparent-header-meta":"","adv-header-id-meta":"","stick-header-meta":"","header-above-stick-meta":"","header-main-stick-meta":"","header-below-stick-meta":"","astra-migrate-meta-layouts":"default","ast-page-background-enabled":"default","ast-page-background-meta":{"desktop":{"background-color":"var(--ast-global-color-5)","background-image":"","background-repeat":"repeat","background-position":"center center","background-size":"auto","background-attachment":"scroll","background-type":"","background-media":"","overlay-type":"","overlay-color":"","overlay-opacity":"","overlay-gradient":""},"tablet":{"background-color":"","background-image":"","background-repeat":"repeat","background-position":"center center","background-size":"auto","background-attachment":"scroll","background-type":"","background-media":"","overlay-type":"","overlay-color":"","overlay-opacity":"","overlay-gradient":""},"mobile":{"background-color":"","background-image":"","background-repeat":"repeat","background-position":"center center","background-size":"auto","background-attachment":"scroll","background-type":"","background-media":"","overlay-type":"","overlay-color":"","overlay-opacity":"","overlay-gradient":""}},"ast-content-background-meta":{"desktop":{"background-color":"var(--ast-global-color-4)","background-image":"","background-repeat":"repeat","background-position":"center center","background-size":"auto","background-attachment":"scroll","background-type":"","background-media":"","overlay-type":"","overlay-color":"","overlay-opacity":"","overlay-gradient":""},"tablet":{"background-color":"var(--ast-global-color-4)","background-image":"","background-repeat":"repeat","background-position":"center center","background-size":"auto","background-attachment":"scroll","background-type":"","background-media":"","overlay-type":"","overlay-color":"","overlay-opacity":"","overlay-gradient":""},"mobile":{"background-color":"var(--ast-global-color-4)","background-image":"","background-repeat":"repeat","background-position":"center center","background-size":"auto","background-attachment":"scroll","background-type":"","background-media":"","overlay-type":"","overlay-color":"","overlay-opacity":"","overlay-gradient":""}},"footnotes":""},"categories":[1],"tags":[],"class_list":["post-109021","post","type-post","status-publish","format-standard","hentry","category-sem-categoria"],"yoast_head":"<!-- This site is optimized with the Yoast SEO plugin v26.6 - https:\/\/yoast.com\/wordpress\/plugins\/seo\/ -->\n<title>Em clima de harmonia, Paulo Victor volta ao comando da C\u00e2mara e Chaguinhas reassume 1\u00aa vice-presid\u00eancia - Daniel Matos<\/title>\n<meta name=\"robots\" content=\"index, follow, max-snippet:-1, max-image-preview:large, max-video-preview:-1\" \/>\n<link rel=\"canonical\" href=\"https:\/\/www.blogsoestado.com\/danielmatos\/em-clima-de-harmonia-paulo-victor-volta-ao-comando-da-camara-e-chaguinhas-reassume-1a-vice-presidencia\/\" \/>\n<meta property=\"og:locale\" content=\"pt_BR\" \/>\n<meta property=\"og:type\" content=\"article\" \/>\n<meta property=\"og:title\" content=\"Em clima de harmonia, Paulo Victor volta ao comando da C\u00e2mara e Chaguinhas reassume 1\u00aa vice-presid\u00eancia - Daniel Matos\" \/>\n<meta property=\"og:description\" content=\"Presidente interino deve ocupar a tribuna na pr\u00f3xima ter\u00e7a-feira para fazer um balan\u00e7o de atua\u00e7\u00e3o \u00e0 frente do Legislativo ludovicense [&hellip;]\" \/>\n<meta property=\"og:url\" content=\"https:\/\/www.blogsoestado.com\/danielmatos\/em-clima-de-harmonia-paulo-victor-volta-ao-comando-da-camara-e-chaguinhas-reassume-1a-vice-presidencia\/\" \/>\n<meta property=\"og:site_name\" content=\"Daniel Matos\" \/>\n<meta property=\"article:published_time\" content=\"2023-05-01T00:17:42+00:00\" \/>\n<meta property=\"og:image\" content=\"https:\/\/www.blogsoestado.com\/danielmatos\/files\/2023\/04\/Screenshot_20230430-2126012.png\" \/>\n<meta name=\"twitter:card\" content=\"summary_large_image\" \/>\n<meta name=\"twitter:label1\" content=\"Est. tempo de leitura\" \/>\n\t<meta name=\"twitter:data1\" content=\"3 minutos\" \/>\n<script type=\"application\/ld+json\" class=\"yoast-schema-graph\">{\"@context\":\"https:\/\/schema.org\",\"@graph\":[{\"@type\":\"WebPage\",\"@id\":\"https:\/\/www.blogsoestado.com\/danielmatos\/em-clima-de-harmonia-paulo-victor-volta-ao-comando-da-camara-e-chaguinhas-reassume-1a-vice-presidencia\/\",\"url\":\"https:\/\/www.blogsoestado.com\/danielmatos\/em-clima-de-harmonia-paulo-victor-volta-ao-comando-da-camara-e-chaguinhas-reassume-1a-vice-presidencia\/\",\"name\":\"Em clima de harmonia, Paulo Victor volta ao comando da C\u00e2mara e Chaguinhas reassume 1\u00aa vice-presid\u00eancia - Daniel Matos\",\"isPartOf\":{\"@id\":\"https:\/\/www.blogsoestado.com\/danielmatos\/#website\"},\"primaryImageOfPage\":{\"@id\":\"https:\/\/www.blogsoestado.com\/danielmatos\/em-clima-de-harmonia-paulo-victor-volta-ao-comando-da-camara-e-chaguinhas-reassume-1a-vice-presidencia\/#primaryimage\"},\"image\":{\"@id\":\"https:\/\/www.blogsoestado.com\/danielmatos\/em-clima-de-harmonia-paulo-victor-volta-ao-comando-da-camara-e-chaguinhas-reassume-1a-vice-presidencia\/#primaryimage\"},\"thumbnailUrl\":\"https:\/\/www.blogsoestado.com\/danielmatos\/files\/2023\/04\/Screenshot_20230430-2126012.png\",\"datePublished\":\"2023-05-01T00:17:42+00:00\",\"author\":{\"@id\":\"\"},\"breadcrumb\":{\"@id\":\"https:\/\/www.blogsoestado.com\/danielmatos\/em-clima-de-harmonia-paulo-victor-volta-ao-comando-da-camara-e-chaguinhas-reassume-1a-vice-presidencia\/#breadcrumb\"},\"inLanguage\":\"pt-BR\",\"potentialAction\":[{\"@type\":\"ReadAction\",\"target\":[\"https:\/\/www.blogsoestado.com\/danielmatos\/em-clima-de-harmonia-paulo-victor-volta-ao-comando-da-camara-e-chaguinhas-reassume-1a-vice-presidencia\/\"]}]},{\"@type\":\"ImageObject\",\"inLanguage\":\"pt-BR\",\"@id\":\"https:\/\/www.blogsoestado.com\/danielmatos\/em-clima-de-harmonia-paulo-victor-volta-ao-comando-da-camara-e-chaguinhas-reassume-1a-vice-presidencia\/#primaryimage\",\"url\":\"https:\/\/www.blogsoestado.com\/danielmatos\/files\/2023\/04\/Screenshot_20230430-2126012.png\",\"contentUrl\":\"https:\/\/www.blogsoestado.com\/danielmatos\/files\/2023\/04\/Screenshot_20230430-2126012.png\"},{\"@type\":\"BreadcrumbList\",\"@id\":\"https:\/\/www.blogsoestado.com\/danielmatos\/em-clima-de-harmonia-paulo-victor-volta-ao-comando-da-camara-e-chaguinhas-reassume-1a-vice-presidencia\/#breadcrumb\",\"itemListElement\":[{\"@type\":\"ListItem\",\"position\":1,\"name\":\"In\u00edcio\",\"item\":\"https:\/\/www.blogsoestado.com\/danielmatos\/\"},{\"@type\":\"ListItem\",\"position\":2,\"name\":\"Em clima de harmonia, Paulo Victor volta ao comando da C\u00e2mara e Chaguinhas reassume 1\u00aa vice-presid\u00eancia\"}]},{\"@type\":\"WebSite\",\"@id\":\"https:\/\/www.blogsoestado.com\/danielmatos\/#website\",\"url\":\"https:\/\/www.blogsoestado.com\/danielmatos\/\",\"name\":\"Daniel Matos\",\"description\":\"\",\"potentialAction\":[{\"@type\":\"SearchAction\",\"target\":{\"@type\":\"EntryPoint\",\"urlTemplate\":\"https:\/\/www.blogsoestado.com\/danielmatos\/?s={search_term_string}\"},\"query-input\":{\"@type\":\"PropertyValueSpecification\",\"valueRequired\":true,\"valueName\":\"search_term_string\"}}],\"inLanguage\":\"pt-BR\"}]}<\/script>\n<!-- \/ Yoast SEO plugin. -->","yoast_head_json":{"title":"Em clima de harmonia, Paulo Victor volta ao comando da C\u00e2mara e Chaguinhas reassume 1\u00aa vice-presid\u00eancia - Daniel Matos","robots":{"index":"index","follow":"follow","max-snippet":"max-snippet:-1","max-image-preview":"max-image-preview:large","max-video-preview":"max-video-preview:-1"},"canonical":"https:\/\/www.blogsoestado.com\/danielmatos\/em-clima-de-harmonia-paulo-victor-volta-ao-comando-da-camara-e-chaguinhas-reassume-1a-vice-presidencia\/","og_locale":"pt_BR","og_type":"article","og_title":"Em clima de harmonia, Paulo Victor volta ao comando da C\u00e2mara e Chaguinhas reassume 1\u00aa vice-presid\u00eancia - Daniel Matos","og_description":"Presidente interino deve ocupar a tribuna na pr\u00f3xima ter\u00e7a-feira para fazer um balan\u00e7o de atua\u00e7\u00e3o \u00e0 frente do Legislativo ludovicense [&hellip;]","og_url":"https:\/\/www.blogsoestado.com\/danielmatos\/em-clima-de-harmonia-paulo-victor-volta-ao-comando-da-camara-e-chaguinhas-reassume-1a-vice-presidencia\/","og_site_name":"Daniel Matos","article_published_time":"2023-05-01T00:17:42+00:00","og_image":[{"url":"https:\/\/www.blogsoestado.com\/danielmatos\/files\/2023\/04\/Screenshot_20230430-2126012.png","type":"","width":"","height":""}],"twitter_card":"summary_large_image","twitter_misc":{"Est. tempo de leitura":"3 minutos"},"schema":{"@context":"https:\/\/schema.org","@graph":[{"@type":"WebPage","@id":"https:\/\/www.blogsoestado.com\/danielmatos\/em-clima-de-harmonia-paulo-victor-volta-ao-comando-da-camara-e-chaguinhas-reassume-1a-vice-presidencia\/","url":"https:\/\/www.blogsoestado.com\/danielmatos\/em-clima-de-harmonia-paulo-victor-volta-ao-comando-da-camara-e-chaguinhas-reassume-1a-vice-presidencia\/","name":"Em clima de harmonia, Paulo Victor volta ao comando da C\u00e2mara e Chaguinhas reassume 1\u00aa vice-presid\u00eancia - Daniel Matos","isPartOf":{"@id":"https:\/\/www.blogsoestado.com\/danielmatos\/#website"},"primaryImageOfPage":{"@id":"https:\/\/www.blogsoestado.com\/danielmatos\/em-clima-de-harmonia-paulo-victor-volta-ao-comando-da-camara-e-chaguinhas-reassume-1a-vice-presidencia\/#primaryimage"},"image":{"@id":"https:\/\/www.blogsoestado.com\/danielmatos\/em-clima-de-harmonia-paulo-victor-volta-ao-comando-da-camara-e-chaguinhas-reassume-1a-vice-presidencia\/#primaryimage"},"thumbnailUrl":"https:\/\/www.blogsoestado.com\/danielmatos\/files\/2023\/04\/Screenshot_20230430-2126012.png","datePublished":"2023-05-01T00:17:42+00:00","author":{"@id":""},"breadcrumb":{"@id":"https:\/\/www.blogsoestado.com\/danielmatos\/em-clima-de-harmonia-paulo-victor-volta-ao-comando-da-camara-e-chaguinhas-reassume-1a-vice-presidencia\/#breadcrumb"},"inLanguage":"pt-BR","potentialAction":[{"@type":"ReadAction","target":["https:\/\/www.blogsoestado.com\/danielmatos\/em-clima-de-harmonia-paulo-victor-volta-ao-comando-da-camara-e-chaguinhas-reassume-1a-vice-presidencia\/"]}]},{"@type":"ImageObject","inLanguage":"pt-BR","@id":"https:\/\/www.blogsoestado.com\/danielmatos\/em-clima-de-harmonia-paulo-victor-volta-ao-comando-da-camara-e-chaguinhas-reassume-1a-vice-presidencia\/#primaryimage","url":"https:\/\/www.blogsoestado.com\/danielmatos\/files\/2023\/04\/Screenshot_20230430-2126012.png","contentUrl":"https:\/\/www.blogsoestado.com\/danielmatos\/files\/2023\/04\/Screenshot_20230430-2126012.png"},{"@type":"BreadcrumbList","@id":"https:\/\/www.blogsoestado.com\/danielmatos\/em-clima-de-harmonia-paulo-victor-volta-ao-comando-da-camara-e-chaguinhas-reassume-1a-vice-presidencia\/#breadcrumb","itemListElement":[{"@type":"ListItem","position":1,"name":"In\u00edcio","item":"https:\/\/www.blogsoestado.com\/danielmatos\/"},{"@type":"ListItem","position":2,"name":"Em clima de harmonia, Paulo Victor volta ao comando da C\u00e2mara e Chaguinhas reassume 1\u00aa vice-presid\u00eancia"}]},{"@type":"WebSite","@id":"https:\/\/www.blogsoestado.com\/danielmatos\/#website","url":"https:\/\/www.blogsoestado.com\/danielmatos\/","name":"Daniel Matos","description":"","potentialAction":[{"@type":"SearchAction","target":{"@type":"EntryPoint","urlTemplate":"https:\/\/www.blogsoestado.com\/danielmatos\/?s={search_term_string}"},"query-input":{"@type":"PropertyValueSpecification","valueRequired":true,"valueName":"search_term_string"}}],"inLanguage":"pt-BR"}]}},"jetpack_featured_media_url":"","_links":{"self":[{"href":"https:\/\/www.blogsoestado.com\/danielmatos\/wp-json\/wp\/v2\/posts\/109021","targetHints":{"allow":["GET"]}}],"collection":[{"href":"https:\/\/www.blogsoestado.com\/danielmatos\/wp-json\/wp\/v2\/posts"}],"about":[{"href":"https:\/\/www.blogsoestado.com\/danielmatos\/wp-json\/wp\/v2\/types\/post"}],"replies":[{"embeddable":true,"href":"https:\/\/www.blogsoestado.com\/danielmatos\/wp-json\/wp\/v2\/comments?post=109021"}],"version-history":[{"count":0,"href":"https:\/\/www.blogsoestado.com\/danielmatos\/wp-json\/wp\/v2\/posts\/109021\/revisions"}],"wp:attachment":[{"href":"https:\/\/www.blogsoestado.com\/danielmatos\/wp-json\/wp\/v2\/media?parent=109021"}],"wp:term":[{"taxonomy":"category","embeddable":true,"href":"https:\/\/www.blogsoestado.com\/danielmatos\/wp-json\/wp\/v2\/categories?post=109021"},{"taxonomy":"post_tag","embeddable":true,"href":"https:\/\/www.blogsoestado.com\/danielmatos\/wp-json\/wp\/v2\/tags?post=109021"}],"curies":[{"name":"wp","href":"https:\/\/api.w.org\/{rel}","templated":true}]}}