{"id":109027,"date":"2023-05-01T14:59:56","date_gmt":"2023-05-01T17:59:56","guid":{"rendered":"https:\/\/www.blogsoestado.com\/danielmatos\/?p=109027"},"modified":"2023-05-01T14:59:56","modified_gmt":"2023-05-01T17:59:56","slug":"deputado-wellington-solicita-ao-governo-do-estado-recomposicao-salarial-para-servidores-publicos-civis-militares-e-aposentados","status":"publish","type":"post","link":"https:\/\/www.blogsoestado.com\/danielmatos\/deputado-wellington-solicita-ao-governo-do-estado-recomposicao-salarial-para-servidores-publicos-civis-militares-e-aposentados\/","title":{"rendered":"Deputado Wellington solicita ao Governo do Estado recomposi\u00e7\u00e3o salarial para servidores p\u00fablicos civis, militares e aposentados"},"content":{"rendered":"\n<div class=\"wp-block-image\"><figure class=\"aligncenter size-large\"><a href=\"https:\/\/www.blogsoestado.com\/danielmatos\/files\/2023\/05\/Screenshot_20230501-1447362.png\"><img decoding=\"async\" src=\"https:\/\/www.blogsoestado.com\/danielmatos\/files\/2023\/05\/Screenshot_20230501-1447362.png\" alt=\"\" class=\"wp-image-109028\"\/><\/a><figcaption>Ao lado de l\u00edderes sindicais, o eeputado Wellington exibe indica\u00e7\u00e3o apresentada ao Poder Executivo com pedido de reposi\u00e7\u00e3o salarial a servidores p\u00fablicos estaduais <\/figcaption><\/figure><\/div>\n\n\n\n<p>O deputado estadual Wellington do Curso utilizou as redes sociais, na manh\u00e3 desta segunda-feira (1\u00b0), para fazer refer\u00eancia ao Dia do Trabalhador. Na ocasi\u00e3o, o parlamentar destacou proposi\u00e7\u00e3o de sua autoria em que solicita ao Governo do Estado a recomposi\u00e7\u00e3o salarial de 15% aos servidores p\u00fablicos civis, militares e aos aposentados no Maranh\u00e3o.<\/p>\n\n\n\n<p>Para o deputado Wellington, a medida \u00e9 necess\u00e1ria a fim de efetivar o reconhecimento e valoriza\u00e7\u00e3o dos servidores p\u00fablicos estaduais que tanto fazem pelo desenvolvimento do Maranh\u00e3o.<\/p>\n\n\n\n<p>\u201cEm defesa dos servidores p\u00fablicos, apresentei indica\u00e7\u00e3o em que solicito ao Governo do Estado a recomposi\u00e7\u00e3o salarial de 15% para os servidores civis, militares e, tamb\u00e9m, para os aposentados. As perdas salariais dos \u00faltimos 8 anos, isto \u00e9, durante a gest\u00e3o do ex-governador Fl\u00e1vio Dino, ultrapassam 60%. Isso diminui o poder de compra e a qualidade de vida dos nossos servidores. Por acreditar que tal medida \u00e9 um mecanismo para valorizar e reconhecer o trabalho dessas categorias, \u00e9 que apresentei a referida indica\u00e7\u00e3o. A luta pela valoriza\u00e7\u00e3o dos servidores p\u00fablicos continua firme no Parlamento Estadual!\u201d, disse o deputado Wellington.<\/p>\n\n\n\n<p>Confira a manifesta\u00e7\u00e3o do deputado estadual Wellington do Curso nas redes sociais: <\/p>\n\n\n\n<div class=\"wp-block-image\"><figure class=\"aligncenter size-large\"><a href=\"https:\/\/www.blogsoestado.com\/danielmatos\/files\/2023\/05\/Screenshot_20230501-1500152.png\"><img decoding=\"async\" src=\"https:\/\/www.blogsoestado.com\/danielmatos\/files\/2023\/05\/Screenshot_20230501-1500152.png\" alt=\"\" class=\"wp-image-109034\"\/><\/a><\/figure><\/div>\n\n\n\n<div class=\"wp-block-image\"><figure class=\"aligncenter size-large\"><a href=\"https:\/\/www.blogsoestado.com\/danielmatos\/files\/2023\/05\/Screenshot_20230501-1501122.png\"><img decoding=\"async\" src=\"https:\/\/www.blogsoestado.com\/danielmatos\/files\/2023\/05\/Screenshot_20230501-1501122.png\" alt=\"\" class=\"wp-image-109035\"\/><\/a><\/figure><\/div>\n\n\n\n<div class=\"wp-block-image\"><figure class=\"aligncenter size-large\"><a href=\"https:\/\/www.blogsoestado.com\/danielmatos\/files\/2023\/05\/Screenshot_20230501-1502342.png\"><img decoding=\"async\" src=\"https:\/\/www.blogsoestado.com\/danielmatos\/files\/2023\/05\/Screenshot_20230501-1502342.png\" alt=\"\" class=\"wp-image-109036\"\/><\/a><\/figure><\/div>\n\n\n\n<p><\/p>\n","protected":false},"excerpt":{"rendered":"<p>O deputado estadual Wellington do Curso utilizou as redes sociais, na manh\u00e3 desta segunda-feira (1\u00b0), para fazer refer\u00eancia ao Dia [&hellip;]<\/p>\n","protected":false},"author":0,"featured_media":0,"comment_status":"open","ping_status":"open","sticky":false,"template":"","format":"standard","meta":{"site-sidebar-layout":"default","site-content-layout":"","ast-site-content-layout":"default","site-content-style":"default","site-sidebar-style":"default","ast-global-header-display":"","ast-banner-title-visibility":"","ast-main-header-display":"","ast-hfb-above-header-display":"","ast-hfb-below-header-display":"","ast-hfb-mobile-header-display":"","site-post-title":"","ast-breadcrumbs-content":"","ast-featured-img":"","footer-sml-layout":"","ast-disable-related-posts":"","theme-transparent-header-meta":"","adv-header-id-meta":"","stick-header-meta":"","header-above-stick-meta":"","header-main-stick-meta":"","header-below-stick-meta":"","astra-migrate-meta-layouts":"default","ast-page-background-enabled":"default","ast-page-background-meta":{"desktop":{"background-color":"var(--ast-global-color-5)","background-image":"","background-repeat":"repeat","background-position":"center center","background-size":"auto","background-attachment":"scroll","background-type":"","background-media":"","overlay-type":"","overlay-color":"","overlay-opacity":"","overlay-gradient":""},"tablet":{"background-color":"","background-image":"","background-repeat":"repeat","background-position":"center center","background-size":"auto","background-attachment":"scroll","background-type":"","background-media":"","overlay-type":"","overlay-color":"","overlay-opacity":"","overlay-gradient":""},"mobile":{"background-color":"","background-image":"","background-repeat":"repeat","background-position":"center center","background-size":"auto","background-attachment":"scroll","background-type":"","background-media":"","overlay-type":"","overlay-color":"","overlay-opacity":"","overlay-gradient":""}},"ast-content-background-meta":{"desktop":{"background-color":"var(--ast-global-color-4)","background-image":"","background-repeat":"repeat","background-position":"center center","background-size":"auto","background-attachment":"scroll","background-type":"","background-media":"","overlay-type":"","overlay-color":"","overlay-opacity":"","overlay-gradient":""},"tablet":{"background-color":"var(--ast-global-color-4)","background-image":"","background-repeat":"repeat","background-position":"center center","background-size":"auto","background-attachment":"scroll","background-type":"","background-media":"","overlay-type":"","overlay-color":"","overlay-opacity":"","overlay-gradient":""},"mobile":{"background-color":"var(--ast-global-color-4)","background-image":"","background-repeat":"repeat","background-position":"center center","background-size":"auto","background-attachment":"scroll","background-type":"","background-media":"","overlay-type":"","overlay-color":"","overlay-opacity":"","overlay-gradient":""}},"footnotes":""},"categories":[1],"tags":[],"class_list":["post-109027","post","type-post","status-publish","format-standard","hentry","category-sem-categoria"],"yoast_head":"<!-- This site is optimized with the Yoast SEO plugin v26.6 - https:\/\/yoast.com\/wordpress\/plugins\/seo\/ -->\n<title>Deputado Wellington solicita ao Governo do Estado recomposi\u00e7\u00e3o salarial para servidores p\u00fablicos civis, militares e aposentados - Daniel Matos<\/title>\n<meta name=\"robots\" content=\"index, follow, max-snippet:-1, max-image-preview:large, max-video-preview:-1\" \/>\n<link rel=\"canonical\" href=\"https:\/\/www.blogsoestado.com\/danielmatos\/deputado-wellington-solicita-ao-governo-do-estado-recomposicao-salarial-para-servidores-publicos-civis-militares-e-aposentados\/\" \/>\n<meta property=\"og:locale\" content=\"pt_BR\" \/>\n<meta property=\"og:type\" content=\"article\" \/>\n<meta property=\"og:title\" content=\"Deputado Wellington solicita ao Governo do Estado recomposi\u00e7\u00e3o salarial para servidores p\u00fablicos civis, militares e aposentados - Daniel Matos\" \/>\n<meta property=\"og:description\" content=\"O deputado estadual Wellington do Curso utilizou as redes sociais, na manh\u00e3 desta segunda-feira (1\u00b0), para fazer refer\u00eancia ao Dia [&hellip;]\" \/>\n<meta property=\"og:url\" content=\"https:\/\/www.blogsoestado.com\/danielmatos\/deputado-wellington-solicita-ao-governo-do-estado-recomposicao-salarial-para-servidores-publicos-civis-militares-e-aposentados\/\" \/>\n<meta property=\"og:site_name\" content=\"Daniel Matos\" \/>\n<meta property=\"article:published_time\" content=\"2023-05-01T17:59:56+00:00\" \/>\n<meta property=\"og:image\" content=\"https:\/\/www.blogsoestado.com\/danielmatos\/files\/2023\/05\/Screenshot_20230501-1447362.png\" \/>\n<meta name=\"twitter:card\" content=\"summary_large_image\" \/>\n<meta name=\"twitter:label1\" content=\"Est. tempo de leitura\" \/>\n\t<meta name=\"twitter:data1\" content=\"2 minutos\" \/>\n<script type=\"application\/ld+json\" class=\"yoast-schema-graph\">{\"@context\":\"https:\/\/schema.org\",\"@graph\":[{\"@type\":\"WebPage\",\"@id\":\"https:\/\/www.blogsoestado.com\/danielmatos\/deputado-wellington-solicita-ao-governo-do-estado-recomposicao-salarial-para-servidores-publicos-civis-militares-e-aposentados\/\",\"url\":\"https:\/\/www.blogsoestado.com\/danielmatos\/deputado-wellington-solicita-ao-governo-do-estado-recomposicao-salarial-para-servidores-publicos-civis-militares-e-aposentados\/\",\"name\":\"Deputado Wellington solicita ao Governo do Estado recomposi\u00e7\u00e3o salarial para servidores p\u00fablicos civis, militares e aposentados - Daniel Matos\",\"isPartOf\":{\"@id\":\"https:\/\/www.blogsoestado.com\/danielmatos\/#website\"},\"primaryImageOfPage\":{\"@id\":\"https:\/\/www.blogsoestado.com\/danielmatos\/deputado-wellington-solicita-ao-governo-do-estado-recomposicao-salarial-para-servidores-publicos-civis-militares-e-aposentados\/#primaryimage\"},\"image\":{\"@id\":\"https:\/\/www.blogsoestado.com\/danielmatos\/deputado-wellington-solicita-ao-governo-do-estado-recomposicao-salarial-para-servidores-publicos-civis-militares-e-aposentados\/#primaryimage\"},\"thumbnailUrl\":\"https:\/\/www.blogsoestado.com\/danielmatos\/files\/2023\/05\/Screenshot_20230501-1447362.png\",\"datePublished\":\"2023-05-01T17:59:56+00:00\",\"author\":{\"@id\":\"\"},\"breadcrumb\":{\"@id\":\"https:\/\/www.blogsoestado.com\/danielmatos\/deputado-wellington-solicita-ao-governo-do-estado-recomposicao-salarial-para-servidores-publicos-civis-militares-e-aposentados\/#breadcrumb\"},\"inLanguage\":\"pt-BR\",\"potentialAction\":[{\"@type\":\"ReadAction\",\"target\":[\"https:\/\/www.blogsoestado.com\/danielmatos\/deputado-wellington-solicita-ao-governo-do-estado-recomposicao-salarial-para-servidores-publicos-civis-militares-e-aposentados\/\"]}]},{\"@type\":\"ImageObject\",\"inLanguage\":\"pt-BR\",\"@id\":\"https:\/\/www.blogsoestado.com\/danielmatos\/deputado-wellington-solicita-ao-governo-do-estado-recomposicao-salarial-para-servidores-publicos-civis-militares-e-aposentados\/#primaryimage\",\"url\":\"https:\/\/www.blogsoestado.com\/danielmatos\/files\/2023\/05\/Screenshot_20230501-1447362.png\",\"contentUrl\":\"https:\/\/www.blogsoestado.com\/danielmatos\/files\/2023\/05\/Screenshot_20230501-1447362.png\"},{\"@type\":\"BreadcrumbList\",\"@id\":\"https:\/\/www.blogsoestado.com\/danielmatos\/deputado-wellington-solicita-ao-governo-do-estado-recomposicao-salarial-para-servidores-publicos-civis-militares-e-aposentados\/#breadcrumb\",\"itemListElement\":[{\"@type\":\"ListItem\",\"position\":1,\"name\":\"In\u00edcio\",\"item\":\"https:\/\/www.blogsoestado.com\/danielmatos\/\"},{\"@type\":\"ListItem\",\"position\":2,\"name\":\"Deputado Wellington solicita ao Governo do Estado recomposi\u00e7\u00e3o salarial para servidores p\u00fablicos civis, militares e aposentados\"}]},{\"@type\":\"WebSite\",\"@id\":\"https:\/\/www.blogsoestado.com\/danielmatos\/#website\",\"url\":\"https:\/\/www.blogsoestado.com\/danielmatos\/\",\"name\":\"Daniel Matos\",\"description\":\"\",\"potentialAction\":[{\"@type\":\"SearchAction\",\"target\":{\"@type\":\"EntryPoint\",\"urlTemplate\":\"https:\/\/www.blogsoestado.com\/danielmatos\/?s={search_term_string}\"},\"query-input\":{\"@type\":\"PropertyValueSpecification\",\"valueRequired\":true,\"valueName\":\"search_term_string\"}}],\"inLanguage\":\"pt-BR\"}]}<\/script>\n<!-- \/ Yoast SEO plugin. -->","yoast_head_json":{"title":"Deputado Wellington solicita ao Governo do Estado recomposi\u00e7\u00e3o salarial para servidores p\u00fablicos civis, militares e aposentados - Daniel Matos","robots":{"index":"index","follow":"follow","max-snippet":"max-snippet:-1","max-image-preview":"max-image-preview:large","max-video-preview":"max-video-preview:-1"},"canonical":"https:\/\/www.blogsoestado.com\/danielmatos\/deputado-wellington-solicita-ao-governo-do-estado-recomposicao-salarial-para-servidores-publicos-civis-militares-e-aposentados\/","og_locale":"pt_BR","og_type":"article","og_title":"Deputado Wellington solicita ao Governo do Estado recomposi\u00e7\u00e3o salarial para servidores p\u00fablicos civis, militares e aposentados - Daniel Matos","og_description":"O deputado estadual Wellington do Curso utilizou as redes sociais, na manh\u00e3 desta segunda-feira (1\u00b0), para fazer refer\u00eancia ao Dia [&hellip;]","og_url":"https:\/\/www.blogsoestado.com\/danielmatos\/deputado-wellington-solicita-ao-governo-do-estado-recomposicao-salarial-para-servidores-publicos-civis-militares-e-aposentados\/","og_site_name":"Daniel Matos","article_published_time":"2023-05-01T17:59:56+00:00","og_image":[{"url":"https:\/\/www.blogsoestado.com\/danielmatos\/files\/2023\/05\/Screenshot_20230501-1447362.png","type":"","width":"","height":""}],"twitter_card":"summary_large_image","twitter_misc":{"Est. tempo de leitura":"2 minutos"},"schema":{"@context":"https:\/\/schema.org","@graph":[{"@type":"WebPage","@id":"https:\/\/www.blogsoestado.com\/danielmatos\/deputado-wellington-solicita-ao-governo-do-estado-recomposicao-salarial-para-servidores-publicos-civis-militares-e-aposentados\/","url":"https:\/\/www.blogsoestado.com\/danielmatos\/deputado-wellington-solicita-ao-governo-do-estado-recomposicao-salarial-para-servidores-publicos-civis-militares-e-aposentados\/","name":"Deputado Wellington solicita ao Governo do Estado recomposi\u00e7\u00e3o salarial para servidores p\u00fablicos civis, militares e aposentados - Daniel Matos","isPartOf":{"@id":"https:\/\/www.blogsoestado.com\/danielmatos\/#website"},"primaryImageOfPage":{"@id":"https:\/\/www.blogsoestado.com\/danielmatos\/deputado-wellington-solicita-ao-governo-do-estado-recomposicao-salarial-para-servidores-publicos-civis-militares-e-aposentados\/#primaryimage"},"image":{"@id":"https:\/\/www.blogsoestado.com\/danielmatos\/deputado-wellington-solicita-ao-governo-do-estado-recomposicao-salarial-para-servidores-publicos-civis-militares-e-aposentados\/#primaryimage"},"thumbnailUrl":"https:\/\/www.blogsoestado.com\/danielmatos\/files\/2023\/05\/Screenshot_20230501-1447362.png","datePublished":"2023-05-01T17:59:56+00:00","author":{"@id":""},"breadcrumb":{"@id":"https:\/\/www.blogsoestado.com\/danielmatos\/deputado-wellington-solicita-ao-governo-do-estado-recomposicao-salarial-para-servidores-publicos-civis-militares-e-aposentados\/#breadcrumb"},"inLanguage":"pt-BR","potentialAction":[{"@type":"ReadAction","target":["https:\/\/www.blogsoestado.com\/danielmatos\/deputado-wellington-solicita-ao-governo-do-estado-recomposicao-salarial-para-servidores-publicos-civis-militares-e-aposentados\/"]}]},{"@type":"ImageObject","inLanguage":"pt-BR","@id":"https:\/\/www.blogsoestado.com\/danielmatos\/deputado-wellington-solicita-ao-governo-do-estado-recomposicao-salarial-para-servidores-publicos-civis-militares-e-aposentados\/#primaryimage","url":"https:\/\/www.blogsoestado.com\/danielmatos\/files\/2023\/05\/Screenshot_20230501-1447362.png","contentUrl":"https:\/\/www.blogsoestado.com\/danielmatos\/files\/2023\/05\/Screenshot_20230501-1447362.png"},{"@type":"BreadcrumbList","@id":"https:\/\/www.blogsoestado.com\/danielmatos\/deputado-wellington-solicita-ao-governo-do-estado-recomposicao-salarial-para-servidores-publicos-civis-militares-e-aposentados\/#breadcrumb","itemListElement":[{"@type":"ListItem","position":1,"name":"In\u00edcio","item":"https:\/\/www.blogsoestado.com\/danielmatos\/"},{"@type":"ListItem","position":2,"name":"Deputado Wellington solicita ao Governo do Estado recomposi\u00e7\u00e3o salarial para servidores p\u00fablicos civis, militares e aposentados"}]},{"@type":"WebSite","@id":"https:\/\/www.blogsoestado.com\/danielmatos\/#website","url":"https:\/\/www.blogsoestado.com\/danielmatos\/","name":"Daniel Matos","description":"","potentialAction":[{"@type":"SearchAction","target":{"@type":"EntryPoint","urlTemplate":"https:\/\/www.blogsoestado.com\/danielmatos\/?s={search_term_string}"},"query-input":{"@type":"PropertyValueSpecification","valueRequired":true,"valueName":"search_term_string"}}],"inLanguage":"pt-BR"}]}},"jetpack_featured_media_url":"","_links":{"self":[{"href":"https:\/\/www.blogsoestado.com\/danielmatos\/wp-json\/wp\/v2\/posts\/109027","targetHints":{"allow":["GET"]}}],"collection":[{"href":"https:\/\/www.blogsoestado.com\/danielmatos\/wp-json\/wp\/v2\/posts"}],"about":[{"href":"https:\/\/www.blogsoestado.com\/danielmatos\/wp-json\/wp\/v2\/types\/post"}],"replies":[{"embeddable":true,"href":"https:\/\/www.blogsoestado.com\/danielmatos\/wp-json\/wp\/v2\/comments?post=109027"}],"version-history":[{"count":0,"href":"https:\/\/www.blogsoestado.com\/danielmatos\/wp-json\/wp\/v2\/posts\/109027\/revisions"}],"wp:attachment":[{"href":"https:\/\/www.blogsoestado.com\/danielmatos\/wp-json\/wp\/v2\/media?parent=109027"}],"wp:term":[{"taxonomy":"category","embeddable":true,"href":"https:\/\/www.blogsoestado.com\/danielmatos\/wp-json\/wp\/v2\/categories?post=109027"},{"taxonomy":"post_tag","embeddable":true,"href":"https:\/\/www.blogsoestado.com\/danielmatos\/wp-json\/wp\/v2\/tags?post=109027"}],"curies":[{"name":"wp","href":"https:\/\/api.w.org\/{rel}","templated":true}]}}