{"id":109061,"date":"2023-05-02T11:28:33","date_gmt":"2023-05-02T14:28:33","guid":{"rendered":"https:\/\/www.blogsoestado.com\/danielmatos\/?p=109061"},"modified":"2023-05-02T11:28:33","modified_gmt":"2023-05-02T14:28:33","slug":"vacinacao-governo-e-prefeitura-do-paco-do-lumiar-realizam-dia-d-contra-influenza","status":"publish","type":"post","link":"https:\/\/www.blogsoestado.com\/danielmatos\/vacinacao-governo-e-prefeitura-do-paco-do-lumiar-realizam-dia-d-contra-influenza\/","title":{"rendered":"Vacina\u00e7\u00e3o: Governo e Prefeitura do Pa\u00e7o do Lumiar realizam Dia D contra influenza"},"content":{"rendered":"\n<p><em><strong><span class=\"has-inline-color has-vivid-red-color\">A partir desta ter\u00e7a-feira, as.doses estar\u00e3o dispon\u00edveis em todos os postos de sa\u00fade do munic\u00edpio, inclusive no posto na sede da SMS<\/span><\/strong><\/em><\/p>\n\n\n\n<div class=\"wp-block-image\"><figure class=\"aligncenter size-large\"><a href=\"https:\/\/www.blogsoestado.com\/danielmatos\/files\/2023\/05\/Screenshot_20230502-1108592.png\"><img decoding=\"async\" src=\"https:\/\/www.blogsoestado.com\/danielmatos\/files\/2023\/05\/Screenshot_20230502-1108592.png\" alt=\"\" class=\"wp-image-109062\"\/><\/a><figcaption>Equipe envolvida na execu\u00e7\u00e3o da campanha de vacina\u00e7\u00e3o preparada para aplicar as doses de vacinas<\/figcaption><\/figure><\/div>\n\n\n\n<p>O \u00faltimo s\u00e1bado (29) foi o dia escolhido para deflagrar o Dia D de Vacina\u00e7\u00e3o contra a Influenza. A campanha foi organizada pelo Governo do Estado em parceria com os munic\u00edpios que formam a Regi\u00e3o Metropolitana da Grande Ilha.<\/p>\n\n\n\n<div class=\"wp-block-image\"><figure class=\"aligncenter size-large\"><a href=\"https:\/\/www.blogsoestado.com\/danielmatos\/files\/2023\/05\/Screenshot_20230502-1109222.png\"><img decoding=\"async\" src=\"https:\/\/www.blogsoestado.com\/danielmatos\/files\/2023\/05\/Screenshot_20230502-1109222.png\" alt=\"\" class=\"wp-image-109063\"\/><\/a><figcaption>Mulher \u00e9 imunizada em um dos pontos de vacina\u00e7\u00e3o montados pela Prefeitura de Pa\u00e7o do Lumiar, em parceria com o Governo do Estado<\/figcaption><\/figure><\/div>\n\n\n\n<p>No Pa\u00e7o do Lumiar, sob o comando da prefeita Paula Azevedo(PCdoB), o trabalho foi coordenado pela secret\u00e1ria \u2013 Danielle Oliveira. \u201cO dia D, que foi realizado s\u00e1bado, foi o ponta p\u00e9 pela vacina\u00e7\u00e3o preventiva contra os sintomas gripais, mas a campanha continua sem data de t\u00e9rmino. As vacinas estar\u00e3o dispon\u00edveis em todas as unidades, inclusive o posto de vacina\u00e7\u00e3o no CSU, na sede da Secretaria Municipal de Sa\u00fade\u201d, explicou a secretaria.<\/p>\n\n\n\n<div class=\"wp-block-image\"><figure class=\"aligncenter size-large\"><a href=\"https:\/\/www.blogsoestado.com\/danielmatos\/files\/2023\/05\/Screenshot_20230502-1109452.png\"><img decoding=\"async\" src=\"https:\/\/www.blogsoestado.com\/danielmatos\/files\/2023\/05\/Screenshot_20230502-1109452-704x1024.png\" alt=\"\" class=\"wp-image-109064\"\/><\/a><figcaption>Crian\u00e7as levadas pelas m\u00e3es para se vacinar puderam saborear guloseimas<\/figcaption><\/figure><\/div>\n\n\n\n<p><strong>P\u00fablico-alvo<\/strong><\/p>\n\n\n\n<p>Crian\u00e7as de 6 meses a menores de idade, cinco anos, 11 meses e 29 dias, profissionais das for\u00e7as armadas, seguran\u00e7a p\u00fablica, ensino b\u00e1sico e superior<br \/>trabalhadores da \u00e1rea da sa\u00fade, gestores e pu\u00e9rperas, povos ind\u00edgenas, idosos com 60 anos, pessoas com doen\u00e7as cr\u00f4nicas, caminhoneiros.<\/p>\n\n\n\n<div class=\"wp-block-image\"><figure class=\"aligncenter size-large\"><a href=\"https:\/\/www.blogsoestado.com\/danielmatos\/files\/2023\/05\/Screenshot_20230502-1110142.png\"><img decoding=\"async\" src=\"https:\/\/www.blogsoestado.com\/danielmatos\/files\/2023\/05\/Screenshot_20230502-1110142-632x1024.png\" alt=\"\" class=\"wp-image-109065\"\/><\/a><figcaption>O Dia D de Vacina\u00e7\u00e3o contra a Influenza em Pa\u00e7o do Lumiar transcorreu em clima de alegria<\/figcaption><\/figure><\/div>\n\n\n\n<p><strong>Documentos necess\u00e1rios <\/strong><\/p>\n\n\n\n<p>Carteira de vacina\u00e7\u00e3o, cart\u00e3o do SUS e documento com foto ou CPF<\/p>\n","protected":false},"excerpt":{"rendered":"<p>A partir desta ter\u00e7a-feira, as.doses estar\u00e3o dispon\u00edveis em todos os postos de sa\u00fade do munic\u00edpio, inclusive no posto na sede [&hellip;]<\/p>\n","protected":false},"author":0,"featured_media":0,"comment_status":"open","ping_status":"open","sticky":false,"template":"","format":"standard","meta":{"site-sidebar-layout":"default","site-content-layout":"","ast-site-content-layout":"default","site-content-style":"default","site-sidebar-style":"default","ast-global-header-display":"","ast-banner-title-visibility":"","ast-main-header-display":"","ast-hfb-above-header-display":"","ast-hfb-below-header-display":"","ast-hfb-mobile-header-display":"","site-post-title":"","ast-breadcrumbs-content":"","ast-featured-img":"","footer-sml-layout":"","ast-disable-related-posts":"","theme-transparent-header-meta":"","adv-header-id-meta":"","stick-header-meta":"","header-above-stick-meta":"","header-main-stick-meta":"","header-below-stick-meta":"","astra-migrate-meta-layouts":"default","ast-page-background-enabled":"default","ast-page-background-meta":{"desktop":{"background-color":"var(--ast-global-color-5)","background-image":"","background-repeat":"repeat","background-position":"center center","background-size":"auto","background-attachment":"scroll","background-type":"","background-media":"","overlay-type":"","overlay-color":"","overlay-opacity":"","overlay-gradient":""},"tablet":{"background-color":"","background-image":"","background-repeat":"repeat","background-position":"center center","background-size":"auto","background-attachment":"scroll","background-type":"","background-media":"","overlay-type":"","overlay-color":"","overlay-opacity":"","overlay-gradient":""},"mobile":{"background-color":"","background-image":"","background-repeat":"repeat","background-position":"center center","background-size":"auto","background-attachment":"scroll","background-type":"","background-media":"","overlay-type":"","overlay-color":"","overlay-opacity":"","overlay-gradient":""}},"ast-content-background-meta":{"desktop":{"background-color":"var(--ast-global-color-4)","background-image":"","background-repeat":"repeat","background-position":"center center","background-size":"auto","background-attachment":"scroll","background-type":"","background-media":"","overlay-type":"","overlay-color":"","overlay-opacity":"","overlay-gradient":""},"tablet":{"background-color":"var(--ast-global-color-4)","background-image":"","background-repeat":"repeat","background-position":"center center","background-size":"auto","background-attachment":"scroll","background-type":"","background-media":"","overlay-type":"","overlay-color":"","overlay-opacity":"","overlay-gradient":""},"mobile":{"background-color":"var(--ast-global-color-4)","background-image":"","background-repeat":"repeat","background-position":"center center","background-size":"auto","background-attachment":"scroll","background-type":"","background-media":"","overlay-type":"","overlay-color":"","overlay-opacity":"","overlay-gradient":""}},"footnotes":""},"categories":[1],"tags":[],"class_list":["post-109061","post","type-post","status-publish","format-standard","hentry","category-sem-categoria"],"yoast_head":"<!-- This site is optimized with the Yoast SEO plugin v26.6 - https:\/\/yoast.com\/wordpress\/plugins\/seo\/ -->\n<title>Vacina\u00e7\u00e3o: Governo e Prefeitura do Pa\u00e7o do Lumiar realizam Dia D contra influenza - Daniel Matos<\/title>\n<meta name=\"robots\" content=\"index, follow, max-snippet:-1, max-image-preview:large, max-video-preview:-1\" \/>\n<link rel=\"canonical\" href=\"https:\/\/www.blogsoestado.com\/danielmatos\/vacinacao-governo-e-prefeitura-do-paco-do-lumiar-realizam-dia-d-contra-influenza\/\" \/>\n<meta property=\"og:locale\" content=\"pt_BR\" \/>\n<meta property=\"og:type\" content=\"article\" \/>\n<meta property=\"og:title\" content=\"Vacina\u00e7\u00e3o: Governo e Prefeitura do Pa\u00e7o do Lumiar realizam Dia D contra influenza - Daniel Matos\" \/>\n<meta property=\"og:description\" content=\"A partir desta ter\u00e7a-feira, as.doses estar\u00e3o dispon\u00edveis em todos os postos de sa\u00fade do munic\u00edpio, inclusive no posto na sede [&hellip;]\" \/>\n<meta property=\"og:url\" content=\"https:\/\/www.blogsoestado.com\/danielmatos\/vacinacao-governo-e-prefeitura-do-paco-do-lumiar-realizam-dia-d-contra-influenza\/\" \/>\n<meta property=\"og:site_name\" content=\"Daniel Matos\" \/>\n<meta property=\"article:published_time\" content=\"2023-05-02T14:28:33+00:00\" \/>\n<meta property=\"og:image\" content=\"https:\/\/www.blogsoestado.com\/danielmatos\/files\/2023\/05\/Screenshot_20230502-1108592.png\" \/>\n<meta name=\"twitter:card\" content=\"summary_large_image\" \/>\n<meta name=\"twitter:label1\" content=\"Est. tempo de leitura\" \/>\n\t<meta name=\"twitter:data1\" content=\"2 minutos\" \/>\n<script type=\"application\/ld+json\" class=\"yoast-schema-graph\">{\"@context\":\"https:\/\/schema.org\",\"@graph\":[{\"@type\":\"WebPage\",\"@id\":\"https:\/\/www.blogsoestado.com\/danielmatos\/vacinacao-governo-e-prefeitura-do-paco-do-lumiar-realizam-dia-d-contra-influenza\/\",\"url\":\"https:\/\/www.blogsoestado.com\/danielmatos\/vacinacao-governo-e-prefeitura-do-paco-do-lumiar-realizam-dia-d-contra-influenza\/\",\"name\":\"Vacina\u00e7\u00e3o: Governo e Prefeitura do Pa\u00e7o do Lumiar realizam Dia D contra influenza - Daniel Matos\",\"isPartOf\":{\"@id\":\"https:\/\/www.blogsoestado.com\/danielmatos\/#website\"},\"primaryImageOfPage\":{\"@id\":\"https:\/\/www.blogsoestado.com\/danielmatos\/vacinacao-governo-e-prefeitura-do-paco-do-lumiar-realizam-dia-d-contra-influenza\/#primaryimage\"},\"image\":{\"@id\":\"https:\/\/www.blogsoestado.com\/danielmatos\/vacinacao-governo-e-prefeitura-do-paco-do-lumiar-realizam-dia-d-contra-influenza\/#primaryimage\"},\"thumbnailUrl\":\"https:\/\/www.blogsoestado.com\/danielmatos\/files\/2023\/05\/Screenshot_20230502-1108592.png\",\"datePublished\":\"2023-05-02T14:28:33+00:00\",\"author\":{\"@id\":\"\"},\"breadcrumb\":{\"@id\":\"https:\/\/www.blogsoestado.com\/danielmatos\/vacinacao-governo-e-prefeitura-do-paco-do-lumiar-realizam-dia-d-contra-influenza\/#breadcrumb\"},\"inLanguage\":\"pt-BR\",\"potentialAction\":[{\"@type\":\"ReadAction\",\"target\":[\"https:\/\/www.blogsoestado.com\/danielmatos\/vacinacao-governo-e-prefeitura-do-paco-do-lumiar-realizam-dia-d-contra-influenza\/\"]}]},{\"@type\":\"ImageObject\",\"inLanguage\":\"pt-BR\",\"@id\":\"https:\/\/www.blogsoestado.com\/danielmatos\/vacinacao-governo-e-prefeitura-do-paco-do-lumiar-realizam-dia-d-contra-influenza\/#primaryimage\",\"url\":\"https:\/\/www.blogsoestado.com\/danielmatos\/files\/2023\/05\/Screenshot_20230502-1108592.png\",\"contentUrl\":\"https:\/\/www.blogsoestado.com\/danielmatos\/files\/2023\/05\/Screenshot_20230502-1108592.png\"},{\"@type\":\"BreadcrumbList\",\"@id\":\"https:\/\/www.blogsoestado.com\/danielmatos\/vacinacao-governo-e-prefeitura-do-paco-do-lumiar-realizam-dia-d-contra-influenza\/#breadcrumb\",\"itemListElement\":[{\"@type\":\"ListItem\",\"position\":1,\"name\":\"In\u00edcio\",\"item\":\"https:\/\/www.blogsoestado.com\/danielmatos\/\"},{\"@type\":\"ListItem\",\"position\":2,\"name\":\"Vacina\u00e7\u00e3o: Governo e Prefeitura do Pa\u00e7o do Lumiar realizam Dia D contra influenza\"}]},{\"@type\":\"WebSite\",\"@id\":\"https:\/\/www.blogsoestado.com\/danielmatos\/#website\",\"url\":\"https:\/\/www.blogsoestado.com\/danielmatos\/\",\"name\":\"Daniel Matos\",\"description\":\"\",\"potentialAction\":[{\"@type\":\"SearchAction\",\"target\":{\"@type\":\"EntryPoint\",\"urlTemplate\":\"https:\/\/www.blogsoestado.com\/danielmatos\/?s={search_term_string}\"},\"query-input\":{\"@type\":\"PropertyValueSpecification\",\"valueRequired\":true,\"valueName\":\"search_term_string\"}}],\"inLanguage\":\"pt-BR\"}]}<\/script>\n<!-- \/ Yoast SEO plugin. -->","yoast_head_json":{"title":"Vacina\u00e7\u00e3o: Governo e Prefeitura do Pa\u00e7o do Lumiar realizam Dia D contra influenza - Daniel Matos","robots":{"index":"index","follow":"follow","max-snippet":"max-snippet:-1","max-image-preview":"max-image-preview:large","max-video-preview":"max-video-preview:-1"},"canonical":"https:\/\/www.blogsoestado.com\/danielmatos\/vacinacao-governo-e-prefeitura-do-paco-do-lumiar-realizam-dia-d-contra-influenza\/","og_locale":"pt_BR","og_type":"article","og_title":"Vacina\u00e7\u00e3o: Governo e Prefeitura do Pa\u00e7o do Lumiar realizam Dia D contra influenza - Daniel Matos","og_description":"A partir desta ter\u00e7a-feira, as.doses estar\u00e3o dispon\u00edveis em todos os postos de sa\u00fade do munic\u00edpio, inclusive no posto na sede [&hellip;]","og_url":"https:\/\/www.blogsoestado.com\/danielmatos\/vacinacao-governo-e-prefeitura-do-paco-do-lumiar-realizam-dia-d-contra-influenza\/","og_site_name":"Daniel Matos","article_published_time":"2023-05-02T14:28:33+00:00","og_image":[{"url":"https:\/\/www.blogsoestado.com\/danielmatos\/files\/2023\/05\/Screenshot_20230502-1108592.png","type":"","width":"","height":""}],"twitter_card":"summary_large_image","twitter_misc":{"Est. tempo de leitura":"2 minutos"},"schema":{"@context":"https:\/\/schema.org","@graph":[{"@type":"WebPage","@id":"https:\/\/www.blogsoestado.com\/danielmatos\/vacinacao-governo-e-prefeitura-do-paco-do-lumiar-realizam-dia-d-contra-influenza\/","url":"https:\/\/www.blogsoestado.com\/danielmatos\/vacinacao-governo-e-prefeitura-do-paco-do-lumiar-realizam-dia-d-contra-influenza\/","name":"Vacina\u00e7\u00e3o: Governo e Prefeitura do Pa\u00e7o do Lumiar realizam Dia D contra influenza - Daniel Matos","isPartOf":{"@id":"https:\/\/www.blogsoestado.com\/danielmatos\/#website"},"primaryImageOfPage":{"@id":"https:\/\/www.blogsoestado.com\/danielmatos\/vacinacao-governo-e-prefeitura-do-paco-do-lumiar-realizam-dia-d-contra-influenza\/#primaryimage"},"image":{"@id":"https:\/\/www.blogsoestado.com\/danielmatos\/vacinacao-governo-e-prefeitura-do-paco-do-lumiar-realizam-dia-d-contra-influenza\/#primaryimage"},"thumbnailUrl":"https:\/\/www.blogsoestado.com\/danielmatos\/files\/2023\/05\/Screenshot_20230502-1108592.png","datePublished":"2023-05-02T14:28:33+00:00","author":{"@id":""},"breadcrumb":{"@id":"https:\/\/www.blogsoestado.com\/danielmatos\/vacinacao-governo-e-prefeitura-do-paco-do-lumiar-realizam-dia-d-contra-influenza\/#breadcrumb"},"inLanguage":"pt-BR","potentialAction":[{"@type":"ReadAction","target":["https:\/\/www.blogsoestado.com\/danielmatos\/vacinacao-governo-e-prefeitura-do-paco-do-lumiar-realizam-dia-d-contra-influenza\/"]}]},{"@type":"ImageObject","inLanguage":"pt-BR","@id":"https:\/\/www.blogsoestado.com\/danielmatos\/vacinacao-governo-e-prefeitura-do-paco-do-lumiar-realizam-dia-d-contra-influenza\/#primaryimage","url":"https:\/\/www.blogsoestado.com\/danielmatos\/files\/2023\/05\/Screenshot_20230502-1108592.png","contentUrl":"https:\/\/www.blogsoestado.com\/danielmatos\/files\/2023\/05\/Screenshot_20230502-1108592.png"},{"@type":"BreadcrumbList","@id":"https:\/\/www.blogsoestado.com\/danielmatos\/vacinacao-governo-e-prefeitura-do-paco-do-lumiar-realizam-dia-d-contra-influenza\/#breadcrumb","itemListElement":[{"@type":"ListItem","position":1,"name":"In\u00edcio","item":"https:\/\/www.blogsoestado.com\/danielmatos\/"},{"@type":"ListItem","position":2,"name":"Vacina\u00e7\u00e3o: Governo e Prefeitura do Pa\u00e7o do Lumiar realizam Dia D contra influenza"}]},{"@type":"WebSite","@id":"https:\/\/www.blogsoestado.com\/danielmatos\/#website","url":"https:\/\/www.blogsoestado.com\/danielmatos\/","name":"Daniel Matos","description":"","potentialAction":[{"@type":"SearchAction","target":{"@type":"EntryPoint","urlTemplate":"https:\/\/www.blogsoestado.com\/danielmatos\/?s={search_term_string}"},"query-input":{"@type":"PropertyValueSpecification","valueRequired":true,"valueName":"search_term_string"}}],"inLanguage":"pt-BR"}]}},"jetpack_featured_media_url":"","_links":{"self":[{"href":"https:\/\/www.blogsoestado.com\/danielmatos\/wp-json\/wp\/v2\/posts\/109061","targetHints":{"allow":["GET"]}}],"collection":[{"href":"https:\/\/www.blogsoestado.com\/danielmatos\/wp-json\/wp\/v2\/posts"}],"about":[{"href":"https:\/\/www.blogsoestado.com\/danielmatos\/wp-json\/wp\/v2\/types\/post"}],"replies":[{"embeddable":true,"href":"https:\/\/www.blogsoestado.com\/danielmatos\/wp-json\/wp\/v2\/comments?post=109061"}],"version-history":[{"count":0,"href":"https:\/\/www.blogsoestado.com\/danielmatos\/wp-json\/wp\/v2\/posts\/109061\/revisions"}],"wp:attachment":[{"href":"https:\/\/www.blogsoestado.com\/danielmatos\/wp-json\/wp\/v2\/media?parent=109061"}],"wp:term":[{"taxonomy":"category","embeddable":true,"href":"https:\/\/www.blogsoestado.com\/danielmatos\/wp-json\/wp\/v2\/categories?post=109061"},{"taxonomy":"post_tag","embeddable":true,"href":"https:\/\/www.blogsoestado.com\/danielmatos\/wp-json\/wp\/v2\/tags?post=109061"}],"curies":[{"name":"wp","href":"https:\/\/api.w.org\/{rel}","templated":true}]}}