{"id":109069,"date":"2023-05-02T13:41:01","date_gmt":"2023-05-02T16:41:01","guid":{"rendered":"https:\/\/www.blogsoestado.com\/danielmatos\/?p=109069"},"modified":"2023-05-02T13:41:01","modified_gmt":"2023-05-02T16:41:01","slug":"homem-que-matou-a-propria-mae-em-timon-e-condenado-a-2-anos-e-9-meses-de-prisao-mas-e-posto-em-liberdade","status":"publish","type":"post","link":"https:\/\/www.blogsoestado.com\/danielmatos\/homem-que-matou-a-propria-mae-em-timon-e-condenado-a-2-anos-e-9-meses-de-prisao-mas-e-posto-em-liberdade\/","title":{"rendered":"Homem que matou a pr\u00f3pria m\u00e3e, em Timon, \u00e9 condenado a 2 anos e 9 meses de pris\u00e3o, mas \u00e9 posto em liberdade"},"content":{"rendered":"\n<div class=\"wp-block-image\"><figure class=\"aligncenter size-large\"><a href=\"https:\/\/www.blogsoestado.com\/danielmatos\/files\/2023\/05\/Screenshot_20230502-1332262.png\"><img decoding=\"async\" src=\"https:\/\/www.blogsoestado.com\/danielmatos\/files\/2023\/05\/Screenshot_20230502-1332262.png\" alt=\"\" class=\"wp-image-109070\"\/><\/a><figcaption>Ao fim do julgamento, o r\u00e9u foi condenado a 2 anos e nove meses, mas como j\u00e1 estava preso desde o crime, resultando em cumprimento integral da pena, ele foi posto em liberdade.<\/figcaption><\/figure><\/div>\n\n\n\n<p>O Poder Judici\u00e1rio da Comarca de Timon, por meio da 3\u00aa Vara Criminal, realizou na \u00faltima sexta-feira (28), uma sess\u00e3o do Tribunal do J\u00fari, presidida pelo juiz titular Paulo Roberto Brasil Teles de Menezes. O r\u00e9u foi Elielton Barbosa dos Santos, julgado sob acusa\u00e7\u00e3o de ter matado a pr\u00f3pria m\u00e3e, B\u00e1rbara Lima de Oliveira, com um golpe de faca, fato ocorrido em 12 de abril de 2020. O conselho de senten\u00e7a entendeu que o r\u00e9u n\u00e3o teve a inten\u00e7\u00e3o de matar, optando pela desclassifica\u00e7\u00e3o do crime para les\u00e3o corporal seguida de morte. Ao final, ele recebeu a pena definitiva de 2 anos e nove meses, mas como j\u00e1 estava preso desde o crime, resultando em cumprimento integral da pena, ele foi posto em liberdade.<\/p>\n\n\n\n<p>Narrou o inqu\u00e9rito policial que, na data citada, no Bairro Cidade Nova, o denunciado desferiu um golpe contra a v\u00edtima, sua genitora. De acordo com o apurado, o denunciado Elielton discutiu com a v\u00edtima e ambos chegaram \u00e0 agress\u00e3o m\u00fatua, embora levemente. Algum tempo ap\u00f3s, B\u00e1rbara se encontrava em sua casa, na companhia de seu companheiro, &nbsp;j\u00e1 deitados, haja vista que passaram o dia ingerindo bebida alco\u00f3lica, instante em que o Elielton chegou, bastante alterado, passando a falar com a v\u00edtima sobre um dinheiro do aux\u00edlio emergencial que esta ia solicitar para ele.<\/p>\n\n\n\n<p><strong>BRIGA ENTRE M\u00c3E E FILHO<\/strong><\/p>\n\n\n\n<p>Ato cont\u00ednuo, instaurou-se uma discuss\u00e3o entre os dois, chegando \u00e0s vias de fato, sendo que, inclusive, alguns utens\u00edlios dom\u00e9sticos foram danificados. Nesse momento, o companheiro de B\u00e1rbara tentou intervir, por\u00e9m, ela n\u00e3o permitiu, dizendo para ele n\u00e3o se meter, pois era briga de m\u00e3e e filho. Desse modo, durante a confus\u00e3o, o denunciado se apoderou do aparelho celular da v\u00edtima, tentando lev\u00e1-lo consigo.&nbsp;<\/p>\n\n\n\n<p>Quando ele j\u00e1 estava saindo da casa levando o celular, a v\u00edtima pegou uma faca, instante em que se iniciou nova luta corporal. Durante a contenda, o denunciado conseguiu tomar a faca da v\u00edtima e, ap\u00f3s desarm\u00e1-la, teria aplicado um golpe na barriga de B\u00e1rbara.<\/p>\n\n\n\n<p>A sess\u00e3o de julgamento, presidida pelo juiz Paulo Roberto, foi realizada no plen\u00e1rio do Edif\u00edcio Amarantino Ribeiro Gon\u00e7alves. Atuou na acusa\u00e7\u00e3o a promotora de Justi\u00e7a &nbsp;Karina Freitas Chaves e, na defesa, atuou a advogada Creuza Maria Lopes, que trabalhou como defensora p\u00fablica.<\/p>\n","protected":false},"excerpt":{"rendered":"<p>O Poder Judici\u00e1rio da Comarca de Timon, por meio da 3\u00aa Vara Criminal, realizou na \u00faltima sexta-feira (28), uma sess\u00e3o [&hellip;]<\/p>\n","protected":false},"author":0,"featured_media":0,"comment_status":"open","ping_status":"open","sticky":false,"template":"","format":"standard","meta":{"site-sidebar-layout":"default","site-content-layout":"","ast-site-content-layout":"default","site-content-style":"default","site-sidebar-style":"default","ast-global-header-display":"","ast-banner-title-visibility":"","ast-main-header-display":"","ast-hfb-above-header-display":"","ast-hfb-below-header-display":"","ast-hfb-mobile-header-display":"","site-post-title":"","ast-breadcrumbs-content":"","ast-featured-img":"","footer-sml-layout":"","ast-disable-related-posts":"","theme-transparent-header-meta":"","adv-header-id-meta":"","stick-header-meta":"","header-above-stick-meta":"","header-main-stick-meta":"","header-below-stick-meta":"","astra-migrate-meta-layouts":"default","ast-page-background-enabled":"default","ast-page-background-meta":{"desktop":{"background-color":"var(--ast-global-color-5)","background-image":"","background-repeat":"repeat","background-position":"center center","background-size":"auto","background-attachment":"scroll","background-type":"","background-media":"","overlay-type":"","overlay-color":"","overlay-opacity":"","overlay-gradient":""},"tablet":{"background-color":"","background-image":"","background-repeat":"repeat","background-position":"center center","background-size":"auto","background-attachment":"scroll","background-type":"","background-media":"","overlay-type":"","overlay-color":"","overlay-opacity":"","overlay-gradient":""},"mobile":{"background-color":"","background-image":"","background-repeat":"repeat","background-position":"center center","background-size":"auto","background-attachment":"scroll","background-type":"","background-media":"","overlay-type":"","overlay-color":"","overlay-opacity":"","overlay-gradient":""}},"ast-content-background-meta":{"desktop":{"background-color":"var(--ast-global-color-4)","background-image":"","background-repeat":"repeat","background-position":"center center","background-size":"auto","background-attachment":"scroll","background-type":"","background-media":"","overlay-type":"","overlay-color":"","overlay-opacity":"","overlay-gradient":""},"tablet":{"background-color":"var(--ast-global-color-4)","background-image":"","background-repeat":"repeat","background-position":"center center","background-size":"auto","background-attachment":"scroll","background-type":"","background-media":"","overlay-type":"","overlay-color":"","overlay-opacity":"","overlay-gradient":""},"mobile":{"background-color":"var(--ast-global-color-4)","background-image":"","background-repeat":"repeat","background-position":"center center","background-size":"auto","background-attachment":"scroll","background-type":"","background-media":"","overlay-type":"","overlay-color":"","overlay-opacity":"","overlay-gradient":""}},"footnotes":""},"categories":[1],"tags":[],"class_list":["post-109069","post","type-post","status-publish","format-standard","hentry","category-sem-categoria"],"yoast_head":"<!-- This site is optimized with the Yoast SEO plugin v26.6 - https:\/\/yoast.com\/wordpress\/plugins\/seo\/ -->\n<title>Homem que matou a pr\u00f3pria m\u00e3e, em Timon, \u00e9 condenado a 2 anos e 9 meses de pris\u00e3o, mas \u00e9 posto em liberdade - Daniel Matos<\/title>\n<meta name=\"robots\" content=\"index, follow, max-snippet:-1, max-image-preview:large, max-video-preview:-1\" \/>\n<link rel=\"canonical\" href=\"https:\/\/www.blogsoestado.com\/danielmatos\/homem-que-matou-a-propria-mae-em-timon-e-condenado-a-2-anos-e-9-meses-de-prisao-mas-e-posto-em-liberdade\/\" \/>\n<meta property=\"og:locale\" content=\"pt_BR\" \/>\n<meta property=\"og:type\" content=\"article\" \/>\n<meta property=\"og:title\" content=\"Homem que matou a pr\u00f3pria m\u00e3e, em Timon, \u00e9 condenado a 2 anos e 9 meses de pris\u00e3o, mas \u00e9 posto em liberdade - Daniel Matos\" \/>\n<meta property=\"og:description\" content=\"O Poder Judici\u00e1rio da Comarca de Timon, por meio da 3\u00aa Vara Criminal, realizou na \u00faltima sexta-feira (28), uma sess\u00e3o [&hellip;]\" \/>\n<meta property=\"og:url\" content=\"https:\/\/www.blogsoestado.com\/danielmatos\/homem-que-matou-a-propria-mae-em-timon-e-condenado-a-2-anos-e-9-meses-de-prisao-mas-e-posto-em-liberdade\/\" \/>\n<meta property=\"og:site_name\" content=\"Daniel Matos\" \/>\n<meta property=\"article:published_time\" content=\"2023-05-02T16:41:01+00:00\" \/>\n<meta property=\"og:image\" content=\"https:\/\/www.blogsoestado.com\/danielmatos\/files\/2023\/05\/Screenshot_20230502-1332262.png\" \/>\n<meta name=\"twitter:card\" content=\"summary_large_image\" \/>\n<meta name=\"twitter:label1\" content=\"Est. tempo de leitura\" \/>\n\t<meta name=\"twitter:data1\" content=\"2 minutos\" \/>\n<script type=\"application\/ld+json\" class=\"yoast-schema-graph\">{\"@context\":\"https:\/\/schema.org\",\"@graph\":[{\"@type\":\"WebPage\",\"@id\":\"https:\/\/www.blogsoestado.com\/danielmatos\/homem-que-matou-a-propria-mae-em-timon-e-condenado-a-2-anos-e-9-meses-de-prisao-mas-e-posto-em-liberdade\/\",\"url\":\"https:\/\/www.blogsoestado.com\/danielmatos\/homem-que-matou-a-propria-mae-em-timon-e-condenado-a-2-anos-e-9-meses-de-prisao-mas-e-posto-em-liberdade\/\",\"name\":\"Homem que matou a pr\u00f3pria m\u00e3e, em Timon, \u00e9 condenado a 2 anos e 9 meses de pris\u00e3o, mas \u00e9 posto em liberdade - Daniel Matos\",\"isPartOf\":{\"@id\":\"https:\/\/www.blogsoestado.com\/danielmatos\/#website\"},\"primaryImageOfPage\":{\"@id\":\"https:\/\/www.blogsoestado.com\/danielmatos\/homem-que-matou-a-propria-mae-em-timon-e-condenado-a-2-anos-e-9-meses-de-prisao-mas-e-posto-em-liberdade\/#primaryimage\"},\"image\":{\"@id\":\"https:\/\/www.blogsoestado.com\/danielmatos\/homem-que-matou-a-propria-mae-em-timon-e-condenado-a-2-anos-e-9-meses-de-prisao-mas-e-posto-em-liberdade\/#primaryimage\"},\"thumbnailUrl\":\"https:\/\/www.blogsoestado.com\/danielmatos\/files\/2023\/05\/Screenshot_20230502-1332262.png\",\"datePublished\":\"2023-05-02T16:41:01+00:00\",\"author\":{\"@id\":\"\"},\"breadcrumb\":{\"@id\":\"https:\/\/www.blogsoestado.com\/danielmatos\/homem-que-matou-a-propria-mae-em-timon-e-condenado-a-2-anos-e-9-meses-de-prisao-mas-e-posto-em-liberdade\/#breadcrumb\"},\"inLanguage\":\"pt-BR\",\"potentialAction\":[{\"@type\":\"ReadAction\",\"target\":[\"https:\/\/www.blogsoestado.com\/danielmatos\/homem-que-matou-a-propria-mae-em-timon-e-condenado-a-2-anos-e-9-meses-de-prisao-mas-e-posto-em-liberdade\/\"]}]},{\"@type\":\"ImageObject\",\"inLanguage\":\"pt-BR\",\"@id\":\"https:\/\/www.blogsoestado.com\/danielmatos\/homem-que-matou-a-propria-mae-em-timon-e-condenado-a-2-anos-e-9-meses-de-prisao-mas-e-posto-em-liberdade\/#primaryimage\",\"url\":\"https:\/\/www.blogsoestado.com\/danielmatos\/files\/2023\/05\/Screenshot_20230502-1332262.png\",\"contentUrl\":\"https:\/\/www.blogsoestado.com\/danielmatos\/files\/2023\/05\/Screenshot_20230502-1332262.png\"},{\"@type\":\"BreadcrumbList\",\"@id\":\"https:\/\/www.blogsoestado.com\/danielmatos\/homem-que-matou-a-propria-mae-em-timon-e-condenado-a-2-anos-e-9-meses-de-prisao-mas-e-posto-em-liberdade\/#breadcrumb\",\"itemListElement\":[{\"@type\":\"ListItem\",\"position\":1,\"name\":\"In\u00edcio\",\"item\":\"https:\/\/www.blogsoestado.com\/danielmatos\/\"},{\"@type\":\"ListItem\",\"position\":2,\"name\":\"Homem que matou a pr\u00f3pria m\u00e3e, em Timon, \u00e9 condenado a 2 anos e 9 meses de pris\u00e3o, mas \u00e9 posto em liberdade\"}]},{\"@type\":\"WebSite\",\"@id\":\"https:\/\/www.blogsoestado.com\/danielmatos\/#website\",\"url\":\"https:\/\/www.blogsoestado.com\/danielmatos\/\",\"name\":\"Daniel Matos\",\"description\":\"\",\"potentialAction\":[{\"@type\":\"SearchAction\",\"target\":{\"@type\":\"EntryPoint\",\"urlTemplate\":\"https:\/\/www.blogsoestado.com\/danielmatos\/?s={search_term_string}\"},\"query-input\":{\"@type\":\"PropertyValueSpecification\",\"valueRequired\":true,\"valueName\":\"search_term_string\"}}],\"inLanguage\":\"pt-BR\"}]}<\/script>\n<!-- \/ Yoast SEO plugin. -->","yoast_head_json":{"title":"Homem que matou a pr\u00f3pria m\u00e3e, em Timon, \u00e9 condenado a 2 anos e 9 meses de pris\u00e3o, mas \u00e9 posto em liberdade - Daniel Matos","robots":{"index":"index","follow":"follow","max-snippet":"max-snippet:-1","max-image-preview":"max-image-preview:large","max-video-preview":"max-video-preview:-1"},"canonical":"https:\/\/www.blogsoestado.com\/danielmatos\/homem-que-matou-a-propria-mae-em-timon-e-condenado-a-2-anos-e-9-meses-de-prisao-mas-e-posto-em-liberdade\/","og_locale":"pt_BR","og_type":"article","og_title":"Homem que matou a pr\u00f3pria m\u00e3e, em Timon, \u00e9 condenado a 2 anos e 9 meses de pris\u00e3o, mas \u00e9 posto em liberdade - Daniel Matos","og_description":"O Poder Judici\u00e1rio da Comarca de Timon, por meio da 3\u00aa Vara Criminal, realizou na \u00faltima sexta-feira (28), uma sess\u00e3o [&hellip;]","og_url":"https:\/\/www.blogsoestado.com\/danielmatos\/homem-que-matou-a-propria-mae-em-timon-e-condenado-a-2-anos-e-9-meses-de-prisao-mas-e-posto-em-liberdade\/","og_site_name":"Daniel Matos","article_published_time":"2023-05-02T16:41:01+00:00","og_image":[{"url":"https:\/\/www.blogsoestado.com\/danielmatos\/files\/2023\/05\/Screenshot_20230502-1332262.png","type":"","width":"","height":""}],"twitter_card":"summary_large_image","twitter_misc":{"Est. tempo de leitura":"2 minutos"},"schema":{"@context":"https:\/\/schema.org","@graph":[{"@type":"WebPage","@id":"https:\/\/www.blogsoestado.com\/danielmatos\/homem-que-matou-a-propria-mae-em-timon-e-condenado-a-2-anos-e-9-meses-de-prisao-mas-e-posto-em-liberdade\/","url":"https:\/\/www.blogsoestado.com\/danielmatos\/homem-que-matou-a-propria-mae-em-timon-e-condenado-a-2-anos-e-9-meses-de-prisao-mas-e-posto-em-liberdade\/","name":"Homem que matou a pr\u00f3pria m\u00e3e, em Timon, \u00e9 condenado a 2 anos e 9 meses de pris\u00e3o, mas \u00e9 posto em liberdade - Daniel Matos","isPartOf":{"@id":"https:\/\/www.blogsoestado.com\/danielmatos\/#website"},"primaryImageOfPage":{"@id":"https:\/\/www.blogsoestado.com\/danielmatos\/homem-que-matou-a-propria-mae-em-timon-e-condenado-a-2-anos-e-9-meses-de-prisao-mas-e-posto-em-liberdade\/#primaryimage"},"image":{"@id":"https:\/\/www.blogsoestado.com\/danielmatos\/homem-que-matou-a-propria-mae-em-timon-e-condenado-a-2-anos-e-9-meses-de-prisao-mas-e-posto-em-liberdade\/#primaryimage"},"thumbnailUrl":"https:\/\/www.blogsoestado.com\/danielmatos\/files\/2023\/05\/Screenshot_20230502-1332262.png","datePublished":"2023-05-02T16:41:01+00:00","author":{"@id":""},"breadcrumb":{"@id":"https:\/\/www.blogsoestado.com\/danielmatos\/homem-que-matou-a-propria-mae-em-timon-e-condenado-a-2-anos-e-9-meses-de-prisao-mas-e-posto-em-liberdade\/#breadcrumb"},"inLanguage":"pt-BR","potentialAction":[{"@type":"ReadAction","target":["https:\/\/www.blogsoestado.com\/danielmatos\/homem-que-matou-a-propria-mae-em-timon-e-condenado-a-2-anos-e-9-meses-de-prisao-mas-e-posto-em-liberdade\/"]}]},{"@type":"ImageObject","inLanguage":"pt-BR","@id":"https:\/\/www.blogsoestado.com\/danielmatos\/homem-que-matou-a-propria-mae-em-timon-e-condenado-a-2-anos-e-9-meses-de-prisao-mas-e-posto-em-liberdade\/#primaryimage","url":"https:\/\/www.blogsoestado.com\/danielmatos\/files\/2023\/05\/Screenshot_20230502-1332262.png","contentUrl":"https:\/\/www.blogsoestado.com\/danielmatos\/files\/2023\/05\/Screenshot_20230502-1332262.png"},{"@type":"BreadcrumbList","@id":"https:\/\/www.blogsoestado.com\/danielmatos\/homem-que-matou-a-propria-mae-em-timon-e-condenado-a-2-anos-e-9-meses-de-prisao-mas-e-posto-em-liberdade\/#breadcrumb","itemListElement":[{"@type":"ListItem","position":1,"name":"In\u00edcio","item":"https:\/\/www.blogsoestado.com\/danielmatos\/"},{"@type":"ListItem","position":2,"name":"Homem que matou a pr\u00f3pria m\u00e3e, em Timon, \u00e9 condenado a 2 anos e 9 meses de pris\u00e3o, mas \u00e9 posto em liberdade"}]},{"@type":"WebSite","@id":"https:\/\/www.blogsoestado.com\/danielmatos\/#website","url":"https:\/\/www.blogsoestado.com\/danielmatos\/","name":"Daniel Matos","description":"","potentialAction":[{"@type":"SearchAction","target":{"@type":"EntryPoint","urlTemplate":"https:\/\/www.blogsoestado.com\/danielmatos\/?s={search_term_string}"},"query-input":{"@type":"PropertyValueSpecification","valueRequired":true,"valueName":"search_term_string"}}],"inLanguage":"pt-BR"}]}},"jetpack_featured_media_url":"","_links":{"self":[{"href":"https:\/\/www.blogsoestado.com\/danielmatos\/wp-json\/wp\/v2\/posts\/109069","targetHints":{"allow":["GET"]}}],"collection":[{"href":"https:\/\/www.blogsoestado.com\/danielmatos\/wp-json\/wp\/v2\/posts"}],"about":[{"href":"https:\/\/www.blogsoestado.com\/danielmatos\/wp-json\/wp\/v2\/types\/post"}],"replies":[{"embeddable":true,"href":"https:\/\/www.blogsoestado.com\/danielmatos\/wp-json\/wp\/v2\/comments?post=109069"}],"version-history":[{"count":0,"href":"https:\/\/www.blogsoestado.com\/danielmatos\/wp-json\/wp\/v2\/posts\/109069\/revisions"}],"wp:attachment":[{"href":"https:\/\/www.blogsoestado.com\/danielmatos\/wp-json\/wp\/v2\/media?parent=109069"}],"wp:term":[{"taxonomy":"category","embeddable":true,"href":"https:\/\/www.blogsoestado.com\/danielmatos\/wp-json\/wp\/v2\/categories?post=109069"},{"taxonomy":"post_tag","embeddable":true,"href":"https:\/\/www.blogsoestado.com\/danielmatos\/wp-json\/wp\/v2\/tags?post=109069"}],"curies":[{"name":"wp","href":"https:\/\/api.w.org\/{rel}","templated":true}]}}