{"id":109072,"date":"2023-05-02T15:20:24","date_gmt":"2023-05-02T18:20:24","guid":{"rendered":"https:\/\/www.blogsoestado.com\/danielmatos\/?p=109072"},"modified":"2023-05-02T15:20:24","modified_gmt":"2023-05-02T18:20:24","slug":"paulo-victor-retorna-a-presidencia-da-camara-de-sao-luis","status":"publish","type":"post","link":"https:\/\/www.blogsoestado.com\/danielmatos\/paulo-victor-retorna-a-presidencia-da-camara-de-sao-luis\/","title":{"rendered":"Paulo Victor retorna \u00e0 presid\u00eancia da C\u00e2mara de S\u00e3o Lu\u00eds"},"content":{"rendered":"\n<p><em><strong><span class=\"has-inline-color has-vivid-red-color\">Vereador explicou que volta devido a momento delicado vivido por S\u00e3o Lu\u00eds, em \u00e1reas cruciais como a Sa\u00fade e o transporte p\u00fablico<\/span><\/strong><\/em><\/p>\n\n\n\n<div class=\"wp-block-image\"><figure class=\"aligncenter size-large\"><a href=\"https:\/\/www.blogsoestado.com\/danielmatos\/files\/2023\/05\/Screenshot_20230502-1515262.png\"><img decoding=\"async\" src=\"https:\/\/www.blogsoestado.com\/danielmatos\/files\/2023\/05\/Screenshot_20230502-1515262.png\" alt=\"\" class=\"wp-image-109073\"\/><\/a><figcaption>\u201cComo presidente que sou, irei tratar com responsabilidade as demandas, e sobretudo a responsabilidade de fiscalizar o Executivo, sem politicagem\u201d, disse (<strong>Fotos:<\/strong> Fabr\u00edcio Cunha)<\/figcaption><\/figure><\/div>\n\n\n\n<p>O presidente licenciado da C\u00e2mara Municipal de S\u00e3o Lu\u00eds, Paulo Victor, retornou ao comando da Casa nesta ter\u00e7a-feira (2), com o an\u00fancio de sua pr\u00e9-candidatura a prefeito, em 2024. O vereador, que estava ocupando o cargo de secret\u00e1rio de Estado da Cultura, falou sobre sua atua\u00e7\u00e3o \u00e0 frente da Casa, em entrevista coletiva \u00e0 imprensa.&nbsp;<\/p>\n\n\n\n<p><strong>Retorno \u00e0 presid\u00eancia&nbsp;<\/strong><\/p>\n\n\n\n<p>Paulo Victor iniciou a entrevista respondendo uma quest\u00e3o sobre a surpresa da classe pol\u00edtica com seu retorno \u00e0 presid\u00eancia da C\u00e2mara, afirmando que o momento delicado vivido por S\u00e3o Lu\u00eds, em \u00e1reas cruciais como a Sa\u00fade e o transporte p\u00fablico, justificaram sua volta aos trabalhos no Legislativo.<\/p>\n\n\n\n<p>\u201cInformo aos senhores e senhoras e \u00e0 nossa popula\u00e7\u00e3o que o retorno a esta Casa tem o intuito principal e sobretudo em discutir e pautar a nossa cidade, mas sobretudo de fazer o enfrentamento positivo, assumir a responsabilidade de ser pr\u00e9-candidato a prefeito da nossa cidade\u201d, disse.<\/p>\n\n\n\n<p><strong>Pedidos de afastamento de Eduardo Braide&nbsp;<\/strong><\/p>\n\n\n\n<p>O presidente da C\u00e2mara tamb\u00e9m afirmou, no mesmo pronunciamento, que recebeu tr\u00eas pedidos de afastamento e de cassa\u00e7\u00e3o do prefeito Eduardo Braide, e pontuou que a tramita\u00e7\u00e3o dos pedidos ser\u00e1 discutida com responsabilidade a partir da pr\u00f3xima semana pelo plen\u00e1rio.&nbsp;<\/p>\n\n\n\n<p><strong>Crise no transporte&nbsp;<\/strong><\/p>\n\n\n\n<p>Paulo Victor tamb\u00e9m destacou o que considera um desrespeito por parte da gest\u00e3o de Eduardo Braide na prefeitura com a C\u00e2mara de S\u00e3o Lu\u00eds, diante do n\u00e3o comparecimento do novo secret\u00e1rio de Tr\u00e2nsito e Transportes, Diego Rodrigues, ap\u00f3s ser convocado pela C\u00e2mara para prestar esclarecimentos.&nbsp;<\/p>\n\n\n\n<div class=\"wp-block-image\"><figure class=\"aligncenter size-large\"><a href=\"https:\/\/www.blogsoestado.com\/danielmatos\/files\/2023\/05\/Screenshot_20230502-1517022.png\"><img decoding=\"async\" src=\"https:\/\/www.blogsoestado.com\/danielmatos\/files\/2023\/05\/Screenshot_20230502-1517022.png\" alt=\"\" class=\"wp-image-109074\"\/><\/a><figcaption>Paulo Victor reafirmou a sua miss\u00e3o de manter a harmonia da C\u00e2mara Municipal junto aos demais poderes<\/figcaption><\/figure><\/div>\n\n\n\n<p>\u201c\u00c9 um absurdo um secret\u00e1rio afirmar a uma casa de 400 anos de hist\u00f3ria que n\u00e3o pode comparecer \u00e0 convoca\u00e7\u00e3o porque n\u00e3o sabe as formalidades t\u00e9cnicas. Esta Casa trar\u00e1 uma responsabilidade para si, em rela\u00e7\u00e3o ao transporte p\u00fablico, e encontrar\u00e1 um norte para dar uma resposta \u00e0 cidade\u201d, afirmou, informando que a C\u00e2mara ir\u00e1 convocar novamente o secret\u00e1rio para comparecimento em 24 horas.<\/p>\n\n\n\n<p>Paulo Victor encerrou a entrevista destacando sua miss\u00e3o de manter a harmonia da C\u00e2mara junto aos demais poderes.<\/p>\n\n\n\n<p>\u201cO primeiro passo \u00e9 ter harmonia dentro da nossa pr\u00f3pria casa. A C\u00e2mara \u00e9 a minha Casa e esses homens e mulheres ao meu lado s\u00e3o pessoas com quem tenho harmonia, representando uma quantidade absurda de votos e de pessoas da nossa cidade. Seguiremos trabalhando por S\u00e3o Lu\u00eds, juntos\u201d, afirmou.<\/p>\n","protected":false},"excerpt":{"rendered":"<p>Vereador explicou que volta devido a momento delicado vivido por S\u00e3o Lu\u00eds, em \u00e1reas cruciais como a Sa\u00fade e o [&hellip;]<\/p>\n","protected":false},"author":0,"featured_media":0,"comment_status":"open","ping_status":"open","sticky":false,"template":"","format":"standard","meta":{"site-sidebar-layout":"default","site-content-layout":"","ast-site-content-layout":"default","site-content-style":"default","site-sidebar-style":"default","ast-global-header-display":"","ast-banner-title-visibility":"","ast-main-header-display":"","ast-hfb-above-header-display":"","ast-hfb-below-header-display":"","ast-hfb-mobile-header-display":"","site-post-title":"","ast-breadcrumbs-content":"","ast-featured-img":"","footer-sml-layout":"","ast-disable-related-posts":"","theme-transparent-header-meta":"","adv-header-id-meta":"","stick-header-meta":"","header-above-stick-meta":"","header-main-stick-meta":"","header-below-stick-meta":"","astra-migrate-meta-layouts":"default","ast-page-background-enabled":"default","ast-page-background-meta":{"desktop":{"background-color":"var(--ast-global-color-5)","background-image":"","background-repeat":"repeat","background-position":"center center","background-size":"auto","background-attachment":"scroll","background-type":"","background-media":"","overlay-type":"","overlay-color":"","overlay-opacity":"","overlay-gradient":""},"tablet":{"background-color":"","background-image":"","background-repeat":"repeat","background-position":"center center","background-size":"auto","background-attachment":"scroll","background-type":"","background-media":"","overlay-type":"","overlay-color":"","overlay-opacity":"","overlay-gradient":""},"mobile":{"background-color":"","background-image":"","background-repeat":"repeat","background-position":"center center","background-size":"auto","background-attachment":"scroll","background-type":"","background-media":"","overlay-type":"","overlay-color":"","overlay-opacity":"","overlay-gradient":""}},"ast-content-background-meta":{"desktop":{"background-color":"var(--ast-global-color-4)","background-image":"","background-repeat":"repeat","background-position":"center center","background-size":"auto","background-attachment":"scroll","background-type":"","background-media":"","overlay-type":"","overlay-color":"","overlay-opacity":"","overlay-gradient":""},"tablet":{"background-color":"var(--ast-global-color-4)","background-image":"","background-repeat":"repeat","background-position":"center center","background-size":"auto","background-attachment":"scroll","background-type":"","background-media":"","overlay-type":"","overlay-color":"","overlay-opacity":"","overlay-gradient":""},"mobile":{"background-color":"var(--ast-global-color-4)","background-image":"","background-repeat":"repeat","background-position":"center center","background-size":"auto","background-attachment":"scroll","background-type":"","background-media":"","overlay-type":"","overlay-color":"","overlay-opacity":"","overlay-gradient":""}},"footnotes":""},"categories":[1],"tags":[],"class_list":["post-109072","post","type-post","status-publish","format-standard","hentry","category-sem-categoria"],"yoast_head":"<!-- This site is optimized with the Yoast SEO plugin v26.6 - https:\/\/yoast.com\/wordpress\/plugins\/seo\/ -->\n<title>Paulo Victor retorna \u00e0 presid\u00eancia da C\u00e2mara de S\u00e3o Lu\u00eds - Daniel Matos<\/title>\n<meta name=\"robots\" content=\"index, follow, max-snippet:-1, max-image-preview:large, max-video-preview:-1\" \/>\n<link rel=\"canonical\" href=\"https:\/\/www.blogsoestado.com\/danielmatos\/paulo-victor-retorna-a-presidencia-da-camara-de-sao-luis\/\" \/>\n<meta property=\"og:locale\" content=\"pt_BR\" \/>\n<meta property=\"og:type\" content=\"article\" \/>\n<meta property=\"og:title\" content=\"Paulo Victor retorna \u00e0 presid\u00eancia da C\u00e2mara de S\u00e3o Lu\u00eds - Daniel Matos\" \/>\n<meta property=\"og:description\" content=\"Vereador explicou que volta devido a momento delicado vivido por S\u00e3o Lu\u00eds, em \u00e1reas cruciais como a Sa\u00fade e o [&hellip;]\" \/>\n<meta property=\"og:url\" content=\"https:\/\/www.blogsoestado.com\/danielmatos\/paulo-victor-retorna-a-presidencia-da-camara-de-sao-luis\/\" \/>\n<meta property=\"og:site_name\" content=\"Daniel Matos\" \/>\n<meta property=\"article:published_time\" content=\"2023-05-02T18:20:24+00:00\" \/>\n<meta property=\"og:image\" content=\"https:\/\/www.blogsoestado.com\/danielmatos\/files\/2023\/05\/Screenshot_20230502-1515262.png\" \/>\n<meta name=\"twitter:card\" content=\"summary_large_image\" \/>\n<meta name=\"twitter:label1\" content=\"Est. tempo de leitura\" \/>\n\t<meta name=\"twitter:data1\" content=\"3 minutos\" \/>\n<script type=\"application\/ld+json\" class=\"yoast-schema-graph\">{\"@context\":\"https:\/\/schema.org\",\"@graph\":[{\"@type\":\"WebPage\",\"@id\":\"https:\/\/www.blogsoestado.com\/danielmatos\/paulo-victor-retorna-a-presidencia-da-camara-de-sao-luis\/\",\"url\":\"https:\/\/www.blogsoestado.com\/danielmatos\/paulo-victor-retorna-a-presidencia-da-camara-de-sao-luis\/\",\"name\":\"Paulo Victor retorna \u00e0 presid\u00eancia da C\u00e2mara de S\u00e3o Lu\u00eds - Daniel Matos\",\"isPartOf\":{\"@id\":\"https:\/\/www.blogsoestado.com\/danielmatos\/#website\"},\"primaryImageOfPage\":{\"@id\":\"https:\/\/www.blogsoestado.com\/danielmatos\/paulo-victor-retorna-a-presidencia-da-camara-de-sao-luis\/#primaryimage\"},\"image\":{\"@id\":\"https:\/\/www.blogsoestado.com\/danielmatos\/paulo-victor-retorna-a-presidencia-da-camara-de-sao-luis\/#primaryimage\"},\"thumbnailUrl\":\"https:\/\/www.blogsoestado.com\/danielmatos\/files\/2023\/05\/Screenshot_20230502-1515262.png\",\"datePublished\":\"2023-05-02T18:20:24+00:00\",\"author\":{\"@id\":\"\"},\"breadcrumb\":{\"@id\":\"https:\/\/www.blogsoestado.com\/danielmatos\/paulo-victor-retorna-a-presidencia-da-camara-de-sao-luis\/#breadcrumb\"},\"inLanguage\":\"pt-BR\",\"potentialAction\":[{\"@type\":\"ReadAction\",\"target\":[\"https:\/\/www.blogsoestado.com\/danielmatos\/paulo-victor-retorna-a-presidencia-da-camara-de-sao-luis\/\"]}]},{\"@type\":\"ImageObject\",\"inLanguage\":\"pt-BR\",\"@id\":\"https:\/\/www.blogsoestado.com\/danielmatos\/paulo-victor-retorna-a-presidencia-da-camara-de-sao-luis\/#primaryimage\",\"url\":\"https:\/\/www.blogsoestado.com\/danielmatos\/files\/2023\/05\/Screenshot_20230502-1515262.png\",\"contentUrl\":\"https:\/\/www.blogsoestado.com\/danielmatos\/files\/2023\/05\/Screenshot_20230502-1515262.png\"},{\"@type\":\"BreadcrumbList\",\"@id\":\"https:\/\/www.blogsoestado.com\/danielmatos\/paulo-victor-retorna-a-presidencia-da-camara-de-sao-luis\/#breadcrumb\",\"itemListElement\":[{\"@type\":\"ListItem\",\"position\":1,\"name\":\"In\u00edcio\",\"item\":\"https:\/\/www.blogsoestado.com\/danielmatos\/\"},{\"@type\":\"ListItem\",\"position\":2,\"name\":\"Paulo Victor retorna \u00e0 presid\u00eancia da C\u00e2mara de S\u00e3o Lu\u00eds\"}]},{\"@type\":\"WebSite\",\"@id\":\"https:\/\/www.blogsoestado.com\/danielmatos\/#website\",\"url\":\"https:\/\/www.blogsoestado.com\/danielmatos\/\",\"name\":\"Daniel Matos\",\"description\":\"\",\"potentialAction\":[{\"@type\":\"SearchAction\",\"target\":{\"@type\":\"EntryPoint\",\"urlTemplate\":\"https:\/\/www.blogsoestado.com\/danielmatos\/?s={search_term_string}\"},\"query-input\":{\"@type\":\"PropertyValueSpecification\",\"valueRequired\":true,\"valueName\":\"search_term_string\"}}],\"inLanguage\":\"pt-BR\"}]}<\/script>\n<!-- \/ Yoast SEO plugin. -->","yoast_head_json":{"title":"Paulo Victor retorna \u00e0 presid\u00eancia da C\u00e2mara de S\u00e3o Lu\u00eds - Daniel Matos","robots":{"index":"index","follow":"follow","max-snippet":"max-snippet:-1","max-image-preview":"max-image-preview:large","max-video-preview":"max-video-preview:-1"},"canonical":"https:\/\/www.blogsoestado.com\/danielmatos\/paulo-victor-retorna-a-presidencia-da-camara-de-sao-luis\/","og_locale":"pt_BR","og_type":"article","og_title":"Paulo Victor retorna \u00e0 presid\u00eancia da C\u00e2mara de S\u00e3o Lu\u00eds - Daniel Matos","og_description":"Vereador explicou que volta devido a momento delicado vivido por S\u00e3o Lu\u00eds, em \u00e1reas cruciais como a Sa\u00fade e o [&hellip;]","og_url":"https:\/\/www.blogsoestado.com\/danielmatos\/paulo-victor-retorna-a-presidencia-da-camara-de-sao-luis\/","og_site_name":"Daniel Matos","article_published_time":"2023-05-02T18:20:24+00:00","og_image":[{"url":"https:\/\/www.blogsoestado.com\/danielmatos\/files\/2023\/05\/Screenshot_20230502-1515262.png","type":"","width":"","height":""}],"twitter_card":"summary_large_image","twitter_misc":{"Est. tempo de leitura":"3 minutos"},"schema":{"@context":"https:\/\/schema.org","@graph":[{"@type":"WebPage","@id":"https:\/\/www.blogsoestado.com\/danielmatos\/paulo-victor-retorna-a-presidencia-da-camara-de-sao-luis\/","url":"https:\/\/www.blogsoestado.com\/danielmatos\/paulo-victor-retorna-a-presidencia-da-camara-de-sao-luis\/","name":"Paulo Victor retorna \u00e0 presid\u00eancia da C\u00e2mara de S\u00e3o Lu\u00eds - Daniel Matos","isPartOf":{"@id":"https:\/\/www.blogsoestado.com\/danielmatos\/#website"},"primaryImageOfPage":{"@id":"https:\/\/www.blogsoestado.com\/danielmatos\/paulo-victor-retorna-a-presidencia-da-camara-de-sao-luis\/#primaryimage"},"image":{"@id":"https:\/\/www.blogsoestado.com\/danielmatos\/paulo-victor-retorna-a-presidencia-da-camara-de-sao-luis\/#primaryimage"},"thumbnailUrl":"https:\/\/www.blogsoestado.com\/danielmatos\/files\/2023\/05\/Screenshot_20230502-1515262.png","datePublished":"2023-05-02T18:20:24+00:00","author":{"@id":""},"breadcrumb":{"@id":"https:\/\/www.blogsoestado.com\/danielmatos\/paulo-victor-retorna-a-presidencia-da-camara-de-sao-luis\/#breadcrumb"},"inLanguage":"pt-BR","potentialAction":[{"@type":"ReadAction","target":["https:\/\/www.blogsoestado.com\/danielmatos\/paulo-victor-retorna-a-presidencia-da-camara-de-sao-luis\/"]}]},{"@type":"ImageObject","inLanguage":"pt-BR","@id":"https:\/\/www.blogsoestado.com\/danielmatos\/paulo-victor-retorna-a-presidencia-da-camara-de-sao-luis\/#primaryimage","url":"https:\/\/www.blogsoestado.com\/danielmatos\/files\/2023\/05\/Screenshot_20230502-1515262.png","contentUrl":"https:\/\/www.blogsoestado.com\/danielmatos\/files\/2023\/05\/Screenshot_20230502-1515262.png"},{"@type":"BreadcrumbList","@id":"https:\/\/www.blogsoestado.com\/danielmatos\/paulo-victor-retorna-a-presidencia-da-camara-de-sao-luis\/#breadcrumb","itemListElement":[{"@type":"ListItem","position":1,"name":"In\u00edcio","item":"https:\/\/www.blogsoestado.com\/danielmatos\/"},{"@type":"ListItem","position":2,"name":"Paulo Victor retorna \u00e0 presid\u00eancia da C\u00e2mara de S\u00e3o Lu\u00eds"}]},{"@type":"WebSite","@id":"https:\/\/www.blogsoestado.com\/danielmatos\/#website","url":"https:\/\/www.blogsoestado.com\/danielmatos\/","name":"Daniel Matos","description":"","potentialAction":[{"@type":"SearchAction","target":{"@type":"EntryPoint","urlTemplate":"https:\/\/www.blogsoestado.com\/danielmatos\/?s={search_term_string}"},"query-input":{"@type":"PropertyValueSpecification","valueRequired":true,"valueName":"search_term_string"}}],"inLanguage":"pt-BR"}]}},"jetpack_featured_media_url":"","_links":{"self":[{"href":"https:\/\/www.blogsoestado.com\/danielmatos\/wp-json\/wp\/v2\/posts\/109072","targetHints":{"allow":["GET"]}}],"collection":[{"href":"https:\/\/www.blogsoestado.com\/danielmatos\/wp-json\/wp\/v2\/posts"}],"about":[{"href":"https:\/\/www.blogsoestado.com\/danielmatos\/wp-json\/wp\/v2\/types\/post"}],"replies":[{"embeddable":true,"href":"https:\/\/www.blogsoestado.com\/danielmatos\/wp-json\/wp\/v2\/comments?post=109072"}],"version-history":[{"count":0,"href":"https:\/\/www.blogsoestado.com\/danielmatos\/wp-json\/wp\/v2\/posts\/109072\/revisions"}],"wp:attachment":[{"href":"https:\/\/www.blogsoestado.com\/danielmatos\/wp-json\/wp\/v2\/media?parent=109072"}],"wp:term":[{"taxonomy":"category","embeddable":true,"href":"https:\/\/www.blogsoestado.com\/danielmatos\/wp-json\/wp\/v2\/categories?post=109072"},{"taxonomy":"post_tag","embeddable":true,"href":"https:\/\/www.blogsoestado.com\/danielmatos\/wp-json\/wp\/v2\/tags?post=109072"}],"curies":[{"name":"wp","href":"https:\/\/api.w.org\/{rel}","templated":true}]}}