{"id":109077,"date":"2023-05-02T19:27:40","date_gmt":"2023-05-02T22:27:40","guid":{"rendered":"https:\/\/www.blogsoestado.com\/danielmatos\/?p=109077"},"modified":"2023-05-02T19:27:40","modified_gmt":"2023-05-02T22:27:40","slug":"ufma-destaca-avancos-no-ambiente-academico-e-social-realizados-em-seus-campus","status":"publish","type":"post","link":"https:\/\/www.blogsoestado.com\/danielmatos\/ufma-destaca-avancos-no-ambiente-academico-e-social-realizados-em-seus-campus\/","title":{"rendered":"UFMA destaca avan\u00e7os no ambiente acad\u00eamico e social realizados em seus c\u00e2mpus"},"content":{"rendered":"\n<div class=\"wp-block-image\"><figure class=\"aligncenter size-large\"><a href=\"https:\/\/www.blogsoestado.com\/danielmatos\/files\/2023\/05\/Screenshot_20230502-1906592.png\"><img decoding=\"async\" src=\"https:\/\/www.blogsoestado.com\/danielmatos\/files\/2023\/05\/Screenshot_20230502-1906592.png\" alt=\"\" class=\"wp-image-109078\"\/><\/a><figcaption>O reitor da UFMA, Natalino Salgado, participa de atividade acad\u00eamica acompanhado de membros da Administra\u00e7\u00e3o Superior da institui\u00e7\u00e3o<\/figcaption><\/figure><\/div>\n\n\n\n<p>A Universidade Federal do Maranh\u00e3o promoveu, na \u00faltima semana de abril, uma vasta programa\u00e7\u00e3o nos c\u00e2mpus de\u00a0<strong>S\u00e3o Lu\u00eds, Balsas, Chapadinha, S\u00e3o Bernardo e Pinheiro,<\/strong>\u00a0voltada ao incentivo \u00e0 pesquisa, ensino e extens\u00e3o, al\u00e9m de anunciar avan\u00e7os que buscam contribuir para a potencializa\u00e7\u00e3o da educa\u00e7\u00e3o p\u00fablica. As iniciativas reafirmam o compromisso institucional da UFMA em colaborar com o desenvolvimento do estado.<\/p>\n\n\n\n<p>Visando fomentar o avan\u00e7o do ensino nas mais diferentes \u00e1reas, na segunda-feira, 24, foi anunciada a realiza\u00e7\u00e3o do XIV Encontro Maranhense de Hist\u00f3ria da Educa\u00e7\u00e3o, que ser\u00e1 realizado no&nbsp;<strong>campus S\u00e3o Lu\u00eds<\/strong>, e da III Semana de Ginecologia e Obstetr\u00edcia da baixada maranhense, que ocorrer\u00e1 no Centro de Ci\u00eancia de Pinheiro (CCPI).<\/p>\n\n\n\n<p>J\u00e1 na ter\u00e7a-feira, 25, no\u00a0<strong>Centro de Ci\u00eancias de Chapadinha<\/strong>, foi aberto o Simp\u00f3sio de Ensino, Extens\u00e3o, Inova\u00e7\u00e3o, Empreendedorismo, Assist\u00eancia Estudantil, Pesquisa, P\u00f3s-Gradua\u00e7\u00e3o e Internacionaliza\u00e7\u00e3o, que destacou os resultados de trabalhos realizados no campus e contou com a inaugura\u00e7\u00e3o da nova sala de videoconfer\u00eancia.<\/p>\n\n\n\n<div class=\"wp-block-image\"><figure class=\"aligncenter size-large\"><a href=\"https:\/\/www.blogsoestado.com\/danielmatos\/files\/2023\/05\/Screenshot_20230502-1907332.png\"><img decoding=\"async\" src=\"https:\/\/www.blogsoestado.com\/danielmatos\/files\/2023\/05\/Screenshot_20230502-1907332.png\" alt=\"\" class=\"wp-image-109079\"\/><\/a><figcaption>O pr\u00f3-reitor da Ag\u00eancia de Inova\u00e7\u00e3o, Empreendedorismo, Pesquisa, P\u00f3s-Gradua\u00e7\u00e3o e Internacionaliza\u00e7\u00e3o (AGEUFMA), Fernando Carvalho, participou da abertura do Simp\u00f3sio de Ensino, Extens\u00e3o, Inova\u00e7\u00e3o, Empreendedorismo, no Centro de Ci\u00eancias de Chapadinha <\/figcaption><\/figure><\/div>\n\n\n\n<p>No dia 26, em reconhecimento ao papel de destaque exercido no ensino, a UFMA foi agraciada com o t\u00edtulo de melhor universidade brasileira dentre os estados da Amaz\u00f4nia Legal, concedido pelo&nbsp;<em>Rank Times Higher Education.<\/em>&nbsp;Na mesma data, teve in\u00edcio, no campus de Balsas, o 1\u00ba Congresso de Engenharia Civil \u2013 I CONGEC, que abordou a tem\u00e1tica&nbsp;da engenharia civil no sul do Maranh\u00e3o. Al\u00e9m disso, o Curso de M\u00fasica, do campus de S\u00e3o Lu\u00eds, anunciou o&nbsp;<em>UFMA Jazz Brasil.<\/em><\/p>\n\n\n\n<p>Na quinta-feira, 27, a Administra\u00e7\u00e3o Superior apresentou \u00e0 comunidade acad\u00eamica do&nbsp;<strong>Centro de Ci\u00eancias de S\u00e3o Bernardo<\/strong>&nbsp;os principais avan\u00e7os da institui\u00e7\u00e3o nas \u00e1reas do empreendedorismo, p\u00f3s-gradua\u00e7\u00e3o, extens\u00e3o, pesquisa, inova\u00e7\u00e3o e assist\u00eancia estudantil. Na oportunidade, foi realizada a inaugura\u00e7\u00e3o de obras como a Biblioteca Setorial, o Laborat\u00f3rio de Inform\u00e1tica e a Sala de Videoconfer\u00eancia.<\/p>\n\n\n\n<p>Por fim, para fechar a semana de grandes projetos e realiza\u00e7\u00f5es, na sexta-feira, 28, a Universidade realizou a solenidade de comemora\u00e7\u00e3o dos 70 anos do curso\u00a0de\u00a0Geografia. Tamb\u00e9m nesse dia, o\u00a0<strong>Col\u00e9gio Universit\u00e1rio da UFMA<\/strong>\u00a0participou pela primeira vez dos Jogos Escolares Ludovicences.<\/p>\n\n\n\n<div class=\"wp-block-image\"><figure class=\"aligncenter size-large\"><a href=\"https:\/\/www.blogsoestado.com\/danielmatos\/files\/2023\/05\/Screenshot_20230502-1907562.png\"><img decoding=\"async\" src=\"https:\/\/www.blogsoestado.com\/danielmatos\/files\/2023\/05\/Screenshot_20230502-1907562.png\" alt=\"\" class=\"wp-image-109080\"\/><\/a><figcaption>A sala de v\u00eddeoconfer\u00eancia do Centro de Ci\u00eancias de S\u00e3o Bernardo foi inaugurada d&#8217;Oeste a passagem da comitiva liderada pelo reitor Natalino Salgasl<\/figcaption><\/figure><\/div>\n\n\n\n<p>Esses s\u00e3o alguns dos projetos realizados em parceria com os cursos e centros da Universidade Federal do Maranh\u00e3o, que t\u00eam como finalidade alcan\u00e7ar o p\u00fablico acad\u00eamico, cient\u00edfico e social, fazendo da UFMA uma refer\u00eancia em todo o estado.<\/p>\n","protected":false},"excerpt":{"rendered":"<p>A Universidade Federal do Maranh\u00e3o promoveu, na \u00faltima semana de abril, uma vasta programa\u00e7\u00e3o nos c\u00e2mpus de\u00a0S\u00e3o Lu\u00eds, Balsas, Chapadinha, [&hellip;]<\/p>\n","protected":false},"author":0,"featured_media":0,"comment_status":"open","ping_status":"open","sticky":false,"template":"","format":"standard","meta":{"site-sidebar-layout":"default","site-content-layout":"","ast-site-content-layout":"default","site-content-style":"default","site-sidebar-style":"default","ast-global-header-display":"","ast-banner-title-visibility":"","ast-main-header-display":"","ast-hfb-above-header-display":"","ast-hfb-below-header-display":"","ast-hfb-mobile-header-display":"","site-post-title":"","ast-breadcrumbs-content":"","ast-featured-img":"","footer-sml-layout":"","ast-disable-related-posts":"","theme-transparent-header-meta":"","adv-header-id-meta":"","stick-header-meta":"","header-above-stick-meta":"","header-main-stick-meta":"","header-below-stick-meta":"","astra-migrate-meta-layouts":"default","ast-page-background-enabled":"default","ast-page-background-meta":{"desktop":{"background-color":"var(--ast-global-color-5)","background-image":"","background-repeat":"repeat","background-position":"center center","background-size":"auto","background-attachment":"scroll","background-type":"","background-media":"","overlay-type":"","overlay-color":"","overlay-opacity":"","overlay-gradient":""},"tablet":{"background-color":"","background-image":"","background-repeat":"repeat","background-position":"center center","background-size":"auto","background-attachment":"scroll","background-type":"","background-media":"","overlay-type":"","overlay-color":"","overlay-opacity":"","overlay-gradient":""},"mobile":{"background-color":"","background-image":"","background-repeat":"repeat","background-position":"center center","background-size":"auto","background-attachment":"scroll","background-type":"","background-media":"","overlay-type":"","overlay-color":"","overlay-opacity":"","overlay-gradient":""}},"ast-content-background-meta":{"desktop":{"background-color":"var(--ast-global-color-4)","background-image":"","background-repeat":"repeat","background-position":"center center","background-size":"auto","background-attachment":"scroll","background-type":"","background-media":"","overlay-type":"","overlay-color":"","overlay-opacity":"","overlay-gradient":""},"tablet":{"background-color":"var(--ast-global-color-4)","background-image":"","background-repeat":"repeat","background-position":"center center","background-size":"auto","background-attachment":"scroll","background-type":"","background-media":"","overlay-type":"","overlay-color":"","overlay-opacity":"","overlay-gradient":""},"mobile":{"background-color":"var(--ast-global-color-4)","background-image":"","background-repeat":"repeat","background-position":"center center","background-size":"auto","background-attachment":"scroll","background-type":"","background-media":"","overlay-type":"","overlay-color":"","overlay-opacity":"","overlay-gradient":""}},"footnotes":""},"categories":[1],"tags":[],"class_list":["post-109077","post","type-post","status-publish","format-standard","hentry","category-sem-categoria"],"yoast_head":"<!-- This site is optimized with the Yoast SEO plugin v26.6 - https:\/\/yoast.com\/wordpress\/plugins\/seo\/ -->\n<title>UFMA destaca avan\u00e7os no ambiente acad\u00eamico e social realizados em seus c\u00e2mpus - Daniel Matos<\/title>\n<meta name=\"robots\" content=\"index, follow, max-snippet:-1, max-image-preview:large, max-video-preview:-1\" \/>\n<link rel=\"canonical\" href=\"https:\/\/www.blogsoestado.com\/danielmatos\/ufma-destaca-avancos-no-ambiente-academico-e-social-realizados-em-seus-campus\/\" \/>\n<meta property=\"og:locale\" content=\"pt_BR\" \/>\n<meta property=\"og:type\" content=\"article\" \/>\n<meta property=\"og:title\" content=\"UFMA destaca avan\u00e7os no ambiente acad\u00eamico e social realizados em seus c\u00e2mpus - Daniel Matos\" \/>\n<meta property=\"og:description\" content=\"A Universidade Federal do Maranh\u00e3o promoveu, na \u00faltima semana de abril, uma vasta programa\u00e7\u00e3o nos c\u00e2mpus de\u00a0S\u00e3o Lu\u00eds, Balsas, Chapadinha, [&hellip;]\" \/>\n<meta property=\"og:url\" content=\"https:\/\/www.blogsoestado.com\/danielmatos\/ufma-destaca-avancos-no-ambiente-academico-e-social-realizados-em-seus-campus\/\" \/>\n<meta property=\"og:site_name\" content=\"Daniel Matos\" \/>\n<meta property=\"article:published_time\" content=\"2023-05-02T22:27:40+00:00\" \/>\n<meta property=\"og:image\" content=\"https:\/\/www.blogsoestado.com\/danielmatos\/files\/2023\/05\/Screenshot_20230502-1906592.png\" \/>\n<meta name=\"twitter:card\" content=\"summary_large_image\" \/>\n<meta name=\"twitter:label1\" content=\"Est. tempo de leitura\" \/>\n\t<meta name=\"twitter:data1\" content=\"3 minutos\" \/>\n<script type=\"application\/ld+json\" class=\"yoast-schema-graph\">{\"@context\":\"https:\/\/schema.org\",\"@graph\":[{\"@type\":\"WebPage\",\"@id\":\"https:\/\/www.blogsoestado.com\/danielmatos\/ufma-destaca-avancos-no-ambiente-academico-e-social-realizados-em-seus-campus\/\",\"url\":\"https:\/\/www.blogsoestado.com\/danielmatos\/ufma-destaca-avancos-no-ambiente-academico-e-social-realizados-em-seus-campus\/\",\"name\":\"UFMA destaca avan\u00e7os no ambiente acad\u00eamico e social realizados em seus c\u00e2mpus - Daniel Matos\",\"isPartOf\":{\"@id\":\"https:\/\/www.blogsoestado.com\/danielmatos\/#website\"},\"primaryImageOfPage\":{\"@id\":\"https:\/\/www.blogsoestado.com\/danielmatos\/ufma-destaca-avancos-no-ambiente-academico-e-social-realizados-em-seus-campus\/#primaryimage\"},\"image\":{\"@id\":\"https:\/\/www.blogsoestado.com\/danielmatos\/ufma-destaca-avancos-no-ambiente-academico-e-social-realizados-em-seus-campus\/#primaryimage\"},\"thumbnailUrl\":\"https:\/\/www.blogsoestado.com\/danielmatos\/files\/2023\/05\/Screenshot_20230502-1906592.png\",\"datePublished\":\"2023-05-02T22:27:40+00:00\",\"author\":{\"@id\":\"\"},\"breadcrumb\":{\"@id\":\"https:\/\/www.blogsoestado.com\/danielmatos\/ufma-destaca-avancos-no-ambiente-academico-e-social-realizados-em-seus-campus\/#breadcrumb\"},\"inLanguage\":\"pt-BR\",\"potentialAction\":[{\"@type\":\"ReadAction\",\"target\":[\"https:\/\/www.blogsoestado.com\/danielmatos\/ufma-destaca-avancos-no-ambiente-academico-e-social-realizados-em-seus-campus\/\"]}]},{\"@type\":\"ImageObject\",\"inLanguage\":\"pt-BR\",\"@id\":\"https:\/\/www.blogsoestado.com\/danielmatos\/ufma-destaca-avancos-no-ambiente-academico-e-social-realizados-em-seus-campus\/#primaryimage\",\"url\":\"https:\/\/www.blogsoestado.com\/danielmatos\/files\/2023\/05\/Screenshot_20230502-1906592.png\",\"contentUrl\":\"https:\/\/www.blogsoestado.com\/danielmatos\/files\/2023\/05\/Screenshot_20230502-1906592.png\"},{\"@type\":\"BreadcrumbList\",\"@id\":\"https:\/\/www.blogsoestado.com\/danielmatos\/ufma-destaca-avancos-no-ambiente-academico-e-social-realizados-em-seus-campus\/#breadcrumb\",\"itemListElement\":[{\"@type\":\"ListItem\",\"position\":1,\"name\":\"In\u00edcio\",\"item\":\"https:\/\/www.blogsoestado.com\/danielmatos\/\"},{\"@type\":\"ListItem\",\"position\":2,\"name\":\"UFMA destaca avan\u00e7os no ambiente acad\u00eamico e social realizados em seus c\u00e2mpus\"}]},{\"@type\":\"WebSite\",\"@id\":\"https:\/\/www.blogsoestado.com\/danielmatos\/#website\",\"url\":\"https:\/\/www.blogsoestado.com\/danielmatos\/\",\"name\":\"Daniel Matos\",\"description\":\"\",\"potentialAction\":[{\"@type\":\"SearchAction\",\"target\":{\"@type\":\"EntryPoint\",\"urlTemplate\":\"https:\/\/www.blogsoestado.com\/danielmatos\/?s={search_term_string}\"},\"query-input\":{\"@type\":\"PropertyValueSpecification\",\"valueRequired\":true,\"valueName\":\"search_term_string\"}}],\"inLanguage\":\"pt-BR\"}]}<\/script>\n<!-- \/ Yoast SEO plugin. -->","yoast_head_json":{"title":"UFMA destaca avan\u00e7os no ambiente acad\u00eamico e social realizados em seus c\u00e2mpus - Daniel Matos","robots":{"index":"index","follow":"follow","max-snippet":"max-snippet:-1","max-image-preview":"max-image-preview:large","max-video-preview":"max-video-preview:-1"},"canonical":"https:\/\/www.blogsoestado.com\/danielmatos\/ufma-destaca-avancos-no-ambiente-academico-e-social-realizados-em-seus-campus\/","og_locale":"pt_BR","og_type":"article","og_title":"UFMA destaca avan\u00e7os no ambiente acad\u00eamico e social realizados em seus c\u00e2mpus - Daniel Matos","og_description":"A Universidade Federal do Maranh\u00e3o promoveu, na \u00faltima semana de abril, uma vasta programa\u00e7\u00e3o nos c\u00e2mpus de\u00a0S\u00e3o Lu\u00eds, Balsas, Chapadinha, [&hellip;]","og_url":"https:\/\/www.blogsoestado.com\/danielmatos\/ufma-destaca-avancos-no-ambiente-academico-e-social-realizados-em-seus-campus\/","og_site_name":"Daniel Matos","article_published_time":"2023-05-02T22:27:40+00:00","og_image":[{"url":"https:\/\/www.blogsoestado.com\/danielmatos\/files\/2023\/05\/Screenshot_20230502-1906592.png","type":"","width":"","height":""}],"twitter_card":"summary_large_image","twitter_misc":{"Est. tempo de leitura":"3 minutos"},"schema":{"@context":"https:\/\/schema.org","@graph":[{"@type":"WebPage","@id":"https:\/\/www.blogsoestado.com\/danielmatos\/ufma-destaca-avancos-no-ambiente-academico-e-social-realizados-em-seus-campus\/","url":"https:\/\/www.blogsoestado.com\/danielmatos\/ufma-destaca-avancos-no-ambiente-academico-e-social-realizados-em-seus-campus\/","name":"UFMA destaca avan\u00e7os no ambiente acad\u00eamico e social realizados em seus c\u00e2mpus - Daniel Matos","isPartOf":{"@id":"https:\/\/www.blogsoestado.com\/danielmatos\/#website"},"primaryImageOfPage":{"@id":"https:\/\/www.blogsoestado.com\/danielmatos\/ufma-destaca-avancos-no-ambiente-academico-e-social-realizados-em-seus-campus\/#primaryimage"},"image":{"@id":"https:\/\/www.blogsoestado.com\/danielmatos\/ufma-destaca-avancos-no-ambiente-academico-e-social-realizados-em-seus-campus\/#primaryimage"},"thumbnailUrl":"https:\/\/www.blogsoestado.com\/danielmatos\/files\/2023\/05\/Screenshot_20230502-1906592.png","datePublished":"2023-05-02T22:27:40+00:00","author":{"@id":""},"breadcrumb":{"@id":"https:\/\/www.blogsoestado.com\/danielmatos\/ufma-destaca-avancos-no-ambiente-academico-e-social-realizados-em-seus-campus\/#breadcrumb"},"inLanguage":"pt-BR","potentialAction":[{"@type":"ReadAction","target":["https:\/\/www.blogsoestado.com\/danielmatos\/ufma-destaca-avancos-no-ambiente-academico-e-social-realizados-em-seus-campus\/"]}]},{"@type":"ImageObject","inLanguage":"pt-BR","@id":"https:\/\/www.blogsoestado.com\/danielmatos\/ufma-destaca-avancos-no-ambiente-academico-e-social-realizados-em-seus-campus\/#primaryimage","url":"https:\/\/www.blogsoestado.com\/danielmatos\/files\/2023\/05\/Screenshot_20230502-1906592.png","contentUrl":"https:\/\/www.blogsoestado.com\/danielmatos\/files\/2023\/05\/Screenshot_20230502-1906592.png"},{"@type":"BreadcrumbList","@id":"https:\/\/www.blogsoestado.com\/danielmatos\/ufma-destaca-avancos-no-ambiente-academico-e-social-realizados-em-seus-campus\/#breadcrumb","itemListElement":[{"@type":"ListItem","position":1,"name":"In\u00edcio","item":"https:\/\/www.blogsoestado.com\/danielmatos\/"},{"@type":"ListItem","position":2,"name":"UFMA destaca avan\u00e7os no ambiente acad\u00eamico e social realizados em seus c\u00e2mpus"}]},{"@type":"WebSite","@id":"https:\/\/www.blogsoestado.com\/danielmatos\/#website","url":"https:\/\/www.blogsoestado.com\/danielmatos\/","name":"Daniel Matos","description":"","potentialAction":[{"@type":"SearchAction","target":{"@type":"EntryPoint","urlTemplate":"https:\/\/www.blogsoestado.com\/danielmatos\/?s={search_term_string}"},"query-input":{"@type":"PropertyValueSpecification","valueRequired":true,"valueName":"search_term_string"}}],"inLanguage":"pt-BR"}]}},"jetpack_featured_media_url":"","_links":{"self":[{"href":"https:\/\/www.blogsoestado.com\/danielmatos\/wp-json\/wp\/v2\/posts\/109077","targetHints":{"allow":["GET"]}}],"collection":[{"href":"https:\/\/www.blogsoestado.com\/danielmatos\/wp-json\/wp\/v2\/posts"}],"about":[{"href":"https:\/\/www.blogsoestado.com\/danielmatos\/wp-json\/wp\/v2\/types\/post"}],"replies":[{"embeddable":true,"href":"https:\/\/www.blogsoestado.com\/danielmatos\/wp-json\/wp\/v2\/comments?post=109077"}],"version-history":[{"count":0,"href":"https:\/\/www.blogsoestado.com\/danielmatos\/wp-json\/wp\/v2\/posts\/109077\/revisions"}],"wp:attachment":[{"href":"https:\/\/www.blogsoestado.com\/danielmatos\/wp-json\/wp\/v2\/media?parent=109077"}],"wp:term":[{"taxonomy":"category","embeddable":true,"href":"https:\/\/www.blogsoestado.com\/danielmatos\/wp-json\/wp\/v2\/categories?post=109077"},{"taxonomy":"post_tag","embeddable":true,"href":"https:\/\/www.blogsoestado.com\/danielmatos\/wp-json\/wp\/v2\/tags?post=109077"}],"curies":[{"name":"wp","href":"https:\/\/api.w.org\/{rel}","templated":true}]}}