{"id":109082,"date":"2023-05-02T20:52:20","date_gmt":"2023-05-02T23:52:20","guid":{"rendered":"https:\/\/www.blogsoestado.com\/danielmatos\/?p=109082"},"modified":"2023-05-02T20:52:20","modified_gmt":"2023-05-02T23:52:20","slug":"deputado-wellington-realiza-audiencia-em-defesa-dos-servidores-publicos-do-maranhao-e-defende-recomposicao-salarial","status":"publish","type":"post","link":"https:\/\/www.blogsoestado.com\/danielmatos\/deputado-wellington-realiza-audiencia-em-defesa-dos-servidores-publicos-do-maranhao-e-defende-recomposicao-salarial\/","title":{"rendered":"Deputado Wellington realiza audi\u00eancia em defesa dos servidores p\u00fablicos do Maranh\u00e3o e defende recomposi\u00e7\u00e3o salarial"},"content":{"rendered":"\n<div class=\"wp-block-image\"><figure class=\"aligncenter size-large\"><a href=\"https:\/\/www.blogsoestado.com\/danielmatos\/files\/2023\/05\/Screenshot_20230502-2048312.png\"><img decoding=\"async\" src=\"https:\/\/www.blogsoestado.com\/danielmatos\/files\/2023\/05\/Screenshot_20230502-2048312.png\" alt=\"\" class=\"wp-image-109083\"\/><\/a><figcaption>Deputado Wellington ouviu com aten\u00e7\u00e3o manifesta\u00e7\u00e3o de servidora p\u00fablica estadual que exp\u00f4s a defasagem salarial da sua categoria<\/figcaption><\/figure><\/div>\n\n\n\n<p>O deputado estadual Wellington do Curso fez refer\u00eancia, na manh\u00e3 desta ter\u00e7a-feira (02), \u00e0 audi\u00eancia que aconteceu na \u00faltima sexta-feira (28), na Assembleia Legislativa. O objetivo da audi\u00eancia foi discutir sobre o Projeto de Lei n\u00ba 247\/2023, de autoria do deputado Wellington, que disp\u00f5e sobre a data base unificada de negocia\u00e7\u00e3o salarial e institui o Programa de Negocia\u00e7\u00e3o Coletiva Permanente \u2013 PRONEC, no Governo do Estado do Maranh\u00e3o.<\/p>\n\n\n\n<p>Na ocasi\u00e3o, Wellington reafirmou o compromisso em defender os servidores p\u00fablicos e apresentou dados que comprovam que a recomposi\u00e7\u00e3o salarial \u00e9 necess\u00e1ria.<\/p>\n\n\n\n<p>\u201cA pauta aqui em quest\u00e3o n\u00e3o \u00e9 reajuste, mas sim recomposi\u00e7\u00e3o salarial. Servidores p\u00fablicos no Maranh\u00e3o foram massacrados nos \u00faltimos oito anos da gest\u00e3o do ex-governador Fl\u00e1vio Dino. Por isso, encaminhei indica\u00e7\u00e3o ao Governo do Estado para apreciar a possibilidade recomposi\u00e7\u00e3o salarial aos servidores p\u00fablicos civis, militares e, tamb\u00e9m, aposentados. Sobre a audi\u00eancia, o nosso PL \u00b0 247\/2023 segue em tramita\u00e7\u00e3o e, se aprovado, em muito beneficiar\u00e1 os servidores no Maranh\u00e3o\u201d, disse o deputado.<\/p>\n\n\n\n<p>Ainda ao se pronunciar, o deputado Wellington esclareceu que a propositura de lei \u00e9 fruto de um trabalho conjunto entre os sindicatos, sobretudo SINDSEP, SINDSDETRAN, SINFA e outros.<\/p>\n","protected":false},"excerpt":{"rendered":"<p>O deputado estadual Wellington do Curso fez refer\u00eancia, na manh\u00e3 desta ter\u00e7a-feira (02), \u00e0 audi\u00eancia que aconteceu na \u00faltima sexta-feira [&hellip;]<\/p>\n","protected":false},"author":0,"featured_media":0,"comment_status":"open","ping_status":"open","sticky":false,"template":"","format":"standard","meta":{"site-sidebar-layout":"default","site-content-layout":"","ast-site-content-layout":"default","site-content-style":"default","site-sidebar-style":"default","ast-global-header-display":"","ast-banner-title-visibility":"","ast-main-header-display":"","ast-hfb-above-header-display":"","ast-hfb-below-header-display":"","ast-hfb-mobile-header-display":"","site-post-title":"","ast-breadcrumbs-content":"","ast-featured-img":"","footer-sml-layout":"","ast-disable-related-posts":"","theme-transparent-header-meta":"","adv-header-id-meta":"","stick-header-meta":"","header-above-stick-meta":"","header-main-stick-meta":"","header-below-stick-meta":"","astra-migrate-meta-layouts":"default","ast-page-background-enabled":"default","ast-page-background-meta":{"desktop":{"background-color":"var(--ast-global-color-5)","background-image":"","background-repeat":"repeat","background-position":"center center","background-size":"auto","background-attachment":"scroll","background-type":"","background-media":"","overlay-type":"","overlay-color":"","overlay-opacity":"","overlay-gradient":""},"tablet":{"background-color":"","background-image":"","background-repeat":"repeat","background-position":"center center","background-size":"auto","background-attachment":"scroll","background-type":"","background-media":"","overlay-type":"","overlay-color":"","overlay-opacity":"","overlay-gradient":""},"mobile":{"background-color":"","background-image":"","background-repeat":"repeat","background-position":"center center","background-size":"auto","background-attachment":"scroll","background-type":"","background-media":"","overlay-type":"","overlay-color":"","overlay-opacity":"","overlay-gradient":""}},"ast-content-background-meta":{"desktop":{"background-color":"var(--ast-global-color-4)","background-image":"","background-repeat":"repeat","background-position":"center center","background-size":"auto","background-attachment":"scroll","background-type":"","background-media":"","overlay-type":"","overlay-color":"","overlay-opacity":"","overlay-gradient":""},"tablet":{"background-color":"var(--ast-global-color-4)","background-image":"","background-repeat":"repeat","background-position":"center center","background-size":"auto","background-attachment":"scroll","background-type":"","background-media":"","overlay-type":"","overlay-color":"","overlay-opacity":"","overlay-gradient":""},"mobile":{"background-color":"var(--ast-global-color-4)","background-image":"","background-repeat":"repeat","background-position":"center center","background-size":"auto","background-attachment":"scroll","background-type":"","background-media":"","overlay-type":"","overlay-color":"","overlay-opacity":"","overlay-gradient":""}},"footnotes":""},"categories":[1],"tags":[],"class_list":["post-109082","post","type-post","status-publish","format-standard","hentry","category-sem-categoria"],"yoast_head":"<!-- This site is optimized with the Yoast SEO plugin v26.6 - https:\/\/yoast.com\/wordpress\/plugins\/seo\/ -->\n<title>Deputado Wellington realiza audi\u00eancia em defesa dos servidores p\u00fablicos do Maranh\u00e3o e defende recomposi\u00e7\u00e3o salarial - Daniel Matos<\/title>\n<meta name=\"robots\" content=\"index, follow, max-snippet:-1, max-image-preview:large, max-video-preview:-1\" \/>\n<link rel=\"canonical\" href=\"https:\/\/www.blogsoestado.com\/danielmatos\/deputado-wellington-realiza-audiencia-em-defesa-dos-servidores-publicos-do-maranhao-e-defende-recomposicao-salarial\/\" \/>\n<meta property=\"og:locale\" content=\"pt_BR\" \/>\n<meta property=\"og:type\" content=\"article\" \/>\n<meta property=\"og:title\" content=\"Deputado Wellington realiza audi\u00eancia em defesa dos servidores p\u00fablicos do Maranh\u00e3o e defende recomposi\u00e7\u00e3o salarial - Daniel Matos\" \/>\n<meta property=\"og:description\" content=\"O deputado estadual Wellington do Curso fez refer\u00eancia, na manh\u00e3 desta ter\u00e7a-feira (02), \u00e0 audi\u00eancia que aconteceu na \u00faltima sexta-feira [&hellip;]\" \/>\n<meta property=\"og:url\" content=\"https:\/\/www.blogsoestado.com\/danielmatos\/deputado-wellington-realiza-audiencia-em-defesa-dos-servidores-publicos-do-maranhao-e-defende-recomposicao-salarial\/\" \/>\n<meta property=\"og:site_name\" content=\"Daniel Matos\" \/>\n<meta property=\"article:published_time\" content=\"2023-05-02T23:52:20+00:00\" \/>\n<meta property=\"og:image\" content=\"https:\/\/www.blogsoestado.com\/danielmatos\/files\/2023\/05\/Screenshot_20230502-2048312.png\" \/>\n<meta name=\"twitter:card\" content=\"summary_large_image\" \/>\n<meta name=\"twitter:label1\" content=\"Est. tempo de leitura\" \/>\n\t<meta name=\"twitter:data1\" content=\"2 minutos\" \/>\n<script type=\"application\/ld+json\" class=\"yoast-schema-graph\">{\"@context\":\"https:\/\/schema.org\",\"@graph\":[{\"@type\":\"WebPage\",\"@id\":\"https:\/\/www.blogsoestado.com\/danielmatos\/deputado-wellington-realiza-audiencia-em-defesa-dos-servidores-publicos-do-maranhao-e-defende-recomposicao-salarial\/\",\"url\":\"https:\/\/www.blogsoestado.com\/danielmatos\/deputado-wellington-realiza-audiencia-em-defesa-dos-servidores-publicos-do-maranhao-e-defende-recomposicao-salarial\/\",\"name\":\"Deputado Wellington realiza audi\u00eancia em defesa dos servidores p\u00fablicos do Maranh\u00e3o e defende recomposi\u00e7\u00e3o salarial - Daniel Matos\",\"isPartOf\":{\"@id\":\"https:\/\/www.blogsoestado.com\/danielmatos\/#website\"},\"primaryImageOfPage\":{\"@id\":\"https:\/\/www.blogsoestado.com\/danielmatos\/deputado-wellington-realiza-audiencia-em-defesa-dos-servidores-publicos-do-maranhao-e-defende-recomposicao-salarial\/#primaryimage\"},\"image\":{\"@id\":\"https:\/\/www.blogsoestado.com\/danielmatos\/deputado-wellington-realiza-audiencia-em-defesa-dos-servidores-publicos-do-maranhao-e-defende-recomposicao-salarial\/#primaryimage\"},\"thumbnailUrl\":\"https:\/\/www.blogsoestado.com\/danielmatos\/files\/2023\/05\/Screenshot_20230502-2048312.png\",\"datePublished\":\"2023-05-02T23:52:20+00:00\",\"author\":{\"@id\":\"\"},\"breadcrumb\":{\"@id\":\"https:\/\/www.blogsoestado.com\/danielmatos\/deputado-wellington-realiza-audiencia-em-defesa-dos-servidores-publicos-do-maranhao-e-defende-recomposicao-salarial\/#breadcrumb\"},\"inLanguage\":\"pt-BR\",\"potentialAction\":[{\"@type\":\"ReadAction\",\"target\":[\"https:\/\/www.blogsoestado.com\/danielmatos\/deputado-wellington-realiza-audiencia-em-defesa-dos-servidores-publicos-do-maranhao-e-defende-recomposicao-salarial\/\"]}]},{\"@type\":\"ImageObject\",\"inLanguage\":\"pt-BR\",\"@id\":\"https:\/\/www.blogsoestado.com\/danielmatos\/deputado-wellington-realiza-audiencia-em-defesa-dos-servidores-publicos-do-maranhao-e-defende-recomposicao-salarial\/#primaryimage\",\"url\":\"https:\/\/www.blogsoestado.com\/danielmatos\/files\/2023\/05\/Screenshot_20230502-2048312.png\",\"contentUrl\":\"https:\/\/www.blogsoestado.com\/danielmatos\/files\/2023\/05\/Screenshot_20230502-2048312.png\"},{\"@type\":\"BreadcrumbList\",\"@id\":\"https:\/\/www.blogsoestado.com\/danielmatos\/deputado-wellington-realiza-audiencia-em-defesa-dos-servidores-publicos-do-maranhao-e-defende-recomposicao-salarial\/#breadcrumb\",\"itemListElement\":[{\"@type\":\"ListItem\",\"position\":1,\"name\":\"In\u00edcio\",\"item\":\"https:\/\/www.blogsoestado.com\/danielmatos\/\"},{\"@type\":\"ListItem\",\"position\":2,\"name\":\"Deputado Wellington realiza audi\u00eancia em defesa dos servidores p\u00fablicos do Maranh\u00e3o e defende recomposi\u00e7\u00e3o salarial\"}]},{\"@type\":\"WebSite\",\"@id\":\"https:\/\/www.blogsoestado.com\/danielmatos\/#website\",\"url\":\"https:\/\/www.blogsoestado.com\/danielmatos\/\",\"name\":\"Daniel Matos\",\"description\":\"\",\"potentialAction\":[{\"@type\":\"SearchAction\",\"target\":{\"@type\":\"EntryPoint\",\"urlTemplate\":\"https:\/\/www.blogsoestado.com\/danielmatos\/?s={search_term_string}\"},\"query-input\":{\"@type\":\"PropertyValueSpecification\",\"valueRequired\":true,\"valueName\":\"search_term_string\"}}],\"inLanguage\":\"pt-BR\"}]}<\/script>\n<!-- \/ Yoast SEO plugin. -->","yoast_head_json":{"title":"Deputado Wellington realiza audi\u00eancia em defesa dos servidores p\u00fablicos do Maranh\u00e3o e defende recomposi\u00e7\u00e3o salarial - Daniel Matos","robots":{"index":"index","follow":"follow","max-snippet":"max-snippet:-1","max-image-preview":"max-image-preview:large","max-video-preview":"max-video-preview:-1"},"canonical":"https:\/\/www.blogsoestado.com\/danielmatos\/deputado-wellington-realiza-audiencia-em-defesa-dos-servidores-publicos-do-maranhao-e-defende-recomposicao-salarial\/","og_locale":"pt_BR","og_type":"article","og_title":"Deputado Wellington realiza audi\u00eancia em defesa dos servidores p\u00fablicos do Maranh\u00e3o e defende recomposi\u00e7\u00e3o salarial - Daniel Matos","og_description":"O deputado estadual Wellington do Curso fez refer\u00eancia, na manh\u00e3 desta ter\u00e7a-feira (02), \u00e0 audi\u00eancia que aconteceu na \u00faltima sexta-feira [&hellip;]","og_url":"https:\/\/www.blogsoestado.com\/danielmatos\/deputado-wellington-realiza-audiencia-em-defesa-dos-servidores-publicos-do-maranhao-e-defende-recomposicao-salarial\/","og_site_name":"Daniel Matos","article_published_time":"2023-05-02T23:52:20+00:00","og_image":[{"url":"https:\/\/www.blogsoestado.com\/danielmatos\/files\/2023\/05\/Screenshot_20230502-2048312.png","type":"","width":"","height":""}],"twitter_card":"summary_large_image","twitter_misc":{"Est. tempo de leitura":"2 minutos"},"schema":{"@context":"https:\/\/schema.org","@graph":[{"@type":"WebPage","@id":"https:\/\/www.blogsoestado.com\/danielmatos\/deputado-wellington-realiza-audiencia-em-defesa-dos-servidores-publicos-do-maranhao-e-defende-recomposicao-salarial\/","url":"https:\/\/www.blogsoestado.com\/danielmatos\/deputado-wellington-realiza-audiencia-em-defesa-dos-servidores-publicos-do-maranhao-e-defende-recomposicao-salarial\/","name":"Deputado Wellington realiza audi\u00eancia em defesa dos servidores p\u00fablicos do Maranh\u00e3o e defende recomposi\u00e7\u00e3o salarial - Daniel Matos","isPartOf":{"@id":"https:\/\/www.blogsoestado.com\/danielmatos\/#website"},"primaryImageOfPage":{"@id":"https:\/\/www.blogsoestado.com\/danielmatos\/deputado-wellington-realiza-audiencia-em-defesa-dos-servidores-publicos-do-maranhao-e-defende-recomposicao-salarial\/#primaryimage"},"image":{"@id":"https:\/\/www.blogsoestado.com\/danielmatos\/deputado-wellington-realiza-audiencia-em-defesa-dos-servidores-publicos-do-maranhao-e-defende-recomposicao-salarial\/#primaryimage"},"thumbnailUrl":"https:\/\/www.blogsoestado.com\/danielmatos\/files\/2023\/05\/Screenshot_20230502-2048312.png","datePublished":"2023-05-02T23:52:20+00:00","author":{"@id":""},"breadcrumb":{"@id":"https:\/\/www.blogsoestado.com\/danielmatos\/deputado-wellington-realiza-audiencia-em-defesa-dos-servidores-publicos-do-maranhao-e-defende-recomposicao-salarial\/#breadcrumb"},"inLanguage":"pt-BR","potentialAction":[{"@type":"ReadAction","target":["https:\/\/www.blogsoestado.com\/danielmatos\/deputado-wellington-realiza-audiencia-em-defesa-dos-servidores-publicos-do-maranhao-e-defende-recomposicao-salarial\/"]}]},{"@type":"ImageObject","inLanguage":"pt-BR","@id":"https:\/\/www.blogsoestado.com\/danielmatos\/deputado-wellington-realiza-audiencia-em-defesa-dos-servidores-publicos-do-maranhao-e-defende-recomposicao-salarial\/#primaryimage","url":"https:\/\/www.blogsoestado.com\/danielmatos\/files\/2023\/05\/Screenshot_20230502-2048312.png","contentUrl":"https:\/\/www.blogsoestado.com\/danielmatos\/files\/2023\/05\/Screenshot_20230502-2048312.png"},{"@type":"BreadcrumbList","@id":"https:\/\/www.blogsoestado.com\/danielmatos\/deputado-wellington-realiza-audiencia-em-defesa-dos-servidores-publicos-do-maranhao-e-defende-recomposicao-salarial\/#breadcrumb","itemListElement":[{"@type":"ListItem","position":1,"name":"In\u00edcio","item":"https:\/\/www.blogsoestado.com\/danielmatos\/"},{"@type":"ListItem","position":2,"name":"Deputado Wellington realiza audi\u00eancia em defesa dos servidores p\u00fablicos do Maranh\u00e3o e defende recomposi\u00e7\u00e3o salarial"}]},{"@type":"WebSite","@id":"https:\/\/www.blogsoestado.com\/danielmatos\/#website","url":"https:\/\/www.blogsoestado.com\/danielmatos\/","name":"Daniel Matos","description":"","potentialAction":[{"@type":"SearchAction","target":{"@type":"EntryPoint","urlTemplate":"https:\/\/www.blogsoestado.com\/danielmatos\/?s={search_term_string}"},"query-input":{"@type":"PropertyValueSpecification","valueRequired":true,"valueName":"search_term_string"}}],"inLanguage":"pt-BR"}]}},"jetpack_featured_media_url":"","_links":{"self":[{"href":"https:\/\/www.blogsoestado.com\/danielmatos\/wp-json\/wp\/v2\/posts\/109082","targetHints":{"allow":["GET"]}}],"collection":[{"href":"https:\/\/www.blogsoestado.com\/danielmatos\/wp-json\/wp\/v2\/posts"}],"about":[{"href":"https:\/\/www.blogsoestado.com\/danielmatos\/wp-json\/wp\/v2\/types\/post"}],"replies":[{"embeddable":true,"href":"https:\/\/www.blogsoestado.com\/danielmatos\/wp-json\/wp\/v2\/comments?post=109082"}],"version-history":[{"count":0,"href":"https:\/\/www.blogsoestado.com\/danielmatos\/wp-json\/wp\/v2\/posts\/109082\/revisions"}],"wp:attachment":[{"href":"https:\/\/www.blogsoestado.com\/danielmatos\/wp-json\/wp\/v2\/media?parent=109082"}],"wp:term":[{"taxonomy":"category","embeddable":true,"href":"https:\/\/www.blogsoestado.com\/danielmatos\/wp-json\/wp\/v2\/categories?post=109082"},{"taxonomy":"post_tag","embeddable":true,"href":"https:\/\/www.blogsoestado.com\/danielmatos\/wp-json\/wp\/v2\/tags?post=109082"}],"curies":[{"name":"wp","href":"https:\/\/api.w.org\/{rel}","templated":true}]}}