{"id":109092,"date":"2023-05-03T01:24:49","date_gmt":"2023-05-03T04:24:49","guid":{"rendered":"https:\/\/www.blogsoestado.com\/danielmatos\/?p=109092"},"modified":"2023-05-03T01:24:49","modified_gmt":"2023-05-03T04:24:49","slug":"garden-beats-abre-as-portas-sexta-feira-dia-5-em-imperatriz-com-o-melhor-conceito-em-balada","status":"publish","type":"post","link":"https:\/\/www.blogsoestado.com\/danielmatos\/garden-beats-abre-as-portas-sexta-feira-dia-5-em-imperatriz-com-o-melhor-conceito-em-balada\/","title":{"rendered":"Garden Beat&#8217;s abre as portas sexta-feira, dia 5, em Imperatriz, com o melhor conceito em balada"},"content":{"rendered":"\n<div class=\"wp-block-image\"><figure class=\"aligncenter size-large\"><a href=\"https:\/\/www.blogsoestado.com\/danielmatos\/files\/2023\/05\/Screenshot_20230503-0041002.png\"><img decoding=\"async\" src=\"https:\/\/www.blogsoestado.com\/danielmatos\/files\/2023\/05\/Screenshot_20230503-0041002-597x1024.png\" alt=\"\" class=\"wp-image-109093\"\/><\/a><\/figure><\/div>\n\n\n\n<p>Imperatriz e regi\u00e3o ganham um novo point de divers\u00e3o noturna, a Garden Beat\u2019s. O espa\u00e7o est\u00e1 sendo preparado com todo carinho, estrutura impec\u00e1vel para a inaugura\u00e7\u00e3o, na pr\u00f3xima sexta-feira, dia dia 5, com uma programa\u00e7\u00e3o pra l\u00e1 de especial, ao estilo das melhores baladas, para agradar em cheio o gosto do p\u00fablico.<\/p>\n\n\n\n<p>A noite de estreia ter\u00e1 m\u00fasica ao vivo, com o melhor do forr\u00f3 e sertanejo universit\u00e1rio, ao som da banda Forr\u00f3 de Elite, al\u00e9m da batida eletr\u00f4nica e vibrante do DJ \u00c1lvaro e outras atra\u00e7\u00f5es. <\/p>\n\n\n\n<p>O endere\u00e7o \u00e9 f\u00e1cil de localizar: Rua Amazonas, n\u00b01340, entre as ruas Rui Barbosa e Gon\u00e7alves Dias, no Centro de Imperatriz.<\/p>\n\n\n\n<p>Portanto, prepare-se, porque vai ser um verdadeiro estouro, um dos maiores eventos do ramo de entretenimento da cidade, tudo no melhor conceito.<\/p>\n\n\n\n<p>N\u00e3o esque\u00e7am, \u00e9 dia 5 de maio, pr\u00f3xima sexta-feira, o seu encontro com os amigos na Garden Beat\u2019s, para curtir o melhor do forr\u00f3, sertanejo universit\u00e1rio, pagode e muito mais. <\/p>\n\n\n\n<p>E para animar ainda mais a galera, a casa servir\u00e1 todos os tipos de bebidas, comidas variadas e petiscos, com atendimento diferenciado. Imperd\u00edvel!<\/p>\n","protected":false},"excerpt":{"rendered":"<p>Imperatriz e regi\u00e3o ganham um novo point de divers\u00e3o noturna, a Garden Beat\u2019s. O espa\u00e7o est\u00e1 sendo preparado com todo [&hellip;]<\/p>\n","protected":false},"author":0,"featured_media":0,"comment_status":"open","ping_status":"open","sticky":false,"template":"","format":"standard","meta":{"site-sidebar-layout":"default","site-content-layout":"","ast-site-content-layout":"default","site-content-style":"default","site-sidebar-style":"default","ast-global-header-display":"","ast-banner-title-visibility":"","ast-main-header-display":"","ast-hfb-above-header-display":"","ast-hfb-below-header-display":"","ast-hfb-mobile-header-display":"","site-post-title":"","ast-breadcrumbs-content":"","ast-featured-img":"","footer-sml-layout":"","ast-disable-related-posts":"","theme-transparent-header-meta":"","adv-header-id-meta":"","stick-header-meta":"","header-above-stick-meta":"","header-main-stick-meta":"","header-below-stick-meta":"","astra-migrate-meta-layouts":"default","ast-page-background-enabled":"default","ast-page-background-meta":{"desktop":{"background-color":"var(--ast-global-color-5)","background-image":"","background-repeat":"repeat","background-position":"center center","background-size":"auto","background-attachment":"scroll","background-type":"","background-media":"","overlay-type":"","overlay-color":"","overlay-opacity":"","overlay-gradient":""},"tablet":{"background-color":"","background-image":"","background-repeat":"repeat","background-position":"center center","background-size":"auto","background-attachment":"scroll","background-type":"","background-media":"","overlay-type":"","overlay-color":"","overlay-opacity":"","overlay-gradient":""},"mobile":{"background-color":"","background-image":"","background-repeat":"repeat","background-position":"center center","background-size":"auto","background-attachment":"scroll","background-type":"","background-media":"","overlay-type":"","overlay-color":"","overlay-opacity":"","overlay-gradient":""}},"ast-content-background-meta":{"desktop":{"background-color":"var(--ast-global-color-4)","background-image":"","background-repeat":"repeat","background-position":"center center","background-size":"auto","background-attachment":"scroll","background-type":"","background-media":"","overlay-type":"","overlay-color":"","overlay-opacity":"","overlay-gradient":""},"tablet":{"background-color":"var(--ast-global-color-4)","background-image":"","background-repeat":"repeat","background-position":"center center","background-size":"auto","background-attachment":"scroll","background-type":"","background-media":"","overlay-type":"","overlay-color":"","overlay-opacity":"","overlay-gradient":""},"mobile":{"background-color":"var(--ast-global-color-4)","background-image":"","background-repeat":"repeat","background-position":"center center","background-size":"auto","background-attachment":"scroll","background-type":"","background-media":"","overlay-type":"","overlay-color":"","overlay-opacity":"","overlay-gradient":""}},"footnotes":""},"categories":[1],"tags":[],"class_list":["post-109092","post","type-post","status-publish","format-standard","hentry","category-sem-categoria"],"yoast_head":"<!-- This site is optimized with the Yoast SEO plugin v26.6 - https:\/\/yoast.com\/wordpress\/plugins\/seo\/ -->\n<title>Garden Beat&#039;s abre as portas sexta-feira, dia 5, em Imperatriz, com o melhor conceito em balada - Daniel Matos<\/title>\n<meta name=\"robots\" content=\"index, follow, max-snippet:-1, max-image-preview:large, max-video-preview:-1\" \/>\n<link rel=\"canonical\" href=\"https:\/\/www.blogsoestado.com\/danielmatos\/garden-beats-abre-as-portas-sexta-feira-dia-5-em-imperatriz-com-o-melhor-conceito-em-balada\/\" \/>\n<meta property=\"og:locale\" content=\"pt_BR\" \/>\n<meta property=\"og:type\" content=\"article\" \/>\n<meta property=\"og:title\" content=\"Garden Beat&#039;s abre as portas sexta-feira, dia 5, em Imperatriz, com o melhor conceito em balada - Daniel Matos\" \/>\n<meta property=\"og:description\" content=\"Imperatriz e regi\u00e3o ganham um novo point de divers\u00e3o noturna, a Garden Beat\u2019s. O espa\u00e7o est\u00e1 sendo preparado com todo [&hellip;]\" \/>\n<meta property=\"og:url\" content=\"https:\/\/www.blogsoestado.com\/danielmatos\/garden-beats-abre-as-portas-sexta-feira-dia-5-em-imperatriz-com-o-melhor-conceito-em-balada\/\" \/>\n<meta property=\"og:site_name\" content=\"Daniel Matos\" \/>\n<meta property=\"article:published_time\" content=\"2023-05-03T04:24:49+00:00\" \/>\n<meta property=\"og:image\" content=\"https:\/\/www.blogsoestado.com\/danielmatos\/files\/2023\/05\/Screenshot_20230503-0041002-597x1024.png\" \/>\n<meta name=\"twitter:card\" content=\"summary_large_image\" \/>\n<meta name=\"twitter:label1\" content=\"Est. tempo de leitura\" \/>\n\t<meta name=\"twitter:data1\" content=\"2 minutos\" \/>\n<script type=\"application\/ld+json\" class=\"yoast-schema-graph\">{\"@context\":\"https:\/\/schema.org\",\"@graph\":[{\"@type\":\"WebPage\",\"@id\":\"https:\/\/www.blogsoestado.com\/danielmatos\/garden-beats-abre-as-portas-sexta-feira-dia-5-em-imperatriz-com-o-melhor-conceito-em-balada\/\",\"url\":\"https:\/\/www.blogsoestado.com\/danielmatos\/garden-beats-abre-as-portas-sexta-feira-dia-5-em-imperatriz-com-o-melhor-conceito-em-balada\/\",\"name\":\"Garden Beat's abre as portas sexta-feira, dia 5, em Imperatriz, com o melhor conceito em balada - Daniel Matos\",\"isPartOf\":{\"@id\":\"https:\/\/www.blogsoestado.com\/danielmatos\/#website\"},\"primaryImageOfPage\":{\"@id\":\"https:\/\/www.blogsoestado.com\/danielmatos\/garden-beats-abre-as-portas-sexta-feira-dia-5-em-imperatriz-com-o-melhor-conceito-em-balada\/#primaryimage\"},\"image\":{\"@id\":\"https:\/\/www.blogsoestado.com\/danielmatos\/garden-beats-abre-as-portas-sexta-feira-dia-5-em-imperatriz-com-o-melhor-conceito-em-balada\/#primaryimage\"},\"thumbnailUrl\":\"https:\/\/www.blogsoestado.com\/danielmatos\/files\/2023\/05\/Screenshot_20230503-0041002-597x1024.png\",\"datePublished\":\"2023-05-03T04:24:49+00:00\",\"author\":{\"@id\":\"\"},\"breadcrumb\":{\"@id\":\"https:\/\/www.blogsoestado.com\/danielmatos\/garden-beats-abre-as-portas-sexta-feira-dia-5-em-imperatriz-com-o-melhor-conceito-em-balada\/#breadcrumb\"},\"inLanguage\":\"pt-BR\",\"potentialAction\":[{\"@type\":\"ReadAction\",\"target\":[\"https:\/\/www.blogsoestado.com\/danielmatos\/garden-beats-abre-as-portas-sexta-feira-dia-5-em-imperatriz-com-o-melhor-conceito-em-balada\/\"]}]},{\"@type\":\"ImageObject\",\"inLanguage\":\"pt-BR\",\"@id\":\"https:\/\/www.blogsoestado.com\/danielmatos\/garden-beats-abre-as-portas-sexta-feira-dia-5-em-imperatriz-com-o-melhor-conceito-em-balada\/#primaryimage\",\"url\":\"https:\/\/www.blogsoestado.com\/danielmatos\/files\/2023\/05\/Screenshot_20230503-0041002-597x1024.png\",\"contentUrl\":\"https:\/\/www.blogsoestado.com\/danielmatos\/files\/2023\/05\/Screenshot_20230503-0041002-597x1024.png\"},{\"@type\":\"BreadcrumbList\",\"@id\":\"https:\/\/www.blogsoestado.com\/danielmatos\/garden-beats-abre-as-portas-sexta-feira-dia-5-em-imperatriz-com-o-melhor-conceito-em-balada\/#breadcrumb\",\"itemListElement\":[{\"@type\":\"ListItem\",\"position\":1,\"name\":\"In\u00edcio\",\"item\":\"https:\/\/www.blogsoestado.com\/danielmatos\/\"},{\"@type\":\"ListItem\",\"position\":2,\"name\":\"Garden Beat&#8217;s abre as portas sexta-feira, dia 5, em Imperatriz, com o melhor conceito em balada\"}]},{\"@type\":\"WebSite\",\"@id\":\"https:\/\/www.blogsoestado.com\/danielmatos\/#website\",\"url\":\"https:\/\/www.blogsoestado.com\/danielmatos\/\",\"name\":\"Daniel Matos\",\"description\":\"\",\"potentialAction\":[{\"@type\":\"SearchAction\",\"target\":{\"@type\":\"EntryPoint\",\"urlTemplate\":\"https:\/\/www.blogsoestado.com\/danielmatos\/?s={search_term_string}\"},\"query-input\":{\"@type\":\"PropertyValueSpecification\",\"valueRequired\":true,\"valueName\":\"search_term_string\"}}],\"inLanguage\":\"pt-BR\"}]}<\/script>\n<!-- \/ Yoast SEO plugin. -->","yoast_head_json":{"title":"Garden Beat's abre as portas sexta-feira, dia 5, em Imperatriz, com o melhor conceito em balada - Daniel Matos","robots":{"index":"index","follow":"follow","max-snippet":"max-snippet:-1","max-image-preview":"max-image-preview:large","max-video-preview":"max-video-preview:-1"},"canonical":"https:\/\/www.blogsoestado.com\/danielmatos\/garden-beats-abre-as-portas-sexta-feira-dia-5-em-imperatriz-com-o-melhor-conceito-em-balada\/","og_locale":"pt_BR","og_type":"article","og_title":"Garden Beat's abre as portas sexta-feira, dia 5, em Imperatriz, com o melhor conceito em balada - Daniel Matos","og_description":"Imperatriz e regi\u00e3o ganham um novo point de divers\u00e3o noturna, a Garden Beat\u2019s. O espa\u00e7o est\u00e1 sendo preparado com todo [&hellip;]","og_url":"https:\/\/www.blogsoestado.com\/danielmatos\/garden-beats-abre-as-portas-sexta-feira-dia-5-em-imperatriz-com-o-melhor-conceito-em-balada\/","og_site_name":"Daniel Matos","article_published_time":"2023-05-03T04:24:49+00:00","og_image":[{"url":"https:\/\/www.blogsoestado.com\/danielmatos\/files\/2023\/05\/Screenshot_20230503-0041002-597x1024.png","type":"","width":"","height":""}],"twitter_card":"summary_large_image","twitter_misc":{"Est. tempo de leitura":"2 minutos"},"schema":{"@context":"https:\/\/schema.org","@graph":[{"@type":"WebPage","@id":"https:\/\/www.blogsoestado.com\/danielmatos\/garden-beats-abre-as-portas-sexta-feira-dia-5-em-imperatriz-com-o-melhor-conceito-em-balada\/","url":"https:\/\/www.blogsoestado.com\/danielmatos\/garden-beats-abre-as-portas-sexta-feira-dia-5-em-imperatriz-com-o-melhor-conceito-em-balada\/","name":"Garden Beat's abre as portas sexta-feira, dia 5, em Imperatriz, com o melhor conceito em balada - Daniel Matos","isPartOf":{"@id":"https:\/\/www.blogsoestado.com\/danielmatos\/#website"},"primaryImageOfPage":{"@id":"https:\/\/www.blogsoestado.com\/danielmatos\/garden-beats-abre-as-portas-sexta-feira-dia-5-em-imperatriz-com-o-melhor-conceito-em-balada\/#primaryimage"},"image":{"@id":"https:\/\/www.blogsoestado.com\/danielmatos\/garden-beats-abre-as-portas-sexta-feira-dia-5-em-imperatriz-com-o-melhor-conceito-em-balada\/#primaryimage"},"thumbnailUrl":"https:\/\/www.blogsoestado.com\/danielmatos\/files\/2023\/05\/Screenshot_20230503-0041002-597x1024.png","datePublished":"2023-05-03T04:24:49+00:00","author":{"@id":""},"breadcrumb":{"@id":"https:\/\/www.blogsoestado.com\/danielmatos\/garden-beats-abre-as-portas-sexta-feira-dia-5-em-imperatriz-com-o-melhor-conceito-em-balada\/#breadcrumb"},"inLanguage":"pt-BR","potentialAction":[{"@type":"ReadAction","target":["https:\/\/www.blogsoestado.com\/danielmatos\/garden-beats-abre-as-portas-sexta-feira-dia-5-em-imperatriz-com-o-melhor-conceito-em-balada\/"]}]},{"@type":"ImageObject","inLanguage":"pt-BR","@id":"https:\/\/www.blogsoestado.com\/danielmatos\/garden-beats-abre-as-portas-sexta-feira-dia-5-em-imperatriz-com-o-melhor-conceito-em-balada\/#primaryimage","url":"https:\/\/www.blogsoestado.com\/danielmatos\/files\/2023\/05\/Screenshot_20230503-0041002-597x1024.png","contentUrl":"https:\/\/www.blogsoestado.com\/danielmatos\/files\/2023\/05\/Screenshot_20230503-0041002-597x1024.png"},{"@type":"BreadcrumbList","@id":"https:\/\/www.blogsoestado.com\/danielmatos\/garden-beats-abre-as-portas-sexta-feira-dia-5-em-imperatriz-com-o-melhor-conceito-em-balada\/#breadcrumb","itemListElement":[{"@type":"ListItem","position":1,"name":"In\u00edcio","item":"https:\/\/www.blogsoestado.com\/danielmatos\/"},{"@type":"ListItem","position":2,"name":"Garden Beat&#8217;s abre as portas sexta-feira, dia 5, em Imperatriz, com o melhor conceito em balada"}]},{"@type":"WebSite","@id":"https:\/\/www.blogsoestado.com\/danielmatos\/#website","url":"https:\/\/www.blogsoestado.com\/danielmatos\/","name":"Daniel Matos","description":"","potentialAction":[{"@type":"SearchAction","target":{"@type":"EntryPoint","urlTemplate":"https:\/\/www.blogsoestado.com\/danielmatos\/?s={search_term_string}"},"query-input":{"@type":"PropertyValueSpecification","valueRequired":true,"valueName":"search_term_string"}}],"inLanguage":"pt-BR"}]}},"jetpack_featured_media_url":"","_links":{"self":[{"href":"https:\/\/www.blogsoestado.com\/danielmatos\/wp-json\/wp\/v2\/posts\/109092","targetHints":{"allow":["GET"]}}],"collection":[{"href":"https:\/\/www.blogsoestado.com\/danielmatos\/wp-json\/wp\/v2\/posts"}],"about":[{"href":"https:\/\/www.blogsoestado.com\/danielmatos\/wp-json\/wp\/v2\/types\/post"}],"replies":[{"embeddable":true,"href":"https:\/\/www.blogsoestado.com\/danielmatos\/wp-json\/wp\/v2\/comments?post=109092"}],"version-history":[{"count":0,"href":"https:\/\/www.blogsoestado.com\/danielmatos\/wp-json\/wp\/v2\/posts\/109092\/revisions"}],"wp:attachment":[{"href":"https:\/\/www.blogsoestado.com\/danielmatos\/wp-json\/wp\/v2\/media?parent=109092"}],"wp:term":[{"taxonomy":"category","embeddable":true,"href":"https:\/\/www.blogsoestado.com\/danielmatos\/wp-json\/wp\/v2\/categories?post=109092"},{"taxonomy":"post_tag","embeddable":true,"href":"https:\/\/www.blogsoestado.com\/danielmatos\/wp-json\/wp\/v2\/tags?post=109092"}],"curies":[{"name":"wp","href":"https:\/\/api.w.org\/{rel}","templated":true}]}}