{"id":109115,"date":"2023-05-03T16:58:58","date_gmt":"2023-05-03T19:58:58","guid":{"rendered":"https:\/\/www.blogsoestado.com\/danielmatos\/?p=109115"},"modified":"2023-05-03T16:58:58","modified_gmt":"2023-05-03T19:58:58","slug":"maranhao-de-negocios-acm-reunira-poder-publico-e-iniciativa-privada-para-debater-desenvolvimento-economico-do-estado","status":"publish","type":"post","link":"https:\/\/www.blogsoestado.com\/danielmatos\/maranhao-de-negocios-acm-reunira-poder-publico-e-iniciativa-privada-para-debater-desenvolvimento-economico-do-estado\/","title":{"rendered":"Maranh\u00e3o de Neg\u00f3cios: ACM reunir\u00e1 poder p\u00fablico e iniciativa privada para debater desenvolvimento econ\u00f4mico do estado"},"content":{"rendered":"\n<p><em><strong><span class=\"has-inline-color has-vivid-red-color\">Evento promovido pela entidade empresarial colocar\u00e1 em um \u00fanico espa\u00e7o secretarias do Munic\u00edpio, do Estado,\u00a0prefeituras, empresas locais e investidores<\/span><\/strong><\/em><\/p>\n\n\n\n<div class=\"wp-block-image\"><figure class=\"aligncenter size-large\"><a href=\"https:\/\/www.blogsoestado.com\/danielmatos\/files\/2023\/05\/Screenshot_20230503-1649432.png\"><img decoding=\"async\" src=\"https:\/\/www.blogsoestado.com\/danielmatos\/files\/2023\/05\/Screenshot_20230503-1649432.png\" alt=\"\" class=\"wp-image-109117\"\/><\/a><figcaption>Diretores da ACM, o vice-presidente para Assuntos de Economia e Finan\u00e7as, Fernando Duailibe, e o presidente da entidade, Cristiano Barroso Fernandes apresentam o Maranh\u00e3o de Neg\u00f3cios ao Cassiano Pereira Jr, presidente da Maranh\u00e3o Parcerias (Mapa) &#8211; sociedade de economia mista do Governo do Maranh\u00e3o<\/figcaption><\/figure><\/div>\n\n\n\n<p>Pela primeira vez no Maranh\u00e3o, um evento vai reunir os principais players ligados ao desenvolvimento local para tratar de vantagens log\u00edsticas do estado e de todas as potencialidades locais como base. O Maranh\u00e3o de Neg\u00f3cios, produzido pela Associa\u00e7\u00e3o Comercial do Maranh\u00e3o e realizado no Blue Tree S\u00e3o Lu\u00eds Hotel no dia 4 de maio (quinta-feira), a partir das 8h, tem o objetivo de disseminar informa\u00e7\u00f5es sobre o estado e subsidiar os participantes na tomada de decis\u00f5es para investimentos de norte ao sul da regi\u00e3o.<\/p>\n\n\n\n<p>O presidente da ACM, Cristiano Barroso Fernandes, explica que o Maranh\u00e3o de Neg\u00f3cios foi idealizado para se trabalhar por um ecossistema prop\u00edcio para entrada de capital externo, logo a entidade pensou em convidar para o mesmo espa\u00e7o interessados, um p\u00fablico especifico que j\u00e1 trabalha para colocar o estado em um cen\u00e1rio promissor, a exemplo de secretarias estaduais, municipais, prefeituras de outros munic\u00edpios, empresas privadas de grande porte, institui\u00e7\u00f5es financeiras que trabalham com linhas de cr\u00e9dito e entidades empresariais.<\/p>\n\n\n\n<p>\u201cA gente v\u00ea que esfor\u00e7os est\u00e3o sendo empreendidos atualmente nas esferas federal, estadual e municipal voltados para o desenvolvimento, an\u00fancios de a\u00e7\u00f5es para melhorar cr\u00e9ditos, baixar juros, inciativas ligadas \u00e0 infraestrutura e tecnologia e o que queremos neste evento \u00e9 mostrar que investir no Maranh\u00e3o \u00e9 um bom neg\u00f3cio, ent\u00e3o vamos intensificar as rela\u00e7\u00f5es entre os participantes disseminando muitas informa\u00e7\u00f5es sobre o nosso estado para, em breve, vermos an\u00fancios de mais investimentos chegando\u201d, comentou Cristiano Barroso Fernandes.<\/p>\n\n\n\n<p>O vice-presidente da ACM para Assuntos de Economia e Finan\u00e7as, Fernando Duailibe explicou que o evento tem o formato de uma grande feira de neg\u00f3cios, com um grande diferencial: ser\u00e3o realizadas pequenas apresenta\u00e7\u00f5es pelos participantes (conhecidas no segmento empresarial por pitch); logo em seguida, o p\u00fablico participante que quiser ter mais detalhes de uma linha de cr\u00e9dito, por exemplo, poder\u00e1 se dirigir para um outro sagu\u00e3o e ter um atendimento totalmente personalizado.<\/p>\n\n\n\n<div class=\"wp-block-image\"><figure class=\"aligncenter size-large\"><a href=\"https:\/\/www.blogsoestado.com\/danielmatos\/files\/2023\/05\/Screenshot_20230503-1655392.png\"><img decoding=\"async\" src=\"https:\/\/www.blogsoestado.com\/danielmatos\/files\/2023\/05\/Screenshot_20230503-1655392.png\" alt=\"\" class=\"wp-image-109118\"\/><\/a><figcaption>Diretores da ACM, o vice-presidente para Assuntos de Economia e Finan\u00e7as, Fernando Duailibe, e o presidente da entidade, Cristiano Barroso Fernandes apresentam o Maranh\u00e3o de Neg\u00f3cios ao Cassiano Pereira Jr, presidente da Maranh\u00e3o Parcerias (Mapa) &#8211; sociedade de economia mista do Governo do Maranh\u00e3o<\/figcaption><\/figure><\/div>\n\n\n\n<p>Para o presidente da Maranh\u00e3o Parcerias (Mapa) &#8211; sociedade de economia mista do Governo do Maranh\u00e3o que tem o objetivo de promover o desenvolvimento econ\u00f4mico e social do estado por meio da gest\u00e3o e execu\u00e7\u00e3o de projetos e presta\u00e7\u00e3o de servi\u00e7os em parceria com a iniciativa privada -; Cassiano Pereira Junior, a ACM d\u00e1 um grande passo com a realiza\u00e7\u00e3o do evento.<\/p>\n\n\n\n<p>\u201cO Maranh\u00e3o de Neg\u00f3cios ser\u00e1 uma importante estrat\u00e9gia de inclus\u00e3o do nosso estado no caminho do desenvolvimento, com o compartilhamento de estrat\u00e9gias nacionais sobre log\u00edsticas e demais potencialidades e desafios. N\u00f3s do Governo do Estado parabenizamos a iniciativa da ACM e nos colocamos \u00e0 disposi\u00e7\u00e3o para caminharmos juntos e unidos\u201d, destacou Cassiano Pereira Junior.<\/p>\n\n\n\n<p>O secret\u00e1rio estadual de Ind\u00fastria e Com\u00e9rcio, J\u00fanior Marreca, avalia o\u00a0<strong>Maranh\u00e3o de Neg\u00f3cios como uma grande oportunidade para dialogar com os agentes envolvidos no mercado comercial e industrial do Maranh\u00e3o e tamb\u00e9m para negociar grandes investimentos, seguindo\u00a0<\/strong>a orienta\u00e7\u00e3o do governador Carlos Brand\u00e3o, de criar um ambiente favor\u00e1vel a instala\u00e7\u00e3o de novos neg\u00f3cios, que possam contribuir para o crescimento econ\u00f4mico do e stado e garantia de emprego e renda\u00a0para o povo maranhense.<\/p>\n\n\n\n<div class=\"wp-block-image\"><figure class=\"aligncenter size-large\"><a href=\"https:\/\/www.blogsoestado.com\/danielmatos\/files\/2023\/05\/Screenshot_20230503-1641372.png\"><img decoding=\"async\" src=\"https:\/\/www.blogsoestado.com\/danielmatos\/files\/2023\/05\/Screenshot_20230503-1641372.png\" alt=\"\" class=\"wp-image-109116\"\/><\/a><figcaption>Projeto do Maranh\u00e3o de Neg\u00f3cios, projeto pioneiro da ACM para discutir o desenvolvimento econ\u00f4mico do estado<\/figcaption><\/figure><\/div>\n\n\n\n<p>O Maranh\u00e3o de Neg\u00f3cios encerrar\u00e1 \u00e0s 20h, com a Palestra Magna \u201cOportunidades para o Maranh\u00e3o, segundo as an\u00e1lises do Banco do Nordeste (BNB)\u201d, ministrada por Lu\u00eds Alberto Esteves, chefe do Escrit\u00f3rio T\u00e9cnico de Estudos Econ\u00f4micos do Nordeste, da institui\u00e7\u00e3o.<\/p>\n\n\n\n<p>Estar\u00e3o presentes no Maranh\u00e3o de Neg\u00f3cios:<br \/>Secretaria de Estado de Ind\u00fastria e Com\u00e9rcio do Maranh\u00e3o\u2013 Seinc \/ Junta Comercial do Maranh\u00e3o \u2013 Jucema;<br \/>Secretaria de Estado de Desenvolvimento Econ\u00f4mico e Programas Estrat\u00e9gicos do Maranh\u00e3o \u2013 Sedepe \/ Maranh\u00e3o Parcerias \u2013 Mapa;<br \/>Secretaria Estado da Fazenda do Maranh\u00e3o \u2013 Sefaz;<br \/>\u00a0Secretaria de Estado de Ci\u00eancia e Tecnologia do Maranh\u00e3o;\u2013 Secti \/ Funda\u00e7\u00e3o de Amparo \u00e0 Pesquisa do Maranh\u00e3o \u2013 Fapema;<br \/>Empresa Maranhense de Administra\u00e7\u00e3o Portu\u00e1ria \u2013 Emap;<br \/>Funda\u00e7\u00e3o Municipal de Patrim\u00f4nio Hist\u00f3rico \u2013 FUMPH\/ Ag\u00eancia de Desenvolvimento Econ\u00f4mico Social de S\u00e3o Lu\u00eds \u2013 Amdes;<br \/>Secretaria Municipal de Fazenda da Prefeitura de S\u00e3o Lu\u00eds\u2013 Semfaz;<br \/>Superintend\u00eancia de Desenvolvimento do Nordeste \u2013 Sudene;<br \/>Financiadora de Estudos e Projetos \u2013 Finep,<br \/>Secretaria de Estado do Meio Ambiente e Recursos Naturais do Maranh\u00e3o (Sema);<br \/>Secretaria Municipal de Habita\u00e7\u00e3o e Urbanismo de S\u00e3o Lu\u00eds- Semhur<br \/>Secretaria Municipal de Cultura de S\u00e3o Lu\u00eds \u2013 Secult;<br \/>Sebrae-MA<br \/>Sistema Fiema<br \/>Fecom\u00e9rcio-MA<br \/>Compasso<br \/>Brasil do Bem<br \/>Vitalmed<br \/>Suzano<br \/>Equatorial Maranh\u00e3o<br \/>A\u00e7o Verde do Brasil &#8211; AVB<br \/>Banco do Nordeste<\/p>\n\n\n\n<p>O evento conta ainda com patroc\u00ednio do Blue Tree S\u00e3o Lu\u00eds Hotel e Prefeitura de Balsas, apoio da Secult, Gr\u00e1fica Certa e Jornal Pequeno.<\/p>\n","protected":false},"excerpt":{"rendered":"<p>Evento promovido pela entidade empresarial colocar\u00e1 em um \u00fanico espa\u00e7o secretarias do Munic\u00edpio, do Estado,\u00a0prefeituras, empresas locais e investidores Pela [&hellip;]<\/p>\n","protected":false},"author":0,"featured_media":0,"comment_status":"open","ping_status":"open","sticky":false,"template":"","format":"standard","meta":{"site-sidebar-layout":"default","site-content-layout":"","ast-site-content-layout":"default","site-content-style":"default","site-sidebar-style":"default","ast-global-header-display":"","ast-banner-title-visibility":"","ast-main-header-display":"","ast-hfb-above-header-display":"","ast-hfb-below-header-display":"","ast-hfb-mobile-header-display":"","site-post-title":"","ast-breadcrumbs-content":"","ast-featured-img":"","footer-sml-layout":"","ast-disable-related-posts":"","theme-transparent-header-meta":"","adv-header-id-meta":"","stick-header-meta":"","header-above-stick-meta":"","header-main-stick-meta":"","header-below-stick-meta":"","astra-migrate-meta-layouts":"default","ast-page-background-enabled":"default","ast-page-background-meta":{"desktop":{"background-color":"var(--ast-global-color-5)","background-image":"","background-repeat":"repeat","background-position":"center center","background-size":"auto","background-attachment":"scroll","background-type":"","background-media":"","overlay-type":"","overlay-color":"","overlay-opacity":"","overlay-gradient":""},"tablet":{"background-color":"","background-image":"","background-repeat":"repeat","background-position":"center center","background-size":"auto","background-attachment":"scroll","background-type":"","background-media":"","overlay-type":"","overlay-color":"","overlay-opacity":"","overlay-gradient":""},"mobile":{"background-color":"","background-image":"","background-repeat":"repeat","background-position":"center center","background-size":"auto","background-attachment":"scroll","background-type":"","background-media":"","overlay-type":"","overlay-color":"","overlay-opacity":"","overlay-gradient":""}},"ast-content-background-meta":{"desktop":{"background-color":"var(--ast-global-color-4)","background-image":"","background-repeat":"repeat","background-position":"center center","background-size":"auto","background-attachment":"scroll","background-type":"","background-media":"","overlay-type":"","overlay-color":"","overlay-opacity":"","overlay-gradient":""},"tablet":{"background-color":"var(--ast-global-color-4)","background-image":"","background-repeat":"repeat","background-position":"center center","background-size":"auto","background-attachment":"scroll","background-type":"","background-media":"","overlay-type":"","overlay-color":"","overlay-opacity":"","overlay-gradient":""},"mobile":{"background-color":"var(--ast-global-color-4)","background-image":"","background-repeat":"repeat","background-position":"center center","background-size":"auto","background-attachment":"scroll","background-type":"","background-media":"","overlay-type":"","overlay-color":"","overlay-opacity":"","overlay-gradient":""}},"footnotes":""},"categories":[1],"tags":[],"class_list":["post-109115","post","type-post","status-publish","format-standard","hentry","category-sem-categoria"],"yoast_head":"<!-- This site is optimized with the Yoast SEO plugin v26.6 - https:\/\/yoast.com\/wordpress\/plugins\/seo\/ -->\n<title>Maranh\u00e3o de Neg\u00f3cios: ACM reunir\u00e1 poder p\u00fablico e iniciativa privada para debater desenvolvimento econ\u00f4mico do estado - Daniel Matos<\/title>\n<meta name=\"robots\" content=\"index, follow, max-snippet:-1, max-image-preview:large, max-video-preview:-1\" \/>\n<link rel=\"canonical\" href=\"https:\/\/www.blogsoestado.com\/danielmatos\/maranhao-de-negocios-acm-reunira-poder-publico-e-iniciativa-privada-para-debater-desenvolvimento-economico-do-estado\/\" \/>\n<meta property=\"og:locale\" content=\"pt_BR\" \/>\n<meta property=\"og:type\" content=\"article\" \/>\n<meta property=\"og:title\" content=\"Maranh\u00e3o de Neg\u00f3cios: ACM reunir\u00e1 poder p\u00fablico e iniciativa privada para debater desenvolvimento econ\u00f4mico do estado - Daniel Matos\" \/>\n<meta property=\"og:description\" content=\"Evento promovido pela entidade empresarial colocar\u00e1 em um \u00fanico espa\u00e7o secretarias do Munic\u00edpio, do Estado,\u00a0prefeituras, empresas locais e investidores Pela [&hellip;]\" \/>\n<meta property=\"og:url\" content=\"https:\/\/www.blogsoestado.com\/danielmatos\/maranhao-de-negocios-acm-reunira-poder-publico-e-iniciativa-privada-para-debater-desenvolvimento-economico-do-estado\/\" \/>\n<meta property=\"og:site_name\" content=\"Daniel Matos\" \/>\n<meta property=\"article:published_time\" content=\"2023-05-03T19:58:58+00:00\" \/>\n<meta property=\"og:image\" content=\"https:\/\/www.blogsoestado.com\/danielmatos\/files\/2023\/05\/Screenshot_20230503-1649432.png\" \/>\n<meta name=\"twitter:card\" content=\"summary_large_image\" \/>\n<meta name=\"twitter:label1\" content=\"Est. tempo de leitura\" \/>\n\t<meta name=\"twitter:data1\" content=\"5 minutos\" \/>\n<script type=\"application\/ld+json\" class=\"yoast-schema-graph\">{\"@context\":\"https:\/\/schema.org\",\"@graph\":[{\"@type\":\"WebPage\",\"@id\":\"https:\/\/www.blogsoestado.com\/danielmatos\/maranhao-de-negocios-acm-reunira-poder-publico-e-iniciativa-privada-para-debater-desenvolvimento-economico-do-estado\/\",\"url\":\"https:\/\/www.blogsoestado.com\/danielmatos\/maranhao-de-negocios-acm-reunira-poder-publico-e-iniciativa-privada-para-debater-desenvolvimento-economico-do-estado\/\",\"name\":\"Maranh\u00e3o de Neg\u00f3cios: ACM reunir\u00e1 poder p\u00fablico e iniciativa privada para debater desenvolvimento econ\u00f4mico do estado - Daniel Matos\",\"isPartOf\":{\"@id\":\"https:\/\/www.blogsoestado.com\/danielmatos\/#website\"},\"primaryImageOfPage\":{\"@id\":\"https:\/\/www.blogsoestado.com\/danielmatos\/maranhao-de-negocios-acm-reunira-poder-publico-e-iniciativa-privada-para-debater-desenvolvimento-economico-do-estado\/#primaryimage\"},\"image\":{\"@id\":\"https:\/\/www.blogsoestado.com\/danielmatos\/maranhao-de-negocios-acm-reunira-poder-publico-e-iniciativa-privada-para-debater-desenvolvimento-economico-do-estado\/#primaryimage\"},\"thumbnailUrl\":\"https:\/\/www.blogsoestado.com\/danielmatos\/files\/2023\/05\/Screenshot_20230503-1649432.png\",\"datePublished\":\"2023-05-03T19:58:58+00:00\",\"author\":{\"@id\":\"\"},\"breadcrumb\":{\"@id\":\"https:\/\/www.blogsoestado.com\/danielmatos\/maranhao-de-negocios-acm-reunira-poder-publico-e-iniciativa-privada-para-debater-desenvolvimento-economico-do-estado\/#breadcrumb\"},\"inLanguage\":\"pt-BR\",\"potentialAction\":[{\"@type\":\"ReadAction\",\"target\":[\"https:\/\/www.blogsoestado.com\/danielmatos\/maranhao-de-negocios-acm-reunira-poder-publico-e-iniciativa-privada-para-debater-desenvolvimento-economico-do-estado\/\"]}]},{\"@type\":\"ImageObject\",\"inLanguage\":\"pt-BR\",\"@id\":\"https:\/\/www.blogsoestado.com\/danielmatos\/maranhao-de-negocios-acm-reunira-poder-publico-e-iniciativa-privada-para-debater-desenvolvimento-economico-do-estado\/#primaryimage\",\"url\":\"https:\/\/www.blogsoestado.com\/danielmatos\/files\/2023\/05\/Screenshot_20230503-1649432.png\",\"contentUrl\":\"https:\/\/www.blogsoestado.com\/danielmatos\/files\/2023\/05\/Screenshot_20230503-1649432.png\"},{\"@type\":\"BreadcrumbList\",\"@id\":\"https:\/\/www.blogsoestado.com\/danielmatos\/maranhao-de-negocios-acm-reunira-poder-publico-e-iniciativa-privada-para-debater-desenvolvimento-economico-do-estado\/#breadcrumb\",\"itemListElement\":[{\"@type\":\"ListItem\",\"position\":1,\"name\":\"In\u00edcio\",\"item\":\"https:\/\/www.blogsoestado.com\/danielmatos\/\"},{\"@type\":\"ListItem\",\"position\":2,\"name\":\"Maranh\u00e3o de Neg\u00f3cios: ACM reunir\u00e1 poder p\u00fablico e iniciativa privada para debater desenvolvimento econ\u00f4mico do estado\"}]},{\"@type\":\"WebSite\",\"@id\":\"https:\/\/www.blogsoestado.com\/danielmatos\/#website\",\"url\":\"https:\/\/www.blogsoestado.com\/danielmatos\/\",\"name\":\"Daniel Matos\",\"description\":\"\",\"potentialAction\":[{\"@type\":\"SearchAction\",\"target\":{\"@type\":\"EntryPoint\",\"urlTemplate\":\"https:\/\/www.blogsoestado.com\/danielmatos\/?s={search_term_string}\"},\"query-input\":{\"@type\":\"PropertyValueSpecification\",\"valueRequired\":true,\"valueName\":\"search_term_string\"}}],\"inLanguage\":\"pt-BR\"}]}<\/script>\n<!-- \/ Yoast SEO plugin. -->","yoast_head_json":{"title":"Maranh\u00e3o de Neg\u00f3cios: ACM reunir\u00e1 poder p\u00fablico e iniciativa privada para debater desenvolvimento econ\u00f4mico do estado - Daniel Matos","robots":{"index":"index","follow":"follow","max-snippet":"max-snippet:-1","max-image-preview":"max-image-preview:large","max-video-preview":"max-video-preview:-1"},"canonical":"https:\/\/www.blogsoestado.com\/danielmatos\/maranhao-de-negocios-acm-reunira-poder-publico-e-iniciativa-privada-para-debater-desenvolvimento-economico-do-estado\/","og_locale":"pt_BR","og_type":"article","og_title":"Maranh\u00e3o de Neg\u00f3cios: ACM reunir\u00e1 poder p\u00fablico e iniciativa privada para debater desenvolvimento econ\u00f4mico do estado - Daniel Matos","og_description":"Evento promovido pela entidade empresarial colocar\u00e1 em um \u00fanico espa\u00e7o secretarias do Munic\u00edpio, do Estado,\u00a0prefeituras, empresas locais e investidores Pela [&hellip;]","og_url":"https:\/\/www.blogsoestado.com\/danielmatos\/maranhao-de-negocios-acm-reunira-poder-publico-e-iniciativa-privada-para-debater-desenvolvimento-economico-do-estado\/","og_site_name":"Daniel Matos","article_published_time":"2023-05-03T19:58:58+00:00","og_image":[{"url":"https:\/\/www.blogsoestado.com\/danielmatos\/files\/2023\/05\/Screenshot_20230503-1649432.png","type":"","width":"","height":""}],"twitter_card":"summary_large_image","twitter_misc":{"Est. tempo de leitura":"5 minutos"},"schema":{"@context":"https:\/\/schema.org","@graph":[{"@type":"WebPage","@id":"https:\/\/www.blogsoestado.com\/danielmatos\/maranhao-de-negocios-acm-reunira-poder-publico-e-iniciativa-privada-para-debater-desenvolvimento-economico-do-estado\/","url":"https:\/\/www.blogsoestado.com\/danielmatos\/maranhao-de-negocios-acm-reunira-poder-publico-e-iniciativa-privada-para-debater-desenvolvimento-economico-do-estado\/","name":"Maranh\u00e3o de Neg\u00f3cios: ACM reunir\u00e1 poder p\u00fablico e iniciativa privada para debater desenvolvimento econ\u00f4mico do estado - Daniel Matos","isPartOf":{"@id":"https:\/\/www.blogsoestado.com\/danielmatos\/#website"},"primaryImageOfPage":{"@id":"https:\/\/www.blogsoestado.com\/danielmatos\/maranhao-de-negocios-acm-reunira-poder-publico-e-iniciativa-privada-para-debater-desenvolvimento-economico-do-estado\/#primaryimage"},"image":{"@id":"https:\/\/www.blogsoestado.com\/danielmatos\/maranhao-de-negocios-acm-reunira-poder-publico-e-iniciativa-privada-para-debater-desenvolvimento-economico-do-estado\/#primaryimage"},"thumbnailUrl":"https:\/\/www.blogsoestado.com\/danielmatos\/files\/2023\/05\/Screenshot_20230503-1649432.png","datePublished":"2023-05-03T19:58:58+00:00","author":{"@id":""},"breadcrumb":{"@id":"https:\/\/www.blogsoestado.com\/danielmatos\/maranhao-de-negocios-acm-reunira-poder-publico-e-iniciativa-privada-para-debater-desenvolvimento-economico-do-estado\/#breadcrumb"},"inLanguage":"pt-BR","potentialAction":[{"@type":"ReadAction","target":["https:\/\/www.blogsoestado.com\/danielmatos\/maranhao-de-negocios-acm-reunira-poder-publico-e-iniciativa-privada-para-debater-desenvolvimento-economico-do-estado\/"]}]},{"@type":"ImageObject","inLanguage":"pt-BR","@id":"https:\/\/www.blogsoestado.com\/danielmatos\/maranhao-de-negocios-acm-reunira-poder-publico-e-iniciativa-privada-para-debater-desenvolvimento-economico-do-estado\/#primaryimage","url":"https:\/\/www.blogsoestado.com\/danielmatos\/files\/2023\/05\/Screenshot_20230503-1649432.png","contentUrl":"https:\/\/www.blogsoestado.com\/danielmatos\/files\/2023\/05\/Screenshot_20230503-1649432.png"},{"@type":"BreadcrumbList","@id":"https:\/\/www.blogsoestado.com\/danielmatos\/maranhao-de-negocios-acm-reunira-poder-publico-e-iniciativa-privada-para-debater-desenvolvimento-economico-do-estado\/#breadcrumb","itemListElement":[{"@type":"ListItem","position":1,"name":"In\u00edcio","item":"https:\/\/www.blogsoestado.com\/danielmatos\/"},{"@type":"ListItem","position":2,"name":"Maranh\u00e3o de Neg\u00f3cios: ACM reunir\u00e1 poder p\u00fablico e iniciativa privada para debater desenvolvimento econ\u00f4mico do estado"}]},{"@type":"WebSite","@id":"https:\/\/www.blogsoestado.com\/danielmatos\/#website","url":"https:\/\/www.blogsoestado.com\/danielmatos\/","name":"Daniel Matos","description":"","potentialAction":[{"@type":"SearchAction","target":{"@type":"EntryPoint","urlTemplate":"https:\/\/www.blogsoestado.com\/danielmatos\/?s={search_term_string}"},"query-input":{"@type":"PropertyValueSpecification","valueRequired":true,"valueName":"search_term_string"}}],"inLanguage":"pt-BR"}]}},"jetpack_featured_media_url":"","_links":{"self":[{"href":"https:\/\/www.blogsoestado.com\/danielmatos\/wp-json\/wp\/v2\/posts\/109115","targetHints":{"allow":["GET"]}}],"collection":[{"href":"https:\/\/www.blogsoestado.com\/danielmatos\/wp-json\/wp\/v2\/posts"}],"about":[{"href":"https:\/\/www.blogsoestado.com\/danielmatos\/wp-json\/wp\/v2\/types\/post"}],"replies":[{"embeddable":true,"href":"https:\/\/www.blogsoestado.com\/danielmatos\/wp-json\/wp\/v2\/comments?post=109115"}],"version-history":[{"count":0,"href":"https:\/\/www.blogsoestado.com\/danielmatos\/wp-json\/wp\/v2\/posts\/109115\/revisions"}],"wp:attachment":[{"href":"https:\/\/www.blogsoestado.com\/danielmatos\/wp-json\/wp\/v2\/media?parent=109115"}],"wp:term":[{"taxonomy":"category","embeddable":true,"href":"https:\/\/www.blogsoestado.com\/danielmatos\/wp-json\/wp\/v2\/categories?post=109115"},{"taxonomy":"post_tag","embeddable":true,"href":"https:\/\/www.blogsoestado.com\/danielmatos\/wp-json\/wp\/v2\/tags?post=109115"}],"curies":[{"name":"wp","href":"https:\/\/api.w.org\/{rel}","templated":true}]}}