{"id":109120,"date":"2023-05-03T20:00:00","date_gmt":"2023-05-03T23:00:00","guid":{"rendered":"https:\/\/www.blogsoestado.com\/danielmatos\/?p=109120"},"modified":"2023-05-03T20:00:00","modified_gmt":"2023-05-03T23:00:00","slug":"universidade-mais-empatica-e-acessivel","status":"publish","type":"post","link":"https:\/\/www.blogsoestado.com\/danielmatos\/universidade-mais-empatica-e-acessivel\/","title":{"rendered":"Universidade mais emp\u00e1tica e acess\u00edvel"},"content":{"rendered":"\n<p><em><strong><span class=\"has-inline-color has-vivid-red-color\">Comiss\u00e3o de acessibilidade do CCSo realiza almo\u00e7o de confraterniza\u00e7\u00e3o com alunos e professores<\/span><\/strong><\/em><\/p>\n\n\n\n<div class=\"wp-block-image\"><figure class=\"aligncenter size-large\"><a href=\"https:\/\/www.blogsoestado.com\/danielmatos\/files\/2023\/05\/Screenshot_20230503-1723262.png\"><img decoding=\"async\" src=\"https:\/\/www.blogsoestado.com\/danielmatos\/files\/2023\/05\/Screenshot_20230503-1723262.png\" alt=\"\" class=\"wp-image-109121\"\/><\/a><figcaption>A Comiss\u00e3o re\u00fane mais de 70 alunos com defici\u00eancia de diversos cursos do CCSo para dialogar e participar ativamente das discuss\u00f5es e mudan\u00e7as por uma Universidade mais acess\u00edvel e com empatia para todos<\/figcaption><\/figure><\/div>\n\n\n\n<p>Acessibilidade \u00e9 uma constru\u00e7\u00e3o di\u00e1ria e coletiva. \u00c9 com essa premissa que o Centro de Ci\u00eancias Sociais da UFMA (CCSo), Cidade Universit\u00e1ria, junto da Comiss\u00e3o de Acessibilidade do CCSo, constr\u00f3i coletivamente, dia a dia, as formas de luta por mais estrutura e, sobretudo, contra o capacitismo dentro e fora da Universidade.<\/p>\n\n\n\n<p>A Comiss\u00e3o re\u00fane mais de 70 alunos com defici\u00eancia de diversos cursos do CCSo, como pedagogia, direito, comunica\u00e7\u00e3o (jornalismo, r\u00e1dio e TV, e rela\u00e7\u00f5es p\u00fablicas), assistente social, biblioteconomia para dialogar e participar ativamente das discuss\u00f5es e mudan\u00e7as por uma Universidade mais acess\u00edvel e com empatia para todos. Na condi\u00e7\u00e3o de diretora do Centro de Ci\u00eancias Sociais (CCSo), a professora Lindalva Maia Maciel, organizou a acolhida e homenagem aos egressos e atletas, com almo\u00e7o e uma programa\u00e7\u00e3o constru\u00edda com e para eles e elas.<\/p>\n\n\n\n<p>\u201cAqui, no CCSo, somos o Centro com maior n\u00famero de matr\u00edculas de alunos com defici\u00eancia\u201d, afirma a coordenadora da Comiss\u00e3o, professora Lindalva Maia. \u201cEnt\u00e3o, n\u00f3s temos a defici\u00eancia como nossa pauta, principalmente combatendo diariamente o capacitismo \u201cComo se observa aqui, todos exercem fala e todos s\u00e3o protagonistas. Todos t\u00eam como pauta combater o capacitismo dentro do pr\u00f3prio centro da Universidade, no \u00f4nibus, nas pra\u00e7as, em todos os locais que eles estiverem\u201d, ressalta.<\/p>\n\n\n\n<p>O almo\u00e7o foi uma oportunidade encontrada pelos membros da Comiss\u00e3o, que \u00e9 tamb\u00e9m formada por estes alunos, para comemorar as cola\u00e7\u00f5es de grau dos alunos Jeckson Ferreira, do curso de Comunica\u00e7\u00e3o Social, habilita\u00e7\u00e3o R\u00e1dio e TV, e Ronilson Almeida, tamb\u00e9m do curso de Comunica\u00e7\u00e3o Social, habilita\u00e7\u00e3o Jornalismo. Tamb\u00e9m foi celebrada a conquista do aluno do curso de Hist\u00f3ria, do Centro de Ci\u00eancias Sociais da UFMA, que tamb\u00e9m comp\u00f5e e colabora com a Comiss\u00e3o, Valdimar Ferraez, que, junto ao seu time de futebol de cegos, conquistou medalha de bronze em campeonatos regionais.<\/p>\n\n\n\n<p>O encontro da Comiss\u00e3o teve a presen\u00e7a dos alunos participantes, convidados, al\u00e9m da diretora de Acessibilidade, professora Maria Nilza Quixaba, do vice-reitor Marcos F\u00e1bio, da professora Isabel do departamento de biblioteconomia, que faz parte da Comiss\u00e3o; da pr\u00f3-reitora de Extens\u00e3o e Cultura (Proec), professora Zefinha Bentivi; da professora do Curso de Comunica\u00e7\u00e3o Social da UFMA, Li Chang Shuen, e a diretora de P\u00f3s-Gradua\u00e7\u00e3o da UFMA (DPG), professora Fl\u00e1via Nascimento. Presentes tamb\u00e9m os alunos de Biblioteconomia, Pablo Rafael Mendes e D\u00e9bora Louzeiros; Kleudiane Campos, de Rela\u00e7\u00f5es P\u00fablicas.<\/p>\n\n\n\n<p><strong>Conquistas<\/strong><\/p>\n\n\n\n<p>Valdimar Ferraez \u00e9 deficiente visual e est\u00e1 no s\u00e9timo per\u00edodo do curso de hist\u00f3ria da UFMA, e atualmente comp\u00f5e o time de cegos. Recentemente, o grupo conquistou medalha de bronze na Copa Nordeste de Futebol para Cegos em Petrolina, Pernambuco. Em breve, no m\u00eas de setembro, o time concorrer\u00e1 ao Campeonato Brasileiro, s\u00e9rie A, em S\u00e3o Paulo, que selecionou as 12 melhores equipes do Brasil e ter\u00e1 como participa\u00e7\u00e3o atletas de pa\u00edses como Uruguai, Argentina e Chile.<\/p>\n\n\n\n<p>\u201cPara n\u00f3s, essa conquista \u00e9 muito importante. Ent\u00e3o esse momento de encontro e celebra\u00e7\u00e3o de n\u00f3s, membros da Comiss\u00e3o, tem grande significado. A gente fica mais pr\u00f3ximo um do outro, n\u00e3o s\u00f3 os deficientes visuais, mas todos os outros com defici\u00eancia. \u00c9 um momento muito importante n\u00e3o s\u00f3 para gente que \u00e9 deficiente, mas para as pessoas que quiserem participar e ajudar na causa\u201d, disse.<\/p>\n\n\n\n<p><strong>Ci\u00eancia contra o capacitismo<\/strong><\/p>\n\n\n\n<p>Os alunos Jeckson Ferreira, do curso de Comunica\u00e7\u00e3o Social, habilita\u00e7\u00e3o R\u00e1dio e TV, e Ronilson Almeida, tamb\u00e9m do curso de Comunica\u00e7\u00e3o Social, habilita\u00e7\u00e3o Jornalismo, colaram grau em 2023 e 2022, respectivamente. Em seus Trabalhos de Conclus\u00e3o de Curso (TCC), o desenvolvimento do trabalho cient\u00edfico contra o capacitismo.<\/p>\n\n\n\n<p>\u201cO meu tema de TCC foi sobre acessibilidade digital e audiodescri\u00e7\u00e3o na TV UFMA e teve muito a ver com um projeto de inicia\u00e7\u00e3o cient\u00edfica, no qual a professora Josie Bastos me convidou para participar. A partir dessa experi\u00eancia que eu tive no projeto, eu constru\u00ed a minha monografia, com orienta\u00e7\u00e3o da professora Fl\u00e1via Moura\u2019, explicou Ronilson Almeida.<\/p>\n\n\n\n<p>J\u00e1 Jeckson Ferreira abordou em seu TCC tamb\u00e9m sobre audiodescri\u00e7\u00e3o, desta vez, voltado para o cinema, analisando o filme Milagre da Cela Sete, que conta a hist\u00f3ria de uma pessoa com defici\u00eancia. \u201cO meu tema \u00e9 uma an\u00e1lise da adapta\u00e7\u00e3o do filme \u00e0 audiodescri\u00e7\u00e3o, sobre como essa descri\u00e7\u00e3o influencia a vis\u00e3o da pessoa com defici\u00eancia visual, ou seja, n\u00e3o \u00e9 porque tem audiodescri\u00e7\u00e3o que \u00e9 acess\u00edvel, porque tem \u00e1udio descri\u00e7\u00e3o que atrapalha e isso eu trouxe no trabalho\u201d, frisou.<\/p>\n","protected":false},"excerpt":{"rendered":"<p>Comiss\u00e3o de acessibilidade do CCSo realiza almo\u00e7o de confraterniza\u00e7\u00e3o com alunos e professores Acessibilidade \u00e9 uma constru\u00e7\u00e3o di\u00e1ria e coletiva. [&hellip;]<\/p>\n","protected":false},"author":0,"featured_media":0,"comment_status":"open","ping_status":"open","sticky":false,"template":"","format":"standard","meta":{"site-sidebar-layout":"default","site-content-layout":"","ast-site-content-layout":"default","site-content-style":"default","site-sidebar-style":"default","ast-global-header-display":"","ast-banner-title-visibility":"","ast-main-header-display":"","ast-hfb-above-header-display":"","ast-hfb-below-header-display":"","ast-hfb-mobile-header-display":"","site-post-title":"","ast-breadcrumbs-content":"","ast-featured-img":"","footer-sml-layout":"","ast-disable-related-posts":"","theme-transparent-header-meta":"","adv-header-id-meta":"","stick-header-meta":"","header-above-stick-meta":"","header-main-stick-meta":"","header-below-stick-meta":"","astra-migrate-meta-layouts":"default","ast-page-background-enabled":"default","ast-page-background-meta":{"desktop":{"background-color":"var(--ast-global-color-5)","background-image":"","background-repeat":"repeat","background-position":"center center","background-size":"auto","background-attachment":"scroll","background-type":"","background-media":"","overlay-type":"","overlay-color":"","overlay-opacity":"","overlay-gradient":""},"tablet":{"background-color":"","background-image":"","background-repeat":"repeat","background-position":"center center","background-size":"auto","background-attachment":"scroll","background-type":"","background-media":"","overlay-type":"","overlay-color":"","overlay-opacity":"","overlay-gradient":""},"mobile":{"background-color":"","background-image":"","background-repeat":"repeat","background-position":"center center","background-size":"auto","background-attachment":"scroll","background-type":"","background-media":"","overlay-type":"","overlay-color":"","overlay-opacity":"","overlay-gradient":""}},"ast-content-background-meta":{"desktop":{"background-color":"var(--ast-global-color-4)","background-image":"","background-repeat":"repeat","background-position":"center center","background-size":"auto","background-attachment":"scroll","background-type":"","background-media":"","overlay-type":"","overlay-color":"","overlay-opacity":"","overlay-gradient":""},"tablet":{"background-color":"var(--ast-global-color-4)","background-image":"","background-repeat":"repeat","background-position":"center center","background-size":"auto","background-attachment":"scroll","background-type":"","background-media":"","overlay-type":"","overlay-color":"","overlay-opacity":"","overlay-gradient":""},"mobile":{"background-color":"var(--ast-global-color-4)","background-image":"","background-repeat":"repeat","background-position":"center center","background-size":"auto","background-attachment":"scroll","background-type":"","background-media":"","overlay-type":"","overlay-color":"","overlay-opacity":"","overlay-gradient":""}},"footnotes":""},"categories":[1],"tags":[],"class_list":["post-109120","post","type-post","status-publish","format-standard","hentry","category-sem-categoria"],"yoast_head":"<!-- This site is optimized with the Yoast SEO plugin v26.6 - https:\/\/yoast.com\/wordpress\/plugins\/seo\/ -->\n<title>Universidade mais emp\u00e1tica e acess\u00edvel - Daniel Matos<\/title>\n<meta name=\"robots\" content=\"index, follow, max-snippet:-1, max-image-preview:large, max-video-preview:-1\" \/>\n<link rel=\"canonical\" href=\"https:\/\/www.blogsoestado.com\/danielmatos\/universidade-mais-empatica-e-acessivel\/\" \/>\n<meta property=\"og:locale\" content=\"pt_BR\" \/>\n<meta property=\"og:type\" content=\"article\" \/>\n<meta property=\"og:title\" content=\"Universidade mais emp\u00e1tica e acess\u00edvel - Daniel Matos\" \/>\n<meta property=\"og:description\" content=\"Comiss\u00e3o de acessibilidade do CCSo realiza almo\u00e7o de confraterniza\u00e7\u00e3o com alunos e professores Acessibilidade \u00e9 uma constru\u00e7\u00e3o di\u00e1ria e coletiva. [&hellip;]\" \/>\n<meta property=\"og:url\" content=\"https:\/\/www.blogsoestado.com\/danielmatos\/universidade-mais-empatica-e-acessivel\/\" \/>\n<meta property=\"og:site_name\" content=\"Daniel Matos\" \/>\n<meta property=\"article:published_time\" content=\"2023-05-03T23:00:00+00:00\" \/>\n<meta property=\"og:image\" content=\"https:\/\/www.blogsoestado.com\/danielmatos\/files\/2023\/05\/Screenshot_20230503-1723262.png\" \/>\n<meta name=\"twitter:card\" content=\"summary_large_image\" \/>\n<meta name=\"twitter:label1\" content=\"Est. tempo de leitura\" \/>\n\t<meta name=\"twitter:data1\" content=\"4 minutos\" \/>\n<script type=\"application\/ld+json\" class=\"yoast-schema-graph\">{\"@context\":\"https:\/\/schema.org\",\"@graph\":[{\"@type\":\"WebPage\",\"@id\":\"https:\/\/www.blogsoestado.com\/danielmatos\/universidade-mais-empatica-e-acessivel\/\",\"url\":\"https:\/\/www.blogsoestado.com\/danielmatos\/universidade-mais-empatica-e-acessivel\/\",\"name\":\"Universidade mais emp\u00e1tica e acess\u00edvel - Daniel Matos\",\"isPartOf\":{\"@id\":\"https:\/\/www.blogsoestado.com\/danielmatos\/#website\"},\"primaryImageOfPage\":{\"@id\":\"https:\/\/www.blogsoestado.com\/danielmatos\/universidade-mais-empatica-e-acessivel\/#primaryimage\"},\"image\":{\"@id\":\"https:\/\/www.blogsoestado.com\/danielmatos\/universidade-mais-empatica-e-acessivel\/#primaryimage\"},\"thumbnailUrl\":\"https:\/\/www.blogsoestado.com\/danielmatos\/files\/2023\/05\/Screenshot_20230503-1723262.png\",\"datePublished\":\"2023-05-03T23:00:00+00:00\",\"author\":{\"@id\":\"\"},\"breadcrumb\":{\"@id\":\"https:\/\/www.blogsoestado.com\/danielmatos\/universidade-mais-empatica-e-acessivel\/#breadcrumb\"},\"inLanguage\":\"pt-BR\",\"potentialAction\":[{\"@type\":\"ReadAction\",\"target\":[\"https:\/\/www.blogsoestado.com\/danielmatos\/universidade-mais-empatica-e-acessivel\/\"]}]},{\"@type\":\"ImageObject\",\"inLanguage\":\"pt-BR\",\"@id\":\"https:\/\/www.blogsoestado.com\/danielmatos\/universidade-mais-empatica-e-acessivel\/#primaryimage\",\"url\":\"https:\/\/www.blogsoestado.com\/danielmatos\/files\/2023\/05\/Screenshot_20230503-1723262.png\",\"contentUrl\":\"https:\/\/www.blogsoestado.com\/danielmatos\/files\/2023\/05\/Screenshot_20230503-1723262.png\"},{\"@type\":\"BreadcrumbList\",\"@id\":\"https:\/\/www.blogsoestado.com\/danielmatos\/universidade-mais-empatica-e-acessivel\/#breadcrumb\",\"itemListElement\":[{\"@type\":\"ListItem\",\"position\":1,\"name\":\"In\u00edcio\",\"item\":\"https:\/\/www.blogsoestado.com\/danielmatos\/\"},{\"@type\":\"ListItem\",\"position\":2,\"name\":\"Universidade mais emp\u00e1tica e acess\u00edvel\"}]},{\"@type\":\"WebSite\",\"@id\":\"https:\/\/www.blogsoestado.com\/danielmatos\/#website\",\"url\":\"https:\/\/www.blogsoestado.com\/danielmatos\/\",\"name\":\"Daniel Matos\",\"description\":\"\",\"potentialAction\":[{\"@type\":\"SearchAction\",\"target\":{\"@type\":\"EntryPoint\",\"urlTemplate\":\"https:\/\/www.blogsoestado.com\/danielmatos\/?s={search_term_string}\"},\"query-input\":{\"@type\":\"PropertyValueSpecification\",\"valueRequired\":true,\"valueName\":\"search_term_string\"}}],\"inLanguage\":\"pt-BR\"}]}<\/script>\n<!-- \/ Yoast SEO plugin. -->","yoast_head_json":{"title":"Universidade mais emp\u00e1tica e acess\u00edvel - Daniel Matos","robots":{"index":"index","follow":"follow","max-snippet":"max-snippet:-1","max-image-preview":"max-image-preview:large","max-video-preview":"max-video-preview:-1"},"canonical":"https:\/\/www.blogsoestado.com\/danielmatos\/universidade-mais-empatica-e-acessivel\/","og_locale":"pt_BR","og_type":"article","og_title":"Universidade mais emp\u00e1tica e acess\u00edvel - Daniel Matos","og_description":"Comiss\u00e3o de acessibilidade do CCSo realiza almo\u00e7o de confraterniza\u00e7\u00e3o com alunos e professores Acessibilidade \u00e9 uma constru\u00e7\u00e3o di\u00e1ria e coletiva. [&hellip;]","og_url":"https:\/\/www.blogsoestado.com\/danielmatos\/universidade-mais-empatica-e-acessivel\/","og_site_name":"Daniel Matos","article_published_time":"2023-05-03T23:00:00+00:00","og_image":[{"url":"https:\/\/www.blogsoestado.com\/danielmatos\/files\/2023\/05\/Screenshot_20230503-1723262.png","type":"","width":"","height":""}],"twitter_card":"summary_large_image","twitter_misc":{"Est. tempo de leitura":"4 minutos"},"schema":{"@context":"https:\/\/schema.org","@graph":[{"@type":"WebPage","@id":"https:\/\/www.blogsoestado.com\/danielmatos\/universidade-mais-empatica-e-acessivel\/","url":"https:\/\/www.blogsoestado.com\/danielmatos\/universidade-mais-empatica-e-acessivel\/","name":"Universidade mais emp\u00e1tica e acess\u00edvel - Daniel Matos","isPartOf":{"@id":"https:\/\/www.blogsoestado.com\/danielmatos\/#website"},"primaryImageOfPage":{"@id":"https:\/\/www.blogsoestado.com\/danielmatos\/universidade-mais-empatica-e-acessivel\/#primaryimage"},"image":{"@id":"https:\/\/www.blogsoestado.com\/danielmatos\/universidade-mais-empatica-e-acessivel\/#primaryimage"},"thumbnailUrl":"https:\/\/www.blogsoestado.com\/danielmatos\/files\/2023\/05\/Screenshot_20230503-1723262.png","datePublished":"2023-05-03T23:00:00+00:00","author":{"@id":""},"breadcrumb":{"@id":"https:\/\/www.blogsoestado.com\/danielmatos\/universidade-mais-empatica-e-acessivel\/#breadcrumb"},"inLanguage":"pt-BR","potentialAction":[{"@type":"ReadAction","target":["https:\/\/www.blogsoestado.com\/danielmatos\/universidade-mais-empatica-e-acessivel\/"]}]},{"@type":"ImageObject","inLanguage":"pt-BR","@id":"https:\/\/www.blogsoestado.com\/danielmatos\/universidade-mais-empatica-e-acessivel\/#primaryimage","url":"https:\/\/www.blogsoestado.com\/danielmatos\/files\/2023\/05\/Screenshot_20230503-1723262.png","contentUrl":"https:\/\/www.blogsoestado.com\/danielmatos\/files\/2023\/05\/Screenshot_20230503-1723262.png"},{"@type":"BreadcrumbList","@id":"https:\/\/www.blogsoestado.com\/danielmatos\/universidade-mais-empatica-e-acessivel\/#breadcrumb","itemListElement":[{"@type":"ListItem","position":1,"name":"In\u00edcio","item":"https:\/\/www.blogsoestado.com\/danielmatos\/"},{"@type":"ListItem","position":2,"name":"Universidade mais emp\u00e1tica e acess\u00edvel"}]},{"@type":"WebSite","@id":"https:\/\/www.blogsoestado.com\/danielmatos\/#website","url":"https:\/\/www.blogsoestado.com\/danielmatos\/","name":"Daniel Matos","description":"","potentialAction":[{"@type":"SearchAction","target":{"@type":"EntryPoint","urlTemplate":"https:\/\/www.blogsoestado.com\/danielmatos\/?s={search_term_string}"},"query-input":{"@type":"PropertyValueSpecification","valueRequired":true,"valueName":"search_term_string"}}],"inLanguage":"pt-BR"}]}},"jetpack_featured_media_url":"","_links":{"self":[{"href":"https:\/\/www.blogsoestado.com\/danielmatos\/wp-json\/wp\/v2\/posts\/109120","targetHints":{"allow":["GET"]}}],"collection":[{"href":"https:\/\/www.blogsoestado.com\/danielmatos\/wp-json\/wp\/v2\/posts"}],"about":[{"href":"https:\/\/www.blogsoestado.com\/danielmatos\/wp-json\/wp\/v2\/types\/post"}],"replies":[{"embeddable":true,"href":"https:\/\/www.blogsoestado.com\/danielmatos\/wp-json\/wp\/v2\/comments?post=109120"}],"version-history":[{"count":0,"href":"https:\/\/www.blogsoestado.com\/danielmatos\/wp-json\/wp\/v2\/posts\/109120\/revisions"}],"wp:attachment":[{"href":"https:\/\/www.blogsoestado.com\/danielmatos\/wp-json\/wp\/v2\/media?parent=109120"}],"wp:term":[{"taxonomy":"category","embeddable":true,"href":"https:\/\/www.blogsoestado.com\/danielmatos\/wp-json\/wp\/v2\/categories?post=109120"},{"taxonomy":"post_tag","embeddable":true,"href":"https:\/\/www.blogsoestado.com\/danielmatos\/wp-json\/wp\/v2\/tags?post=109120"}],"curies":[{"name":"wp","href":"https:\/\/api.w.org\/{rel}","templated":true}]}}