{"id":109123,"date":"2023-05-03T17:55:41","date_gmt":"2023-05-03T20:55:41","guid":{"rendered":"https:\/\/www.blogsoestado.com\/danielmatos\/?p=109123"},"modified":"2023-05-03T17:55:41","modified_gmt":"2023-05-03T20:55:41","slug":"encontro-na-camara-de-sao-luis-discute-criacao-do-parlamento-metropolitano","status":"publish","type":"post","link":"https:\/\/www.blogsoestado.com\/danielmatos\/encontro-na-camara-de-sao-luis-discute-criacao-do-parlamento-metropolitano\/","title":{"rendered":"Encontro na C\u00e2mara de S\u00e3o Lu\u00eds discute cria\u00e7\u00e3o do &#8220;Parlamento Metropolitano&#8221;"},"content":{"rendered":"\n<p><em><strong><span class=\"has-inline-color has-vivid-red-color\">Dirigentes dos Legislativos de quatro cidades da Regi\u00e3o Metropolitana participaram do debate<\/span><\/strong><\/em> <\/p>\n\n\n\n<div class=\"wp-block-image\"><figure class=\"aligncenter size-large\"><a href=\"https:\/\/www.blogsoestado.com\/danielmatos\/files\/2023\/05\/Screenshot_20230503-1812422-1.png\"><img decoding=\"async\" src=\"https:\/\/www.blogsoestado.com\/danielmatos\/files\/2023\/05\/Screenshot_20230503-1812422-1.png\" alt=\"\" class=\"wp-image-109129\"\/><\/a><figcaption>O 1\u00ba vice-presidente da C\u00e2mara Municipal de S\u00e3o Lu\u00eds, Francisco Chaguinhas, no encontro com dirigentes dos Legislativos de S\u00e3o Jos\u00e9 de Ribamar, Pa\u00e7o do Lumiar e Raposa<\/figcaption><\/figure><\/div>\n\n\n\n<p><strong>S\u00c3O LU\u00cdS &#8211; <\/strong>Ampliar a integra\u00e7\u00e3o entre a capital e os munic\u00edpios da Regi\u00e3o Metropolitana e criar um f\u00f3rum que cuide das quest\u00f5es em comum dos munic\u00edpios da regi\u00e3o, inclusive, no tratamento com os governos federal e estadual. Esses foram alguns dos principais temas debatidos em um encontro que reuniu, na C\u00e2mara Municipal de S\u00e3o Lu\u00eds (CMSL), nesta quarta-feira (03), dirigentes de Casas Legislativas de quatro cidades da regi\u00e3o.<\/p>\n\n\n\n<p>Idealizador do encontro, o vereador Francisco Chaguinhas (Podemos), 1\u00ba vice-presidente do Legislativo ludovicense, destacou o ineditismo da iniciativa e afirmou que a ideia \u00e9 manter um f\u00f3rum de discuss\u00e3o permanente.<\/p>\n\n\n\n<p>&#8220;Queremos, a partir desse encontro, come\u00e7ar uma s\u00e9rie de discuss\u00f5es com as c\u00e2maras municipais sobre temas muito importantes para a nossa regi\u00e3o. Assim poderemos articular solu\u00e7\u00f5es para a destina\u00e7\u00e3o dos res\u00edduos s\u00f3lidos, para melhorar a gest\u00e3o da sa\u00fade p\u00fablica, para a preserva\u00e7\u00e3o dos mananciais e integra\u00e7\u00e3o da seguran\u00e7a p\u00fablica&#8221;, adiantou.<\/p>\n\n\n\n<p>&#8220;Juntos, temos mais for\u00e7a para construir coletivamente solu\u00e7\u00f5es para os desafios comuns das cidades, como a coleta de res\u00edduos, a gest\u00e3o da sa\u00fade p\u00fablica, a preserva\u00e7\u00e3o de mananciais e da qualidade do meio ambiente, a integra\u00e7\u00e3o vi\u00e1ria e a seguran\u00e7a p\u00fablica&#8221;, completou Chaguinhas.<\/p>\n\n\n\n<p><strong>Troca de experi\u00eancias<\/strong><\/p>\n\n\n\n<p>Na opini\u00e3o do vereador Dudu Diniz (Cidadania), presidente da C\u00e2mara de S\u00e3o Jos\u00e9 de Ribamar, o encontro foi de &#8220;grande valia&#8221;, por permitir a troca de experi\u00eancias entre os Legislativos.<\/p>\n\n\n\n<p>&#8220;N\u00e3o temos registro de um esfor\u00e7o desse tamanho, congregando tantas c\u00e2maras municipais, em prol da integra\u00e7\u00e3o regional e solucionamento de problemas&#8221;, frisou o chefe do Legislativo ribamarense.<\/p>\n\n\n\n<div class=\"wp-block-image\"><figure class=\"aligncenter size-large\"><a href=\"https:\/\/www.blogsoestado.com\/danielmatos\/files\/2023\/05\/Screenshot_20230503-1817383.png\"><img decoding=\"async\" src=\"https:\/\/www.blogsoestado.com\/danielmatos\/files\/2023\/05\/Screenshot_20230503-1817383.png\" alt=\"\" class=\"wp-image-109126\"\/><\/a><figcaption>A intera\u00e7\u00e3o entre os vereadores da regi\u00e3o metropolitana favorecer\u00e1 a rela\u00e7\u00e3o com.oa governos municipais, estadual e federal <\/figcaption><\/figure><\/div>\n\n\n\n<p><strong>O que \u00e9?<\/strong><\/p>\n\n\n\n<p>O Parlamento Metropolitano \u00e9 um projeto que busca integrar os 13 munic\u00edpios da RMGSL, atrav\u00e9s de reuni\u00f5es mensais com vereadores dessas cidades para discutir problemas e solu\u00e7\u00f5es que n\u00e3o s\u00e3o abarcados pelas C\u00e2maras ou pela Assembleia Legislativa do Maranh\u00e3o (Alema).<\/p>\n\n\n\n<p>&#8220;\u00c9 uma iniciativa louv\u00e1vel, pois esse parlamento vai representar a popula\u00e7\u00e3o naqueles desafios que n\u00e3o s\u00e3o exclusivamente municipais nem exclusivamente estaduais. \u00c9 nesse limbo que se encontra, que aparece como uma solu\u00e7\u00e3o&#8221;, resume Daniel Fernandes (PL), presidente da C\u00e2mara da Raposa.<\/p>\n\n\n\n<p><strong>Agenda positiva<\/strong><\/p>\n\n\n\n<p>O vereador Rachid Sauaia (PDT), presidente da C\u00e2mara de Ros\u00e1rio, acredita que o Parlamento Metropolitano poder\u00e1 construir &#8220;agendas positivas&#8221; envolvendo todos ou alguns dos munic\u00edpios da RMGSL, al\u00e9m de aprovar projetos de indica\u00e7\u00e3o, ou sugest\u00f5es para prefeitos ou para o governador do Estado. &#8220;Eu acredito que \u00e9 uma iniciativa que pode ser para que os vereadores possam apresentar os desafios e as solu\u00e7\u00f5es metropolitanas&#8221;, defende.<\/p>\n\n\n\n<p>Capit\u00e3o Lucas Lindoso (Uni\u00e3o Brasil), presidente da C\u00e2mara de Bacabeira, elogia a proposta. &#8220;Ser\u00e1 poss\u00edvel a integra\u00e7\u00e3o dos munic\u00edpios, que muitas vezes vivenciam as mesmas dificuldades e podem partilhar tanto as problem\u00e1ticas, mas tamb\u00e9m tra\u00e7ar e construir solu\u00e7\u00f5es, respeitando as peculiaridades de cada munic\u00edpio&#8221;, disse.<\/p>\n\n\n\n<p>Durante o encontro, o grupo elegeu o vereador Francisco Chaguinhas para coordenar os trabalhos de cria\u00e7\u00e3o do Parlamento Metropolitano. Na oportunidade, o parlamentar afirmou que pretende convidar a Fec\u00f3mercio-MA, SENAR, SEBRAE e OAB-MA, al\u00e9m de outros segmentos da iniciativa privada, do terceiro setor e entidades de classe para compor alguns conselhos do f\u00f3rum dos parlamentares regionais. &#8220;A ideia \u00e9 que o grupo possa contar com a experi\u00eancia de importantes setores visando alcan\u00e7ar seu objetivo&#8221;, completou.<\/p>\n\n\n\n<p><strong>Pr\u00f3ximo encontro<\/strong><\/p>\n\n\n\n<div class=\"wp-block-image\"><figure class=\"aligncenter size-large\"><a href=\"https:\/\/www.blogsoestado.com\/danielmatos\/files\/2023\/05\/Screenshot_20230503-1816542.png\"><img decoding=\"async\" src=\"https:\/\/www.blogsoestado.com\/danielmatos\/files\/2023\/05\/Screenshot_20230503-1816542.png\" alt=\"\" class=\"wp-image-109127\"\/><\/a><figcaption>Francisco Chaguinhas em di\u00e1logo propositivo com o presidente da C\u00e2mara Municipal de S\u00e3o Jos\u00e9 de Ribamar, vereador Dudu Diniz<\/figcaption><\/figure><\/div>\n\n\n\n<p>O pr\u00f3ximo encontro do grupo ser\u00e1 na C\u00e2mara Municipal de S\u00e3o Jos\u00e9 de Ribamar, no dia 17 de maio. Al\u00e9m dos j\u00e1 citados, a reuni\u00e3o contou com a presen\u00e7a do vice-presidente da C\u00e2mara de Bacabeira, Lucas Seixas (PMN), e dos vereadores de S\u00e3o Lu\u00eds, \u00c1lvaro Pires (PMN), Domingos Paz (Podemos) e Pav\u00e3o Filho (PDT), um dos entusiastas do projeto. &#8220;Algo que tem tudo para efetivar verdadeiramente as a\u00e7\u00f5es conjuntas na Regi\u00e3o Metropolitana&#8221;, disse o pedetista.<\/p>\n\n\n\n<p><strong>Lei federal<\/strong><\/p>\n\n\n\n<p>O projeto do Parlamento Metropolitano est\u00e1 ancorado na lei n\u00b0 13.089, conhecida como Estatuto da Metr\u00f3pole, que estabelece &#8220;diretrizes gerais para o planejamento, a gest\u00e3o e a execu\u00e7\u00e3o das fun\u00e7\u00f5es p\u00fablicas de interesse comum em regi\u00f5es metropolitanas e em aglomera\u00e7\u00f5es urbanas institu\u00eddas pelos Estados, normas gerais sobre o plano de desenvolvimento urbano integrado&#8221;.<\/p>\n\n\n\n<p><strong>Lan\u00e7amento<\/strong><\/p>\n\n\n\n<p>Por enquanto, o projeto est\u00e1 na fase de realiza\u00e7\u00e3o de f\u00f3runs, sob a coordena\u00e7\u00e3o do 1\u00ba vice-presidente da C\u00e2mara de S\u00e3o Lu\u00eds, Francisco Chaguinhas. A pr\u00f3xima etapa visa reunir os dirigentes dos Legislativos dos munic\u00edpios de Alc\u00e2ntara, Axix\u00e1, Cachoeira Grande, Icatu, Morros, Pa\u00e7o do Lumiar, Santa Rita e Presidente Juscelino. O lan\u00e7amento ser\u00e1 no audit\u00f3rio da Federa\u00e7\u00e3o do Com\u00e9rcio de Bens, Servi\u00e7os e Turismo do Estado do Maranh\u00e3o (Fecom\u00e9rcio &#8211; MA), em data a ser definida em comum acordo pelo grupo.<\/p>\n","protected":false},"excerpt":{"rendered":"<p>Dirigentes dos Legislativos de quatro cidades da Regi\u00e3o Metropolitana participaram do debate S\u00c3O LU\u00cdS &#8211; Ampliar a integra\u00e7\u00e3o entre a [&hellip;]<\/p>\n","protected":false},"author":0,"featured_media":0,"comment_status":"open","ping_status":"open","sticky":false,"template":"","format":"standard","meta":{"site-sidebar-layout":"default","site-content-layout":"","ast-site-content-layout":"default","site-content-style":"default","site-sidebar-style":"default","ast-global-header-display":"","ast-banner-title-visibility":"","ast-main-header-display":"","ast-hfb-above-header-display":"","ast-hfb-below-header-display":"","ast-hfb-mobile-header-display":"","site-post-title":"","ast-breadcrumbs-content":"","ast-featured-img":"","footer-sml-layout":"","ast-disable-related-posts":"","theme-transparent-header-meta":"","adv-header-id-meta":"","stick-header-meta":"","header-above-stick-meta":"","header-main-stick-meta":"","header-below-stick-meta":"","astra-migrate-meta-layouts":"default","ast-page-background-enabled":"default","ast-page-background-meta":{"desktop":{"background-color":"var(--ast-global-color-5)","background-image":"","background-repeat":"repeat","background-position":"center center","background-size":"auto","background-attachment":"scroll","background-type":"","background-media":"","overlay-type":"","overlay-color":"","overlay-opacity":"","overlay-gradient":""},"tablet":{"background-color":"","background-image":"","background-repeat":"repeat","background-position":"center center","background-size":"auto","background-attachment":"scroll","background-type":"","background-media":"","overlay-type":"","overlay-color":"","overlay-opacity":"","overlay-gradient":""},"mobile":{"background-color":"","background-image":"","background-repeat":"repeat","background-position":"center center","background-size":"auto","background-attachment":"scroll","background-type":"","background-media":"","overlay-type":"","overlay-color":"","overlay-opacity":"","overlay-gradient":""}},"ast-content-background-meta":{"desktop":{"background-color":"var(--ast-global-color-4)","background-image":"","background-repeat":"repeat","background-position":"center center","background-size":"auto","background-attachment":"scroll","background-type":"","background-media":"","overlay-type":"","overlay-color":"","overlay-opacity":"","overlay-gradient":""},"tablet":{"background-color":"var(--ast-global-color-4)","background-image":"","background-repeat":"repeat","background-position":"center center","background-size":"auto","background-attachment":"scroll","background-type":"","background-media":"","overlay-type":"","overlay-color":"","overlay-opacity":"","overlay-gradient":""},"mobile":{"background-color":"var(--ast-global-color-4)","background-image":"","background-repeat":"repeat","background-position":"center center","background-size":"auto","background-attachment":"scroll","background-type":"","background-media":"","overlay-type":"","overlay-color":"","overlay-opacity":"","overlay-gradient":""}},"footnotes":""},"categories":[1],"tags":[],"class_list":["post-109123","post","type-post","status-publish","format-standard","hentry","category-sem-categoria"],"yoast_head":"<!-- This site is optimized with the Yoast SEO plugin v26.6 - https:\/\/yoast.com\/wordpress\/plugins\/seo\/ -->\n<title>Encontro na C\u00e2mara de S\u00e3o Lu\u00eds discute cria\u00e7\u00e3o do &quot;Parlamento Metropolitano&quot; - Daniel Matos<\/title>\n<meta name=\"robots\" content=\"index, follow, max-snippet:-1, max-image-preview:large, max-video-preview:-1\" \/>\n<link rel=\"canonical\" href=\"https:\/\/www.blogsoestado.com\/danielmatos\/encontro-na-camara-de-sao-luis-discute-criacao-do-parlamento-metropolitano\/\" \/>\n<meta property=\"og:locale\" content=\"pt_BR\" \/>\n<meta property=\"og:type\" content=\"article\" \/>\n<meta property=\"og:title\" content=\"Encontro na C\u00e2mara de S\u00e3o Lu\u00eds discute cria\u00e7\u00e3o do &quot;Parlamento Metropolitano&quot; - Daniel Matos\" \/>\n<meta property=\"og:description\" content=\"Dirigentes dos Legislativos de quatro cidades da Regi\u00e3o Metropolitana participaram do debate S\u00c3O LU\u00cdS &#8211; Ampliar a integra\u00e7\u00e3o entre a [&hellip;]\" \/>\n<meta property=\"og:url\" content=\"https:\/\/www.blogsoestado.com\/danielmatos\/encontro-na-camara-de-sao-luis-discute-criacao-do-parlamento-metropolitano\/\" \/>\n<meta property=\"og:site_name\" content=\"Daniel Matos\" \/>\n<meta property=\"article:published_time\" content=\"2023-05-03T20:55:41+00:00\" \/>\n<meta property=\"og:image\" content=\"https:\/\/www.blogsoestado.com\/danielmatos\/files\/2023\/05\/Screenshot_20230503-1812422-1.png\" \/>\n<meta name=\"twitter:card\" content=\"summary_large_image\" \/>\n<meta name=\"twitter:label1\" content=\"Est. tempo de leitura\" \/>\n\t<meta name=\"twitter:data1\" content=\"5 minutos\" \/>\n<script type=\"application\/ld+json\" class=\"yoast-schema-graph\">{\"@context\":\"https:\/\/schema.org\",\"@graph\":[{\"@type\":\"WebPage\",\"@id\":\"https:\/\/www.blogsoestado.com\/danielmatos\/encontro-na-camara-de-sao-luis-discute-criacao-do-parlamento-metropolitano\/\",\"url\":\"https:\/\/www.blogsoestado.com\/danielmatos\/encontro-na-camara-de-sao-luis-discute-criacao-do-parlamento-metropolitano\/\",\"name\":\"Encontro na C\u00e2mara de S\u00e3o Lu\u00eds discute cria\u00e7\u00e3o do \\\"Parlamento Metropolitano\\\" - Daniel Matos\",\"isPartOf\":{\"@id\":\"https:\/\/www.blogsoestado.com\/danielmatos\/#website\"},\"primaryImageOfPage\":{\"@id\":\"https:\/\/www.blogsoestado.com\/danielmatos\/encontro-na-camara-de-sao-luis-discute-criacao-do-parlamento-metropolitano\/#primaryimage\"},\"image\":{\"@id\":\"https:\/\/www.blogsoestado.com\/danielmatos\/encontro-na-camara-de-sao-luis-discute-criacao-do-parlamento-metropolitano\/#primaryimage\"},\"thumbnailUrl\":\"https:\/\/www.blogsoestado.com\/danielmatos\/files\/2023\/05\/Screenshot_20230503-1812422-1.png\",\"datePublished\":\"2023-05-03T20:55:41+00:00\",\"author\":{\"@id\":\"\"},\"breadcrumb\":{\"@id\":\"https:\/\/www.blogsoestado.com\/danielmatos\/encontro-na-camara-de-sao-luis-discute-criacao-do-parlamento-metropolitano\/#breadcrumb\"},\"inLanguage\":\"pt-BR\",\"potentialAction\":[{\"@type\":\"ReadAction\",\"target\":[\"https:\/\/www.blogsoestado.com\/danielmatos\/encontro-na-camara-de-sao-luis-discute-criacao-do-parlamento-metropolitano\/\"]}]},{\"@type\":\"ImageObject\",\"inLanguage\":\"pt-BR\",\"@id\":\"https:\/\/www.blogsoestado.com\/danielmatos\/encontro-na-camara-de-sao-luis-discute-criacao-do-parlamento-metropolitano\/#primaryimage\",\"url\":\"https:\/\/www.blogsoestado.com\/danielmatos\/files\/2023\/05\/Screenshot_20230503-1812422-1.png\",\"contentUrl\":\"https:\/\/www.blogsoestado.com\/danielmatos\/files\/2023\/05\/Screenshot_20230503-1812422-1.png\"},{\"@type\":\"BreadcrumbList\",\"@id\":\"https:\/\/www.blogsoestado.com\/danielmatos\/encontro-na-camara-de-sao-luis-discute-criacao-do-parlamento-metropolitano\/#breadcrumb\",\"itemListElement\":[{\"@type\":\"ListItem\",\"position\":1,\"name\":\"In\u00edcio\",\"item\":\"https:\/\/www.blogsoestado.com\/danielmatos\/\"},{\"@type\":\"ListItem\",\"position\":2,\"name\":\"Encontro na C\u00e2mara de S\u00e3o Lu\u00eds discute cria\u00e7\u00e3o do &#8220;Parlamento Metropolitano&#8221;\"}]},{\"@type\":\"WebSite\",\"@id\":\"https:\/\/www.blogsoestado.com\/danielmatos\/#website\",\"url\":\"https:\/\/www.blogsoestado.com\/danielmatos\/\",\"name\":\"Daniel Matos\",\"description\":\"\",\"potentialAction\":[{\"@type\":\"SearchAction\",\"target\":{\"@type\":\"EntryPoint\",\"urlTemplate\":\"https:\/\/www.blogsoestado.com\/danielmatos\/?s={search_term_string}\"},\"query-input\":{\"@type\":\"PropertyValueSpecification\",\"valueRequired\":true,\"valueName\":\"search_term_string\"}}],\"inLanguage\":\"pt-BR\"}]}<\/script>\n<!-- \/ Yoast SEO plugin. -->","yoast_head_json":{"title":"Encontro na C\u00e2mara de S\u00e3o Lu\u00eds discute cria\u00e7\u00e3o do \"Parlamento Metropolitano\" - Daniel Matos","robots":{"index":"index","follow":"follow","max-snippet":"max-snippet:-1","max-image-preview":"max-image-preview:large","max-video-preview":"max-video-preview:-1"},"canonical":"https:\/\/www.blogsoestado.com\/danielmatos\/encontro-na-camara-de-sao-luis-discute-criacao-do-parlamento-metropolitano\/","og_locale":"pt_BR","og_type":"article","og_title":"Encontro na C\u00e2mara de S\u00e3o Lu\u00eds discute cria\u00e7\u00e3o do \"Parlamento Metropolitano\" - Daniel Matos","og_description":"Dirigentes dos Legislativos de quatro cidades da Regi\u00e3o Metropolitana participaram do debate S\u00c3O LU\u00cdS &#8211; Ampliar a integra\u00e7\u00e3o entre a [&hellip;]","og_url":"https:\/\/www.blogsoestado.com\/danielmatos\/encontro-na-camara-de-sao-luis-discute-criacao-do-parlamento-metropolitano\/","og_site_name":"Daniel Matos","article_published_time":"2023-05-03T20:55:41+00:00","og_image":[{"url":"https:\/\/www.blogsoestado.com\/danielmatos\/files\/2023\/05\/Screenshot_20230503-1812422-1.png","type":"","width":"","height":""}],"twitter_card":"summary_large_image","twitter_misc":{"Est. tempo de leitura":"5 minutos"},"schema":{"@context":"https:\/\/schema.org","@graph":[{"@type":"WebPage","@id":"https:\/\/www.blogsoestado.com\/danielmatos\/encontro-na-camara-de-sao-luis-discute-criacao-do-parlamento-metropolitano\/","url":"https:\/\/www.blogsoestado.com\/danielmatos\/encontro-na-camara-de-sao-luis-discute-criacao-do-parlamento-metropolitano\/","name":"Encontro na C\u00e2mara de S\u00e3o Lu\u00eds discute cria\u00e7\u00e3o do \"Parlamento Metropolitano\" - Daniel Matos","isPartOf":{"@id":"https:\/\/www.blogsoestado.com\/danielmatos\/#website"},"primaryImageOfPage":{"@id":"https:\/\/www.blogsoestado.com\/danielmatos\/encontro-na-camara-de-sao-luis-discute-criacao-do-parlamento-metropolitano\/#primaryimage"},"image":{"@id":"https:\/\/www.blogsoestado.com\/danielmatos\/encontro-na-camara-de-sao-luis-discute-criacao-do-parlamento-metropolitano\/#primaryimage"},"thumbnailUrl":"https:\/\/www.blogsoestado.com\/danielmatos\/files\/2023\/05\/Screenshot_20230503-1812422-1.png","datePublished":"2023-05-03T20:55:41+00:00","author":{"@id":""},"breadcrumb":{"@id":"https:\/\/www.blogsoestado.com\/danielmatos\/encontro-na-camara-de-sao-luis-discute-criacao-do-parlamento-metropolitano\/#breadcrumb"},"inLanguage":"pt-BR","potentialAction":[{"@type":"ReadAction","target":["https:\/\/www.blogsoestado.com\/danielmatos\/encontro-na-camara-de-sao-luis-discute-criacao-do-parlamento-metropolitano\/"]}]},{"@type":"ImageObject","inLanguage":"pt-BR","@id":"https:\/\/www.blogsoestado.com\/danielmatos\/encontro-na-camara-de-sao-luis-discute-criacao-do-parlamento-metropolitano\/#primaryimage","url":"https:\/\/www.blogsoestado.com\/danielmatos\/files\/2023\/05\/Screenshot_20230503-1812422-1.png","contentUrl":"https:\/\/www.blogsoestado.com\/danielmatos\/files\/2023\/05\/Screenshot_20230503-1812422-1.png"},{"@type":"BreadcrumbList","@id":"https:\/\/www.blogsoestado.com\/danielmatos\/encontro-na-camara-de-sao-luis-discute-criacao-do-parlamento-metropolitano\/#breadcrumb","itemListElement":[{"@type":"ListItem","position":1,"name":"In\u00edcio","item":"https:\/\/www.blogsoestado.com\/danielmatos\/"},{"@type":"ListItem","position":2,"name":"Encontro na C\u00e2mara de S\u00e3o Lu\u00eds discute cria\u00e7\u00e3o do &#8220;Parlamento Metropolitano&#8221;"}]},{"@type":"WebSite","@id":"https:\/\/www.blogsoestado.com\/danielmatos\/#website","url":"https:\/\/www.blogsoestado.com\/danielmatos\/","name":"Daniel Matos","description":"","potentialAction":[{"@type":"SearchAction","target":{"@type":"EntryPoint","urlTemplate":"https:\/\/www.blogsoestado.com\/danielmatos\/?s={search_term_string}"},"query-input":{"@type":"PropertyValueSpecification","valueRequired":true,"valueName":"search_term_string"}}],"inLanguage":"pt-BR"}]}},"jetpack_featured_media_url":"","_links":{"self":[{"href":"https:\/\/www.blogsoestado.com\/danielmatos\/wp-json\/wp\/v2\/posts\/109123","targetHints":{"allow":["GET"]}}],"collection":[{"href":"https:\/\/www.blogsoestado.com\/danielmatos\/wp-json\/wp\/v2\/posts"}],"about":[{"href":"https:\/\/www.blogsoestado.com\/danielmatos\/wp-json\/wp\/v2\/types\/post"}],"replies":[{"embeddable":true,"href":"https:\/\/www.blogsoestado.com\/danielmatos\/wp-json\/wp\/v2\/comments?post=109123"}],"version-history":[{"count":0,"href":"https:\/\/www.blogsoestado.com\/danielmatos\/wp-json\/wp\/v2\/posts\/109123\/revisions"}],"wp:attachment":[{"href":"https:\/\/www.blogsoestado.com\/danielmatos\/wp-json\/wp\/v2\/media?parent=109123"}],"wp:term":[{"taxonomy":"category","embeddable":true,"href":"https:\/\/www.blogsoestado.com\/danielmatos\/wp-json\/wp\/v2\/categories?post=109123"},{"taxonomy":"post_tag","embeddable":true,"href":"https:\/\/www.blogsoestado.com\/danielmatos\/wp-json\/wp\/v2\/tags?post=109123"}],"curies":[{"name":"wp","href":"https:\/\/api.w.org\/{rel}","templated":true}]}}