{"id":109131,"date":"2023-05-03T21:59:20","date_gmt":"2023-05-04T00:59:20","guid":{"rendered":"https:\/\/www.blogsoestado.com\/danielmatos\/?p=109131"},"modified":"2023-05-03T21:59:20","modified_gmt":"2023-05-04T00:59:20","slug":"secretario-tenta-esclarecer-crise-no-transporte-mas-nao-convence-vereadores","status":"publish","type":"post","link":"https:\/\/www.blogsoestado.com\/danielmatos\/secretario-tenta-esclarecer-crise-no-transporte-mas-nao-convence-vereadores\/","title":{"rendered":"Secret\u00e1rio tenta esclarecer crise no transporte, mas n\u00e3o convence vereadores"},"content":{"rendered":"\n<p><em><strong><span class=\"has-inline-color has-vivid-red-color\">Segundo alguns parlamentares, as respostas de Diego Rodrigues aos questionamentos comprovaram sua falta de conhecimento t\u00e9cnico para gerenciar o setor<\/span><\/strong><\/em><\/p>\n\n\n\n<div class=\"wp-block-image\"><figure class=\"aligncenter size-large\"><a href=\"https:\/\/www.blogsoestado.com\/danielmatos\/files\/2023\/05\/Screenshot_20230503-2138522.png\"><img decoding=\"async\" src=\"https:\/\/www.blogsoestado.com\/danielmatos\/files\/2023\/05\/Screenshot_20230503-2138522.png\" alt=\"\" class=\"wp-image-109133\"\/><\/a><figcaption>O presidente da C\u00e2mara Municipal de S\u00e3o Lu\u00eds,.Paulo Victor, conduziu os trabalhos da Mesa Diretora durante a audi\u00eancia em que o secret\u00e1rio da SMTT, Diego Rodrigues, foi ouvido sobre a crise no transporte p\u00fablico (<strong>Fotos: <\/strong>Leonardo Mendon\u00e7a)<\/figcaption><\/figure><\/div>\n\n\n\n<p>O secret\u00e1rio Diego Rodrigues, titular da Secretaria Municipal de Tr\u00e2nsito e Transportes (SMTT) esteve, na manh\u00e3 desta quarta-feira (3), na C\u00e2mara Municipal de S\u00e3o Lu\u00eds, por mais de duas horas, para prestar esclarecimentos sobre a crise no setor.<\/p>\n\n\n\n<p>A convoca\u00e7\u00e3o foi realizada por meio de requerimento de autoria do vereador \u00c1lvaro Pires (PMN). Ao abrir os trabalhos, o presidente da C\u00e2mara, Paulo Victor (PCdoB), explicou que era uma prerrogativa da Casa convocar secret\u00e1rios para explicar a situa\u00e7\u00f5es que envolvam suas pastas.<\/p>\n\n\n\n<p>\u201cAntes de iniciar essa did\u00e1tica legislativa, eu gostaria de deixar registrado nos anais desta Casa que os 405 anos de Poder Legislativo Municipal e de participa\u00e7\u00e3o popular, nunca ser\u00e3o jogados fora. Esteja eu aqui nesta quadra ou em outro momento, os 405 anos de funda\u00e7\u00e3o desta Casa sempre prevalecer\u00e1 pelo bem da popula\u00e7\u00e3o\u201d, declarou.<\/p>\n\n\n\n<p><strong>\u201cR$ 30 mi para nada\u201d<\/strong><\/p>\n\n\n\n<p>Para buscar uma sa\u00edda para resolver a crise, um montante de quase R$ 30 milh\u00f5es foi repassado pela prefeitura \u00e0s empresas concession\u00e1rias visando suprir a defasagem do sistema. No entanto, segundo alguns parlamentares, os vultuosos valores n\u00e3o conseguiram solucionar a melhoria na qualidade da presta\u00e7\u00e3o do servi\u00e7o.<\/p>\n\n\n\n<div class=\"wp-block-image\"><figure class=\"aligncenter size-large\"><a href=\"https:\/\/www.blogsoestado.com\/danielmatos\/files\/2023\/05\/Screenshot_20230503-2139212.png\"><img decoding=\"async\" src=\"https:\/\/www.blogsoestado.com\/danielmatos\/files\/2023\/05\/Screenshot_20230503-2139212.png\" alt=\"\" class=\"wp-image-109132\"\/><\/a><figcaption>A audi\u00eancia p\u00fablica aconteceu na manh\u00e3 desta quarta-feira, com transmiss\u00e3o pelas redes sociais da C\u00e2mara Municipal <\/figcaption><\/figure><\/div>\n\n\n\n<p>Autor do pedido de convoca\u00e7\u00e3o, o vereador \u00c1lvaro Pires abriu a audi\u00eancia questionando a auditoria no sistema tarif\u00e1rio do transporte p\u00fablico. Segundo o parlamentar, a apresenta\u00e7\u00e3o do relat\u00f3rio que balizou o reajuste na tarifa paga pelos usu\u00e1rios e os valores de compensa\u00e7\u00e3o financeira que serve para equilibrar o d\u00e9ficit do sistema.<\/p>\n\n\n\n<p>\u201cInfelizmente o secret\u00e1rio diz que n\u00e3o tem condi\u00e7\u00f5es t\u00e9cnicas ainda para repassar essas informa\u00e7\u00f5es, mas essa Casa precisa ter acesso ao relat\u00f3rio de auditoria feito pela empresa Planum que serviu para aumentar a passagem de \u00f4nibus pela segunda vez em nossa cidade\u201d, disse.<\/p>\n\n\n\n<p><strong>Dilig\u00eancia na SMTT<\/strong> <\/p>\n\n\n\n<p>Em seu pronunciamento, o vereador sugeriu a realiza\u00e7\u00e3o de uma dilig\u00eancia da Casa at\u00e9 a SMTT para que o \u00f3rg\u00e3o possa fornecer o documento. \u201cO contrato de licita\u00e7\u00e3o prev\u00ea a realiza\u00e7\u00e3o de auditoria para conhecer a realidade do sistema. A auditoria foi feita, mas o \u00f3rg\u00e3o sonega essa informa\u00e7\u00e3o que contribuiu para balizar o reajuste da passagem e serve de par\u00e2metro para os repasses de subs\u00eddios\u201d, afirmou.<\/p>\n\n\n\n<div class=\"wp-block-image\"><figure class=\"aligncenter size-large\"><a href=\"https:\/\/www.blogsoestado.com\/danielmatos\/files\/2023\/05\/Screenshot_20230503-2139462.png\"><img decoding=\"async\" src=\"https:\/\/www.blogsoestado.com\/danielmatos\/files\/2023\/05\/Screenshot_20230503-2139462.png\" alt=\"\" class=\"wp-image-109134\"\/><\/a><figcaption>A audi\u00eancia com o secret\u00e1rio municipal de Tr\u00e2nsito e Transportes, Diego Rodrigues, ocorreu com o plen\u00e1rio e a galeria lotados<\/figcaption><\/figure><\/div>\n\n\n\n<p><strong>\u201cA culpa \u00e9 de Braide\u201d<\/strong><\/p>\n\n\n\n<p>Em sua participa\u00e7\u00e3o, o co-vereador Jonathan Soares, do Coletivo N\u00f3s (PT), lembrou que n\u00e3o adianta o prefeito ou seus aliados tentarem culpar os empres\u00e1rios pelo caos e afirmou que a crise no setor \u00e9 culpa da pr\u00f3pria gest\u00e3o municipal.<\/p>\n\n\n\n<p>\u201cA Constitui\u00e7\u00e3o e a Lei Org\u00e2nica falam que a responsabilidade pelo transporte p\u00fablico \u00e9 do Poder Executivo municipal. Ou seja, n\u00e3o s\u00e3o os empres\u00e1rios que s\u00e3o respons\u00e1veis pela gest\u00e3o do transporte, mas o pr\u00f3prio prefeito\u201d, declarou o parlamentar.<\/p>\n\n\n\n<p><strong>Perguntas, sem repostas<\/strong><\/p>\n\n\n\n<p>No encontro, o vereador Oct\u00e1vio Soeiro (Podemos) lembrou que foram muitos questionamentos t\u00e9cnicos relacionados a n\u00fameros, planilhas, valores sobre acordos firmados entre prefeitura e empres\u00e1rios, mas muitas destas informa\u00e7\u00f5es ficaram inconclusas.<\/p>\n\n\n\n<div class=\"wp-block-image\"><figure class=\"aligncenter size-large\"><a href=\"https:\/\/www.blogsoestado.com\/danielmatos\/files\/2023\/05\/Screenshot_20230503-2140222.png\"><img decoding=\"async\" src=\"https:\/\/www.blogsoestado.com\/danielmatos\/files\/2023\/05\/Screenshot_20230503-2140222.png\" alt=\"\" class=\"wp-image-109135\"\/><\/a><figcaption>O vereador Oct\u00e1vio Soeiro se pronuncia durante a audi\u00eancia com questionamento ao secret\u00e1rio Diego Rodrigues sobre o caos no transporte p\u00fablico de S\u00e3o Lu\u00eds<\/figcaption><\/figure><\/div>\n\n\n\n<p>\u201cEu, confesso, que ficou preocupado com as informa\u00e7\u00f5es inconclusas do secret\u00e1rio nesta Casa. \u00c9 uma situa\u00e7\u00e3o que deixa o cen\u00e1rio ainda mais nebuloso. A gente segue batendo na mesma tecla em achar que o problema do transporte p\u00fablico n\u00e3o sem tem defini\u00e7\u00e3o e nem solu\u00e7\u00e3o\u201d, frisou.<\/p>\n\n\n\n<p><strong>Sem compet\u00eancia t\u00e9cnica<\/strong><\/p>\n\n\n\n<p>Na opini\u00e3o do vereador Nato J\u00fanior, o secret\u00e1rio Diego Rodrigues comprovou que n\u00e3o tem a devida compet\u00eancia para ocupar a pasta e lembrou que o pr\u00f3prio titular da SMTT deixou isso claro durante sua tentativa de esclarecer a crise no transporte.<\/p>\n\n\n\n<p>\u201cO desempenho da participa\u00e7\u00e3o do secret\u00e1rio nesta Casa aconteceu da mesma forma que n\u00f3s imagin\u00e1vamos: ele n\u00e3o tem compet\u00eancia para exercer a pasta e deixou isso muito bem claro, pois afirmou que ainda est\u00e1 em um per\u00edodo de aprendizado\u201d, afirmou.<\/p>\n\n\n\n<div class=\"wp-block-image\"><figure class=\"aligncenter size-large\"><a href=\"https:\/\/www.blogsoestado.com\/danielmatos\/files\/2023\/05\/Screenshot_20230503-2141212.png\"><img decoding=\"async\" src=\"https:\/\/www.blogsoestado.com\/danielmatos\/files\/2023\/05\/Screenshot_20230503-2141212.png\" alt=\"\" class=\"wp-image-109136\"\/><\/a><figcaption>Diego Rodrigues foi sabatinado e suas explica\u00e7\u00f5es n\u00e3o foram convincentes, segundo avalia\u00e7\u00e3o dos vereadores<\/figcaption><\/figure><\/div>\n\n\n\n<p>Nato tamb\u00e9m questionou se a SMTT teria algum adjunto para auxiliar o titular nas fun\u00e7\u00f5es, mas acabou recebendo uma resposta negativa em rela\u00e7\u00e3o ao questionamento. \u201cEu acho um absurdo uma pasta da import\u00e2ncia de a SMTT n\u00e3o contar com um adjunto para auxiliar o secret\u00e1rio em seu \u2018est\u00e1gio\u2019, \u00e9 algo muito danoso para a nossa cidade\u201d, completou.<\/p>\n\n\n\n<p><strong>Relat\u00f3rio de irregularidades<\/strong><\/p>\n\n\n\n<p>Ao concluir sua participa\u00e7\u00e3o, o vereador pedetista afirmou que realizou uma vistoria nos \u00f4nibus que atendem linhas no polo Coroadinho e constatou uma s\u00e9rie de irregularidades como coletivos com idade acima dos 10 anos e ve\u00edculos circulando sem ar-condicionado.<\/p>\n\n\n\n<p>\u201cVamos protocolar esse relat\u00f3rio na SMTT com pedidos de provid\u00eancias. A conclus\u00e3o que chegamos \u00e9 que o prefeito \u00e9 respons\u00e1vel pelo caos. Ele prometeu endurecer o jogo com os empres\u00e1rios, mas sete dias depois resolve pactuar novo acordo com repasses de subs\u00eddios, mesmo com a persist\u00eancia da precariedade do servi\u00e7o\u201d, concluiu.<\/p>\n\n\n\n<div class=\"wp-block-image\"><figure class=\"aligncenter size-large\"><a href=\"https:\/\/www.blogsoestado.com\/danielmatos\/files\/2023\/05\/Screenshot_20230503-2140532.png\"><img decoding=\"async\" src=\"https:\/\/www.blogsoestado.com\/danielmatos\/files\/2023\/05\/Screenshot_20230503-2140532.png\" alt=\"\" class=\"wp-image-109137\"\/><\/a><figcaption>V\u00e1rios vereadores de fizeram perguntas ao secret\u00e1rio da SMTT sobre o tema em pauta na audi\u00eancia<\/figcaption><\/figure><\/div>\n\n\n\n<p><strong>Transmiss\u00e3o pelo YouTube<\/strong><\/p>\n\n\n\n<p>A reuni\u00e3o que foi transmitida pelo canal da C\u00e2mara no YouTube, site e redes sociais da Casa, contou com a presen\u00e7a dos vereadores Astro de Ogum (PCdoB), Marcial Lima (Republicanos), Domingos Paz (Podemos), Karla Sarney (PSD), Beto Castro (PMB), Marquinhos (PSC), Edson Gaguinho (Uni\u00e3o Brasil), Marlon Bot\u00e3o (PSB), Daniel Oliveira (PL), Dr. Gutemberg (PSC), Pav\u00e3o Filho (PDT), Francisco Chaguinhas (Podemos), Ant\u00f4nio Garcez (Agir), Chico Carvalho (Avante), al\u00e9m dos parlamentares que estiveram pelo sistema de delibera\u00e7\u00e3o virtual.&nbsp;<\/p>\n","protected":false},"excerpt":{"rendered":"<p>Segundo alguns parlamentares, as respostas de Diego Rodrigues aos questionamentos comprovaram sua falta de conhecimento t\u00e9cnico para gerenciar o setor [&hellip;]<\/p>\n","protected":false},"author":0,"featured_media":0,"comment_status":"open","ping_status":"open","sticky":false,"template":"","format":"standard","meta":{"site-sidebar-layout":"default","site-content-layout":"","ast-site-content-layout":"default","site-content-style":"default","site-sidebar-style":"default","ast-global-header-display":"","ast-banner-title-visibility":"","ast-main-header-display":"","ast-hfb-above-header-display":"","ast-hfb-below-header-display":"","ast-hfb-mobile-header-display":"","site-post-title":"","ast-breadcrumbs-content":"","ast-featured-img":"","footer-sml-layout":"","ast-disable-related-posts":"","theme-transparent-header-meta":"","adv-header-id-meta":"","stick-header-meta":"","header-above-stick-meta":"","header-main-stick-meta":"","header-below-stick-meta":"","astra-migrate-meta-layouts":"default","ast-page-background-enabled":"default","ast-page-background-meta":{"desktop":{"background-color":"var(--ast-global-color-5)","background-image":"","background-repeat":"repeat","background-position":"center center","background-size":"auto","background-attachment":"scroll","background-type":"","background-media":"","overlay-type":"","overlay-color":"","overlay-opacity":"","overlay-gradient":""},"tablet":{"background-color":"","background-image":"","background-repeat":"repeat","background-position":"center center","background-size":"auto","background-attachment":"scroll","background-type":"","background-media":"","overlay-type":"","overlay-color":"","overlay-opacity":"","overlay-gradient":""},"mobile":{"background-color":"","background-image":"","background-repeat":"repeat","background-position":"center center","background-size":"auto","background-attachment":"scroll","background-type":"","background-media":"","overlay-type":"","overlay-color":"","overlay-opacity":"","overlay-gradient":""}},"ast-content-background-meta":{"desktop":{"background-color":"var(--ast-global-color-4)","background-image":"","background-repeat":"repeat","background-position":"center center","background-size":"auto","background-attachment":"scroll","background-type":"","background-media":"","overlay-type":"","overlay-color":"","overlay-opacity":"","overlay-gradient":""},"tablet":{"background-color":"var(--ast-global-color-4)","background-image":"","background-repeat":"repeat","background-position":"center center","background-size":"auto","background-attachment":"scroll","background-type":"","background-media":"","overlay-type":"","overlay-color":"","overlay-opacity":"","overlay-gradient":""},"mobile":{"background-color":"var(--ast-global-color-4)","background-image":"","background-repeat":"repeat","background-position":"center center","background-size":"auto","background-attachment":"scroll","background-type":"","background-media":"","overlay-type":"","overlay-color":"","overlay-opacity":"","overlay-gradient":""}},"footnotes":""},"categories":[1],"tags":[],"class_list":["post-109131","post","type-post","status-publish","format-standard","hentry","category-sem-categoria"],"yoast_head":"<!-- This site is optimized with the Yoast SEO plugin v26.6 - https:\/\/yoast.com\/wordpress\/plugins\/seo\/ -->\n<title>Secret\u00e1rio tenta esclarecer crise no transporte, mas n\u00e3o convence vereadores - Daniel Matos<\/title>\n<meta name=\"robots\" content=\"index, follow, max-snippet:-1, max-image-preview:large, max-video-preview:-1\" \/>\n<link rel=\"canonical\" href=\"https:\/\/www.blogsoestado.com\/danielmatos\/secretario-tenta-esclarecer-crise-no-transporte-mas-nao-convence-vereadores\/\" \/>\n<meta property=\"og:locale\" content=\"pt_BR\" \/>\n<meta property=\"og:type\" content=\"article\" \/>\n<meta property=\"og:title\" content=\"Secret\u00e1rio tenta esclarecer crise no transporte, mas n\u00e3o convence vereadores - Daniel Matos\" \/>\n<meta property=\"og:description\" content=\"Segundo alguns parlamentares, as respostas de Diego Rodrigues aos questionamentos comprovaram sua falta de conhecimento t\u00e9cnico para gerenciar o setor [&hellip;]\" \/>\n<meta property=\"og:url\" content=\"https:\/\/www.blogsoestado.com\/danielmatos\/secretario-tenta-esclarecer-crise-no-transporte-mas-nao-convence-vereadores\/\" \/>\n<meta property=\"og:site_name\" content=\"Daniel Matos\" \/>\n<meta property=\"article:published_time\" content=\"2023-05-04T00:59:20+00:00\" \/>\n<meta property=\"og:image\" content=\"https:\/\/www.blogsoestado.com\/danielmatos\/files\/2023\/05\/Screenshot_20230503-2138522.png\" \/>\n<meta name=\"twitter:card\" content=\"summary_large_image\" \/>\n<meta name=\"twitter:label1\" content=\"Est. tempo de leitura\" \/>\n\t<meta name=\"twitter:data1\" content=\"6 minutos\" \/>\n<script type=\"application\/ld+json\" class=\"yoast-schema-graph\">{\"@context\":\"https:\/\/schema.org\",\"@graph\":[{\"@type\":\"WebPage\",\"@id\":\"https:\/\/www.blogsoestado.com\/danielmatos\/secretario-tenta-esclarecer-crise-no-transporte-mas-nao-convence-vereadores\/\",\"url\":\"https:\/\/www.blogsoestado.com\/danielmatos\/secretario-tenta-esclarecer-crise-no-transporte-mas-nao-convence-vereadores\/\",\"name\":\"Secret\u00e1rio tenta esclarecer crise no transporte, mas n\u00e3o convence vereadores - Daniel Matos\",\"isPartOf\":{\"@id\":\"https:\/\/www.blogsoestado.com\/danielmatos\/#website\"},\"primaryImageOfPage\":{\"@id\":\"https:\/\/www.blogsoestado.com\/danielmatos\/secretario-tenta-esclarecer-crise-no-transporte-mas-nao-convence-vereadores\/#primaryimage\"},\"image\":{\"@id\":\"https:\/\/www.blogsoestado.com\/danielmatos\/secretario-tenta-esclarecer-crise-no-transporte-mas-nao-convence-vereadores\/#primaryimage\"},\"thumbnailUrl\":\"https:\/\/www.blogsoestado.com\/danielmatos\/files\/2023\/05\/Screenshot_20230503-2138522.png\",\"datePublished\":\"2023-05-04T00:59:20+00:00\",\"author\":{\"@id\":\"\"},\"breadcrumb\":{\"@id\":\"https:\/\/www.blogsoestado.com\/danielmatos\/secretario-tenta-esclarecer-crise-no-transporte-mas-nao-convence-vereadores\/#breadcrumb\"},\"inLanguage\":\"pt-BR\",\"potentialAction\":[{\"@type\":\"ReadAction\",\"target\":[\"https:\/\/www.blogsoestado.com\/danielmatos\/secretario-tenta-esclarecer-crise-no-transporte-mas-nao-convence-vereadores\/\"]}]},{\"@type\":\"ImageObject\",\"inLanguage\":\"pt-BR\",\"@id\":\"https:\/\/www.blogsoestado.com\/danielmatos\/secretario-tenta-esclarecer-crise-no-transporte-mas-nao-convence-vereadores\/#primaryimage\",\"url\":\"https:\/\/www.blogsoestado.com\/danielmatos\/files\/2023\/05\/Screenshot_20230503-2138522.png\",\"contentUrl\":\"https:\/\/www.blogsoestado.com\/danielmatos\/files\/2023\/05\/Screenshot_20230503-2138522.png\"},{\"@type\":\"BreadcrumbList\",\"@id\":\"https:\/\/www.blogsoestado.com\/danielmatos\/secretario-tenta-esclarecer-crise-no-transporte-mas-nao-convence-vereadores\/#breadcrumb\",\"itemListElement\":[{\"@type\":\"ListItem\",\"position\":1,\"name\":\"In\u00edcio\",\"item\":\"https:\/\/www.blogsoestado.com\/danielmatos\/\"},{\"@type\":\"ListItem\",\"position\":2,\"name\":\"Secret\u00e1rio tenta esclarecer crise no transporte, mas n\u00e3o convence vereadores\"}]},{\"@type\":\"WebSite\",\"@id\":\"https:\/\/www.blogsoestado.com\/danielmatos\/#website\",\"url\":\"https:\/\/www.blogsoestado.com\/danielmatos\/\",\"name\":\"Daniel Matos\",\"description\":\"\",\"potentialAction\":[{\"@type\":\"SearchAction\",\"target\":{\"@type\":\"EntryPoint\",\"urlTemplate\":\"https:\/\/www.blogsoestado.com\/danielmatos\/?s={search_term_string}\"},\"query-input\":{\"@type\":\"PropertyValueSpecification\",\"valueRequired\":true,\"valueName\":\"search_term_string\"}}],\"inLanguage\":\"pt-BR\"}]}<\/script>\n<!-- \/ Yoast SEO plugin. -->","yoast_head_json":{"title":"Secret\u00e1rio tenta esclarecer crise no transporte, mas n\u00e3o convence vereadores - Daniel Matos","robots":{"index":"index","follow":"follow","max-snippet":"max-snippet:-1","max-image-preview":"max-image-preview:large","max-video-preview":"max-video-preview:-1"},"canonical":"https:\/\/www.blogsoestado.com\/danielmatos\/secretario-tenta-esclarecer-crise-no-transporte-mas-nao-convence-vereadores\/","og_locale":"pt_BR","og_type":"article","og_title":"Secret\u00e1rio tenta esclarecer crise no transporte, mas n\u00e3o convence vereadores - Daniel Matos","og_description":"Segundo alguns parlamentares, as respostas de Diego Rodrigues aos questionamentos comprovaram sua falta de conhecimento t\u00e9cnico para gerenciar o setor [&hellip;]","og_url":"https:\/\/www.blogsoestado.com\/danielmatos\/secretario-tenta-esclarecer-crise-no-transporte-mas-nao-convence-vereadores\/","og_site_name":"Daniel Matos","article_published_time":"2023-05-04T00:59:20+00:00","og_image":[{"url":"https:\/\/www.blogsoestado.com\/danielmatos\/files\/2023\/05\/Screenshot_20230503-2138522.png","type":"","width":"","height":""}],"twitter_card":"summary_large_image","twitter_misc":{"Est. tempo de leitura":"6 minutos"},"schema":{"@context":"https:\/\/schema.org","@graph":[{"@type":"WebPage","@id":"https:\/\/www.blogsoestado.com\/danielmatos\/secretario-tenta-esclarecer-crise-no-transporte-mas-nao-convence-vereadores\/","url":"https:\/\/www.blogsoestado.com\/danielmatos\/secretario-tenta-esclarecer-crise-no-transporte-mas-nao-convence-vereadores\/","name":"Secret\u00e1rio tenta esclarecer crise no transporte, mas n\u00e3o convence vereadores - Daniel Matos","isPartOf":{"@id":"https:\/\/www.blogsoestado.com\/danielmatos\/#website"},"primaryImageOfPage":{"@id":"https:\/\/www.blogsoestado.com\/danielmatos\/secretario-tenta-esclarecer-crise-no-transporte-mas-nao-convence-vereadores\/#primaryimage"},"image":{"@id":"https:\/\/www.blogsoestado.com\/danielmatos\/secretario-tenta-esclarecer-crise-no-transporte-mas-nao-convence-vereadores\/#primaryimage"},"thumbnailUrl":"https:\/\/www.blogsoestado.com\/danielmatos\/files\/2023\/05\/Screenshot_20230503-2138522.png","datePublished":"2023-05-04T00:59:20+00:00","author":{"@id":""},"breadcrumb":{"@id":"https:\/\/www.blogsoestado.com\/danielmatos\/secretario-tenta-esclarecer-crise-no-transporte-mas-nao-convence-vereadores\/#breadcrumb"},"inLanguage":"pt-BR","potentialAction":[{"@type":"ReadAction","target":["https:\/\/www.blogsoestado.com\/danielmatos\/secretario-tenta-esclarecer-crise-no-transporte-mas-nao-convence-vereadores\/"]}]},{"@type":"ImageObject","inLanguage":"pt-BR","@id":"https:\/\/www.blogsoestado.com\/danielmatos\/secretario-tenta-esclarecer-crise-no-transporte-mas-nao-convence-vereadores\/#primaryimage","url":"https:\/\/www.blogsoestado.com\/danielmatos\/files\/2023\/05\/Screenshot_20230503-2138522.png","contentUrl":"https:\/\/www.blogsoestado.com\/danielmatos\/files\/2023\/05\/Screenshot_20230503-2138522.png"},{"@type":"BreadcrumbList","@id":"https:\/\/www.blogsoestado.com\/danielmatos\/secretario-tenta-esclarecer-crise-no-transporte-mas-nao-convence-vereadores\/#breadcrumb","itemListElement":[{"@type":"ListItem","position":1,"name":"In\u00edcio","item":"https:\/\/www.blogsoestado.com\/danielmatos\/"},{"@type":"ListItem","position":2,"name":"Secret\u00e1rio tenta esclarecer crise no transporte, mas n\u00e3o convence vereadores"}]},{"@type":"WebSite","@id":"https:\/\/www.blogsoestado.com\/danielmatos\/#website","url":"https:\/\/www.blogsoestado.com\/danielmatos\/","name":"Daniel Matos","description":"","potentialAction":[{"@type":"SearchAction","target":{"@type":"EntryPoint","urlTemplate":"https:\/\/www.blogsoestado.com\/danielmatos\/?s={search_term_string}"},"query-input":{"@type":"PropertyValueSpecification","valueRequired":true,"valueName":"search_term_string"}}],"inLanguage":"pt-BR"}]}},"jetpack_featured_media_url":"","_links":{"self":[{"href":"https:\/\/www.blogsoestado.com\/danielmatos\/wp-json\/wp\/v2\/posts\/109131","targetHints":{"allow":["GET"]}}],"collection":[{"href":"https:\/\/www.blogsoestado.com\/danielmatos\/wp-json\/wp\/v2\/posts"}],"about":[{"href":"https:\/\/www.blogsoestado.com\/danielmatos\/wp-json\/wp\/v2\/types\/post"}],"replies":[{"embeddable":true,"href":"https:\/\/www.blogsoestado.com\/danielmatos\/wp-json\/wp\/v2\/comments?post=109131"}],"version-history":[{"count":0,"href":"https:\/\/www.blogsoestado.com\/danielmatos\/wp-json\/wp\/v2\/posts\/109131\/revisions"}],"wp:attachment":[{"href":"https:\/\/www.blogsoestado.com\/danielmatos\/wp-json\/wp\/v2\/media?parent=109131"}],"wp:term":[{"taxonomy":"category","embeddable":true,"href":"https:\/\/www.blogsoestado.com\/danielmatos\/wp-json\/wp\/v2\/categories?post=109131"},{"taxonomy":"post_tag","embeddable":true,"href":"https:\/\/www.blogsoestado.com\/danielmatos\/wp-json\/wp\/v2\/tags?post=109131"}],"curies":[{"name":"wp","href":"https:\/\/api.w.org\/{rel}","templated":true}]}}