{"id":109139,"date":"2023-05-04T01:34:19","date_gmt":"2023-05-04T04:34:19","guid":{"rendered":"https:\/\/www.blogsoestado.com\/danielmatos\/?p=109139"},"modified":"2023-05-04T01:34:19","modified_gmt":"2023-05-04T04:34:19","slug":"wellington-alerta-para-ingresso-de-mais-de-policiais-militares-na-reserva-este-ano-e-pede-nomeacao-de-1-100-pms-concursados","status":"publish","type":"post","link":"https:\/\/www.blogsoestado.com\/danielmatos\/wellington-alerta-para-ingresso-de-mais-de-policiais-militares-na-reserva-este-ano-e-pede-nomeacao-de-1-100-pms-concursados\/","title":{"rendered":"Wellington alerta para ingresso de mais de mil policiais militares na reserva este ano e pede nomea\u00e7\u00e3o de 1.100 PM&#8217;s concursados"},"content":{"rendered":"\n<div class=\"wp-block-image\"><figure class=\"aligncenter size-large\"><a href=\"https:\/\/www.blogsoestado.com\/danielmatos\/files\/2023\/05\/Screenshot_20230504-0117312.png\"><img decoding=\"async\" src=\"https:\/\/www.blogsoestado.com\/danielmatos\/files\/2023\/05\/Screenshot_20230504-0117312.png\" alt=\"\" class=\"wp-image-109140\"\/><\/a><figcaption>O deputado Wellington chamou a aten\u00e7\u00e3o para o d\u00e9ficit de contingente na corpora\u00e7\u00e3o, o que dificulta o combate \u00e0 criminalidade no Maranh\u00e3o <\/figcaption><\/figure><\/div>\n\n\n\n<p>O deputado estadual Wellington do Curso utilizou a tribuna da Assembleia Legislativa, nessa quarta-feira (3), para fazer refer\u00eancia ao anivers\u00e1rio de 30 (trinta) anos da turma de 1993 da Pol\u00edcia Militar do Maranh\u00e3o. Ao completarem tr\u00eas d\u00e9cadas de servi\u00e7o, os policiais adquirem o direito  de ingresso na reserva. <\/p>\n\n\n\n<p>Na ocasi\u00e3o, o parlamentar alertou para a necessidade de nomea\u00e7\u00e3o dos 1.100 aprovados no \u00faltimo concurso da PMMA e ressaltou o d\u00e9ficit na corpora\u00e7\u00e3o.<\/p>\n\n\n\n<p>\u201cHoje, policiais da turma de 1993 completam 30 anos de servi\u00e7o e passam a ter o direito de ir \u00e0 reserva, o que evidencia a necessidade de nomea\u00e7\u00e3o de mais militares. Mais de mil PM\u2019s ir\u00e3o para a reserva em 2023. H\u00e1 Companhias de Pol\u00edcia que contam com apenas dois policiais por dia, um n\u00famero insuficiente para combater a criminalidade. Esse quantitativo ser\u00e1 ainda menor agora em 2023, raz\u00e3o pela qual solicitei ao Governo do Estado a ado\u00e7\u00e3o de provid\u00eancias para nomear os 1.100 aprovados\u201d, anunciou Wellington.<\/p>\n","protected":false},"excerpt":{"rendered":"<p>O deputado estadual Wellington do Curso utilizou a tribuna da Assembleia Legislativa, nessa quarta-feira (3), para fazer refer\u00eancia ao anivers\u00e1rio [&hellip;]<\/p>\n","protected":false},"author":0,"featured_media":0,"comment_status":"open","ping_status":"open","sticky":false,"template":"","format":"standard","meta":{"site-sidebar-layout":"default","site-content-layout":"","ast-site-content-layout":"default","site-content-style":"default","site-sidebar-style":"default","ast-global-header-display":"","ast-banner-title-visibility":"","ast-main-header-display":"","ast-hfb-above-header-display":"","ast-hfb-below-header-display":"","ast-hfb-mobile-header-display":"","site-post-title":"","ast-breadcrumbs-content":"","ast-featured-img":"","footer-sml-layout":"","ast-disable-related-posts":"","theme-transparent-header-meta":"","adv-header-id-meta":"","stick-header-meta":"","header-above-stick-meta":"","header-main-stick-meta":"","header-below-stick-meta":"","astra-migrate-meta-layouts":"default","ast-page-background-enabled":"default","ast-page-background-meta":{"desktop":{"background-color":"var(--ast-global-color-5)","background-image":"","background-repeat":"repeat","background-position":"center center","background-size":"auto","background-attachment":"scroll","background-type":"","background-media":"","overlay-type":"","overlay-color":"","overlay-opacity":"","overlay-gradient":""},"tablet":{"background-color":"","background-image":"","background-repeat":"repeat","background-position":"center center","background-size":"auto","background-attachment":"scroll","background-type":"","background-media":"","overlay-type":"","overlay-color":"","overlay-opacity":"","overlay-gradient":""},"mobile":{"background-color":"","background-image":"","background-repeat":"repeat","background-position":"center center","background-size":"auto","background-attachment":"scroll","background-type":"","background-media":"","overlay-type":"","overlay-color":"","overlay-opacity":"","overlay-gradient":""}},"ast-content-background-meta":{"desktop":{"background-color":"var(--ast-global-color-4)","background-image":"","background-repeat":"repeat","background-position":"center center","background-size":"auto","background-attachment":"scroll","background-type":"","background-media":"","overlay-type":"","overlay-color":"","overlay-opacity":"","overlay-gradient":""},"tablet":{"background-color":"var(--ast-global-color-4)","background-image":"","background-repeat":"repeat","background-position":"center center","background-size":"auto","background-attachment":"scroll","background-type":"","background-media":"","overlay-type":"","overlay-color":"","overlay-opacity":"","overlay-gradient":""},"mobile":{"background-color":"var(--ast-global-color-4)","background-image":"","background-repeat":"repeat","background-position":"center center","background-size":"auto","background-attachment":"scroll","background-type":"","background-media":"","overlay-type":"","overlay-color":"","overlay-opacity":"","overlay-gradient":""}},"footnotes":""},"categories":[1],"tags":[],"class_list":["post-109139","post","type-post","status-publish","format-standard","hentry","category-sem-categoria"],"yoast_head":"<!-- This site is optimized with the Yoast SEO plugin v26.6 - https:\/\/yoast.com\/wordpress\/plugins\/seo\/ -->\n<title>Wellington alerta para ingresso de mais de mil policiais militares na reserva este ano e pede nomea\u00e7\u00e3o de 1.100 PM&#039;s concursados - Daniel Matos<\/title>\n<meta name=\"robots\" content=\"index, follow, max-snippet:-1, max-image-preview:large, max-video-preview:-1\" \/>\n<link rel=\"canonical\" href=\"https:\/\/www.blogsoestado.com\/danielmatos\/wellington-alerta-para-ingresso-de-mais-de-policiais-militares-na-reserva-este-ano-e-pede-nomeacao-de-1-100-pms-concursados\/\" \/>\n<meta property=\"og:locale\" content=\"pt_BR\" \/>\n<meta property=\"og:type\" content=\"article\" \/>\n<meta property=\"og:title\" content=\"Wellington alerta para ingresso de mais de mil policiais militares na reserva este ano e pede nomea\u00e7\u00e3o de 1.100 PM&#039;s concursados - Daniel Matos\" \/>\n<meta property=\"og:description\" content=\"O deputado estadual Wellington do Curso utilizou a tribuna da Assembleia Legislativa, nessa quarta-feira (3), para fazer refer\u00eancia ao anivers\u00e1rio [&hellip;]\" \/>\n<meta property=\"og:url\" content=\"https:\/\/www.blogsoestado.com\/danielmatos\/wellington-alerta-para-ingresso-de-mais-de-policiais-militares-na-reserva-este-ano-e-pede-nomeacao-de-1-100-pms-concursados\/\" \/>\n<meta property=\"og:site_name\" content=\"Daniel Matos\" \/>\n<meta property=\"article:published_time\" content=\"2023-05-04T04:34:19+00:00\" \/>\n<meta property=\"og:image\" content=\"https:\/\/www.blogsoestado.com\/danielmatos\/files\/2023\/05\/Screenshot_20230504-0117312.png\" \/>\n<meta name=\"twitter:card\" content=\"summary_large_image\" \/>\n<meta name=\"twitter:label1\" content=\"Est. tempo de leitura\" \/>\n\t<meta name=\"twitter:data1\" content=\"1 minuto\" \/>\n<script type=\"application\/ld+json\" class=\"yoast-schema-graph\">{\"@context\":\"https:\/\/schema.org\",\"@graph\":[{\"@type\":\"WebPage\",\"@id\":\"https:\/\/www.blogsoestado.com\/danielmatos\/wellington-alerta-para-ingresso-de-mais-de-policiais-militares-na-reserva-este-ano-e-pede-nomeacao-de-1-100-pms-concursados\/\",\"url\":\"https:\/\/www.blogsoestado.com\/danielmatos\/wellington-alerta-para-ingresso-de-mais-de-policiais-militares-na-reserva-este-ano-e-pede-nomeacao-de-1-100-pms-concursados\/\",\"name\":\"Wellington alerta para ingresso de mais de mil policiais militares na reserva este ano e pede nomea\u00e7\u00e3o de 1.100 PM's concursados - Daniel Matos\",\"isPartOf\":{\"@id\":\"https:\/\/www.blogsoestado.com\/danielmatos\/#website\"},\"primaryImageOfPage\":{\"@id\":\"https:\/\/www.blogsoestado.com\/danielmatos\/wellington-alerta-para-ingresso-de-mais-de-policiais-militares-na-reserva-este-ano-e-pede-nomeacao-de-1-100-pms-concursados\/#primaryimage\"},\"image\":{\"@id\":\"https:\/\/www.blogsoestado.com\/danielmatos\/wellington-alerta-para-ingresso-de-mais-de-policiais-militares-na-reserva-este-ano-e-pede-nomeacao-de-1-100-pms-concursados\/#primaryimage\"},\"thumbnailUrl\":\"https:\/\/www.blogsoestado.com\/danielmatos\/files\/2023\/05\/Screenshot_20230504-0117312.png\",\"datePublished\":\"2023-05-04T04:34:19+00:00\",\"author\":{\"@id\":\"\"},\"breadcrumb\":{\"@id\":\"https:\/\/www.blogsoestado.com\/danielmatos\/wellington-alerta-para-ingresso-de-mais-de-policiais-militares-na-reserva-este-ano-e-pede-nomeacao-de-1-100-pms-concursados\/#breadcrumb\"},\"inLanguage\":\"pt-BR\",\"potentialAction\":[{\"@type\":\"ReadAction\",\"target\":[\"https:\/\/www.blogsoestado.com\/danielmatos\/wellington-alerta-para-ingresso-de-mais-de-policiais-militares-na-reserva-este-ano-e-pede-nomeacao-de-1-100-pms-concursados\/\"]}]},{\"@type\":\"ImageObject\",\"inLanguage\":\"pt-BR\",\"@id\":\"https:\/\/www.blogsoestado.com\/danielmatos\/wellington-alerta-para-ingresso-de-mais-de-policiais-militares-na-reserva-este-ano-e-pede-nomeacao-de-1-100-pms-concursados\/#primaryimage\",\"url\":\"https:\/\/www.blogsoestado.com\/danielmatos\/files\/2023\/05\/Screenshot_20230504-0117312.png\",\"contentUrl\":\"https:\/\/www.blogsoestado.com\/danielmatos\/files\/2023\/05\/Screenshot_20230504-0117312.png\"},{\"@type\":\"BreadcrumbList\",\"@id\":\"https:\/\/www.blogsoestado.com\/danielmatos\/wellington-alerta-para-ingresso-de-mais-de-policiais-militares-na-reserva-este-ano-e-pede-nomeacao-de-1-100-pms-concursados\/#breadcrumb\",\"itemListElement\":[{\"@type\":\"ListItem\",\"position\":1,\"name\":\"In\u00edcio\",\"item\":\"https:\/\/www.blogsoestado.com\/danielmatos\/\"},{\"@type\":\"ListItem\",\"position\":2,\"name\":\"Wellington alerta para ingresso de mais de mil policiais militares na reserva este ano e pede nomea\u00e7\u00e3o de 1.100 PM&#8217;s concursados\"}]},{\"@type\":\"WebSite\",\"@id\":\"https:\/\/www.blogsoestado.com\/danielmatos\/#website\",\"url\":\"https:\/\/www.blogsoestado.com\/danielmatos\/\",\"name\":\"Daniel Matos\",\"description\":\"\",\"potentialAction\":[{\"@type\":\"SearchAction\",\"target\":{\"@type\":\"EntryPoint\",\"urlTemplate\":\"https:\/\/www.blogsoestado.com\/danielmatos\/?s={search_term_string}\"},\"query-input\":{\"@type\":\"PropertyValueSpecification\",\"valueRequired\":true,\"valueName\":\"search_term_string\"}}],\"inLanguage\":\"pt-BR\"}]}<\/script>\n<!-- \/ Yoast SEO plugin. -->","yoast_head_json":{"title":"Wellington alerta para ingresso de mais de mil policiais militares na reserva este ano e pede nomea\u00e7\u00e3o de 1.100 PM's concursados - Daniel Matos","robots":{"index":"index","follow":"follow","max-snippet":"max-snippet:-1","max-image-preview":"max-image-preview:large","max-video-preview":"max-video-preview:-1"},"canonical":"https:\/\/www.blogsoestado.com\/danielmatos\/wellington-alerta-para-ingresso-de-mais-de-policiais-militares-na-reserva-este-ano-e-pede-nomeacao-de-1-100-pms-concursados\/","og_locale":"pt_BR","og_type":"article","og_title":"Wellington alerta para ingresso de mais de mil policiais militares na reserva este ano e pede nomea\u00e7\u00e3o de 1.100 PM's concursados - Daniel Matos","og_description":"O deputado estadual Wellington do Curso utilizou a tribuna da Assembleia Legislativa, nessa quarta-feira (3), para fazer refer\u00eancia ao anivers\u00e1rio [&hellip;]","og_url":"https:\/\/www.blogsoestado.com\/danielmatos\/wellington-alerta-para-ingresso-de-mais-de-policiais-militares-na-reserva-este-ano-e-pede-nomeacao-de-1-100-pms-concursados\/","og_site_name":"Daniel Matos","article_published_time":"2023-05-04T04:34:19+00:00","og_image":[{"url":"https:\/\/www.blogsoestado.com\/danielmatos\/files\/2023\/05\/Screenshot_20230504-0117312.png","type":"","width":"","height":""}],"twitter_card":"summary_large_image","twitter_misc":{"Est. tempo de leitura":"1 minuto"},"schema":{"@context":"https:\/\/schema.org","@graph":[{"@type":"WebPage","@id":"https:\/\/www.blogsoestado.com\/danielmatos\/wellington-alerta-para-ingresso-de-mais-de-policiais-militares-na-reserva-este-ano-e-pede-nomeacao-de-1-100-pms-concursados\/","url":"https:\/\/www.blogsoestado.com\/danielmatos\/wellington-alerta-para-ingresso-de-mais-de-policiais-militares-na-reserva-este-ano-e-pede-nomeacao-de-1-100-pms-concursados\/","name":"Wellington alerta para ingresso de mais de mil policiais militares na reserva este ano e pede nomea\u00e7\u00e3o de 1.100 PM's concursados - Daniel Matos","isPartOf":{"@id":"https:\/\/www.blogsoestado.com\/danielmatos\/#website"},"primaryImageOfPage":{"@id":"https:\/\/www.blogsoestado.com\/danielmatos\/wellington-alerta-para-ingresso-de-mais-de-policiais-militares-na-reserva-este-ano-e-pede-nomeacao-de-1-100-pms-concursados\/#primaryimage"},"image":{"@id":"https:\/\/www.blogsoestado.com\/danielmatos\/wellington-alerta-para-ingresso-de-mais-de-policiais-militares-na-reserva-este-ano-e-pede-nomeacao-de-1-100-pms-concursados\/#primaryimage"},"thumbnailUrl":"https:\/\/www.blogsoestado.com\/danielmatos\/files\/2023\/05\/Screenshot_20230504-0117312.png","datePublished":"2023-05-04T04:34:19+00:00","author":{"@id":""},"breadcrumb":{"@id":"https:\/\/www.blogsoestado.com\/danielmatos\/wellington-alerta-para-ingresso-de-mais-de-policiais-militares-na-reserva-este-ano-e-pede-nomeacao-de-1-100-pms-concursados\/#breadcrumb"},"inLanguage":"pt-BR","potentialAction":[{"@type":"ReadAction","target":["https:\/\/www.blogsoestado.com\/danielmatos\/wellington-alerta-para-ingresso-de-mais-de-policiais-militares-na-reserva-este-ano-e-pede-nomeacao-de-1-100-pms-concursados\/"]}]},{"@type":"ImageObject","inLanguage":"pt-BR","@id":"https:\/\/www.blogsoestado.com\/danielmatos\/wellington-alerta-para-ingresso-de-mais-de-policiais-militares-na-reserva-este-ano-e-pede-nomeacao-de-1-100-pms-concursados\/#primaryimage","url":"https:\/\/www.blogsoestado.com\/danielmatos\/files\/2023\/05\/Screenshot_20230504-0117312.png","contentUrl":"https:\/\/www.blogsoestado.com\/danielmatos\/files\/2023\/05\/Screenshot_20230504-0117312.png"},{"@type":"BreadcrumbList","@id":"https:\/\/www.blogsoestado.com\/danielmatos\/wellington-alerta-para-ingresso-de-mais-de-policiais-militares-na-reserva-este-ano-e-pede-nomeacao-de-1-100-pms-concursados\/#breadcrumb","itemListElement":[{"@type":"ListItem","position":1,"name":"In\u00edcio","item":"https:\/\/www.blogsoestado.com\/danielmatos\/"},{"@type":"ListItem","position":2,"name":"Wellington alerta para ingresso de mais de mil policiais militares na reserva este ano e pede nomea\u00e7\u00e3o de 1.100 PM&#8217;s concursados"}]},{"@type":"WebSite","@id":"https:\/\/www.blogsoestado.com\/danielmatos\/#website","url":"https:\/\/www.blogsoestado.com\/danielmatos\/","name":"Daniel Matos","description":"","potentialAction":[{"@type":"SearchAction","target":{"@type":"EntryPoint","urlTemplate":"https:\/\/www.blogsoestado.com\/danielmatos\/?s={search_term_string}"},"query-input":{"@type":"PropertyValueSpecification","valueRequired":true,"valueName":"search_term_string"}}],"inLanguage":"pt-BR"}]}},"jetpack_featured_media_url":"","_links":{"self":[{"href":"https:\/\/www.blogsoestado.com\/danielmatos\/wp-json\/wp\/v2\/posts\/109139","targetHints":{"allow":["GET"]}}],"collection":[{"href":"https:\/\/www.blogsoestado.com\/danielmatos\/wp-json\/wp\/v2\/posts"}],"about":[{"href":"https:\/\/www.blogsoestado.com\/danielmatos\/wp-json\/wp\/v2\/types\/post"}],"replies":[{"embeddable":true,"href":"https:\/\/www.blogsoestado.com\/danielmatos\/wp-json\/wp\/v2\/comments?post=109139"}],"version-history":[{"count":0,"href":"https:\/\/www.blogsoestado.com\/danielmatos\/wp-json\/wp\/v2\/posts\/109139\/revisions"}],"wp:attachment":[{"href":"https:\/\/www.blogsoestado.com\/danielmatos\/wp-json\/wp\/v2\/media?parent=109139"}],"wp:term":[{"taxonomy":"category","embeddable":true,"href":"https:\/\/www.blogsoestado.com\/danielmatos\/wp-json\/wp\/v2\/categories?post=109139"},{"taxonomy":"post_tag","embeddable":true,"href":"https:\/\/www.blogsoestado.com\/danielmatos\/wp-json\/wp\/v2\/tags?post=109139"}],"curies":[{"name":"wp","href":"https:\/\/api.w.org\/{rel}","templated":true}]}}