{"id":109155,"date":"2023-05-04T10:01:27","date_gmt":"2023-05-04T13:01:27","guid":{"rendered":"https:\/\/www.blogsoestado.com\/danielmatos\/?p=109155"},"modified":"2023-05-04T10:01:27","modified_gmt":"2023-05-04T13:01:27","slug":"camara-homenageia-hoje-o-governador-carlos-brandao-pelos-100-dias-de-governo","status":"publish","type":"post","link":"https:\/\/www.blogsoestado.com\/danielmatos\/camara-homenageia-hoje-o-governador-carlos-brandao-pelos-100-dias-de-governo\/","title":{"rendered":"C\u00e2mara homenageia hoje o governador Carlos Brand\u00e3o pelos 100 dias de governo"},"content":{"rendered":"\n<div class=\"wp-block-image\"><figure class=\"aligncenter size-large\"><a href=\"https:\/\/www.blogsoestado.com\/danielmatos\/files\/2023\/05\/Screenshot_20230504-0957342.png\"><img decoding=\"async\" src=\"https:\/\/www.blogsoestado.com\/danielmatos\/files\/2023\/05\/Screenshot_20230504-0957342.png\" alt=\"\" class=\"wp-image-109156\"\/><\/a><\/figure><\/div>\n\n\n\n<p>A C\u00e2mara Municipal de S\u00e3o Lu\u00eds vai homenagear, nesta quinta-feira, 4, o governador Carlos Brand\u00e3o (PSB) pelos 100 dias do novo governo. A sess\u00e3o solene ocorre \u00e0s 17h na sede do Poder Legislativo.<\/p>\n\n\n\n<p>Nos 100 primeiros dias do governo, Carlos Brand\u00e3o entregou mais de 300 obras. \u00c9 um n\u00famero marcante. Por isso, os vereadores de S\u00e3o Lu\u00eds decidiram fazer a homenagem ao governador, que receber\u00e1 uma placa para marcar os 100 dias de gest\u00e3o. O requerimento para homenagear foi do vereador Chico Carvalho (Avante).<\/p>\n\n\n\n<p>O vereador disse que a iniciativa \u00e9 uma forma de demonstrar a alian\u00e7a que a C\u00e2mara Municipal tem com Brand\u00e3o. Carvalho disse ainda que esta alian\u00e7a tem gerado frutos para S\u00e3o Lu\u00eds porque o governador tem honrado os compromissos com os parlamentares feitos ainda durante a campanha eleitoral de 2022.<\/p>\n\n\n\n<p>\u201cAlgo raro na pol\u00edtica hoje em dia \u00e9 honrar compromissos e, isto, o governador tem feito. N\u00f3s ajudamos ele a se eleger e ele n\u00e3o tem falhado com a popula\u00e7\u00e3o de S\u00e3o Lu\u00eds\u201d, disse Chico Carvalho.<\/p>\n","protected":false},"excerpt":{"rendered":"<p>A C\u00e2mara Municipal de S\u00e3o Lu\u00eds vai homenagear, nesta quinta-feira, 4, o governador Carlos Brand\u00e3o (PSB) pelos 100 dias do [&hellip;]<\/p>\n","protected":false},"author":0,"featured_media":0,"comment_status":"open","ping_status":"open","sticky":false,"template":"","format":"standard","meta":{"site-sidebar-layout":"default","site-content-layout":"","ast-site-content-layout":"default","site-content-style":"default","site-sidebar-style":"default","ast-global-header-display":"","ast-banner-title-visibility":"","ast-main-header-display":"","ast-hfb-above-header-display":"","ast-hfb-below-header-display":"","ast-hfb-mobile-header-display":"","site-post-title":"","ast-breadcrumbs-content":"","ast-featured-img":"","footer-sml-layout":"","ast-disable-related-posts":"","theme-transparent-header-meta":"","adv-header-id-meta":"","stick-header-meta":"","header-above-stick-meta":"","header-main-stick-meta":"","header-below-stick-meta":"","astra-migrate-meta-layouts":"default","ast-page-background-enabled":"default","ast-page-background-meta":{"desktop":{"background-color":"var(--ast-global-color-5)","background-image":"","background-repeat":"repeat","background-position":"center center","background-size":"auto","background-attachment":"scroll","background-type":"","background-media":"","overlay-type":"","overlay-color":"","overlay-opacity":"","overlay-gradient":""},"tablet":{"background-color":"","background-image":"","background-repeat":"repeat","background-position":"center center","background-size":"auto","background-attachment":"scroll","background-type":"","background-media":"","overlay-type":"","overlay-color":"","overlay-opacity":"","overlay-gradient":""},"mobile":{"background-color":"","background-image":"","background-repeat":"repeat","background-position":"center center","background-size":"auto","background-attachment":"scroll","background-type":"","background-media":"","overlay-type":"","overlay-color":"","overlay-opacity":"","overlay-gradient":""}},"ast-content-background-meta":{"desktop":{"background-color":"var(--ast-global-color-4)","background-image":"","background-repeat":"repeat","background-position":"center center","background-size":"auto","background-attachment":"scroll","background-type":"","background-media":"","overlay-type":"","overlay-color":"","overlay-opacity":"","overlay-gradient":""},"tablet":{"background-color":"var(--ast-global-color-4)","background-image":"","background-repeat":"repeat","background-position":"center center","background-size":"auto","background-attachment":"scroll","background-type":"","background-media":"","overlay-type":"","overlay-color":"","overlay-opacity":"","overlay-gradient":""},"mobile":{"background-color":"var(--ast-global-color-4)","background-image":"","background-repeat":"repeat","background-position":"center center","background-size":"auto","background-attachment":"scroll","background-type":"","background-media":"","overlay-type":"","overlay-color":"","overlay-opacity":"","overlay-gradient":""}},"footnotes":""},"categories":[1],"tags":[],"class_list":["post-109155","post","type-post","status-publish","format-standard","hentry","category-sem-categoria"],"yoast_head":"<!-- This site is optimized with the Yoast SEO plugin v26.6 - https:\/\/yoast.com\/wordpress\/plugins\/seo\/ -->\n<title>C\u00e2mara homenageia hoje o governador Carlos Brand\u00e3o pelos 100 dias de governo - Daniel Matos<\/title>\n<meta name=\"robots\" content=\"index, follow, max-snippet:-1, max-image-preview:large, max-video-preview:-1\" \/>\n<link rel=\"canonical\" href=\"https:\/\/www.blogsoestado.com\/danielmatos\/camara-homenageia-hoje-o-governador-carlos-brandao-pelos-100-dias-de-governo\/\" \/>\n<meta property=\"og:locale\" content=\"pt_BR\" \/>\n<meta property=\"og:type\" content=\"article\" \/>\n<meta property=\"og:title\" content=\"C\u00e2mara homenageia hoje o governador Carlos Brand\u00e3o pelos 100 dias de governo - Daniel Matos\" \/>\n<meta property=\"og:description\" content=\"A C\u00e2mara Municipal de S\u00e3o Lu\u00eds vai homenagear, nesta quinta-feira, 4, o governador Carlos Brand\u00e3o (PSB) pelos 100 dias do [&hellip;]\" \/>\n<meta property=\"og:url\" content=\"https:\/\/www.blogsoestado.com\/danielmatos\/camara-homenageia-hoje-o-governador-carlos-brandao-pelos-100-dias-de-governo\/\" \/>\n<meta property=\"og:site_name\" content=\"Daniel Matos\" \/>\n<meta property=\"article:published_time\" content=\"2023-05-04T13:01:27+00:00\" \/>\n<meta property=\"og:image\" content=\"https:\/\/www.blogsoestado.com\/danielmatos\/files\/2023\/05\/Screenshot_20230504-0957342.png\" \/>\n<meta name=\"twitter:card\" content=\"summary_large_image\" \/>\n<meta name=\"twitter:label1\" content=\"Est. tempo de leitura\" \/>\n\t<meta name=\"twitter:data1\" content=\"1 minuto\" \/>\n<script type=\"application\/ld+json\" class=\"yoast-schema-graph\">{\"@context\":\"https:\/\/schema.org\",\"@graph\":[{\"@type\":\"WebPage\",\"@id\":\"https:\/\/www.blogsoestado.com\/danielmatos\/camara-homenageia-hoje-o-governador-carlos-brandao-pelos-100-dias-de-governo\/\",\"url\":\"https:\/\/www.blogsoestado.com\/danielmatos\/camara-homenageia-hoje-o-governador-carlos-brandao-pelos-100-dias-de-governo\/\",\"name\":\"C\u00e2mara homenageia hoje o governador Carlos Brand\u00e3o pelos 100 dias de governo - Daniel Matos\",\"isPartOf\":{\"@id\":\"https:\/\/www.blogsoestado.com\/danielmatos\/#website\"},\"primaryImageOfPage\":{\"@id\":\"https:\/\/www.blogsoestado.com\/danielmatos\/camara-homenageia-hoje-o-governador-carlos-brandao-pelos-100-dias-de-governo\/#primaryimage\"},\"image\":{\"@id\":\"https:\/\/www.blogsoestado.com\/danielmatos\/camara-homenageia-hoje-o-governador-carlos-brandao-pelos-100-dias-de-governo\/#primaryimage\"},\"thumbnailUrl\":\"https:\/\/www.blogsoestado.com\/danielmatos\/files\/2023\/05\/Screenshot_20230504-0957342.png\",\"datePublished\":\"2023-05-04T13:01:27+00:00\",\"author\":{\"@id\":\"\"},\"breadcrumb\":{\"@id\":\"https:\/\/www.blogsoestado.com\/danielmatos\/camara-homenageia-hoje-o-governador-carlos-brandao-pelos-100-dias-de-governo\/#breadcrumb\"},\"inLanguage\":\"pt-BR\",\"potentialAction\":[{\"@type\":\"ReadAction\",\"target\":[\"https:\/\/www.blogsoestado.com\/danielmatos\/camara-homenageia-hoje-o-governador-carlos-brandao-pelos-100-dias-de-governo\/\"]}]},{\"@type\":\"ImageObject\",\"inLanguage\":\"pt-BR\",\"@id\":\"https:\/\/www.blogsoestado.com\/danielmatos\/camara-homenageia-hoje-o-governador-carlos-brandao-pelos-100-dias-de-governo\/#primaryimage\",\"url\":\"https:\/\/www.blogsoestado.com\/danielmatos\/files\/2023\/05\/Screenshot_20230504-0957342.png\",\"contentUrl\":\"https:\/\/www.blogsoestado.com\/danielmatos\/files\/2023\/05\/Screenshot_20230504-0957342.png\"},{\"@type\":\"BreadcrumbList\",\"@id\":\"https:\/\/www.blogsoestado.com\/danielmatos\/camara-homenageia-hoje-o-governador-carlos-brandao-pelos-100-dias-de-governo\/#breadcrumb\",\"itemListElement\":[{\"@type\":\"ListItem\",\"position\":1,\"name\":\"In\u00edcio\",\"item\":\"https:\/\/www.blogsoestado.com\/danielmatos\/\"},{\"@type\":\"ListItem\",\"position\":2,\"name\":\"C\u00e2mara homenageia hoje o governador Carlos Brand\u00e3o pelos 100 dias de governo\"}]},{\"@type\":\"WebSite\",\"@id\":\"https:\/\/www.blogsoestado.com\/danielmatos\/#website\",\"url\":\"https:\/\/www.blogsoestado.com\/danielmatos\/\",\"name\":\"Daniel Matos\",\"description\":\"\",\"potentialAction\":[{\"@type\":\"SearchAction\",\"target\":{\"@type\":\"EntryPoint\",\"urlTemplate\":\"https:\/\/www.blogsoestado.com\/danielmatos\/?s={search_term_string}\"},\"query-input\":{\"@type\":\"PropertyValueSpecification\",\"valueRequired\":true,\"valueName\":\"search_term_string\"}}],\"inLanguage\":\"pt-BR\"}]}<\/script>\n<!-- \/ Yoast SEO plugin. -->","yoast_head_json":{"title":"C\u00e2mara homenageia hoje o governador Carlos Brand\u00e3o pelos 100 dias de governo - Daniel Matos","robots":{"index":"index","follow":"follow","max-snippet":"max-snippet:-1","max-image-preview":"max-image-preview:large","max-video-preview":"max-video-preview:-1"},"canonical":"https:\/\/www.blogsoestado.com\/danielmatos\/camara-homenageia-hoje-o-governador-carlos-brandao-pelos-100-dias-de-governo\/","og_locale":"pt_BR","og_type":"article","og_title":"C\u00e2mara homenageia hoje o governador Carlos Brand\u00e3o pelos 100 dias de governo - Daniel Matos","og_description":"A C\u00e2mara Municipal de S\u00e3o Lu\u00eds vai homenagear, nesta quinta-feira, 4, o governador Carlos Brand\u00e3o (PSB) pelos 100 dias do [&hellip;]","og_url":"https:\/\/www.blogsoestado.com\/danielmatos\/camara-homenageia-hoje-o-governador-carlos-brandao-pelos-100-dias-de-governo\/","og_site_name":"Daniel Matos","article_published_time":"2023-05-04T13:01:27+00:00","og_image":[{"url":"https:\/\/www.blogsoestado.com\/danielmatos\/files\/2023\/05\/Screenshot_20230504-0957342.png","type":"","width":"","height":""}],"twitter_card":"summary_large_image","twitter_misc":{"Est. tempo de leitura":"1 minuto"},"schema":{"@context":"https:\/\/schema.org","@graph":[{"@type":"WebPage","@id":"https:\/\/www.blogsoestado.com\/danielmatos\/camara-homenageia-hoje-o-governador-carlos-brandao-pelos-100-dias-de-governo\/","url":"https:\/\/www.blogsoestado.com\/danielmatos\/camara-homenageia-hoje-o-governador-carlos-brandao-pelos-100-dias-de-governo\/","name":"C\u00e2mara homenageia hoje o governador Carlos Brand\u00e3o pelos 100 dias de governo - Daniel Matos","isPartOf":{"@id":"https:\/\/www.blogsoestado.com\/danielmatos\/#website"},"primaryImageOfPage":{"@id":"https:\/\/www.blogsoestado.com\/danielmatos\/camara-homenageia-hoje-o-governador-carlos-brandao-pelos-100-dias-de-governo\/#primaryimage"},"image":{"@id":"https:\/\/www.blogsoestado.com\/danielmatos\/camara-homenageia-hoje-o-governador-carlos-brandao-pelos-100-dias-de-governo\/#primaryimage"},"thumbnailUrl":"https:\/\/www.blogsoestado.com\/danielmatos\/files\/2023\/05\/Screenshot_20230504-0957342.png","datePublished":"2023-05-04T13:01:27+00:00","author":{"@id":""},"breadcrumb":{"@id":"https:\/\/www.blogsoestado.com\/danielmatos\/camara-homenageia-hoje-o-governador-carlos-brandao-pelos-100-dias-de-governo\/#breadcrumb"},"inLanguage":"pt-BR","potentialAction":[{"@type":"ReadAction","target":["https:\/\/www.blogsoestado.com\/danielmatos\/camara-homenageia-hoje-o-governador-carlos-brandao-pelos-100-dias-de-governo\/"]}]},{"@type":"ImageObject","inLanguage":"pt-BR","@id":"https:\/\/www.blogsoestado.com\/danielmatos\/camara-homenageia-hoje-o-governador-carlos-brandao-pelos-100-dias-de-governo\/#primaryimage","url":"https:\/\/www.blogsoestado.com\/danielmatos\/files\/2023\/05\/Screenshot_20230504-0957342.png","contentUrl":"https:\/\/www.blogsoestado.com\/danielmatos\/files\/2023\/05\/Screenshot_20230504-0957342.png"},{"@type":"BreadcrumbList","@id":"https:\/\/www.blogsoestado.com\/danielmatos\/camara-homenageia-hoje-o-governador-carlos-brandao-pelos-100-dias-de-governo\/#breadcrumb","itemListElement":[{"@type":"ListItem","position":1,"name":"In\u00edcio","item":"https:\/\/www.blogsoestado.com\/danielmatos\/"},{"@type":"ListItem","position":2,"name":"C\u00e2mara homenageia hoje o governador Carlos Brand\u00e3o pelos 100 dias de governo"}]},{"@type":"WebSite","@id":"https:\/\/www.blogsoestado.com\/danielmatos\/#website","url":"https:\/\/www.blogsoestado.com\/danielmatos\/","name":"Daniel Matos","description":"","potentialAction":[{"@type":"SearchAction","target":{"@type":"EntryPoint","urlTemplate":"https:\/\/www.blogsoestado.com\/danielmatos\/?s={search_term_string}"},"query-input":{"@type":"PropertyValueSpecification","valueRequired":true,"valueName":"search_term_string"}}],"inLanguage":"pt-BR"}]}},"jetpack_featured_media_url":"","_links":{"self":[{"href":"https:\/\/www.blogsoestado.com\/danielmatos\/wp-json\/wp\/v2\/posts\/109155","targetHints":{"allow":["GET"]}}],"collection":[{"href":"https:\/\/www.blogsoestado.com\/danielmatos\/wp-json\/wp\/v2\/posts"}],"about":[{"href":"https:\/\/www.blogsoestado.com\/danielmatos\/wp-json\/wp\/v2\/types\/post"}],"replies":[{"embeddable":true,"href":"https:\/\/www.blogsoestado.com\/danielmatos\/wp-json\/wp\/v2\/comments?post=109155"}],"version-history":[{"count":0,"href":"https:\/\/www.blogsoestado.com\/danielmatos\/wp-json\/wp\/v2\/posts\/109155\/revisions"}],"wp:attachment":[{"href":"https:\/\/www.blogsoestado.com\/danielmatos\/wp-json\/wp\/v2\/media?parent=109155"}],"wp:term":[{"taxonomy":"category","embeddable":true,"href":"https:\/\/www.blogsoestado.com\/danielmatos\/wp-json\/wp\/v2\/categories?post=109155"},{"taxonomy":"post_tag","embeddable":true,"href":"https:\/\/www.blogsoestado.com\/danielmatos\/wp-json\/wp\/v2\/tags?post=109155"}],"curies":[{"name":"wp","href":"https:\/\/api.w.org\/{rel}","templated":true}]}}