{"id":109159,"date":"2023-05-04T11:10:32","date_gmt":"2023-05-04T14:10:32","guid":{"rendered":"https:\/\/www.blogsoestado.com\/danielmatos\/?p=109159"},"modified":"2023-05-04T11:10:32","modified_gmt":"2023-05-04T14:10:32","slug":"braide-ignora-reuniao-da-frente-nacional-de-prefeitos-que-alertou-para-situacao-preocupante-do-financiamento-do-transporte-publico","status":"publish","type":"post","link":"https:\/\/www.blogsoestado.com\/danielmatos\/braide-ignora-reuniao-da-frente-nacional-de-prefeitos-que-alertou-para-situacao-preocupante-do-financiamento-do-transporte-publico\/","title":{"rendered":"Braide ignora reuni\u00e3o da Frente Nacional de Prefeitos que alertou para situa\u00e7\u00e3o preocupante do financiamento do transporte p\u00fablico"},"content":{"rendered":"\n<p><strong><span class=\"has-inline-color has-vivid-red-color\">Gestor municipal de S\u00e3o Lu\u00eds n\u00e3o veio a p\u00fablico justificar sua aus\u00eancia em t\u00e3o importante discuss\u00e3o, realizada dias ap\u00f3s a greve que parou toda a frota de \u00f4nibus da capital maranhense por cinco dias<\/span><\/strong> <\/p>\n\n\n\n<div class=\"wp-block-image\"><figure class=\"aligncenter size-large\"><a href=\"https:\/\/www.blogsoestado.com\/danielmatos\/files\/2023\/05\/Screenshot_20230504-1049072.png\"><img decoding=\"async\" src=\"https:\/\/www.blogsoestado.com\/danielmatos\/files\/2023\/05\/Screenshot_20230504-1049072.png\" alt=\"\" class=\"wp-image-109160\"\/><\/a><figcaption>Prefeitos manifestaram preocupa\u00e7\u00e3o com a queda de receita do transporte p\u00fablico e discutiram solu\u00e7\u00f5es para o financiamento do setor <\/figcaption><\/figure><\/div>\n\n\n\n<p>\u201cO Brasil precisa de um projeto de transporte que seja um plano nacional\u201d, defendeu na manh\u00e3 dessa quarta-feira, 3 de maio, o prefeito de Aracaju\/SE, Edvaldo Nogueira, presidente da Frente Nacional de Prefeitos (FNP). Ele coordena a reuni\u00e3o de prefeitos que comp\u00f5em a Frente Nacional de Prefeitos (FNP) e secret\u00e1rios municipais, no Rio de Janeiro\/RJ, que debate a import\u00e2ncia do financiamento do transporte p\u00fablico coletivo no pa\u00eds. O prefeito de S\u00e3o Lu\u00eds, Eduardo Braide (PSD), n\u00e3o compareceu e nem sequer justificou, pelo menos publicamente, a sua aus\u00eancia no encontro.<\/p>\n\n\n\n<p>&#8220;Precisamos continuar trabalhando com quest\u00f5es imediatas, como o Projeto de Lei 4392\/2021, que tramita no Senado. Temos que nos unir e pressionar o governo para conseguir os recursos prometidos no PL de R$ 5 bilh\u00f5es para esse ano, outros R$ 5 bilh\u00f5es para o ano que vem e mais R$ 5 bilh\u00f5es para 2025. Esses recursos s\u00e3o muito importantes para as cidades brasileiras, todas elas sem distin\u00e7\u00e3o, mas especialmente para as m\u00e9dias e grandes cidades que n\u00e3o tem recursos suficientes para financiar o transporte. Por isso, precisamos continuar nessa batalha. Temos que achar uma forma de colocar esse debate novamente no calend\u00e1rio do Congresso Nacional, que no momento est\u00e1 estacionado\u201d destacou o prefeito Edvaldo.<\/p>\n\n\n\n<div class=\"wp-block-image\"><figure class=\"aligncenter size-large\"><a href=\"https:\/\/www.blogsoestado.com\/danielmatos\/files\/2023\/05\/Screenshot_20230504-1049372.png\"><img decoding=\"async\" src=\"https:\/\/www.blogsoestado.com\/danielmatos\/files\/2023\/05\/Screenshot_20230504-1049372.png\" alt=\"\" class=\"wp-image-109161\"\/><\/a><figcaption>Prefeitos que participaram da reuni\u00e3o tiveram acesso a dados sobre situa\u00e7\u00e3o do transporte p\u00fablico em grande parte dos munic\u00edpios, os seus impactos sociais, econ\u00f4micos e ambientais<\/figcaption><\/figure><\/div>\n\n\n\n<p>Dados levantados e compilados pela equipe t\u00e9cnica da FNP, com a parceria do F\u00f3rum de Secret\u00e1rio de Mobilidade e outras institui\u00e7\u00f5es que trabalham com transporte p\u00fablico, demonstraram aos prefeitos um diagn\u00f3stico da situa\u00e7\u00e3o em grande parte dos munic\u00edpios, os seus impactos sociais, econ\u00f4micos e ambientais, experi\u00eancias internacionais bem-sucedidas, quest\u00f5es sobre o fundo tripartite do transporte p\u00fablico coletivo e medidas legislativas.<\/p>\n\n\n\n<p>Segundo os dados apresentados pelo secret\u00e1rio-executivo da FNP, Gilberto Perre, houve uma queda na demanda verificada e uma redu\u00e7\u00e3o de passageiros em todas as faixas de renda nos \u00faltimos 20 anos. \u201cAp\u00f3s a pandemia, a demanda est\u00e1 entre 70% e 80% da capacidade de 2019\u201d, destaca um trecho da apresenta\u00e7\u00e3o. Na mesma medida, segundo dados do Instituto de Pesquisa Econ\u00f4mica Aplicada (IPEA) houve um crescimento dos custos do transporte p\u00fablico coletivo bem acima da infla\u00e7\u00e3o no mesmo per\u00edodo, ou seja, maiores custos e diminui\u00e7\u00e3o na demanda, fazendo com que o setor atinja n\u00edveis preocupantes de ociosidade.<\/p>\n\n\n\n<div class=\"wp-block-image\"><figure class=\"aligncenter size-large\"><a href=\"https:\/\/www.blogsoestado.com\/danielmatos\/files\/2023\/05\/Screenshot_20230504-1053412.png\"><img decoding=\"async\" src=\"https:\/\/www.blogsoestado.com\/danielmatos\/files\/2023\/05\/Screenshot_20230504-1053412.png\" alt=\"\" class=\"wp-image-109163\"\/><\/a><figcaption>Durante o encontro, os gestores p\u00fablicos municipais conheceram experi\u00eancias bem-sucedidas voltadas a restabelecer a viabilidade financeira do transporte <\/figcaption><\/figure><\/div>\n\n\n\n<p><strong>Queda de receitas<\/strong> <\/p>\n\n\n\n<p>\u201cAqui na cidade do Rio de Janeiro Estamos trabalhamos com o sistema de concess\u00f5es e com as Parcerias P\u00fablico Privadas (PPPs) h\u00e1 algum tempo e conseguimos encampar 150 km de BRT (um sistema r\u00e1pido por \u00f4nibus) que transposta 550\/600 mil pessoas ao dia, e que foi destru\u00eddo ao longo dos anos. N\u00f3s tivemos que reativ\u00e1-lo. Isso mostra um pouco da trag\u00e9dia que n\u00f3s vivemos nos transportes. Estive conversando ontem com o Ricardo Nunes (prefeito da capital paulista) que est\u00e1 pagando em subs\u00eddio algo entorno de R$ 5 bilh\u00f5es no transporte p\u00fablico para ajustar tarifas. Na cidade do Rio, quando fizemos a licita\u00e7\u00e3o de concess\u00e3o de linhas, n\u00e3o pag\u00e1vamos subs\u00eddio, mas agora teremos que pagar, ent\u00e3o isso gera uma press\u00e3o inacredit\u00e1vel no or\u00e7amento, fora os desafios institucionais\u201d, explicou o prefeito Eduardo Paes, 1\u00ba vice-presidente e Representante Especial para agendas de Mudan\u00e7as Clim\u00e1ticas da FNP. <\/p>\n\n\n\n<p>J\u00e1 o prefeito Ricardo Nunes apontou para uma queda de receitas e uma mudan\u00e7a de perfil dos passageiros ap\u00f3s a pandemia. \u201cEm 2019, t\u00ednhamos 9 milh\u00f5es de passageiros\/dia na cidade de S\u00e3o Paulo. No ano passado, ca\u00edmos para 7 milh\u00f5es de passageiros\/dia, portanto, uma perda grande de passageiros e consequentemente de receitas, isso por conta da pandemia, que mudou um pouco o perfil de algumas pessoas que passaram a utilizar os pr\u00f3prios ve\u00edculos ou o transporte por aplicativo\u201d, disse.<\/p>\n\n\n\n<div class=\"wp-block-image\"><figure class=\"aligncenter size-large\"><a href=\"https:\/\/www.blogsoestado.com\/danielmatos\/files\/2023\/05\/Screenshot_20230504-1050362.png\"><img decoding=\"async\" src=\"https:\/\/www.blogsoestado.com\/danielmatos\/files\/2023\/05\/Screenshot_20230504-1050362.png\" alt=\"\" class=\"wp-image-109164\"\/><\/a><figcaption>Um dado alarmante apresentado aos prefeitos diz respeito ao maior impacto da crise do transporte para as pessoas de baixa renda<\/figcaption><\/figure><\/div>\n\n\n\n<p><strong>Maiores custos para o pobre<\/strong><\/p>\n\n\n\n<p>Outro dado alarmante apresentado aos prefeitos \u00e9 que os 20% mais pobres da sociedade, especialmente mulheres negras, teriam que comprometer at\u00e9 um quarto da sua renda para se deslocar diariamente por transporte p\u00fablico. De acordo com informa\u00e7\u00f5es da Associa\u00e7\u00e3o Nacional das Empresas de Transportes Urbanos (NTU), o \u00f4nibus \u00e9 o principal meio de locomo\u00e7\u00e3o de 85,7% das pessoas que usam transporte coletivo no Brasil. Os outros 14,3% utilizam metr\u00f4, vans e fretados. Os carros s\u00e3o utilizados por 26% da popula\u00e7\u00e3o e as motos por 4%. J\u00e1 a bicicleta \u00e9 o principal meio de transporte de apenas 3% dos brasileiros, e 39% andam a p\u00e9.<\/p>\n\n\n\n<p>Foi apresentado tamb\u00e9m o curso desenvolvido pela Frente Nacional de Prefeitos (FNP), por interm\u00e9dio do projeto AcessoCidades, e ministrado gratuitamente pela Escola Nacional de Administra\u00e7\u00e3o P\u00fablica (Enap), com o foco no \u201cO Uso de Dados para a Gest\u00e3o do Transporte P\u00fablico Coletivo\u201d. Saiba mais&nbsp;<a href=\"https:\/\/fnp.org.br\/noticias\/item\/3073-parceria-fnp-e-enap-oferece-curso-gratuito-sobre-utilizacao-de-dados-do-transporte?highlight=WyJhY2Vzc29jaWRhZGVzIl0=\">clicando aqui<\/a>. O projeto AcessoCidades \u00e9 uma iniciativa da FNP com a e cofinanciamento da Uni\u00e3o Europeia e que busca qualificar pol\u00edticas de mobilidade no Brasil com vistas ao desenvolvimento sustent\u00e1vel e ao combate \u00e0s desigualdades sociais.<\/p>\n\n\n\n<div class=\"wp-block-image\"><figure class=\"aligncenter size-large\"><a href=\"https:\/\/www.blogsoestado.com\/danielmatos\/files\/2023\/05\/Screenshot_20230504-1051102.png\"><img decoding=\"async\" src=\"https:\/\/www.blogsoestado.com\/danielmatos\/files\/2023\/05\/Screenshot_20230504-1051102.png\" alt=\"\" class=\"wp-image-109165\"\/><\/a><figcaption>Mudan\u00e7a de perfil de passageiros, sobretudo ap\u00f3s a pandemia, foi outro assunto preocupante debatido pelos prefeitos durante a reuni\u00e3o <\/figcaption><\/figure><\/div>\n\n\n\n<p>Estiveram presentes na reuni\u00e3o al\u00e9m de Nogueira, Nunes e Paes, C\u00edcero Lucena, prefeito de Jo\u00e3o Pessoa\/PB e 1\u00aa Secret\u00e1rio Nacional da FNP; Cinthia Ribeiro, prefeita de Palmas\/TO e 3\u00aa vice-presidente Nacional; Sebasti\u00e3o Melo, prefeito de Porto Alegre\/RS e vice-presidente de Mobilidade Urbana da FNP; Ti\u00e3o Bocalom, prefeito de Rio Branco\/AC e vice-presidente de Habita\u00e7\u00e3o Sustent\u00e1vel da FNP; Bruno Reis, prefeito de Salvador\/BA e vice-presidente de PPPS e Concess\u00f5es da FNP; Colbert Martins, prefeito de Feira de Santana\/BA e vice-presidente de Infraestrutura; Top\u00e1zio Neto, prefeito de Florian\u00f3polis\/SC; \u00c1lvaro Dias, prefeito de Natal\/RN; Anderson Farias, prefeito de S\u00e3o Jos\u00e9 dos Campos\/SP e vice-presidente de Inova\u00e7\u00e3o em Mobilidade Urbana da FNP; Luiz Fernando, prefeito de Jundia\u00ed\/SP e vice-presidente de Mobilidade Ativa da FNP; Eduardo Pimentel, prefeito em exerc\u00edcio de Curitiba\/PR e \u00c9lcio Batista, vice-prefeito de Fortaleza\/CE.<\/p>\n","protected":false},"excerpt":{"rendered":"<p>Gestor municipal de S\u00e3o Lu\u00eds n\u00e3o veio a p\u00fablico justificar sua aus\u00eancia em t\u00e3o importante discuss\u00e3o, realizada dias ap\u00f3s a [&hellip;]<\/p>\n","protected":false},"author":0,"featured_media":0,"comment_status":"open","ping_status":"open","sticky":false,"template":"","format":"standard","meta":{"site-sidebar-layout":"default","site-content-layout":"","ast-site-content-layout":"default","site-content-style":"default","site-sidebar-style":"default","ast-global-header-display":"","ast-banner-title-visibility":"","ast-main-header-display":"","ast-hfb-above-header-display":"","ast-hfb-below-header-display":"","ast-hfb-mobile-header-display":"","site-post-title":"","ast-breadcrumbs-content":"","ast-featured-img":"","footer-sml-layout":"","ast-disable-related-posts":"","theme-transparent-header-meta":"","adv-header-id-meta":"","stick-header-meta":"","header-above-stick-meta":"","header-main-stick-meta":"","header-below-stick-meta":"","astra-migrate-meta-layouts":"default","ast-page-background-enabled":"default","ast-page-background-meta":{"desktop":{"background-color":"var(--ast-global-color-5)","background-image":"","background-repeat":"repeat","background-position":"center center","background-size":"auto","background-attachment":"scroll","background-type":"","background-media":"","overlay-type":"","overlay-color":"","overlay-opacity":"","overlay-gradient":""},"tablet":{"background-color":"","background-image":"","background-repeat":"repeat","background-position":"center center","background-size":"auto","background-attachment":"scroll","background-type":"","background-media":"","overlay-type":"","overlay-color":"","overlay-opacity":"","overlay-gradient":""},"mobile":{"background-color":"","background-image":"","background-repeat":"repeat","background-position":"center center","background-size":"auto","background-attachment":"scroll","background-type":"","background-media":"","overlay-type":"","overlay-color":"","overlay-opacity":"","overlay-gradient":""}},"ast-content-background-meta":{"desktop":{"background-color":"var(--ast-global-color-4)","background-image":"","background-repeat":"repeat","background-position":"center center","background-size":"auto","background-attachment":"scroll","background-type":"","background-media":"","overlay-type":"","overlay-color":"","overlay-opacity":"","overlay-gradient":""},"tablet":{"background-color":"var(--ast-global-color-4)","background-image":"","background-repeat":"repeat","background-position":"center center","background-size":"auto","background-attachment":"scroll","background-type":"","background-media":"","overlay-type":"","overlay-color":"","overlay-opacity":"","overlay-gradient":""},"mobile":{"background-color":"var(--ast-global-color-4)","background-image":"","background-repeat":"repeat","background-position":"center center","background-size":"auto","background-attachment":"scroll","background-type":"","background-media":"","overlay-type":"","overlay-color":"","overlay-opacity":"","overlay-gradient":""}},"footnotes":""},"categories":[1],"tags":[],"class_list":["post-109159","post","type-post","status-publish","format-standard","hentry","category-sem-categoria"],"yoast_head":"<!-- This site is optimized with the Yoast SEO plugin v26.6 - https:\/\/yoast.com\/wordpress\/plugins\/seo\/ -->\n<title>Braide ignora reuni\u00e3o da Frente Nacional de Prefeitos que alertou para situa\u00e7\u00e3o preocupante do financiamento do transporte p\u00fablico - Daniel Matos<\/title>\n<meta name=\"robots\" content=\"index, follow, max-snippet:-1, max-image-preview:large, max-video-preview:-1\" \/>\n<link rel=\"canonical\" href=\"https:\/\/www.blogsoestado.com\/danielmatos\/braide-ignora-reuniao-da-frente-nacional-de-prefeitos-que-alertou-para-situacao-preocupante-do-financiamento-do-transporte-publico\/\" \/>\n<meta property=\"og:locale\" content=\"pt_BR\" \/>\n<meta property=\"og:type\" content=\"article\" \/>\n<meta property=\"og:title\" content=\"Braide ignora reuni\u00e3o da Frente Nacional de Prefeitos que alertou para situa\u00e7\u00e3o preocupante do financiamento do transporte p\u00fablico - Daniel Matos\" \/>\n<meta property=\"og:description\" content=\"Gestor municipal de S\u00e3o Lu\u00eds n\u00e3o veio a p\u00fablico justificar sua aus\u00eancia em t\u00e3o importante discuss\u00e3o, realizada dias ap\u00f3s a [&hellip;]\" \/>\n<meta property=\"og:url\" content=\"https:\/\/www.blogsoestado.com\/danielmatos\/braide-ignora-reuniao-da-frente-nacional-de-prefeitos-que-alertou-para-situacao-preocupante-do-financiamento-do-transporte-publico\/\" \/>\n<meta property=\"og:site_name\" content=\"Daniel Matos\" \/>\n<meta property=\"article:published_time\" content=\"2023-05-04T14:10:32+00:00\" \/>\n<meta property=\"og:image\" content=\"https:\/\/www.blogsoestado.com\/danielmatos\/files\/2023\/05\/Screenshot_20230504-1049072.png\" \/>\n<meta name=\"twitter:card\" content=\"summary_large_image\" \/>\n<meta name=\"twitter:label1\" content=\"Est. tempo de leitura\" \/>\n\t<meta name=\"twitter:data1\" content=\"6 minutos\" \/>\n<script type=\"application\/ld+json\" class=\"yoast-schema-graph\">{\"@context\":\"https:\/\/schema.org\",\"@graph\":[{\"@type\":\"WebPage\",\"@id\":\"https:\/\/www.blogsoestado.com\/danielmatos\/braide-ignora-reuniao-da-frente-nacional-de-prefeitos-que-alertou-para-situacao-preocupante-do-financiamento-do-transporte-publico\/\",\"url\":\"https:\/\/www.blogsoestado.com\/danielmatos\/braide-ignora-reuniao-da-frente-nacional-de-prefeitos-que-alertou-para-situacao-preocupante-do-financiamento-do-transporte-publico\/\",\"name\":\"Braide ignora reuni\u00e3o da Frente Nacional de Prefeitos que alertou para situa\u00e7\u00e3o preocupante do financiamento do transporte p\u00fablico - Daniel Matos\",\"isPartOf\":{\"@id\":\"https:\/\/www.blogsoestado.com\/danielmatos\/#website\"},\"primaryImageOfPage\":{\"@id\":\"https:\/\/www.blogsoestado.com\/danielmatos\/braide-ignora-reuniao-da-frente-nacional-de-prefeitos-que-alertou-para-situacao-preocupante-do-financiamento-do-transporte-publico\/#primaryimage\"},\"image\":{\"@id\":\"https:\/\/www.blogsoestado.com\/danielmatos\/braide-ignora-reuniao-da-frente-nacional-de-prefeitos-que-alertou-para-situacao-preocupante-do-financiamento-do-transporte-publico\/#primaryimage\"},\"thumbnailUrl\":\"https:\/\/www.blogsoestado.com\/danielmatos\/files\/2023\/05\/Screenshot_20230504-1049072.png\",\"datePublished\":\"2023-05-04T14:10:32+00:00\",\"author\":{\"@id\":\"\"},\"breadcrumb\":{\"@id\":\"https:\/\/www.blogsoestado.com\/danielmatos\/braide-ignora-reuniao-da-frente-nacional-de-prefeitos-que-alertou-para-situacao-preocupante-do-financiamento-do-transporte-publico\/#breadcrumb\"},\"inLanguage\":\"pt-BR\",\"potentialAction\":[{\"@type\":\"ReadAction\",\"target\":[\"https:\/\/www.blogsoestado.com\/danielmatos\/braide-ignora-reuniao-da-frente-nacional-de-prefeitos-que-alertou-para-situacao-preocupante-do-financiamento-do-transporte-publico\/\"]}]},{\"@type\":\"ImageObject\",\"inLanguage\":\"pt-BR\",\"@id\":\"https:\/\/www.blogsoestado.com\/danielmatos\/braide-ignora-reuniao-da-frente-nacional-de-prefeitos-que-alertou-para-situacao-preocupante-do-financiamento-do-transporte-publico\/#primaryimage\",\"url\":\"https:\/\/www.blogsoestado.com\/danielmatos\/files\/2023\/05\/Screenshot_20230504-1049072.png\",\"contentUrl\":\"https:\/\/www.blogsoestado.com\/danielmatos\/files\/2023\/05\/Screenshot_20230504-1049072.png\"},{\"@type\":\"BreadcrumbList\",\"@id\":\"https:\/\/www.blogsoestado.com\/danielmatos\/braide-ignora-reuniao-da-frente-nacional-de-prefeitos-que-alertou-para-situacao-preocupante-do-financiamento-do-transporte-publico\/#breadcrumb\",\"itemListElement\":[{\"@type\":\"ListItem\",\"position\":1,\"name\":\"In\u00edcio\",\"item\":\"https:\/\/www.blogsoestado.com\/danielmatos\/\"},{\"@type\":\"ListItem\",\"position\":2,\"name\":\"Braide ignora reuni\u00e3o da Frente Nacional de Prefeitos que alertou para situa\u00e7\u00e3o preocupante do financiamento do transporte p\u00fablico\"}]},{\"@type\":\"WebSite\",\"@id\":\"https:\/\/www.blogsoestado.com\/danielmatos\/#website\",\"url\":\"https:\/\/www.blogsoestado.com\/danielmatos\/\",\"name\":\"Daniel Matos\",\"description\":\"\",\"potentialAction\":[{\"@type\":\"SearchAction\",\"target\":{\"@type\":\"EntryPoint\",\"urlTemplate\":\"https:\/\/www.blogsoestado.com\/danielmatos\/?s={search_term_string}\"},\"query-input\":{\"@type\":\"PropertyValueSpecification\",\"valueRequired\":true,\"valueName\":\"search_term_string\"}}],\"inLanguage\":\"pt-BR\"}]}<\/script>\n<!-- \/ Yoast SEO plugin. -->","yoast_head_json":{"title":"Braide ignora reuni\u00e3o da Frente Nacional de Prefeitos que alertou para situa\u00e7\u00e3o preocupante do financiamento do transporte p\u00fablico - Daniel Matos","robots":{"index":"index","follow":"follow","max-snippet":"max-snippet:-1","max-image-preview":"max-image-preview:large","max-video-preview":"max-video-preview:-1"},"canonical":"https:\/\/www.blogsoestado.com\/danielmatos\/braide-ignora-reuniao-da-frente-nacional-de-prefeitos-que-alertou-para-situacao-preocupante-do-financiamento-do-transporte-publico\/","og_locale":"pt_BR","og_type":"article","og_title":"Braide ignora reuni\u00e3o da Frente Nacional de Prefeitos que alertou para situa\u00e7\u00e3o preocupante do financiamento do transporte p\u00fablico - Daniel Matos","og_description":"Gestor municipal de S\u00e3o Lu\u00eds n\u00e3o veio a p\u00fablico justificar sua aus\u00eancia em t\u00e3o importante discuss\u00e3o, realizada dias ap\u00f3s a [&hellip;]","og_url":"https:\/\/www.blogsoestado.com\/danielmatos\/braide-ignora-reuniao-da-frente-nacional-de-prefeitos-que-alertou-para-situacao-preocupante-do-financiamento-do-transporte-publico\/","og_site_name":"Daniel Matos","article_published_time":"2023-05-04T14:10:32+00:00","og_image":[{"url":"https:\/\/www.blogsoestado.com\/danielmatos\/files\/2023\/05\/Screenshot_20230504-1049072.png","type":"","width":"","height":""}],"twitter_card":"summary_large_image","twitter_misc":{"Est. tempo de leitura":"6 minutos"},"schema":{"@context":"https:\/\/schema.org","@graph":[{"@type":"WebPage","@id":"https:\/\/www.blogsoestado.com\/danielmatos\/braide-ignora-reuniao-da-frente-nacional-de-prefeitos-que-alertou-para-situacao-preocupante-do-financiamento-do-transporte-publico\/","url":"https:\/\/www.blogsoestado.com\/danielmatos\/braide-ignora-reuniao-da-frente-nacional-de-prefeitos-que-alertou-para-situacao-preocupante-do-financiamento-do-transporte-publico\/","name":"Braide ignora reuni\u00e3o da Frente Nacional de Prefeitos que alertou para situa\u00e7\u00e3o preocupante do financiamento do transporte p\u00fablico - Daniel Matos","isPartOf":{"@id":"https:\/\/www.blogsoestado.com\/danielmatos\/#website"},"primaryImageOfPage":{"@id":"https:\/\/www.blogsoestado.com\/danielmatos\/braide-ignora-reuniao-da-frente-nacional-de-prefeitos-que-alertou-para-situacao-preocupante-do-financiamento-do-transporte-publico\/#primaryimage"},"image":{"@id":"https:\/\/www.blogsoestado.com\/danielmatos\/braide-ignora-reuniao-da-frente-nacional-de-prefeitos-que-alertou-para-situacao-preocupante-do-financiamento-do-transporte-publico\/#primaryimage"},"thumbnailUrl":"https:\/\/www.blogsoestado.com\/danielmatos\/files\/2023\/05\/Screenshot_20230504-1049072.png","datePublished":"2023-05-04T14:10:32+00:00","author":{"@id":""},"breadcrumb":{"@id":"https:\/\/www.blogsoestado.com\/danielmatos\/braide-ignora-reuniao-da-frente-nacional-de-prefeitos-que-alertou-para-situacao-preocupante-do-financiamento-do-transporte-publico\/#breadcrumb"},"inLanguage":"pt-BR","potentialAction":[{"@type":"ReadAction","target":["https:\/\/www.blogsoestado.com\/danielmatos\/braide-ignora-reuniao-da-frente-nacional-de-prefeitos-que-alertou-para-situacao-preocupante-do-financiamento-do-transporte-publico\/"]}]},{"@type":"ImageObject","inLanguage":"pt-BR","@id":"https:\/\/www.blogsoestado.com\/danielmatos\/braide-ignora-reuniao-da-frente-nacional-de-prefeitos-que-alertou-para-situacao-preocupante-do-financiamento-do-transporte-publico\/#primaryimage","url":"https:\/\/www.blogsoestado.com\/danielmatos\/files\/2023\/05\/Screenshot_20230504-1049072.png","contentUrl":"https:\/\/www.blogsoestado.com\/danielmatos\/files\/2023\/05\/Screenshot_20230504-1049072.png"},{"@type":"BreadcrumbList","@id":"https:\/\/www.blogsoestado.com\/danielmatos\/braide-ignora-reuniao-da-frente-nacional-de-prefeitos-que-alertou-para-situacao-preocupante-do-financiamento-do-transporte-publico\/#breadcrumb","itemListElement":[{"@type":"ListItem","position":1,"name":"In\u00edcio","item":"https:\/\/www.blogsoestado.com\/danielmatos\/"},{"@type":"ListItem","position":2,"name":"Braide ignora reuni\u00e3o da Frente Nacional de Prefeitos que alertou para situa\u00e7\u00e3o preocupante do financiamento do transporte p\u00fablico"}]},{"@type":"WebSite","@id":"https:\/\/www.blogsoestado.com\/danielmatos\/#website","url":"https:\/\/www.blogsoestado.com\/danielmatos\/","name":"Daniel Matos","description":"","potentialAction":[{"@type":"SearchAction","target":{"@type":"EntryPoint","urlTemplate":"https:\/\/www.blogsoestado.com\/danielmatos\/?s={search_term_string}"},"query-input":{"@type":"PropertyValueSpecification","valueRequired":true,"valueName":"search_term_string"}}],"inLanguage":"pt-BR"}]}},"jetpack_featured_media_url":"","_links":{"self":[{"href":"https:\/\/www.blogsoestado.com\/danielmatos\/wp-json\/wp\/v2\/posts\/109159","targetHints":{"allow":["GET"]}}],"collection":[{"href":"https:\/\/www.blogsoestado.com\/danielmatos\/wp-json\/wp\/v2\/posts"}],"about":[{"href":"https:\/\/www.blogsoestado.com\/danielmatos\/wp-json\/wp\/v2\/types\/post"}],"replies":[{"embeddable":true,"href":"https:\/\/www.blogsoestado.com\/danielmatos\/wp-json\/wp\/v2\/comments?post=109159"}],"version-history":[{"count":0,"href":"https:\/\/www.blogsoestado.com\/danielmatos\/wp-json\/wp\/v2\/posts\/109159\/revisions"}],"wp:attachment":[{"href":"https:\/\/www.blogsoestado.com\/danielmatos\/wp-json\/wp\/v2\/media?parent=109159"}],"wp:term":[{"taxonomy":"category","embeddable":true,"href":"https:\/\/www.blogsoestado.com\/danielmatos\/wp-json\/wp\/v2\/categories?post=109159"},{"taxonomy":"post_tag","embeddable":true,"href":"https:\/\/www.blogsoestado.com\/danielmatos\/wp-json\/wp\/v2\/tags?post=109159"}],"curies":[{"name":"wp","href":"https:\/\/api.w.org\/{rel}","templated":true}]}}