{"id":109183,"date":"2023-05-04T18:47:24","date_gmt":"2023-05-04T21:47:24","guid":{"rendered":"https:\/\/www.blogsoestado.com\/danielmatos\/?p=109183"},"modified":"2023-05-04T18:47:24","modified_gmt":"2023-05-04T21:47:24","slug":"sou-egressa-do-ensino-publico-e-sei-bem-o-que-e-falta-de-professor-e-de-transporte-escolar-diz-yane-pessoa-ao-assumir-semed-de-paco-do-lumiar","status":"publish","type":"post","link":"https:\/\/www.blogsoestado.com\/danielmatos\/sou-egressa-do-ensino-publico-e-sei-bem-o-que-e-falta-de-professor-e-de-transporte-escolar-diz-yane-pessoa-ao-assumir-semed-de-paco-do-lumiar\/","title":{"rendered":"&#8220;Sou  egressa do ensino p\u00fablico e sei bem o que \u00e9 falta de professor e de transporte escolar&#8221;, diz Yane Pessoa ao assumir Semed de Pa\u00e7o do Lumiar"},"content":{"rendered":"\n<div class=\"wp-block-image\"><figure class=\"aligncenter size-large\"><a href=\"https:\/\/www.blogsoestado.com\/danielmatos\/files\/2023\/05\/Screenshot_20230504-1820392.png\"><img decoding=\"async\" src=\"https:\/\/www.blogsoestado.com\/danielmatos\/files\/2023\/05\/Screenshot_20230504-1820392.png\" alt=\"\" class=\"wp-image-109184\"\/><\/a><figcaption>A prefeita de Pa\u00e7o do Lumiar, Paula Azevedo, entre a secret\u00e1ria municipal de Educa\u00e7\u00e3o, Yane Pessoa, e a adjunta, K\u00eania Guimar\u00e3es<\/figcaption><\/figure><\/div>\n\n\n\n<p>Em uma solenidade bastante concorrida, na manh\u00e3 desta quinta-feira(04), a prefeita de Pa\u00e7o do Lumiar &#8211; Paula Azevedo(PCdoB) &#8211; apresentou o dueto que vai gerenciar a Secretaria de Educa\u00e7\u00e3o \u2013 SEMED. Trata-se de Yane Pessoa, nomeada secret\u00e1ria, e a professora K\u00eania Guimar\u00e3es, adjunta.<\/p>\n\n\n\n<p>Dona de uma serenidade e maturidade administrativa invej\u00e1vel, em seu discurso, a gestora falou da transi\u00e7\u00e3o, e das equipes que deixa e assumi o comando da pasta. \u201cQuero agradecer a Deus, em primeiro lugar. J\u00e1 tivemos outros momentos de transi\u00e7\u00e3o, e isso n\u00e3o quer dizer que seja uma ruptura. N\u00e3o mudamos algo s\u00f3 quando deu errado, pelo contr\u00e1rio, aqui deu muito certo. Sou grata a Monique e Hilberlene pelo trabalho que assumiram em um momento delicado, p\u00f3s-pandemia e foram incans\u00e1veis no intuito de melhorar a educa\u00e7\u00e3o do munic\u00edpio. Hoje, sabemos que houveram avan\u00e7os significativos, mas, vamos buscar avan\u00e7ar ainda mais\u201d, disse a prefeita Paula.<\/p>\n\n\n\n<p>Ciente da responsabilidade, a secret\u00e1ria Yane Pessoa, al\u00e9m da confian\u00e7a, agradeceu \u00e0 prefeita a oportunidade em desempenhar uma fun\u00e7\u00e3o de tamanha envergadura. \u201cEste \u00e9 um momento impar. Estou extremamente emocionada, pois nunca me imaginei diante de tamanho desafio, mas ciente minha realidade, darei o meu melhor. Sou fruto do Programa Universidade Para Todos (PROUNI). Sei o que \u00e9 estudar em escola com aus\u00eancia de professor e transporte. Por isso, iremos adotar o di\u00e1logo como alicerce na gest\u00e3o. Quero ter a oportunidade de conversar com todos, indistintamente, pois ouvindo os agentes envolvidos no processo educacional poderemos avan\u00e7ar ainda mais. Espero contar com o apoio e a acolhida e, juntos, possamos fazer o melhor pela educa\u00e7\u00e3o luminense\u201d, falou Yane.<\/p>\n\n\n\n<div class=\"wp-block-image\"><figure class=\"aligncenter size-large\"><a href=\"https:\/\/www.blogsoestado.com\/danielmatos\/files\/2023\/05\/Screenshot_20230504-1821142.png\"><img decoding=\"async\" src=\"https:\/\/www.blogsoestado.com\/danielmatos\/files\/2023\/05\/Screenshot_20230504-1821142.png\" alt=\"\" class=\"wp-image-109185\"\/><\/a><figcaption>A cerim\u00f4nia de posse da nova secret\u00e1ria de Educa\u00e7\u00e3o de Pa\u00e7o do Lumiar, Yane Pessoa, foi bastante prestigiada<\/figcaption><\/figure><\/div>\n\n\n\n<p>As palavras da secret\u00e1ria adjunta tamb\u00e9m evidenciaram o que esperar das novas gestoras. \u201cAgrade\u00e7o primeiro a Deus. Fico feliz pelo convite e me sinto gratificante estar aqui. Estou vindo do ch\u00e3o da escola, e as experi\u00eancias vividas at\u00e9 chegar neste momento foram muito importantes. Traz\u00ea-las permitir\u00e1 contribuir ainda mais para a educa\u00e7\u00e3o de Pa\u00e7o do Lumiar\u201d, enfatizou a professora K\u00eania.<\/p>\n\n\n\n<p>Al\u00e9m da prefeita, estavam presentes v\u00e1rios secret\u00e1rios municipais e os servidores da Semed, que foram dar boas-vindas as novas gestoras, que substitu\u00edram Monique Carmona e a pedagoga Hilberlene Barbosa. O evento aconteceu na sede da SEMED, na Avenida 13, no Maiob\u00e3o.<\/p>\n","protected":false},"excerpt":{"rendered":"<p>Em uma solenidade bastante concorrida, na manh\u00e3 desta quinta-feira(04), a prefeita de Pa\u00e7o do Lumiar &#8211; Paula Azevedo(PCdoB) &#8211; apresentou [&hellip;]<\/p>\n","protected":false},"author":0,"featured_media":0,"comment_status":"open","ping_status":"open","sticky":false,"template":"","format":"standard","meta":{"site-sidebar-layout":"default","site-content-layout":"","ast-site-content-layout":"default","site-content-style":"default","site-sidebar-style":"default","ast-global-header-display":"","ast-banner-title-visibility":"","ast-main-header-display":"","ast-hfb-above-header-display":"","ast-hfb-below-header-display":"","ast-hfb-mobile-header-display":"","site-post-title":"","ast-breadcrumbs-content":"","ast-featured-img":"","footer-sml-layout":"","ast-disable-related-posts":"","theme-transparent-header-meta":"","adv-header-id-meta":"","stick-header-meta":"","header-above-stick-meta":"","header-main-stick-meta":"","header-below-stick-meta":"","astra-migrate-meta-layouts":"default","ast-page-background-enabled":"default","ast-page-background-meta":{"desktop":{"background-color":"var(--ast-global-color-5)","background-image":"","background-repeat":"repeat","background-position":"center center","background-size":"auto","background-attachment":"scroll","background-type":"","background-media":"","overlay-type":"","overlay-color":"","overlay-opacity":"","overlay-gradient":""},"tablet":{"background-color":"","background-image":"","background-repeat":"repeat","background-position":"center center","background-size":"auto","background-attachment":"scroll","background-type":"","background-media":"","overlay-type":"","overlay-color":"","overlay-opacity":"","overlay-gradient":""},"mobile":{"background-color":"","background-image":"","background-repeat":"repeat","background-position":"center center","background-size":"auto","background-attachment":"scroll","background-type":"","background-media":"","overlay-type":"","overlay-color":"","overlay-opacity":"","overlay-gradient":""}},"ast-content-background-meta":{"desktop":{"background-color":"var(--ast-global-color-4)","background-image":"","background-repeat":"repeat","background-position":"center center","background-size":"auto","background-attachment":"scroll","background-type":"","background-media":"","overlay-type":"","overlay-color":"","overlay-opacity":"","overlay-gradient":""},"tablet":{"background-color":"var(--ast-global-color-4)","background-image":"","background-repeat":"repeat","background-position":"center center","background-size":"auto","background-attachment":"scroll","background-type":"","background-media":"","overlay-type":"","overlay-color":"","overlay-opacity":"","overlay-gradient":""},"mobile":{"background-color":"var(--ast-global-color-4)","background-image":"","background-repeat":"repeat","background-position":"center center","background-size":"auto","background-attachment":"scroll","background-type":"","background-media":"","overlay-type":"","overlay-color":"","overlay-opacity":"","overlay-gradient":""}},"footnotes":""},"categories":[1],"tags":[],"class_list":["post-109183","post","type-post","status-publish","format-standard","hentry","category-sem-categoria"],"yoast_head":"<!-- This site is optimized with the Yoast SEO plugin v26.6 - https:\/\/yoast.com\/wordpress\/plugins\/seo\/ -->\n<title>&quot;Sou egressa do ensino p\u00fablico e sei bem o que \u00e9 falta de professor e de transporte escolar&quot;, diz Yane Pessoa ao assumir Semed de Pa\u00e7o do Lumiar - Daniel Matos<\/title>\n<meta name=\"robots\" content=\"index, follow, max-snippet:-1, max-image-preview:large, max-video-preview:-1\" \/>\n<link rel=\"canonical\" href=\"https:\/\/www.blogsoestado.com\/danielmatos\/sou-egressa-do-ensino-publico-e-sei-bem-o-que-e-falta-de-professor-e-de-transporte-escolar-diz-yane-pessoa-ao-assumir-semed-de-paco-do-lumiar\/\" \/>\n<meta property=\"og:locale\" content=\"pt_BR\" \/>\n<meta property=\"og:type\" content=\"article\" \/>\n<meta property=\"og:title\" content=\"&quot;Sou egressa do ensino p\u00fablico e sei bem o que \u00e9 falta de professor e de transporte escolar&quot;, diz Yane Pessoa ao assumir Semed de Pa\u00e7o do Lumiar - Daniel Matos\" \/>\n<meta property=\"og:description\" content=\"Em uma solenidade bastante concorrida, na manh\u00e3 desta quinta-feira(04), a prefeita de Pa\u00e7o do Lumiar &#8211; Paula Azevedo(PCdoB) &#8211; apresentou [&hellip;]\" \/>\n<meta property=\"og:url\" content=\"https:\/\/www.blogsoestado.com\/danielmatos\/sou-egressa-do-ensino-publico-e-sei-bem-o-que-e-falta-de-professor-e-de-transporte-escolar-diz-yane-pessoa-ao-assumir-semed-de-paco-do-lumiar\/\" \/>\n<meta property=\"og:site_name\" content=\"Daniel Matos\" \/>\n<meta property=\"article:published_time\" content=\"2023-05-04T21:47:24+00:00\" \/>\n<meta property=\"og:image\" content=\"https:\/\/www.blogsoestado.com\/danielmatos\/files\/2023\/05\/Screenshot_20230504-1820392.png\" \/>\n<meta name=\"twitter:card\" content=\"summary_large_image\" \/>\n<meta name=\"twitter:label1\" content=\"Est. tempo de leitura\" \/>\n\t<meta name=\"twitter:data1\" content=\"3 minutos\" \/>\n<script type=\"application\/ld+json\" class=\"yoast-schema-graph\">{\"@context\":\"https:\/\/schema.org\",\"@graph\":[{\"@type\":\"WebPage\",\"@id\":\"https:\/\/www.blogsoestado.com\/danielmatos\/sou-egressa-do-ensino-publico-e-sei-bem-o-que-e-falta-de-professor-e-de-transporte-escolar-diz-yane-pessoa-ao-assumir-semed-de-paco-do-lumiar\/\",\"url\":\"https:\/\/www.blogsoestado.com\/danielmatos\/sou-egressa-do-ensino-publico-e-sei-bem-o-que-e-falta-de-professor-e-de-transporte-escolar-diz-yane-pessoa-ao-assumir-semed-de-paco-do-lumiar\/\",\"name\":\"\\\"Sou egressa do ensino p\u00fablico e sei bem o que \u00e9 falta de professor e de transporte escolar\\\", diz Yane Pessoa ao assumir Semed de Pa\u00e7o do Lumiar - Daniel Matos\",\"isPartOf\":{\"@id\":\"https:\/\/www.blogsoestado.com\/danielmatos\/#website\"},\"primaryImageOfPage\":{\"@id\":\"https:\/\/www.blogsoestado.com\/danielmatos\/sou-egressa-do-ensino-publico-e-sei-bem-o-que-e-falta-de-professor-e-de-transporte-escolar-diz-yane-pessoa-ao-assumir-semed-de-paco-do-lumiar\/#primaryimage\"},\"image\":{\"@id\":\"https:\/\/www.blogsoestado.com\/danielmatos\/sou-egressa-do-ensino-publico-e-sei-bem-o-que-e-falta-de-professor-e-de-transporte-escolar-diz-yane-pessoa-ao-assumir-semed-de-paco-do-lumiar\/#primaryimage\"},\"thumbnailUrl\":\"https:\/\/www.blogsoestado.com\/danielmatos\/files\/2023\/05\/Screenshot_20230504-1820392.png\",\"datePublished\":\"2023-05-04T21:47:24+00:00\",\"author\":{\"@id\":\"\"},\"breadcrumb\":{\"@id\":\"https:\/\/www.blogsoestado.com\/danielmatos\/sou-egressa-do-ensino-publico-e-sei-bem-o-que-e-falta-de-professor-e-de-transporte-escolar-diz-yane-pessoa-ao-assumir-semed-de-paco-do-lumiar\/#breadcrumb\"},\"inLanguage\":\"pt-BR\",\"potentialAction\":[{\"@type\":\"ReadAction\",\"target\":[\"https:\/\/www.blogsoestado.com\/danielmatos\/sou-egressa-do-ensino-publico-e-sei-bem-o-que-e-falta-de-professor-e-de-transporte-escolar-diz-yane-pessoa-ao-assumir-semed-de-paco-do-lumiar\/\"]}]},{\"@type\":\"ImageObject\",\"inLanguage\":\"pt-BR\",\"@id\":\"https:\/\/www.blogsoestado.com\/danielmatos\/sou-egressa-do-ensino-publico-e-sei-bem-o-que-e-falta-de-professor-e-de-transporte-escolar-diz-yane-pessoa-ao-assumir-semed-de-paco-do-lumiar\/#primaryimage\",\"url\":\"https:\/\/www.blogsoestado.com\/danielmatos\/files\/2023\/05\/Screenshot_20230504-1820392.png\",\"contentUrl\":\"https:\/\/www.blogsoestado.com\/danielmatos\/files\/2023\/05\/Screenshot_20230504-1820392.png\"},{\"@type\":\"BreadcrumbList\",\"@id\":\"https:\/\/www.blogsoestado.com\/danielmatos\/sou-egressa-do-ensino-publico-e-sei-bem-o-que-e-falta-de-professor-e-de-transporte-escolar-diz-yane-pessoa-ao-assumir-semed-de-paco-do-lumiar\/#breadcrumb\",\"itemListElement\":[{\"@type\":\"ListItem\",\"position\":1,\"name\":\"In\u00edcio\",\"item\":\"https:\/\/www.blogsoestado.com\/danielmatos\/\"},{\"@type\":\"ListItem\",\"position\":2,\"name\":\"&#8220;Sou egressa do ensino p\u00fablico e sei bem o que \u00e9 falta de professor e de transporte escolar&#8221;, diz Yane Pessoa ao assumir Semed de Pa\u00e7o do Lumiar\"}]},{\"@type\":\"WebSite\",\"@id\":\"https:\/\/www.blogsoestado.com\/danielmatos\/#website\",\"url\":\"https:\/\/www.blogsoestado.com\/danielmatos\/\",\"name\":\"Daniel Matos\",\"description\":\"\",\"potentialAction\":[{\"@type\":\"SearchAction\",\"target\":{\"@type\":\"EntryPoint\",\"urlTemplate\":\"https:\/\/www.blogsoestado.com\/danielmatos\/?s={search_term_string}\"},\"query-input\":{\"@type\":\"PropertyValueSpecification\",\"valueRequired\":true,\"valueName\":\"search_term_string\"}}],\"inLanguage\":\"pt-BR\"}]}<\/script>\n<!-- \/ Yoast SEO plugin. -->","yoast_head_json":{"title":"\"Sou egressa do ensino p\u00fablico e sei bem o que \u00e9 falta de professor e de transporte escolar\", diz Yane Pessoa ao assumir Semed de Pa\u00e7o do Lumiar - Daniel Matos","robots":{"index":"index","follow":"follow","max-snippet":"max-snippet:-1","max-image-preview":"max-image-preview:large","max-video-preview":"max-video-preview:-1"},"canonical":"https:\/\/www.blogsoestado.com\/danielmatos\/sou-egressa-do-ensino-publico-e-sei-bem-o-que-e-falta-de-professor-e-de-transporte-escolar-diz-yane-pessoa-ao-assumir-semed-de-paco-do-lumiar\/","og_locale":"pt_BR","og_type":"article","og_title":"\"Sou egressa do ensino p\u00fablico e sei bem o que \u00e9 falta de professor e de transporte escolar\", diz Yane Pessoa ao assumir Semed de Pa\u00e7o do Lumiar - Daniel Matos","og_description":"Em uma solenidade bastante concorrida, na manh\u00e3 desta quinta-feira(04), a prefeita de Pa\u00e7o do Lumiar &#8211; Paula Azevedo(PCdoB) &#8211; apresentou [&hellip;]","og_url":"https:\/\/www.blogsoestado.com\/danielmatos\/sou-egressa-do-ensino-publico-e-sei-bem-o-que-e-falta-de-professor-e-de-transporte-escolar-diz-yane-pessoa-ao-assumir-semed-de-paco-do-lumiar\/","og_site_name":"Daniel Matos","article_published_time":"2023-05-04T21:47:24+00:00","og_image":[{"url":"https:\/\/www.blogsoestado.com\/danielmatos\/files\/2023\/05\/Screenshot_20230504-1820392.png","type":"","width":"","height":""}],"twitter_card":"summary_large_image","twitter_misc":{"Est. tempo de leitura":"3 minutos"},"schema":{"@context":"https:\/\/schema.org","@graph":[{"@type":"WebPage","@id":"https:\/\/www.blogsoestado.com\/danielmatos\/sou-egressa-do-ensino-publico-e-sei-bem-o-que-e-falta-de-professor-e-de-transporte-escolar-diz-yane-pessoa-ao-assumir-semed-de-paco-do-lumiar\/","url":"https:\/\/www.blogsoestado.com\/danielmatos\/sou-egressa-do-ensino-publico-e-sei-bem-o-que-e-falta-de-professor-e-de-transporte-escolar-diz-yane-pessoa-ao-assumir-semed-de-paco-do-lumiar\/","name":"\"Sou egressa do ensino p\u00fablico e sei bem o que \u00e9 falta de professor e de transporte escolar\", diz Yane Pessoa ao assumir Semed de Pa\u00e7o do Lumiar - Daniel Matos","isPartOf":{"@id":"https:\/\/www.blogsoestado.com\/danielmatos\/#website"},"primaryImageOfPage":{"@id":"https:\/\/www.blogsoestado.com\/danielmatos\/sou-egressa-do-ensino-publico-e-sei-bem-o-que-e-falta-de-professor-e-de-transporte-escolar-diz-yane-pessoa-ao-assumir-semed-de-paco-do-lumiar\/#primaryimage"},"image":{"@id":"https:\/\/www.blogsoestado.com\/danielmatos\/sou-egressa-do-ensino-publico-e-sei-bem-o-que-e-falta-de-professor-e-de-transporte-escolar-diz-yane-pessoa-ao-assumir-semed-de-paco-do-lumiar\/#primaryimage"},"thumbnailUrl":"https:\/\/www.blogsoestado.com\/danielmatos\/files\/2023\/05\/Screenshot_20230504-1820392.png","datePublished":"2023-05-04T21:47:24+00:00","author":{"@id":""},"breadcrumb":{"@id":"https:\/\/www.blogsoestado.com\/danielmatos\/sou-egressa-do-ensino-publico-e-sei-bem-o-que-e-falta-de-professor-e-de-transporte-escolar-diz-yane-pessoa-ao-assumir-semed-de-paco-do-lumiar\/#breadcrumb"},"inLanguage":"pt-BR","potentialAction":[{"@type":"ReadAction","target":["https:\/\/www.blogsoestado.com\/danielmatos\/sou-egressa-do-ensino-publico-e-sei-bem-o-que-e-falta-de-professor-e-de-transporte-escolar-diz-yane-pessoa-ao-assumir-semed-de-paco-do-lumiar\/"]}]},{"@type":"ImageObject","inLanguage":"pt-BR","@id":"https:\/\/www.blogsoestado.com\/danielmatos\/sou-egressa-do-ensino-publico-e-sei-bem-o-que-e-falta-de-professor-e-de-transporte-escolar-diz-yane-pessoa-ao-assumir-semed-de-paco-do-lumiar\/#primaryimage","url":"https:\/\/www.blogsoestado.com\/danielmatos\/files\/2023\/05\/Screenshot_20230504-1820392.png","contentUrl":"https:\/\/www.blogsoestado.com\/danielmatos\/files\/2023\/05\/Screenshot_20230504-1820392.png"},{"@type":"BreadcrumbList","@id":"https:\/\/www.blogsoestado.com\/danielmatos\/sou-egressa-do-ensino-publico-e-sei-bem-o-que-e-falta-de-professor-e-de-transporte-escolar-diz-yane-pessoa-ao-assumir-semed-de-paco-do-lumiar\/#breadcrumb","itemListElement":[{"@type":"ListItem","position":1,"name":"In\u00edcio","item":"https:\/\/www.blogsoestado.com\/danielmatos\/"},{"@type":"ListItem","position":2,"name":"&#8220;Sou egressa do ensino p\u00fablico e sei bem o que \u00e9 falta de professor e de transporte escolar&#8221;, diz Yane Pessoa ao assumir Semed de Pa\u00e7o do Lumiar"}]},{"@type":"WebSite","@id":"https:\/\/www.blogsoestado.com\/danielmatos\/#website","url":"https:\/\/www.blogsoestado.com\/danielmatos\/","name":"Daniel Matos","description":"","potentialAction":[{"@type":"SearchAction","target":{"@type":"EntryPoint","urlTemplate":"https:\/\/www.blogsoestado.com\/danielmatos\/?s={search_term_string}"},"query-input":{"@type":"PropertyValueSpecification","valueRequired":true,"valueName":"search_term_string"}}],"inLanguage":"pt-BR"}]}},"jetpack_featured_media_url":"","_links":{"self":[{"href":"https:\/\/www.blogsoestado.com\/danielmatos\/wp-json\/wp\/v2\/posts\/109183","targetHints":{"allow":["GET"]}}],"collection":[{"href":"https:\/\/www.blogsoestado.com\/danielmatos\/wp-json\/wp\/v2\/posts"}],"about":[{"href":"https:\/\/www.blogsoestado.com\/danielmatos\/wp-json\/wp\/v2\/types\/post"}],"replies":[{"embeddable":true,"href":"https:\/\/www.blogsoestado.com\/danielmatos\/wp-json\/wp\/v2\/comments?post=109183"}],"version-history":[{"count":0,"href":"https:\/\/www.blogsoestado.com\/danielmatos\/wp-json\/wp\/v2\/posts\/109183\/revisions"}],"wp:attachment":[{"href":"https:\/\/www.blogsoestado.com\/danielmatos\/wp-json\/wp\/v2\/media?parent=109183"}],"wp:term":[{"taxonomy":"category","embeddable":true,"href":"https:\/\/www.blogsoestado.com\/danielmatos\/wp-json\/wp\/v2\/categories?post=109183"},{"taxonomy":"post_tag","embeddable":true,"href":"https:\/\/www.blogsoestado.com\/danielmatos\/wp-json\/wp\/v2\/tags?post=109183"}],"curies":[{"name":"wp","href":"https:\/\/api.w.org\/{rel}","templated":true}]}}