{"id":109187,"date":"2023-05-04T20:27:42","date_gmt":"2023-05-04T23:27:42","guid":{"rendered":"https:\/\/www.blogsoestado.com\/danielmatos\/?p=109187"},"modified":"2023-05-04T20:27:42","modified_gmt":"2023-05-04T23:27:42","slug":"assembleia-inicia-preparativos-em-caxias-para-a-sessao-itinerante-nesta-sexta-feira","status":"publish","type":"post","link":"https:\/\/www.blogsoestado.com\/danielmatos\/assembleia-inicia-preparativos-em-caxias-para-a-sessao-itinerante-nesta-sexta-feira\/","title":{"rendered":"Assembleia inicia preparativos em Caxias para a sess\u00e3o itinerante nesta sexta-feira"},"content":{"rendered":"\n<p><strong><span class=\"has-inline-color has-vivid-red-color\">A presidente da Assembleia Legislativa do Maranh\u00e3o, deputada Iracema Vale (PSB), comandar\u00e1 os trabalhos, que incluem sess\u00f5es deliberativa e solene<\/span><\/strong><\/p>\n\n\n\n<div class=\"wp-block-image\"><figure class=\"aligncenter size-large\"><a href=\"https:\/\/www.blogsoestado.com\/danielmatos\/files\/2023\/05\/Screenshot_20230504-2019112.png\"><img decoding=\"async\" src=\"https:\/\/www.blogsoestado.com\/danielmatos\/files\/2023\/05\/Screenshot_20230504-2019112.png\" alt=\"\" class=\"wp-image-109188\"\/><\/a><figcaption>O Plen\u00e1rio Vereador Edson Vidigal est\u00e1 recebendo toda a estrutura necess\u00e1ria para a sess\u00e3o itinerante<\/figcaption><\/figure><\/div>\n\n\n\n<p>Foram iniciados os preparativos para a segunda edi\u00e7\u00e3o da &#8216;Assembleia Itinerante&#8217;, que ocorrer\u00e1 na C\u00e2mara Municipal de Caxias, nesta sexta-feira (5), a partir das 15h. A presidente da Assembleia Legislativa do Maranh\u00e3o, deputada Iracema Vale (PSB), comandar\u00e1 os trabalhos, que incluem sess\u00f5es deliberativa e solene.<\/p>\n\n\n\n<p>O evento est\u00e1 sendo aguardado com muita expectativa por toda a classe pol\u00edtica da regi\u00e3o Leste maranhense e a sociedade civil organizada. A instala\u00e7\u00e3o da \u2018Assembleia Itinerante\u2019 em Caxias foi proposta pelas deputadas Daniella (PSB) e Cl\u00e1udia Coutinho (PDT).<\/p>\n\n\n\n<p>O presidente da C\u00e2mara Municipal, vereador Ricardo Rodrigues (PT), falou da satisfa\u00e7\u00e3o para a cidade de Caxias sediar uma sess\u00e3o itinerante do Parlamento Estadual e das expectativas para o evento.<\/p>\n\n\n\n<p>\u201cA C\u00e2mara Municipal de Caxias se sente honrada em receber os seus representantes estaduais. Estamos em fase final de readequa\u00e7\u00e3o da estrutura da Casa para receber os deputados. E quem ganha com uma a\u00e7\u00e3o desse porte \u00e9 a regi\u00e3o Leste do Maranh\u00e3o e n\u00e3o s\u00f3 a cidade de Caxias\u201d, disse.<\/p>\n\n\n\n<div class=\"wp-block-image\"><figure class=\"aligncenter size-large\"><a href=\"https:\/\/www.blogsoestado.com\/danielmatos\/files\/2023\/05\/Screenshot_20230504-2021012.png\"><img decoding=\"async\" src=\"https:\/\/www.blogsoestado.com\/danielmatos\/files\/2023\/05\/Screenshot_20230504-2021012.png\" alt=\"\" class=\"wp-image-109189\"\/><\/a><figcaption>T\u00e9cnicos trabalham na prepara\u00e7\u00e3o do plen\u00e1rio para receber os parlamentares e o p\u00fablico que participar\u00e3o da Assembleia Itinerante <\/figcaption><\/figure><\/div>\n\n\n\n<p><strong>Programa\u00e7\u00e3o<\/strong><\/p>\n\n\n\n<p>A &#8216;Assembleia Itinerante&#8217; ser\u00e1 aberta \u00e0s 15h, com a sess\u00e3o solene de instala\u00e7\u00e3o. Em seguida acontece a sess\u00e3o ordin\u00e1ria, na qual haver\u00e1 aprecia\u00e7\u00e3o de mat\u00e9rias de interesse da popula\u00e7\u00e3o maranhense.<\/p>\n\n\n\n<p>Logo ap\u00f3s, ocorrer\u00e1 uma sess\u00e3o solene com homenagens e concess\u00e3o de Medalha do M\u00e9rito Legislativo \u201cManuel Beckman\u201d \u00e0 ex-deputada Cleide Coutinho; e&nbsp;<em>in memoriam<\/em>&nbsp;aos ex-deputados Humberto Coutinho e Z\u00e9 Gentil, todos com um legado de trabalho em prol do munic\u00edpio de Caxias e regi\u00e3o.<\/p>\n\n\n\n<p>Na ocasi\u00e3o, tamb\u00e9m ser\u00e1 concedido o T\u00edtulo de Cidad\u00e3 Maranhense \u00e0 ju\u00edza Marcela Santana Lobo, natural do Rio de Janeiro, que \u00e9 titular da 3\u00aa Vara Criminal da Comarca de Caxias.<\/p>\n","protected":false},"excerpt":{"rendered":"<p>A presidente da Assembleia Legislativa do Maranh\u00e3o, deputada Iracema Vale (PSB), comandar\u00e1 os trabalhos, que incluem sess\u00f5es deliberativa e solene [&hellip;]<\/p>\n","protected":false},"author":0,"featured_media":0,"comment_status":"open","ping_status":"open","sticky":false,"template":"","format":"standard","meta":{"site-sidebar-layout":"default","site-content-layout":"","ast-site-content-layout":"default","site-content-style":"default","site-sidebar-style":"default","ast-global-header-display":"","ast-banner-title-visibility":"","ast-main-header-display":"","ast-hfb-above-header-display":"","ast-hfb-below-header-display":"","ast-hfb-mobile-header-display":"","site-post-title":"","ast-breadcrumbs-content":"","ast-featured-img":"","footer-sml-layout":"","ast-disable-related-posts":"","theme-transparent-header-meta":"","adv-header-id-meta":"","stick-header-meta":"","header-above-stick-meta":"","header-main-stick-meta":"","header-below-stick-meta":"","astra-migrate-meta-layouts":"default","ast-page-background-enabled":"default","ast-page-background-meta":{"desktop":{"background-color":"var(--ast-global-color-5)","background-image":"","background-repeat":"repeat","background-position":"center center","background-size":"auto","background-attachment":"scroll","background-type":"","background-media":"","overlay-type":"","overlay-color":"","overlay-opacity":"","overlay-gradient":""},"tablet":{"background-color":"","background-image":"","background-repeat":"repeat","background-position":"center center","background-size":"auto","background-attachment":"scroll","background-type":"","background-media":"","overlay-type":"","overlay-color":"","overlay-opacity":"","overlay-gradient":""},"mobile":{"background-color":"","background-image":"","background-repeat":"repeat","background-position":"center center","background-size":"auto","background-attachment":"scroll","background-type":"","background-media":"","overlay-type":"","overlay-color":"","overlay-opacity":"","overlay-gradient":""}},"ast-content-background-meta":{"desktop":{"background-color":"var(--ast-global-color-4)","background-image":"","background-repeat":"repeat","background-position":"center center","background-size":"auto","background-attachment":"scroll","background-type":"","background-media":"","overlay-type":"","overlay-color":"","overlay-opacity":"","overlay-gradient":""},"tablet":{"background-color":"var(--ast-global-color-4)","background-image":"","background-repeat":"repeat","background-position":"center center","background-size":"auto","background-attachment":"scroll","background-type":"","background-media":"","overlay-type":"","overlay-color":"","overlay-opacity":"","overlay-gradient":""},"mobile":{"background-color":"var(--ast-global-color-4)","background-image":"","background-repeat":"repeat","background-position":"center center","background-size":"auto","background-attachment":"scroll","background-type":"","background-media":"","overlay-type":"","overlay-color":"","overlay-opacity":"","overlay-gradient":""}},"footnotes":""},"categories":[1],"tags":[],"class_list":["post-109187","post","type-post","status-publish","format-standard","hentry","category-sem-categoria"],"yoast_head":"<!-- This site is optimized with the Yoast SEO plugin v26.6 - https:\/\/yoast.com\/wordpress\/plugins\/seo\/ -->\n<title>Assembleia inicia preparativos em Caxias para a sess\u00e3o itinerante nesta sexta-feira - Daniel Matos<\/title>\n<meta name=\"robots\" content=\"index, follow, max-snippet:-1, max-image-preview:large, max-video-preview:-1\" \/>\n<link rel=\"canonical\" href=\"https:\/\/www.blogsoestado.com\/danielmatos\/assembleia-inicia-preparativos-em-caxias-para-a-sessao-itinerante-nesta-sexta-feira\/\" \/>\n<meta property=\"og:locale\" content=\"pt_BR\" \/>\n<meta property=\"og:type\" content=\"article\" \/>\n<meta property=\"og:title\" content=\"Assembleia inicia preparativos em Caxias para a sess\u00e3o itinerante nesta sexta-feira - Daniel Matos\" \/>\n<meta property=\"og:description\" content=\"A presidente da Assembleia Legislativa do Maranh\u00e3o, deputada Iracema Vale (PSB), comandar\u00e1 os trabalhos, que incluem sess\u00f5es deliberativa e solene [&hellip;]\" \/>\n<meta property=\"og:url\" content=\"https:\/\/www.blogsoestado.com\/danielmatos\/assembleia-inicia-preparativos-em-caxias-para-a-sessao-itinerante-nesta-sexta-feira\/\" \/>\n<meta property=\"og:site_name\" content=\"Daniel Matos\" \/>\n<meta property=\"article:published_time\" content=\"2023-05-04T23:27:42+00:00\" \/>\n<meta property=\"og:image\" content=\"https:\/\/www.blogsoestado.com\/danielmatos\/files\/2023\/05\/Screenshot_20230504-2019112.png\" \/>\n<meta name=\"twitter:card\" content=\"summary_large_image\" \/>\n<meta name=\"twitter:label1\" content=\"Est. tempo de leitura\" \/>\n\t<meta name=\"twitter:data1\" content=\"2 minutos\" \/>\n<script type=\"application\/ld+json\" class=\"yoast-schema-graph\">{\"@context\":\"https:\/\/schema.org\",\"@graph\":[{\"@type\":\"WebPage\",\"@id\":\"https:\/\/www.blogsoestado.com\/danielmatos\/assembleia-inicia-preparativos-em-caxias-para-a-sessao-itinerante-nesta-sexta-feira\/\",\"url\":\"https:\/\/www.blogsoestado.com\/danielmatos\/assembleia-inicia-preparativos-em-caxias-para-a-sessao-itinerante-nesta-sexta-feira\/\",\"name\":\"Assembleia inicia preparativos em Caxias para a sess\u00e3o itinerante nesta sexta-feira - Daniel Matos\",\"isPartOf\":{\"@id\":\"https:\/\/www.blogsoestado.com\/danielmatos\/#website\"},\"primaryImageOfPage\":{\"@id\":\"https:\/\/www.blogsoestado.com\/danielmatos\/assembleia-inicia-preparativos-em-caxias-para-a-sessao-itinerante-nesta-sexta-feira\/#primaryimage\"},\"image\":{\"@id\":\"https:\/\/www.blogsoestado.com\/danielmatos\/assembleia-inicia-preparativos-em-caxias-para-a-sessao-itinerante-nesta-sexta-feira\/#primaryimage\"},\"thumbnailUrl\":\"https:\/\/www.blogsoestado.com\/danielmatos\/files\/2023\/05\/Screenshot_20230504-2019112.png\",\"datePublished\":\"2023-05-04T23:27:42+00:00\",\"author\":{\"@id\":\"\"},\"breadcrumb\":{\"@id\":\"https:\/\/www.blogsoestado.com\/danielmatos\/assembleia-inicia-preparativos-em-caxias-para-a-sessao-itinerante-nesta-sexta-feira\/#breadcrumb\"},\"inLanguage\":\"pt-BR\",\"potentialAction\":[{\"@type\":\"ReadAction\",\"target\":[\"https:\/\/www.blogsoestado.com\/danielmatos\/assembleia-inicia-preparativos-em-caxias-para-a-sessao-itinerante-nesta-sexta-feira\/\"]}]},{\"@type\":\"ImageObject\",\"inLanguage\":\"pt-BR\",\"@id\":\"https:\/\/www.blogsoestado.com\/danielmatos\/assembleia-inicia-preparativos-em-caxias-para-a-sessao-itinerante-nesta-sexta-feira\/#primaryimage\",\"url\":\"https:\/\/www.blogsoestado.com\/danielmatos\/files\/2023\/05\/Screenshot_20230504-2019112.png\",\"contentUrl\":\"https:\/\/www.blogsoestado.com\/danielmatos\/files\/2023\/05\/Screenshot_20230504-2019112.png\"},{\"@type\":\"BreadcrumbList\",\"@id\":\"https:\/\/www.blogsoestado.com\/danielmatos\/assembleia-inicia-preparativos-em-caxias-para-a-sessao-itinerante-nesta-sexta-feira\/#breadcrumb\",\"itemListElement\":[{\"@type\":\"ListItem\",\"position\":1,\"name\":\"In\u00edcio\",\"item\":\"https:\/\/www.blogsoestado.com\/danielmatos\/\"},{\"@type\":\"ListItem\",\"position\":2,\"name\":\"Assembleia inicia preparativos em Caxias para a sess\u00e3o itinerante nesta sexta-feira\"}]},{\"@type\":\"WebSite\",\"@id\":\"https:\/\/www.blogsoestado.com\/danielmatos\/#website\",\"url\":\"https:\/\/www.blogsoestado.com\/danielmatos\/\",\"name\":\"Daniel Matos\",\"description\":\"\",\"potentialAction\":[{\"@type\":\"SearchAction\",\"target\":{\"@type\":\"EntryPoint\",\"urlTemplate\":\"https:\/\/www.blogsoestado.com\/danielmatos\/?s={search_term_string}\"},\"query-input\":{\"@type\":\"PropertyValueSpecification\",\"valueRequired\":true,\"valueName\":\"search_term_string\"}}],\"inLanguage\":\"pt-BR\"}]}<\/script>\n<!-- \/ Yoast SEO plugin. -->","yoast_head_json":{"title":"Assembleia inicia preparativos em Caxias para a sess\u00e3o itinerante nesta sexta-feira - Daniel Matos","robots":{"index":"index","follow":"follow","max-snippet":"max-snippet:-1","max-image-preview":"max-image-preview:large","max-video-preview":"max-video-preview:-1"},"canonical":"https:\/\/www.blogsoestado.com\/danielmatos\/assembleia-inicia-preparativos-em-caxias-para-a-sessao-itinerante-nesta-sexta-feira\/","og_locale":"pt_BR","og_type":"article","og_title":"Assembleia inicia preparativos em Caxias para a sess\u00e3o itinerante nesta sexta-feira - Daniel Matos","og_description":"A presidente da Assembleia Legislativa do Maranh\u00e3o, deputada Iracema Vale (PSB), comandar\u00e1 os trabalhos, que incluem sess\u00f5es deliberativa e solene [&hellip;]","og_url":"https:\/\/www.blogsoestado.com\/danielmatos\/assembleia-inicia-preparativos-em-caxias-para-a-sessao-itinerante-nesta-sexta-feira\/","og_site_name":"Daniel Matos","article_published_time":"2023-05-04T23:27:42+00:00","og_image":[{"url":"https:\/\/www.blogsoestado.com\/danielmatos\/files\/2023\/05\/Screenshot_20230504-2019112.png","type":"","width":"","height":""}],"twitter_card":"summary_large_image","twitter_misc":{"Est. tempo de leitura":"2 minutos"},"schema":{"@context":"https:\/\/schema.org","@graph":[{"@type":"WebPage","@id":"https:\/\/www.blogsoestado.com\/danielmatos\/assembleia-inicia-preparativos-em-caxias-para-a-sessao-itinerante-nesta-sexta-feira\/","url":"https:\/\/www.blogsoestado.com\/danielmatos\/assembleia-inicia-preparativos-em-caxias-para-a-sessao-itinerante-nesta-sexta-feira\/","name":"Assembleia inicia preparativos em Caxias para a sess\u00e3o itinerante nesta sexta-feira - Daniel Matos","isPartOf":{"@id":"https:\/\/www.blogsoestado.com\/danielmatos\/#website"},"primaryImageOfPage":{"@id":"https:\/\/www.blogsoestado.com\/danielmatos\/assembleia-inicia-preparativos-em-caxias-para-a-sessao-itinerante-nesta-sexta-feira\/#primaryimage"},"image":{"@id":"https:\/\/www.blogsoestado.com\/danielmatos\/assembleia-inicia-preparativos-em-caxias-para-a-sessao-itinerante-nesta-sexta-feira\/#primaryimage"},"thumbnailUrl":"https:\/\/www.blogsoestado.com\/danielmatos\/files\/2023\/05\/Screenshot_20230504-2019112.png","datePublished":"2023-05-04T23:27:42+00:00","author":{"@id":""},"breadcrumb":{"@id":"https:\/\/www.blogsoestado.com\/danielmatos\/assembleia-inicia-preparativos-em-caxias-para-a-sessao-itinerante-nesta-sexta-feira\/#breadcrumb"},"inLanguage":"pt-BR","potentialAction":[{"@type":"ReadAction","target":["https:\/\/www.blogsoestado.com\/danielmatos\/assembleia-inicia-preparativos-em-caxias-para-a-sessao-itinerante-nesta-sexta-feira\/"]}]},{"@type":"ImageObject","inLanguage":"pt-BR","@id":"https:\/\/www.blogsoestado.com\/danielmatos\/assembleia-inicia-preparativos-em-caxias-para-a-sessao-itinerante-nesta-sexta-feira\/#primaryimage","url":"https:\/\/www.blogsoestado.com\/danielmatos\/files\/2023\/05\/Screenshot_20230504-2019112.png","contentUrl":"https:\/\/www.blogsoestado.com\/danielmatos\/files\/2023\/05\/Screenshot_20230504-2019112.png"},{"@type":"BreadcrumbList","@id":"https:\/\/www.blogsoestado.com\/danielmatos\/assembleia-inicia-preparativos-em-caxias-para-a-sessao-itinerante-nesta-sexta-feira\/#breadcrumb","itemListElement":[{"@type":"ListItem","position":1,"name":"In\u00edcio","item":"https:\/\/www.blogsoestado.com\/danielmatos\/"},{"@type":"ListItem","position":2,"name":"Assembleia inicia preparativos em Caxias para a sess\u00e3o itinerante nesta sexta-feira"}]},{"@type":"WebSite","@id":"https:\/\/www.blogsoestado.com\/danielmatos\/#website","url":"https:\/\/www.blogsoestado.com\/danielmatos\/","name":"Daniel Matos","description":"","potentialAction":[{"@type":"SearchAction","target":{"@type":"EntryPoint","urlTemplate":"https:\/\/www.blogsoestado.com\/danielmatos\/?s={search_term_string}"},"query-input":{"@type":"PropertyValueSpecification","valueRequired":true,"valueName":"search_term_string"}}],"inLanguage":"pt-BR"}]}},"jetpack_featured_media_url":"","_links":{"self":[{"href":"https:\/\/www.blogsoestado.com\/danielmatos\/wp-json\/wp\/v2\/posts\/109187","targetHints":{"allow":["GET"]}}],"collection":[{"href":"https:\/\/www.blogsoestado.com\/danielmatos\/wp-json\/wp\/v2\/posts"}],"about":[{"href":"https:\/\/www.blogsoestado.com\/danielmatos\/wp-json\/wp\/v2\/types\/post"}],"replies":[{"embeddable":true,"href":"https:\/\/www.blogsoestado.com\/danielmatos\/wp-json\/wp\/v2\/comments?post=109187"}],"version-history":[{"count":0,"href":"https:\/\/www.blogsoestado.com\/danielmatos\/wp-json\/wp\/v2\/posts\/109187\/revisions"}],"wp:attachment":[{"href":"https:\/\/www.blogsoestado.com\/danielmatos\/wp-json\/wp\/v2\/media?parent=109187"}],"wp:term":[{"taxonomy":"category","embeddable":true,"href":"https:\/\/www.blogsoestado.com\/danielmatos\/wp-json\/wp\/v2\/categories?post=109187"},{"taxonomy":"post_tag","embeddable":true,"href":"https:\/\/www.blogsoestado.com\/danielmatos\/wp-json\/wp\/v2\/tags?post=109187"}],"curies":[{"name":"wp","href":"https:\/\/api.w.org\/{rel}","templated":true}]}}