{"id":109200,"date":"2023-05-04T23:32:40","date_gmt":"2023-05-05T02:32:40","guid":{"rendered":"https:\/\/www.blogsoestado.com\/danielmatos\/?p=109200"},"modified":"2023-05-04T23:32:40","modified_gmt":"2023-05-05T02:32:40","slug":"iracema-vale-participa-do-ato-de-assinatura-da-mp-que-institui-programa-casa-esperanca","status":"publish","type":"post","link":"https:\/\/www.blogsoestado.com\/danielmatos\/iracema-vale-participa-do-ato-de-assinatura-da-mp-que-institui-programa-casa-esperanca\/","title":{"rendered":"Iracema Vale participa do ato de assinatura da MP que institui programa &#8216;Casa Esperan\u00e7a&#8217;"},"content":{"rendered":"\n<p><strong><span class=\"has-inline-color has-vivid-red-color\">Programa ser\u00e1 implantado pelo Governo do Estado por interm\u00e9dio da Secretaria de Desenvolvimento Econ\u00f4mico e Programas Estrat\u00e9gicos<\/span><\/strong><\/p>\n\n\n\n<div class=\"wp-block-image\"><figure class=\"aligncenter size-large\"><a href=\"https:\/\/www.blogsoestado.com\/danielmatos\/files\/2023\/05\/Screenshot_20230504-2227362.png\"><img decoding=\"async\" src=\"https:\/\/www.blogsoestado.com\/danielmatos\/files\/2023\/05\/Screenshot_20230504-2227362.png\" alt=\"\" class=\"wp-image-109201\"\/><\/a><figcaption>O governador Carlos Brand\u00e3o exibe a Medida Provis\u00f3ria assinada, ao lado da presidente da Assembleia Legislativa, Iracema Vale, e do aecret\u00e1rio Jos\u00e9 Reinaldo Tavares <\/figcaption><\/figure><\/div>\n\n\n\n<p>A presidente da Assembleia Legislativa do Maranh\u00e3o, deputada Iracema Vale (PSB), participou, na manh\u00e3 desta quinta-feira (4), no Sal\u00e3o de Atos do Pal\u00e1cio dos Le\u00f5es, da cerim\u00f4nia de assinatura da Medida Provis\u00f3ria que institui o programa &#8216;Casa Esperan\u00e7a&#8217;, a ser implantado pelo Governo do Estado por interm\u00e9dio da Secretaria de Desenvolvimento Econ\u00f4mico e Programas Estrat\u00e9gicos (Sedepe).<\/p>\n\n\n\n<p>Acompanhada dos deputados Roberto Costa (MDB) e J\u00fanior Cascaria (Podemos), a parlamentar manifestou&nbsp; apoio \u00e0 iniciativa. \u201cA&nbsp;Assembleia \u00e9 uma casa plural, mas&nbsp;posso assegurar que esta Medida Provis\u00f3ria ser\u00e1 aprovada pelos deputados e deputadas, dado o elevado alcance social deste programa. Desde j\u00e1, manifestamos nosso apoio\u201d, frisou.<\/p>\n\n\n\n<p>Ao assinar o texto da MP, o governador Carlos Brand\u00e3o explicou que&nbsp;&#8216;Casa Esperan\u00e7a&#8217; \u00e9 um programa in\u00e9dito de desenvolvimento humano no Maranh\u00e3o, baseado nas teorias do economista James Heckman, Pr\u00eamio Nobel de Economia (2000), que vai criar espa\u00e7os p\u00fablicos onde ser\u00e3o disponibilizados servi\u00e7os especializados e multidisciplinares de aten\u00e7\u00e3o integral a crian\u00e7as na primeira inf\u00e2ncia (0 a 5 anos e 11 meses de idade) e assist\u00eancia \u00e0s gestantes, assim como de seus n\u00facleos familiares.<\/p>\n\n\n\n<p>\u201cEste programa, inspirado no trip\u00e9 sa\u00fade, renda e educa\u00e7\u00e3o, \u00e9 fruto de um projeto extremamente sens\u00edvel e humanit\u00e1rio que, com certeza, vai mudar o Maranh\u00e3o.\u00a0Por isso, espero contar com o apoio do nosso Poder Legislativo e de toda a classe pol\u00edtica\u201d, afirmou Carlos Brand\u00e3o.<\/p>\n\n\n\n<div class=\"wp-block-image\"><figure class=\"aligncenter size-large\"><a href=\"https:\/\/www.blogsoestado.com\/danielmatos\/files\/2023\/05\/Screenshot_20230504-2228082.png\"><img decoding=\"async\" src=\"https:\/\/www.blogsoestado.com\/danielmatos\/files\/2023\/05\/Screenshot_20230504-2228082.png\" alt=\"\" class=\"wp-image-109202\"\/><\/a><figcaption>A presidente da Assembleia Legislativa do Maranh\u00e3o,. Iracema Vale, assina a MP que institui o programa &#8220;Casa Esperan\u00e7a&#8221;<\/figcaption><\/figure><\/div>\n\n\n\n<p><strong>Reden\u00e7\u00e3o social<\/strong><\/p>\n\n\n\n<p>Logo no in\u00edcio da cerim\u00f4nia, o secret\u00e1rio de Estado de Desenvolvimento Econ\u00f4mico e Programas Estrat\u00e9gicos, Jos\u00e9 Reinaldo Tavares, fez uma&nbsp;explana\u00e7\u00e3o do programa<\/p>\n\n\n\n<p>\u201cEle&nbsp;ser\u00e1 a reden\u00e7\u00e3o social do Maranh\u00e3o. E com um n\u00edvel de excel\u00eancia e de monitoramento que precisamos ter para mudar a realidade de crian\u00e7as e, consequentemente, a realidade maranhense. Para isso, buscamos o que existe de melhor para fundamentar e dar subst\u00e2ncia a&nbsp;ele\u201d, declarou Jos\u00e9 Reinaldo durante a cerim\u00f4nia, que contou tamb\u00e9m com a presen\u00e7a de diversos secret\u00e1rios de Estado, assessores do governo e de representantes de entidades da iniciativa privada.<\/p>\n\n\n\n<p>De acordo com o texto da Medida Provis\u00f3ria, o&nbsp;atendimento ser\u00e1 voltado, sobretudo, \u00e0s crian\u00e7as e gestantes em condi\u00e7\u00e3o social de car\u00eancia ou risco social. Com o &#8216;Casa Esperan\u00e7a&#8217;, o Governo do Maranh\u00e3o espera propiciar \u00e0s crian\u00e7as o fortalecimento dos processos de aprendizagem e intera\u00e7\u00e3o; qualidade de vida junto&nbsp;\u00e0s&nbsp;fam\u00edlias; desenvolvimento econ\u00f4mico com redu\u00e7\u00e3o de custos sociais, al\u00e9m da promo\u00e7\u00e3o da qualidade na execu\u00e7\u00e3o das atividades para o desenvolvimento da primeira inf\u00e2ncia.<\/p>\n\n\n\n<p>A partir dessa &nbsp;iniciativa, as gestantes ser\u00e3o assistidas com aten\u00e7\u00e3o integral e humanizada, com preven\u00e7\u00e3o da mortalidade materna e infantil. Al\u00e9m da sa\u00fade, as m\u00e3es ter\u00e3o ainda&nbsp;apoio nas \u00e1reas da qualifica\u00e7\u00e3o profissional, cultura e&nbsp;lazer.<\/p>\n","protected":false},"excerpt":{"rendered":"<p>Programa ser\u00e1 implantado pelo Governo do Estado por interm\u00e9dio da Secretaria de Desenvolvimento Econ\u00f4mico e Programas Estrat\u00e9gicos A presidente da [&hellip;]<\/p>\n","protected":false},"author":0,"featured_media":0,"comment_status":"open","ping_status":"open","sticky":false,"template":"","format":"standard","meta":{"site-sidebar-layout":"default","site-content-layout":"","ast-site-content-layout":"default","site-content-style":"default","site-sidebar-style":"default","ast-global-header-display":"","ast-banner-title-visibility":"","ast-main-header-display":"","ast-hfb-above-header-display":"","ast-hfb-below-header-display":"","ast-hfb-mobile-header-display":"","site-post-title":"","ast-breadcrumbs-content":"","ast-featured-img":"","footer-sml-layout":"","ast-disable-related-posts":"","theme-transparent-header-meta":"","adv-header-id-meta":"","stick-header-meta":"","header-above-stick-meta":"","header-main-stick-meta":"","header-below-stick-meta":"","astra-migrate-meta-layouts":"default","ast-page-background-enabled":"default","ast-page-background-meta":{"desktop":{"background-color":"var(--ast-global-color-5)","background-image":"","background-repeat":"repeat","background-position":"center center","background-size":"auto","background-attachment":"scroll","background-type":"","background-media":"","overlay-type":"","overlay-color":"","overlay-opacity":"","overlay-gradient":""},"tablet":{"background-color":"","background-image":"","background-repeat":"repeat","background-position":"center center","background-size":"auto","background-attachment":"scroll","background-type":"","background-media":"","overlay-type":"","overlay-color":"","overlay-opacity":"","overlay-gradient":""},"mobile":{"background-color":"","background-image":"","background-repeat":"repeat","background-position":"center center","background-size":"auto","background-attachment":"scroll","background-type":"","background-media":"","overlay-type":"","overlay-color":"","overlay-opacity":"","overlay-gradient":""}},"ast-content-background-meta":{"desktop":{"background-color":"var(--ast-global-color-4)","background-image":"","background-repeat":"repeat","background-position":"center center","background-size":"auto","background-attachment":"scroll","background-type":"","background-media":"","overlay-type":"","overlay-color":"","overlay-opacity":"","overlay-gradient":""},"tablet":{"background-color":"var(--ast-global-color-4)","background-image":"","background-repeat":"repeat","background-position":"center center","background-size":"auto","background-attachment":"scroll","background-type":"","background-media":"","overlay-type":"","overlay-color":"","overlay-opacity":"","overlay-gradient":""},"mobile":{"background-color":"var(--ast-global-color-4)","background-image":"","background-repeat":"repeat","background-position":"center center","background-size":"auto","background-attachment":"scroll","background-type":"","background-media":"","overlay-type":"","overlay-color":"","overlay-opacity":"","overlay-gradient":""}},"footnotes":""},"categories":[1],"tags":[],"class_list":["post-109200","post","type-post","status-publish","format-standard","hentry","category-sem-categoria"],"yoast_head":"<!-- This site is optimized with the Yoast SEO plugin v26.6 - https:\/\/yoast.com\/wordpress\/plugins\/seo\/ -->\n<title>Iracema Vale participa do ato de assinatura da MP que institui programa &#039;Casa Esperan\u00e7a&#039; - Daniel Matos<\/title>\n<meta name=\"robots\" content=\"index, follow, max-snippet:-1, max-image-preview:large, max-video-preview:-1\" \/>\n<link rel=\"canonical\" href=\"https:\/\/www.blogsoestado.com\/danielmatos\/iracema-vale-participa-do-ato-de-assinatura-da-mp-que-institui-programa-casa-esperanca\/\" \/>\n<meta property=\"og:locale\" content=\"pt_BR\" \/>\n<meta property=\"og:type\" content=\"article\" \/>\n<meta property=\"og:title\" content=\"Iracema Vale participa do ato de assinatura da MP que institui programa &#039;Casa Esperan\u00e7a&#039; - Daniel Matos\" \/>\n<meta property=\"og:description\" content=\"Programa ser\u00e1 implantado pelo Governo do Estado por interm\u00e9dio da Secretaria de Desenvolvimento Econ\u00f4mico e Programas Estrat\u00e9gicos A presidente da [&hellip;]\" \/>\n<meta property=\"og:url\" content=\"https:\/\/www.blogsoestado.com\/danielmatos\/iracema-vale-participa-do-ato-de-assinatura-da-mp-que-institui-programa-casa-esperanca\/\" \/>\n<meta property=\"og:site_name\" content=\"Daniel Matos\" \/>\n<meta property=\"article:published_time\" content=\"2023-05-05T02:32:40+00:00\" \/>\n<meta property=\"og:image\" content=\"https:\/\/www.blogsoestado.com\/danielmatos\/files\/2023\/05\/Screenshot_20230504-2227362.png\" \/>\n<meta name=\"twitter:card\" content=\"summary_large_image\" \/>\n<meta name=\"twitter:label1\" content=\"Est. tempo de leitura\" \/>\n\t<meta name=\"twitter:data1\" content=\"3 minutos\" \/>\n<script type=\"application\/ld+json\" class=\"yoast-schema-graph\">{\"@context\":\"https:\/\/schema.org\",\"@graph\":[{\"@type\":\"WebPage\",\"@id\":\"https:\/\/www.blogsoestado.com\/danielmatos\/iracema-vale-participa-do-ato-de-assinatura-da-mp-que-institui-programa-casa-esperanca\/\",\"url\":\"https:\/\/www.blogsoestado.com\/danielmatos\/iracema-vale-participa-do-ato-de-assinatura-da-mp-que-institui-programa-casa-esperanca\/\",\"name\":\"Iracema Vale participa do ato de assinatura da MP que institui programa 'Casa Esperan\u00e7a' - Daniel Matos\",\"isPartOf\":{\"@id\":\"https:\/\/www.blogsoestado.com\/danielmatos\/#website\"},\"primaryImageOfPage\":{\"@id\":\"https:\/\/www.blogsoestado.com\/danielmatos\/iracema-vale-participa-do-ato-de-assinatura-da-mp-que-institui-programa-casa-esperanca\/#primaryimage\"},\"image\":{\"@id\":\"https:\/\/www.blogsoestado.com\/danielmatos\/iracema-vale-participa-do-ato-de-assinatura-da-mp-que-institui-programa-casa-esperanca\/#primaryimage\"},\"thumbnailUrl\":\"https:\/\/www.blogsoestado.com\/danielmatos\/files\/2023\/05\/Screenshot_20230504-2227362.png\",\"datePublished\":\"2023-05-05T02:32:40+00:00\",\"author\":{\"@id\":\"\"},\"breadcrumb\":{\"@id\":\"https:\/\/www.blogsoestado.com\/danielmatos\/iracema-vale-participa-do-ato-de-assinatura-da-mp-que-institui-programa-casa-esperanca\/#breadcrumb\"},\"inLanguage\":\"pt-BR\",\"potentialAction\":[{\"@type\":\"ReadAction\",\"target\":[\"https:\/\/www.blogsoestado.com\/danielmatos\/iracema-vale-participa-do-ato-de-assinatura-da-mp-que-institui-programa-casa-esperanca\/\"]}]},{\"@type\":\"ImageObject\",\"inLanguage\":\"pt-BR\",\"@id\":\"https:\/\/www.blogsoestado.com\/danielmatos\/iracema-vale-participa-do-ato-de-assinatura-da-mp-que-institui-programa-casa-esperanca\/#primaryimage\",\"url\":\"https:\/\/www.blogsoestado.com\/danielmatos\/files\/2023\/05\/Screenshot_20230504-2227362.png\",\"contentUrl\":\"https:\/\/www.blogsoestado.com\/danielmatos\/files\/2023\/05\/Screenshot_20230504-2227362.png\"},{\"@type\":\"BreadcrumbList\",\"@id\":\"https:\/\/www.blogsoestado.com\/danielmatos\/iracema-vale-participa-do-ato-de-assinatura-da-mp-que-institui-programa-casa-esperanca\/#breadcrumb\",\"itemListElement\":[{\"@type\":\"ListItem\",\"position\":1,\"name\":\"In\u00edcio\",\"item\":\"https:\/\/www.blogsoestado.com\/danielmatos\/\"},{\"@type\":\"ListItem\",\"position\":2,\"name\":\"Iracema Vale participa do ato de assinatura da MP que institui programa &#8216;Casa Esperan\u00e7a&#8217;\"}]},{\"@type\":\"WebSite\",\"@id\":\"https:\/\/www.blogsoestado.com\/danielmatos\/#website\",\"url\":\"https:\/\/www.blogsoestado.com\/danielmatos\/\",\"name\":\"Daniel Matos\",\"description\":\"\",\"potentialAction\":[{\"@type\":\"SearchAction\",\"target\":{\"@type\":\"EntryPoint\",\"urlTemplate\":\"https:\/\/www.blogsoestado.com\/danielmatos\/?s={search_term_string}\"},\"query-input\":{\"@type\":\"PropertyValueSpecification\",\"valueRequired\":true,\"valueName\":\"search_term_string\"}}],\"inLanguage\":\"pt-BR\"}]}<\/script>\n<!-- \/ Yoast SEO plugin. -->","yoast_head_json":{"title":"Iracema Vale participa do ato de assinatura da MP que institui programa 'Casa Esperan\u00e7a' - Daniel Matos","robots":{"index":"index","follow":"follow","max-snippet":"max-snippet:-1","max-image-preview":"max-image-preview:large","max-video-preview":"max-video-preview:-1"},"canonical":"https:\/\/www.blogsoestado.com\/danielmatos\/iracema-vale-participa-do-ato-de-assinatura-da-mp-que-institui-programa-casa-esperanca\/","og_locale":"pt_BR","og_type":"article","og_title":"Iracema Vale participa do ato de assinatura da MP que institui programa 'Casa Esperan\u00e7a' - Daniel Matos","og_description":"Programa ser\u00e1 implantado pelo Governo do Estado por interm\u00e9dio da Secretaria de Desenvolvimento Econ\u00f4mico e Programas Estrat\u00e9gicos A presidente da [&hellip;]","og_url":"https:\/\/www.blogsoestado.com\/danielmatos\/iracema-vale-participa-do-ato-de-assinatura-da-mp-que-institui-programa-casa-esperanca\/","og_site_name":"Daniel Matos","article_published_time":"2023-05-05T02:32:40+00:00","og_image":[{"url":"https:\/\/www.blogsoestado.com\/danielmatos\/files\/2023\/05\/Screenshot_20230504-2227362.png","type":"","width":"","height":""}],"twitter_card":"summary_large_image","twitter_misc":{"Est. tempo de leitura":"3 minutos"},"schema":{"@context":"https:\/\/schema.org","@graph":[{"@type":"WebPage","@id":"https:\/\/www.blogsoestado.com\/danielmatos\/iracema-vale-participa-do-ato-de-assinatura-da-mp-que-institui-programa-casa-esperanca\/","url":"https:\/\/www.blogsoestado.com\/danielmatos\/iracema-vale-participa-do-ato-de-assinatura-da-mp-que-institui-programa-casa-esperanca\/","name":"Iracema Vale participa do ato de assinatura da MP que institui programa 'Casa Esperan\u00e7a' - Daniel Matos","isPartOf":{"@id":"https:\/\/www.blogsoestado.com\/danielmatos\/#website"},"primaryImageOfPage":{"@id":"https:\/\/www.blogsoestado.com\/danielmatos\/iracema-vale-participa-do-ato-de-assinatura-da-mp-que-institui-programa-casa-esperanca\/#primaryimage"},"image":{"@id":"https:\/\/www.blogsoestado.com\/danielmatos\/iracema-vale-participa-do-ato-de-assinatura-da-mp-que-institui-programa-casa-esperanca\/#primaryimage"},"thumbnailUrl":"https:\/\/www.blogsoestado.com\/danielmatos\/files\/2023\/05\/Screenshot_20230504-2227362.png","datePublished":"2023-05-05T02:32:40+00:00","author":{"@id":""},"breadcrumb":{"@id":"https:\/\/www.blogsoestado.com\/danielmatos\/iracema-vale-participa-do-ato-de-assinatura-da-mp-que-institui-programa-casa-esperanca\/#breadcrumb"},"inLanguage":"pt-BR","potentialAction":[{"@type":"ReadAction","target":["https:\/\/www.blogsoestado.com\/danielmatos\/iracema-vale-participa-do-ato-de-assinatura-da-mp-que-institui-programa-casa-esperanca\/"]}]},{"@type":"ImageObject","inLanguage":"pt-BR","@id":"https:\/\/www.blogsoestado.com\/danielmatos\/iracema-vale-participa-do-ato-de-assinatura-da-mp-que-institui-programa-casa-esperanca\/#primaryimage","url":"https:\/\/www.blogsoestado.com\/danielmatos\/files\/2023\/05\/Screenshot_20230504-2227362.png","contentUrl":"https:\/\/www.blogsoestado.com\/danielmatos\/files\/2023\/05\/Screenshot_20230504-2227362.png"},{"@type":"BreadcrumbList","@id":"https:\/\/www.blogsoestado.com\/danielmatos\/iracema-vale-participa-do-ato-de-assinatura-da-mp-que-institui-programa-casa-esperanca\/#breadcrumb","itemListElement":[{"@type":"ListItem","position":1,"name":"In\u00edcio","item":"https:\/\/www.blogsoestado.com\/danielmatos\/"},{"@type":"ListItem","position":2,"name":"Iracema Vale participa do ato de assinatura da MP que institui programa &#8216;Casa Esperan\u00e7a&#8217;"}]},{"@type":"WebSite","@id":"https:\/\/www.blogsoestado.com\/danielmatos\/#website","url":"https:\/\/www.blogsoestado.com\/danielmatos\/","name":"Daniel Matos","description":"","potentialAction":[{"@type":"SearchAction","target":{"@type":"EntryPoint","urlTemplate":"https:\/\/www.blogsoestado.com\/danielmatos\/?s={search_term_string}"},"query-input":{"@type":"PropertyValueSpecification","valueRequired":true,"valueName":"search_term_string"}}],"inLanguage":"pt-BR"}]}},"jetpack_featured_media_url":"","_links":{"self":[{"href":"https:\/\/www.blogsoestado.com\/danielmatos\/wp-json\/wp\/v2\/posts\/109200","targetHints":{"allow":["GET"]}}],"collection":[{"href":"https:\/\/www.blogsoestado.com\/danielmatos\/wp-json\/wp\/v2\/posts"}],"about":[{"href":"https:\/\/www.blogsoestado.com\/danielmatos\/wp-json\/wp\/v2\/types\/post"}],"replies":[{"embeddable":true,"href":"https:\/\/www.blogsoestado.com\/danielmatos\/wp-json\/wp\/v2\/comments?post=109200"}],"version-history":[{"count":0,"href":"https:\/\/www.blogsoestado.com\/danielmatos\/wp-json\/wp\/v2\/posts\/109200\/revisions"}],"wp:attachment":[{"href":"https:\/\/www.blogsoestado.com\/danielmatos\/wp-json\/wp\/v2\/media?parent=109200"}],"wp:term":[{"taxonomy":"category","embeddable":true,"href":"https:\/\/www.blogsoestado.com\/danielmatos\/wp-json\/wp\/v2\/categories?post=109200"},{"taxonomy":"post_tag","embeddable":true,"href":"https:\/\/www.blogsoestado.com\/danielmatos\/wp-json\/wp\/v2\/tags?post=109200"}],"curies":[{"name":"wp","href":"https:\/\/api.w.org\/{rel}","templated":true}]}}