{"id":109251,"date":"2023-05-05T12:12:53","date_gmt":"2023-05-05T15:12:53","guid":{"rendered":"https:\/\/www.blogsoestado.com\/danielmatos\/?p=109251"},"modified":"2023-05-05T12:12:53","modified_gmt":"2023-05-05T15:12:53","slug":"cpi-para-investigar-denuncias-na-saude-em-sao-luis-aguarda-leitura-para-instalacao","status":"publish","type":"post","link":"https:\/\/www.blogsoestado.com\/danielmatos\/cpi-para-investigar-denuncias-na-saude-em-sao-luis-aguarda-leitura-para-instalacao\/","title":{"rendered":"CPI para investigar den\u00fancias na sa\u00fade em S\u00e3o Lu\u00eds aguarda leitura para instala\u00e7\u00e3o"},"content":{"rendered":"\n<p><em><strong><span class=\"has-inline-color has-vivid-red-color\">Saiba os pr\u00f3ximos passos do colegiado que pretende averiguar a situa\u00e7\u00e3o da sa\u00fade na capital ap\u00f3s morte de um beb\u00ea que teve atendimento negado no Hospital da Crian\u00e7a<\/span><\/strong><\/em><\/p>\n\n\n\n<div class=\"wp-block-image\"><figure class=\"aligncenter size-large\"><a href=\"https:\/\/www.blogsoestado.com\/danielmatos\/files\/2023\/05\/Screenshot_20230505-1221512.png\"><img decoding=\"async\" src=\"https:\/\/www.blogsoestado.com\/danielmatos\/files\/2023\/05\/Screenshot_20230505-1221512.png\" alt=\"\" class=\"wp-image-109255\"\/><\/a><figcaption>Com a CPI, vereadores querem investigar os problemas do sistema de sa\u00fade municipal (<strong>Foto: <\/strong>Leonardo Mendon\u00e7a)<\/figcaption><\/figure><\/div>\n\n\n\n<p>O requerimento da Mesa Diretora da C\u00e2mara Municipal de S\u00e3o Lu\u00eds para cria\u00e7\u00e3o da Comiss\u00e3o Parlamentar de Inqu\u00e9rito (CPI) para investigar a gravidade da crise no sistema municipal de sa\u00fade obteve 26 assinaturas dos vereadores e j\u00e1 foi protocolado aguardando somente a leitura e publica\u00e7\u00e3o da resolu\u00e7\u00e3o no Di\u00e1rio Oficial para a CPI ser instalada.\u00a0<\/p>\n\n\n\n<p>O apoio parlamentar para a investiga\u00e7\u00e3o no setor aumentou depois da morte de um beb\u00ea que teve atendimento negado no Hospital da Crian\u00e7a Dr. Odorico Amaral de Mattos, no \u00faltimo dia 17 de abril.&nbsp;<\/p>\n\n\n\n<p>O pr\u00f3ximo passo \u00e9 a leitura do pedido de cria\u00e7\u00e3o da CPI pelo presidente da C\u00e2mara, vereador Paulo Victor (PCdoB), em plen\u00e1rio, seguido da publica\u00e7\u00e3o no Di\u00e1rio Oficial do Munic\u00edpio (DOM).&nbsp;<\/p>\n\n\n\n<p>Com a leitura do requerimento e posterior publica\u00e7\u00e3o no Di\u00e1rio Oficial, o colegiado estar\u00e1 formalmente criado. Antes disso, por\u00e9m, ocorre um entendimento para definir a proporcionalidade da composi\u00e7\u00e3o da comiss\u00e3o, de acordo com o tamanho das bancadas e blocos partid\u00e1rios na Casa.&nbsp;<\/p>\n\n\n\n<p><a href=\"https:\/\/acrobat.adobe.com\/link\/review?uri=urn:aaid:scds:US:4c9691e1-39f3-3db1-b332-54648ee9183e\">Veja aqui o requerimento que cria a CPI da Sa\u00fade<\/a><\/p>\n\n\n\n<p>O que dizem os signat\u00e1rios?&nbsp;<\/p>\n\n\n\n<p>O requerimento foi apresentado de forma coletiva e contou com o n\u00famero regimental para sua aprecia\u00e7\u00e3o. No documento, os signat\u00e1rios alegam que a crise no sistema municipal de sa\u00fade se agravou com a morte de um beb\u00ea ind\u00edgena em decorr\u00eancia de negativa de atendimento, motivo pelo qual foram efetuados diversos questionamentos ao representante do Executivo Municipal.&nbsp;<\/p>\n\n\n\n<p>\u201cNas respostas obtidas por estada C\u00e2mara Municipal em sede de Audi\u00eancia P\u00fablica realizada no dia 25\/04\/2023, o secret\u00e1rio Municipal de Sa\u00fade informou dados e informa\u00e7\u00f5es divergentes daquelas que est\u00e3o representados nos of\u00edcios apresentados pelo governo do Estado do Maranh\u00e3o\u201d, diz trecho do documento subscrito por mais de 21 vereadores.&nbsp;<\/p>\n\n\n\n<p>Al\u00e9m disso, o requerimento aponta ainda a realiza\u00e7\u00e3o de uma audi\u00eancia de convoca\u00e7\u00e3o com o secret\u00e1rio Joel Nunes (Semus) buscando eventuais esclarecimentos, principalmente, em rela\u00e7\u00e3o \u00e0 obra do Hospital da Crian\u00e7a, que passa por uma reforma que j\u00e1 dura h\u00e1 10 anos. O encontro, entretanto, n\u00e3o foi satisfat\u00f3rio para buscar uma solu\u00e7\u00e3o para o problema.&nbsp;<\/p>\n\n\n\n<p>\u201cDas informa\u00e7\u00f5es extra\u00eddas dos depoimentos, constata-se a poss\u00edvel irregularidade do gestor da Secretaria de Sa\u00fade e do Prefeito Municipal, o que consequentemente implica em ato de improbidade administrativa, conduta pass\u00edvel de puni\u00e7\u00f5es administrativas e legais. Nessa linha, o Prefeito Municipal concorre com viola\u00e7\u00e3o dos princ\u00edpios da legalidade e moralidade, e demais princ\u00edpios da Administra\u00e7\u00e3o P\u00fablica\u201d, completou os signat\u00e1rios no documento.&nbsp;<\/p>\n\n\n\n<p>Publica\u00e7\u00e3o e prazo&nbsp;<\/p>\n\n\n\n<p>Ap\u00f3s a publica\u00e7\u00e3o do ato no Di\u00e1rio Oficial, a CPI estar\u00e1 considerada oficialmente criada e poder\u00e1 se reunir para definir presidente e vice, escolher relator e criar o seu Regimento Interno.&nbsp;Al\u00e9m disso, o colegiado tamb\u00e9m precisa estabelecer um o prazo m\u00e1ximo de 60 dias para conclus\u00e3o de seus trabalhos, com a possibilidade de prorroga\u00e7\u00e3o por igual per\u00edodo, quando solicitada pelos pr\u00f3prios integrantes do grupo.&nbsp;<\/p>\n\n\n\n<p>Quais os pr\u00f3ximos passos?&nbsp;<\/p>\n\n\n\n<p>\u2022 Publica\u00e7\u00e3o no Di\u00e1rio Oficial (prevista para ocorrer ap\u00f3s a leitura do requerimento em plen\u00e1rio): necess\u00e1ria para que a comiss\u00e3o de inqu\u00e9rito seja considerada oficialmente criada;&nbsp;<\/p>\n\n\n\n<p>\u2022 Escolha de presidente que vai definir o relator (com data prevista para ocorrer ap\u00f3s a publica\u00e7\u00e3o da Resolu\u00e7\u00e3o): os cinco vereadores v\u00e3o se reunir para definir quem ser\u00e1 presidente que, por sua vez, escolhe que ser\u00e1 relator;&nbsp;<\/p>\n\n\n\n<p>\u2022 Defini\u00e7\u00e3o sobre o plano de trabalho da CPI (ainda sem data): vereadores precisam definir como ser\u00e1 na pr\u00e1tica o trabalho da comiss\u00e3o;&nbsp;<\/p>\n\n\n\n<p>\u2022 Defini\u00e7\u00e3o do Regimento Interno (ainda sem data): vereadores tamb\u00e9m precisam definir Regimento Interno, que vai constar as regras a serem seguidas;&nbsp;<\/p>\n\n\n\n<p>\u2022 Reuni\u00e3o sobre os convocados (ainda sem data): vereadores tamb\u00e9m precisam definir quem deve prestar os primeiros depoimentos;&nbsp;<\/p>\n\n\n\n<p>O que ser\u00e1 apurado?&nbsp;<\/p>\n\n\n\n<p>O objetivo central da CPI \u00e9 analisar a gravidade da crise no sistema municipal de sa\u00fade. A proposta visa esclarecer o caos nos hospitais de portas abertas (Socorr\u00f5es e Hospital a Crian\u00e7a) que apesar dos recursos financeiros e materiais destinados, passam por um estado de precariedade.<\/p>\n\n\n\n<p><strong>O que \u00e9 uma CPI?&nbsp;<\/strong><\/p>\n\n\n\n<p>\u00c9 uma Comiss\u00e3o Parlamentar de Inqu\u00e9rito criada para investigar um fato que seja muito importante para a vida p\u00fablica e para a ordem constitucional, legal, econ\u00f4mica ou social.&nbsp;<\/p>\n\n\n\n<p>Qual a base legal?&nbsp;<\/p>\n\n\n\n<p>As CPIs est\u00e3o previstas no \u00a7 3\u00ba do artigo 58 da Constitui\u00e7\u00e3o e tem seu regramento detalhado na Lei 1.579, de 1952. Em algumas situa\u00e7\u00f5es, como \u00e9 o caso da C\u00e2mara de S\u00e3o Lu\u00eds, depende do conjunto de normas que regem o funcionamento da institui\u00e7\u00e3o.<\/p>\n","protected":false},"excerpt":{"rendered":"<p>Saiba os pr\u00f3ximos passos do colegiado que pretende averiguar a situa\u00e7\u00e3o da sa\u00fade na capital ap\u00f3s morte de um beb\u00ea [&hellip;]<\/p>\n","protected":false},"author":0,"featured_media":0,"comment_status":"open","ping_status":"open","sticky":false,"template":"","format":"standard","meta":{"site-sidebar-layout":"default","site-content-layout":"","ast-site-content-layout":"default","site-content-style":"default","site-sidebar-style":"default","ast-global-header-display":"","ast-banner-title-visibility":"","ast-main-header-display":"","ast-hfb-above-header-display":"","ast-hfb-below-header-display":"","ast-hfb-mobile-header-display":"","site-post-title":"","ast-breadcrumbs-content":"","ast-featured-img":"","footer-sml-layout":"","ast-disable-related-posts":"","theme-transparent-header-meta":"","adv-header-id-meta":"","stick-header-meta":"","header-above-stick-meta":"","header-main-stick-meta":"","header-below-stick-meta":"","astra-migrate-meta-layouts":"default","ast-page-background-enabled":"default","ast-page-background-meta":{"desktop":{"background-color":"var(--ast-global-color-5)","background-image":"","background-repeat":"repeat","background-position":"center center","background-size":"auto","background-attachment":"scroll","background-type":"","background-media":"","overlay-type":"","overlay-color":"","overlay-opacity":"","overlay-gradient":""},"tablet":{"background-color":"","background-image":"","background-repeat":"repeat","background-position":"center center","background-size":"auto","background-attachment":"scroll","background-type":"","background-media":"","overlay-type":"","overlay-color":"","overlay-opacity":"","overlay-gradient":""},"mobile":{"background-color":"","background-image":"","background-repeat":"repeat","background-position":"center center","background-size":"auto","background-attachment":"scroll","background-type":"","background-media":"","overlay-type":"","overlay-color":"","overlay-opacity":"","overlay-gradient":""}},"ast-content-background-meta":{"desktop":{"background-color":"var(--ast-global-color-4)","background-image":"","background-repeat":"repeat","background-position":"center center","background-size":"auto","background-attachment":"scroll","background-type":"","background-media":"","overlay-type":"","overlay-color":"","overlay-opacity":"","overlay-gradient":""},"tablet":{"background-color":"var(--ast-global-color-4)","background-image":"","background-repeat":"repeat","background-position":"center center","background-size":"auto","background-attachment":"scroll","background-type":"","background-media":"","overlay-type":"","overlay-color":"","overlay-opacity":"","overlay-gradient":""},"mobile":{"background-color":"var(--ast-global-color-4)","background-image":"","background-repeat":"repeat","background-position":"center center","background-size":"auto","background-attachment":"scroll","background-type":"","background-media":"","overlay-type":"","overlay-color":"","overlay-opacity":"","overlay-gradient":""}},"footnotes":""},"categories":[1],"tags":[],"class_list":["post-109251","post","type-post","status-publish","format-standard","hentry","category-sem-categoria"],"yoast_head":"<!-- This site is optimized with the Yoast SEO plugin v26.6 - https:\/\/yoast.com\/wordpress\/plugins\/seo\/ -->\n<title>CPI para investigar den\u00fancias na sa\u00fade em S\u00e3o Lu\u00eds aguarda leitura para instala\u00e7\u00e3o - Daniel Matos<\/title>\n<meta name=\"robots\" content=\"index, follow, max-snippet:-1, max-image-preview:large, max-video-preview:-1\" \/>\n<link rel=\"canonical\" href=\"https:\/\/www.blogsoestado.com\/danielmatos\/cpi-para-investigar-denuncias-na-saude-em-sao-luis-aguarda-leitura-para-instalacao\/\" \/>\n<meta property=\"og:locale\" content=\"pt_BR\" \/>\n<meta property=\"og:type\" content=\"article\" \/>\n<meta property=\"og:title\" content=\"CPI para investigar den\u00fancias na sa\u00fade em S\u00e3o Lu\u00eds aguarda leitura para instala\u00e7\u00e3o - Daniel Matos\" \/>\n<meta property=\"og:description\" content=\"Saiba os pr\u00f3ximos passos do colegiado que pretende averiguar a situa\u00e7\u00e3o da sa\u00fade na capital ap\u00f3s morte de um beb\u00ea [&hellip;]\" \/>\n<meta property=\"og:url\" content=\"https:\/\/www.blogsoestado.com\/danielmatos\/cpi-para-investigar-denuncias-na-saude-em-sao-luis-aguarda-leitura-para-instalacao\/\" \/>\n<meta property=\"og:site_name\" content=\"Daniel Matos\" \/>\n<meta property=\"article:published_time\" content=\"2023-05-05T15:12:53+00:00\" \/>\n<meta property=\"og:image\" content=\"https:\/\/www.blogsoestado.com\/danielmatos\/files\/2023\/05\/Screenshot_20230505-1221512.png\" \/>\n<meta name=\"twitter:card\" content=\"summary_large_image\" \/>\n<meta name=\"twitter:label1\" content=\"Est. tempo de leitura\" \/>\n\t<meta name=\"twitter:data1\" content=\"4 minutos\" \/>\n<script type=\"application\/ld+json\" class=\"yoast-schema-graph\">{\"@context\":\"https:\/\/schema.org\",\"@graph\":[{\"@type\":\"WebPage\",\"@id\":\"https:\/\/www.blogsoestado.com\/danielmatos\/cpi-para-investigar-denuncias-na-saude-em-sao-luis-aguarda-leitura-para-instalacao\/\",\"url\":\"https:\/\/www.blogsoestado.com\/danielmatos\/cpi-para-investigar-denuncias-na-saude-em-sao-luis-aguarda-leitura-para-instalacao\/\",\"name\":\"CPI para investigar den\u00fancias na sa\u00fade em S\u00e3o Lu\u00eds aguarda leitura para instala\u00e7\u00e3o - Daniel Matos\",\"isPartOf\":{\"@id\":\"https:\/\/www.blogsoestado.com\/danielmatos\/#website\"},\"primaryImageOfPage\":{\"@id\":\"https:\/\/www.blogsoestado.com\/danielmatos\/cpi-para-investigar-denuncias-na-saude-em-sao-luis-aguarda-leitura-para-instalacao\/#primaryimage\"},\"image\":{\"@id\":\"https:\/\/www.blogsoestado.com\/danielmatos\/cpi-para-investigar-denuncias-na-saude-em-sao-luis-aguarda-leitura-para-instalacao\/#primaryimage\"},\"thumbnailUrl\":\"https:\/\/www.blogsoestado.com\/danielmatos\/files\/2023\/05\/Screenshot_20230505-1221512.png\",\"datePublished\":\"2023-05-05T15:12:53+00:00\",\"author\":{\"@id\":\"\"},\"breadcrumb\":{\"@id\":\"https:\/\/www.blogsoestado.com\/danielmatos\/cpi-para-investigar-denuncias-na-saude-em-sao-luis-aguarda-leitura-para-instalacao\/#breadcrumb\"},\"inLanguage\":\"pt-BR\",\"potentialAction\":[{\"@type\":\"ReadAction\",\"target\":[\"https:\/\/www.blogsoestado.com\/danielmatos\/cpi-para-investigar-denuncias-na-saude-em-sao-luis-aguarda-leitura-para-instalacao\/\"]}]},{\"@type\":\"ImageObject\",\"inLanguage\":\"pt-BR\",\"@id\":\"https:\/\/www.blogsoestado.com\/danielmatos\/cpi-para-investigar-denuncias-na-saude-em-sao-luis-aguarda-leitura-para-instalacao\/#primaryimage\",\"url\":\"https:\/\/www.blogsoestado.com\/danielmatos\/files\/2023\/05\/Screenshot_20230505-1221512.png\",\"contentUrl\":\"https:\/\/www.blogsoestado.com\/danielmatos\/files\/2023\/05\/Screenshot_20230505-1221512.png\"},{\"@type\":\"BreadcrumbList\",\"@id\":\"https:\/\/www.blogsoestado.com\/danielmatos\/cpi-para-investigar-denuncias-na-saude-em-sao-luis-aguarda-leitura-para-instalacao\/#breadcrumb\",\"itemListElement\":[{\"@type\":\"ListItem\",\"position\":1,\"name\":\"In\u00edcio\",\"item\":\"https:\/\/www.blogsoestado.com\/danielmatos\/\"},{\"@type\":\"ListItem\",\"position\":2,\"name\":\"CPI para investigar den\u00fancias na sa\u00fade em S\u00e3o Lu\u00eds aguarda leitura para instala\u00e7\u00e3o\"}]},{\"@type\":\"WebSite\",\"@id\":\"https:\/\/www.blogsoestado.com\/danielmatos\/#website\",\"url\":\"https:\/\/www.blogsoestado.com\/danielmatos\/\",\"name\":\"Daniel Matos\",\"description\":\"\",\"potentialAction\":[{\"@type\":\"SearchAction\",\"target\":{\"@type\":\"EntryPoint\",\"urlTemplate\":\"https:\/\/www.blogsoestado.com\/danielmatos\/?s={search_term_string}\"},\"query-input\":{\"@type\":\"PropertyValueSpecification\",\"valueRequired\":true,\"valueName\":\"search_term_string\"}}],\"inLanguage\":\"pt-BR\"}]}<\/script>\n<!-- \/ Yoast SEO plugin. -->","yoast_head_json":{"title":"CPI para investigar den\u00fancias na sa\u00fade em S\u00e3o Lu\u00eds aguarda leitura para instala\u00e7\u00e3o - Daniel Matos","robots":{"index":"index","follow":"follow","max-snippet":"max-snippet:-1","max-image-preview":"max-image-preview:large","max-video-preview":"max-video-preview:-1"},"canonical":"https:\/\/www.blogsoestado.com\/danielmatos\/cpi-para-investigar-denuncias-na-saude-em-sao-luis-aguarda-leitura-para-instalacao\/","og_locale":"pt_BR","og_type":"article","og_title":"CPI para investigar den\u00fancias na sa\u00fade em S\u00e3o Lu\u00eds aguarda leitura para instala\u00e7\u00e3o - Daniel Matos","og_description":"Saiba os pr\u00f3ximos passos do colegiado que pretende averiguar a situa\u00e7\u00e3o da sa\u00fade na capital ap\u00f3s morte de um beb\u00ea [&hellip;]","og_url":"https:\/\/www.blogsoestado.com\/danielmatos\/cpi-para-investigar-denuncias-na-saude-em-sao-luis-aguarda-leitura-para-instalacao\/","og_site_name":"Daniel Matos","article_published_time":"2023-05-05T15:12:53+00:00","og_image":[{"url":"https:\/\/www.blogsoestado.com\/danielmatos\/files\/2023\/05\/Screenshot_20230505-1221512.png","type":"","width":"","height":""}],"twitter_card":"summary_large_image","twitter_misc":{"Est. tempo de leitura":"4 minutos"},"schema":{"@context":"https:\/\/schema.org","@graph":[{"@type":"WebPage","@id":"https:\/\/www.blogsoestado.com\/danielmatos\/cpi-para-investigar-denuncias-na-saude-em-sao-luis-aguarda-leitura-para-instalacao\/","url":"https:\/\/www.blogsoestado.com\/danielmatos\/cpi-para-investigar-denuncias-na-saude-em-sao-luis-aguarda-leitura-para-instalacao\/","name":"CPI para investigar den\u00fancias na sa\u00fade em S\u00e3o Lu\u00eds aguarda leitura para instala\u00e7\u00e3o - Daniel Matos","isPartOf":{"@id":"https:\/\/www.blogsoestado.com\/danielmatos\/#website"},"primaryImageOfPage":{"@id":"https:\/\/www.blogsoestado.com\/danielmatos\/cpi-para-investigar-denuncias-na-saude-em-sao-luis-aguarda-leitura-para-instalacao\/#primaryimage"},"image":{"@id":"https:\/\/www.blogsoestado.com\/danielmatos\/cpi-para-investigar-denuncias-na-saude-em-sao-luis-aguarda-leitura-para-instalacao\/#primaryimage"},"thumbnailUrl":"https:\/\/www.blogsoestado.com\/danielmatos\/files\/2023\/05\/Screenshot_20230505-1221512.png","datePublished":"2023-05-05T15:12:53+00:00","author":{"@id":""},"breadcrumb":{"@id":"https:\/\/www.blogsoestado.com\/danielmatos\/cpi-para-investigar-denuncias-na-saude-em-sao-luis-aguarda-leitura-para-instalacao\/#breadcrumb"},"inLanguage":"pt-BR","potentialAction":[{"@type":"ReadAction","target":["https:\/\/www.blogsoestado.com\/danielmatos\/cpi-para-investigar-denuncias-na-saude-em-sao-luis-aguarda-leitura-para-instalacao\/"]}]},{"@type":"ImageObject","inLanguage":"pt-BR","@id":"https:\/\/www.blogsoestado.com\/danielmatos\/cpi-para-investigar-denuncias-na-saude-em-sao-luis-aguarda-leitura-para-instalacao\/#primaryimage","url":"https:\/\/www.blogsoestado.com\/danielmatos\/files\/2023\/05\/Screenshot_20230505-1221512.png","contentUrl":"https:\/\/www.blogsoestado.com\/danielmatos\/files\/2023\/05\/Screenshot_20230505-1221512.png"},{"@type":"BreadcrumbList","@id":"https:\/\/www.blogsoestado.com\/danielmatos\/cpi-para-investigar-denuncias-na-saude-em-sao-luis-aguarda-leitura-para-instalacao\/#breadcrumb","itemListElement":[{"@type":"ListItem","position":1,"name":"In\u00edcio","item":"https:\/\/www.blogsoestado.com\/danielmatos\/"},{"@type":"ListItem","position":2,"name":"CPI para investigar den\u00fancias na sa\u00fade em S\u00e3o Lu\u00eds aguarda leitura para instala\u00e7\u00e3o"}]},{"@type":"WebSite","@id":"https:\/\/www.blogsoestado.com\/danielmatos\/#website","url":"https:\/\/www.blogsoestado.com\/danielmatos\/","name":"Daniel Matos","description":"","potentialAction":[{"@type":"SearchAction","target":{"@type":"EntryPoint","urlTemplate":"https:\/\/www.blogsoestado.com\/danielmatos\/?s={search_term_string}"},"query-input":{"@type":"PropertyValueSpecification","valueRequired":true,"valueName":"search_term_string"}}],"inLanguage":"pt-BR"}]}},"jetpack_featured_media_url":"","_links":{"self":[{"href":"https:\/\/www.blogsoestado.com\/danielmatos\/wp-json\/wp\/v2\/posts\/109251","targetHints":{"allow":["GET"]}}],"collection":[{"href":"https:\/\/www.blogsoestado.com\/danielmatos\/wp-json\/wp\/v2\/posts"}],"about":[{"href":"https:\/\/www.blogsoestado.com\/danielmatos\/wp-json\/wp\/v2\/types\/post"}],"replies":[{"embeddable":true,"href":"https:\/\/www.blogsoestado.com\/danielmatos\/wp-json\/wp\/v2\/comments?post=109251"}],"version-history":[{"count":0,"href":"https:\/\/www.blogsoestado.com\/danielmatos\/wp-json\/wp\/v2\/posts\/109251\/revisions"}],"wp:attachment":[{"href":"https:\/\/www.blogsoestado.com\/danielmatos\/wp-json\/wp\/v2\/media?parent=109251"}],"wp:term":[{"taxonomy":"category","embeddable":true,"href":"https:\/\/www.blogsoestado.com\/danielmatos\/wp-json\/wp\/v2\/categories?post=109251"},{"taxonomy":"post_tag","embeddable":true,"href":"https:\/\/www.blogsoestado.com\/danielmatos\/wp-json\/wp\/v2\/tags?post=109251"}],"curies":[{"name":"wp","href":"https:\/\/api.w.org\/{rel}","templated":true}]}}