{"id":109275,"date":"2023-05-05T18:00:13","date_gmt":"2023-05-05T21:00:13","guid":{"rendered":"https:\/\/www.blogsoestado.com\/danielmatos\/?p=109275"},"modified":"2023-05-05T18:00:13","modified_gmt":"2023-05-05T21:00:13","slug":"prefeito-fabio-gentil-convida-populacao-para-inauguracao-do-shopping-da-gente-deputado-ze-gentil-neste-sabado-6-em-caxias","status":"publish","type":"post","link":"https:\/\/www.blogsoestado.com\/danielmatos\/prefeito-fabio-gentil-convida-populacao-para-inauguracao-do-shopping-da-gente-deputado-ze-gentil-neste-sabado-6-em-caxias\/","title":{"rendered":"Prefeito F\u00e1bio Gentil convida popula\u00e7\u00e3o para inaugura\u00e7\u00e3o do Shopping da Gente Deputado Z\u00e9 Gentil, neste s\u00e1bado (6), em Caxias"},"content":{"rendered":"\n<p><strong><span class=\"has-inline-color has-vivid-red-color\">Entrega da obra ser\u00e1 prestigiada pelo governador Carlos Brand\u00e3o e outras autoridades, em reconhecimento ao trabalho da administra\u00e7\u00e3o p\u00fablica municipal <\/span><\/strong><\/p>\n\n\n\n<div class=\"wp-block-image\"><figure class=\"aligncenter size-large\"><a href=\"https:\/\/www.blogsoestado.com\/danielmatos\/files\/2023\/05\/Screenshot_20230505-1802472.png\"><img decoding=\"async\" src=\"https:\/\/www.blogsoestado.com\/danielmatos\/files\/2023\/05\/Screenshot_20230505-1802472.png\" alt=\"\" class=\"wp-image-109279\"\/><\/a><figcaption>Inaugura\u00e7\u00f5es do Shopping da Gente Deputado Z\u00e9 Gentil ser\u00e1 inaugurado em Caxias: empreendimento \u00e9 destinado a compras, entretenimento, al\u00e9m de outras atividades, e vai gerar trabalho e renda para Caxias<\/figcaption><\/figure><\/div>\n\n\n\n<p>Tudo pronto para a inaugura\u00e7\u00e3o do Shopping da Gente Deputado Z\u00e9 Gentil, neste s\u00e1bado, dia 6, em alus\u00e3o ao anivers\u00e1rio de 200 anos de Caxias. O empreendimento faz parte do conjunto de obras entregues pelo prefeito F\u00e1bio Gentil desde a primeira gest\u00e3o, projetos que mudaram a realidade do munic\u00edpio, gerando desenvolvimento e autoestima para o povo.<\/p>\n\n\n\n<p>O prefeito F\u00e1bio Gentil acompanha a prepara\u00e7\u00e3o dos \u00faltimos detalhes antes da inaugura\u00e7\u00e3o (<strong><span class=\"has-inline-color has-vivid-red-color\">clique <a href=\"https:\/\/youtube.com\/shorts\/400xK2UwWs0?feature=share4\">aqui<\/a><\/span><\/strong> e assista), aguardada com expectativa pelos caxienses. O gestor convida a popula\u00e7\u00e3o para o ato de entrega do Shopping da Gente Deputado Z\u00e9 Gentil e de outras benfeitorias, como unidades habitacionais do programa Minha Casa \u00e9 10 e a reforma do Centro de Ensino Thales Ribeiro Gon\u00e7alves, que foi totalmente revitalizada e modernizada para favorecer as pr\u00e1ticas de ensino e aprendizagem. A programa\u00e7\u00e3o ter\u00e1 in\u00edcio \u00e0s 8h.<\/p>\n\n\n\n<p>Al\u00e9m da participa\u00e7\u00e3o maci\u00e7a da popula\u00e7\u00e3o, que certamente atender\u00e1 ao chamamento do prefeito F\u00e1bio Gentil, a inaugura\u00e7\u00e3o contar\u00e1 com a presen\u00e7a do governador Carlos Brand\u00e3o; do vice-governador, Felipe Camar\u00e3o, parlamentares, dentre os quais a deputada federal Amanda Gentil e a deputada estadual Daniella, dentre outros autoridades. <\/p>\n\n\n\n<p>Todos os discursos ter\u00e3o, com certeza, um ponto em comum: o reconhecimento ao trabalho de F\u00e1bio Gentil nos \u00faltimos seis anos, desde a consagradora vit\u00f3ria na elei\u00e7\u00e3o para prefeito de Caxias, em 2016, e a recondu\u00e7\u00e3o ao cargo, em 2020, com cerca de 80% dos votos, demonstrando o alto \u00edndice de aprova\u00e7\u00e3o popular entre os conterr\u00e2neos. <\/p>\n\n\n\n<p><strong>Shopping da Gente<\/strong>&nbsp;<strong>Deputado Z\u00e9 Gentil<\/strong><\/p>\n\n\n\n<p>O momento mais aguardado ser\u00e1 a inaugura\u00e7\u00e3o do Shopping da Gente Deputado Z\u00e9 Gentil, batizado em homenagem ao saudoso parlamentar, pai do prefeito F\u00e1bio Gentil e grande entusiasta da obra, que morreu em junho de 2020 por complica\u00e7\u00f5es da Covid-19, deixando uma lacuna na vida pol\u00edtica de Caxias e em toda o leste do Maranh\u00e3o.<\/p>\n\n\n\n<p>O Shopping da Gente Deputado Z\u00e9 Gentil \u00e9 uma das maiores obras j\u00e1 executadas no munic\u00edpio. A obra possui t\u00e9rreo e mais quatro andares, 275 boxes e uma pra\u00e7a de alimenta\u00e7\u00e3o, dois elevadores, uma escada e uma rampa de acesso. Al\u00e9m das lojas, h\u00e1 boxes destinados a lot\u00e9ricas, programas sociais e para a administra\u00e7\u00e3o. O local possui ainda uma subestac\u00e3o e lixeira.<\/p>\n\n\n\n<p>Na parte externa do shopping, foi constru\u00edda uma cal\u00e7ada com piso intertravado. O espa\u00e7o ter\u00e1 vegeta\u00e7\u00f5es para embelezar o ambiente. O projeto da obra tamb\u00e9m inclui uma estacionamento para carros, motos e uma vaga de caminh\u00f5es para carga e descarga de materiais. A via que passa em frente ao shopping em breve tamb\u00e9m foi toda recuperada e recebeu nova camada asf\u00e1ltica.<\/p>\n\n\n\n<p><strong>Show de forr\u00f3<\/strong><\/p>\n\n\n\n<p>Para encerrar a programa\u00e7\u00e3o com chave de ouro, \u00e0s 21h, a consagrada banda de forr\u00f3 Magn\u00edficos subir\u00e1 ao palco montado em frente ao Shopping da Gente Deputado Z\u00e9 Gentil para um show dan\u00e7ante, vibrante e com gosto de saudosismo.<\/p>\n\n\n\n<p><strong>Servi\u00e7o<\/strong>.<\/p>\n\n\n\n<p><strong>O que:<\/strong>&nbsp;entrega de obras e show de forr\u00f3 em alus\u00e3o aos 200 anos de Caxias<\/p>\n\n\n\n<p><strong>Quando:&nbsp;<\/strong>pr\u00f3ximo s\u00e1bado, dia 6 de maio<\/p>\n\n\n\n<p><strong>Onde:<\/strong>&nbsp;munic\u00edpio de Caxias, Maranh\u00e3o<\/p>\n\n\n\n<p><strong>Programa\u00e7\u00e3o (in\u00edcio \u00e0s 8h):&nbsp;<\/strong>entrega de unidades habitacionais do programa \u201cMinha Casa \u00e9 10\u201d e da reforma do Centro de Ensino Thales Ribeiro Gon\u00e7alves, inaugura\u00e7\u00e3o do Shopping da Gente Deputado Z\u00e9 Gentil e show gratuito de forr\u00f3 com a Banda Magn\u00edficos, \u00e0s 21h<\/p>\n","protected":false},"excerpt":{"rendered":"<p>Entrega da obra ser\u00e1 prestigiada pelo governador Carlos Brand\u00e3o e outras autoridades, em reconhecimento ao trabalho da administra\u00e7\u00e3o p\u00fablica municipal [&hellip;]<\/p>\n","protected":false},"author":0,"featured_media":0,"comment_status":"open","ping_status":"open","sticky":false,"template":"","format":"standard","meta":{"site-sidebar-layout":"default","site-content-layout":"","ast-site-content-layout":"default","site-content-style":"default","site-sidebar-style":"default","ast-global-header-display":"","ast-banner-title-visibility":"","ast-main-header-display":"","ast-hfb-above-header-display":"","ast-hfb-below-header-display":"","ast-hfb-mobile-header-display":"","site-post-title":"","ast-breadcrumbs-content":"","ast-featured-img":"","footer-sml-layout":"","ast-disable-related-posts":"","theme-transparent-header-meta":"","adv-header-id-meta":"","stick-header-meta":"","header-above-stick-meta":"","header-main-stick-meta":"","header-below-stick-meta":"","astra-migrate-meta-layouts":"default","ast-page-background-enabled":"default","ast-page-background-meta":{"desktop":{"background-color":"var(--ast-global-color-5)","background-image":"","background-repeat":"repeat","background-position":"center center","background-size":"auto","background-attachment":"scroll","background-type":"","background-media":"","overlay-type":"","overlay-color":"","overlay-opacity":"","overlay-gradient":""},"tablet":{"background-color":"","background-image":"","background-repeat":"repeat","background-position":"center center","background-size":"auto","background-attachment":"scroll","background-type":"","background-media":"","overlay-type":"","overlay-color":"","overlay-opacity":"","overlay-gradient":""},"mobile":{"background-color":"","background-image":"","background-repeat":"repeat","background-position":"center center","background-size":"auto","background-attachment":"scroll","background-type":"","background-media":"","overlay-type":"","overlay-color":"","overlay-opacity":"","overlay-gradient":""}},"ast-content-background-meta":{"desktop":{"background-color":"var(--ast-global-color-4)","background-image":"","background-repeat":"repeat","background-position":"center center","background-size":"auto","background-attachment":"scroll","background-type":"","background-media":"","overlay-type":"","overlay-color":"","overlay-opacity":"","overlay-gradient":""},"tablet":{"background-color":"var(--ast-global-color-4)","background-image":"","background-repeat":"repeat","background-position":"center center","background-size":"auto","background-attachment":"scroll","background-type":"","background-media":"","overlay-type":"","overlay-color":"","overlay-opacity":"","overlay-gradient":""},"mobile":{"background-color":"var(--ast-global-color-4)","background-image":"","background-repeat":"repeat","background-position":"center center","background-size":"auto","background-attachment":"scroll","background-type":"","background-media":"","overlay-type":"","overlay-color":"","overlay-opacity":"","overlay-gradient":""}},"footnotes":""},"categories":[1],"tags":[],"class_list":["post-109275","post","type-post","status-publish","format-standard","hentry","category-sem-categoria"],"yoast_head":"<!-- This site is optimized with the Yoast SEO plugin v26.6 - https:\/\/yoast.com\/wordpress\/plugins\/seo\/ -->\n<title>Prefeito F\u00e1bio Gentil convida popula\u00e7\u00e3o para inaugura\u00e7\u00e3o do Shopping da Gente Deputado Z\u00e9 Gentil, neste s\u00e1bado (6), em Caxias - Daniel Matos<\/title>\n<meta name=\"robots\" content=\"index, follow, max-snippet:-1, max-image-preview:large, max-video-preview:-1\" \/>\n<link rel=\"canonical\" href=\"https:\/\/www.blogsoestado.com\/danielmatos\/prefeito-fabio-gentil-convida-populacao-para-inauguracao-do-shopping-da-gente-deputado-ze-gentil-neste-sabado-6-em-caxias\/\" \/>\n<meta property=\"og:locale\" content=\"pt_BR\" \/>\n<meta property=\"og:type\" content=\"article\" \/>\n<meta property=\"og:title\" content=\"Prefeito F\u00e1bio Gentil convida popula\u00e7\u00e3o para inaugura\u00e7\u00e3o do Shopping da Gente Deputado Z\u00e9 Gentil, neste s\u00e1bado (6), em Caxias - Daniel Matos\" \/>\n<meta property=\"og:description\" content=\"Entrega da obra ser\u00e1 prestigiada pelo governador Carlos Brand\u00e3o e outras autoridades, em reconhecimento ao trabalho da administra\u00e7\u00e3o p\u00fablica municipal [&hellip;]\" \/>\n<meta property=\"og:url\" content=\"https:\/\/www.blogsoestado.com\/danielmatos\/prefeito-fabio-gentil-convida-populacao-para-inauguracao-do-shopping-da-gente-deputado-ze-gentil-neste-sabado-6-em-caxias\/\" \/>\n<meta property=\"og:site_name\" content=\"Daniel Matos\" \/>\n<meta property=\"article:published_time\" content=\"2023-05-05T21:00:13+00:00\" \/>\n<meta property=\"og:image\" content=\"https:\/\/www.blogsoestado.com\/danielmatos\/files\/2023\/05\/Screenshot_20230505-1802472.png\" \/>\n<meta name=\"twitter:card\" content=\"summary_large_image\" \/>\n<meta name=\"twitter:label1\" content=\"Est. tempo de leitura\" \/>\n\t<meta name=\"twitter:data1\" content=\"3 minutos\" \/>\n<script type=\"application\/ld+json\" class=\"yoast-schema-graph\">{\"@context\":\"https:\/\/schema.org\",\"@graph\":[{\"@type\":\"WebPage\",\"@id\":\"https:\/\/www.blogsoestado.com\/danielmatos\/prefeito-fabio-gentil-convida-populacao-para-inauguracao-do-shopping-da-gente-deputado-ze-gentil-neste-sabado-6-em-caxias\/\",\"url\":\"https:\/\/www.blogsoestado.com\/danielmatos\/prefeito-fabio-gentil-convida-populacao-para-inauguracao-do-shopping-da-gente-deputado-ze-gentil-neste-sabado-6-em-caxias\/\",\"name\":\"Prefeito F\u00e1bio Gentil convida popula\u00e7\u00e3o para inaugura\u00e7\u00e3o do Shopping da Gente Deputado Z\u00e9 Gentil, neste s\u00e1bado (6), em Caxias - Daniel Matos\",\"isPartOf\":{\"@id\":\"https:\/\/www.blogsoestado.com\/danielmatos\/#website\"},\"primaryImageOfPage\":{\"@id\":\"https:\/\/www.blogsoestado.com\/danielmatos\/prefeito-fabio-gentil-convida-populacao-para-inauguracao-do-shopping-da-gente-deputado-ze-gentil-neste-sabado-6-em-caxias\/#primaryimage\"},\"image\":{\"@id\":\"https:\/\/www.blogsoestado.com\/danielmatos\/prefeito-fabio-gentil-convida-populacao-para-inauguracao-do-shopping-da-gente-deputado-ze-gentil-neste-sabado-6-em-caxias\/#primaryimage\"},\"thumbnailUrl\":\"https:\/\/www.blogsoestado.com\/danielmatos\/files\/2023\/05\/Screenshot_20230505-1802472.png\",\"datePublished\":\"2023-05-05T21:00:13+00:00\",\"author\":{\"@id\":\"\"},\"breadcrumb\":{\"@id\":\"https:\/\/www.blogsoestado.com\/danielmatos\/prefeito-fabio-gentil-convida-populacao-para-inauguracao-do-shopping-da-gente-deputado-ze-gentil-neste-sabado-6-em-caxias\/#breadcrumb\"},\"inLanguage\":\"pt-BR\",\"potentialAction\":[{\"@type\":\"ReadAction\",\"target\":[\"https:\/\/www.blogsoestado.com\/danielmatos\/prefeito-fabio-gentil-convida-populacao-para-inauguracao-do-shopping-da-gente-deputado-ze-gentil-neste-sabado-6-em-caxias\/\"]}]},{\"@type\":\"ImageObject\",\"inLanguage\":\"pt-BR\",\"@id\":\"https:\/\/www.blogsoestado.com\/danielmatos\/prefeito-fabio-gentil-convida-populacao-para-inauguracao-do-shopping-da-gente-deputado-ze-gentil-neste-sabado-6-em-caxias\/#primaryimage\",\"url\":\"https:\/\/www.blogsoestado.com\/danielmatos\/files\/2023\/05\/Screenshot_20230505-1802472.png\",\"contentUrl\":\"https:\/\/www.blogsoestado.com\/danielmatos\/files\/2023\/05\/Screenshot_20230505-1802472.png\"},{\"@type\":\"BreadcrumbList\",\"@id\":\"https:\/\/www.blogsoestado.com\/danielmatos\/prefeito-fabio-gentil-convida-populacao-para-inauguracao-do-shopping-da-gente-deputado-ze-gentil-neste-sabado-6-em-caxias\/#breadcrumb\",\"itemListElement\":[{\"@type\":\"ListItem\",\"position\":1,\"name\":\"In\u00edcio\",\"item\":\"https:\/\/www.blogsoestado.com\/danielmatos\/\"},{\"@type\":\"ListItem\",\"position\":2,\"name\":\"Prefeito F\u00e1bio Gentil convida popula\u00e7\u00e3o para inaugura\u00e7\u00e3o do Shopping da Gente Deputado Z\u00e9 Gentil, neste s\u00e1bado (6), em Caxias\"}]},{\"@type\":\"WebSite\",\"@id\":\"https:\/\/www.blogsoestado.com\/danielmatos\/#website\",\"url\":\"https:\/\/www.blogsoestado.com\/danielmatos\/\",\"name\":\"Daniel Matos\",\"description\":\"\",\"potentialAction\":[{\"@type\":\"SearchAction\",\"target\":{\"@type\":\"EntryPoint\",\"urlTemplate\":\"https:\/\/www.blogsoestado.com\/danielmatos\/?s={search_term_string}\"},\"query-input\":{\"@type\":\"PropertyValueSpecification\",\"valueRequired\":true,\"valueName\":\"search_term_string\"}}],\"inLanguage\":\"pt-BR\"}]}<\/script>\n<!-- \/ Yoast SEO plugin. -->","yoast_head_json":{"title":"Prefeito F\u00e1bio Gentil convida popula\u00e7\u00e3o para inaugura\u00e7\u00e3o do Shopping da Gente Deputado Z\u00e9 Gentil, neste s\u00e1bado (6), em Caxias - Daniel Matos","robots":{"index":"index","follow":"follow","max-snippet":"max-snippet:-1","max-image-preview":"max-image-preview:large","max-video-preview":"max-video-preview:-1"},"canonical":"https:\/\/www.blogsoestado.com\/danielmatos\/prefeito-fabio-gentil-convida-populacao-para-inauguracao-do-shopping-da-gente-deputado-ze-gentil-neste-sabado-6-em-caxias\/","og_locale":"pt_BR","og_type":"article","og_title":"Prefeito F\u00e1bio Gentil convida popula\u00e7\u00e3o para inaugura\u00e7\u00e3o do Shopping da Gente Deputado Z\u00e9 Gentil, neste s\u00e1bado (6), em Caxias - Daniel Matos","og_description":"Entrega da obra ser\u00e1 prestigiada pelo governador Carlos Brand\u00e3o e outras autoridades, em reconhecimento ao trabalho da administra\u00e7\u00e3o p\u00fablica municipal [&hellip;]","og_url":"https:\/\/www.blogsoestado.com\/danielmatos\/prefeito-fabio-gentil-convida-populacao-para-inauguracao-do-shopping-da-gente-deputado-ze-gentil-neste-sabado-6-em-caxias\/","og_site_name":"Daniel Matos","article_published_time":"2023-05-05T21:00:13+00:00","og_image":[{"url":"https:\/\/www.blogsoestado.com\/danielmatos\/files\/2023\/05\/Screenshot_20230505-1802472.png","type":"","width":"","height":""}],"twitter_card":"summary_large_image","twitter_misc":{"Est. tempo de leitura":"3 minutos"},"schema":{"@context":"https:\/\/schema.org","@graph":[{"@type":"WebPage","@id":"https:\/\/www.blogsoestado.com\/danielmatos\/prefeito-fabio-gentil-convida-populacao-para-inauguracao-do-shopping-da-gente-deputado-ze-gentil-neste-sabado-6-em-caxias\/","url":"https:\/\/www.blogsoestado.com\/danielmatos\/prefeito-fabio-gentil-convida-populacao-para-inauguracao-do-shopping-da-gente-deputado-ze-gentil-neste-sabado-6-em-caxias\/","name":"Prefeito F\u00e1bio Gentil convida popula\u00e7\u00e3o para inaugura\u00e7\u00e3o do Shopping da Gente Deputado Z\u00e9 Gentil, neste s\u00e1bado (6), em Caxias - Daniel Matos","isPartOf":{"@id":"https:\/\/www.blogsoestado.com\/danielmatos\/#website"},"primaryImageOfPage":{"@id":"https:\/\/www.blogsoestado.com\/danielmatos\/prefeito-fabio-gentil-convida-populacao-para-inauguracao-do-shopping-da-gente-deputado-ze-gentil-neste-sabado-6-em-caxias\/#primaryimage"},"image":{"@id":"https:\/\/www.blogsoestado.com\/danielmatos\/prefeito-fabio-gentil-convida-populacao-para-inauguracao-do-shopping-da-gente-deputado-ze-gentil-neste-sabado-6-em-caxias\/#primaryimage"},"thumbnailUrl":"https:\/\/www.blogsoestado.com\/danielmatos\/files\/2023\/05\/Screenshot_20230505-1802472.png","datePublished":"2023-05-05T21:00:13+00:00","author":{"@id":""},"breadcrumb":{"@id":"https:\/\/www.blogsoestado.com\/danielmatos\/prefeito-fabio-gentil-convida-populacao-para-inauguracao-do-shopping-da-gente-deputado-ze-gentil-neste-sabado-6-em-caxias\/#breadcrumb"},"inLanguage":"pt-BR","potentialAction":[{"@type":"ReadAction","target":["https:\/\/www.blogsoestado.com\/danielmatos\/prefeito-fabio-gentil-convida-populacao-para-inauguracao-do-shopping-da-gente-deputado-ze-gentil-neste-sabado-6-em-caxias\/"]}]},{"@type":"ImageObject","inLanguage":"pt-BR","@id":"https:\/\/www.blogsoestado.com\/danielmatos\/prefeito-fabio-gentil-convida-populacao-para-inauguracao-do-shopping-da-gente-deputado-ze-gentil-neste-sabado-6-em-caxias\/#primaryimage","url":"https:\/\/www.blogsoestado.com\/danielmatos\/files\/2023\/05\/Screenshot_20230505-1802472.png","contentUrl":"https:\/\/www.blogsoestado.com\/danielmatos\/files\/2023\/05\/Screenshot_20230505-1802472.png"},{"@type":"BreadcrumbList","@id":"https:\/\/www.blogsoestado.com\/danielmatos\/prefeito-fabio-gentil-convida-populacao-para-inauguracao-do-shopping-da-gente-deputado-ze-gentil-neste-sabado-6-em-caxias\/#breadcrumb","itemListElement":[{"@type":"ListItem","position":1,"name":"In\u00edcio","item":"https:\/\/www.blogsoestado.com\/danielmatos\/"},{"@type":"ListItem","position":2,"name":"Prefeito F\u00e1bio Gentil convida popula\u00e7\u00e3o para inaugura\u00e7\u00e3o do Shopping da Gente Deputado Z\u00e9 Gentil, neste s\u00e1bado (6), em Caxias"}]},{"@type":"WebSite","@id":"https:\/\/www.blogsoestado.com\/danielmatos\/#website","url":"https:\/\/www.blogsoestado.com\/danielmatos\/","name":"Daniel Matos","description":"","potentialAction":[{"@type":"SearchAction","target":{"@type":"EntryPoint","urlTemplate":"https:\/\/www.blogsoestado.com\/danielmatos\/?s={search_term_string}"},"query-input":{"@type":"PropertyValueSpecification","valueRequired":true,"valueName":"search_term_string"}}],"inLanguage":"pt-BR"}]}},"jetpack_featured_media_url":"","_links":{"self":[{"href":"https:\/\/www.blogsoestado.com\/danielmatos\/wp-json\/wp\/v2\/posts\/109275","targetHints":{"allow":["GET"]}}],"collection":[{"href":"https:\/\/www.blogsoestado.com\/danielmatos\/wp-json\/wp\/v2\/posts"}],"about":[{"href":"https:\/\/www.blogsoestado.com\/danielmatos\/wp-json\/wp\/v2\/types\/post"}],"replies":[{"embeddable":true,"href":"https:\/\/www.blogsoestado.com\/danielmatos\/wp-json\/wp\/v2\/comments?post=109275"}],"version-history":[{"count":0,"href":"https:\/\/www.blogsoestado.com\/danielmatos\/wp-json\/wp\/v2\/posts\/109275\/revisions"}],"wp:attachment":[{"href":"https:\/\/www.blogsoestado.com\/danielmatos\/wp-json\/wp\/v2\/media?parent=109275"}],"wp:term":[{"taxonomy":"category","embeddable":true,"href":"https:\/\/www.blogsoestado.com\/danielmatos\/wp-json\/wp\/v2\/categories?post=109275"},{"taxonomy":"post_tag","embeddable":true,"href":"https:\/\/www.blogsoestado.com\/danielmatos\/wp-json\/wp\/v2\/tags?post=109275"}],"curies":[{"name":"wp","href":"https:\/\/api.w.org\/{rel}","templated":true}]}}